{"id":9649,"date":"2021-12-30T10:40:18","date_gmt":"2021-12-30T13:40:18","guid":{"rendered":"https:\/\/www.mcjb.org.br\/portal\/?p=9649"},"modified":"2021-12-30T10:40:18","modified_gmt":"2021-12-30T13:40:18","slug":"bons-ventos-em-2022","status":"publish","type":"post","link":"https:\/\/www.mcjb.org.br\/portal\/noticias\/bons-ventos-em-2022\/","title":{"rendered":"Bons ventos em 2022!"},"content":{"rendered":"<p style=\"text-align: justify;\"><span style=\"font-family: 'trebuchet ms', geneva, sans-serif;\"><i><span style=\"font-weight: 400;\">O Presidente da CLDF, Rafael Prudente, esteve no Jardim Bot\u00e2nico e garantiu que escolas, antiga reivindica\u00e7\u00e3o do bairro, sair\u00e3o do papel. A Seguran\u00e7a ganha instala\u00e7\u00e3o de c\u00e2meras, mas um batalh\u00e3o da pol\u00edcia exclusivo ainda deve esperar.\u00a0<\/span><\/i><\/span><\/p>\n<p style=\"text-align: right;\"><em><span style=\"font-family: 'trebuchet ms', geneva, sans-serif; font-size: 10pt;\">Por Ana Comar\u00fa &#8211; 30\/12\/2021<\/span><\/em><\/p>\n<p style=\"text-align: justify;\"><span style=\"font-weight: 400; font-family: 'trebuchet ms', geneva, sans-serif;\">O presidente da C\u00e2mara Legislativa do Distrito Federal (CLDF), deputado distrital Rafael Prudente, encerrou os encontros deste ano reunindo-se com representantes do Governo e do MCJB, em 18\/12. Mais de 70 pessoas estiveram presentes no Centro de Pr\u00e1ticas Sustent\u00e1veis (CPS) para tratar sobre demandas e promessas feitas para atender a comunidade do Jardim Bot\u00e2nico.\u00a0<\/span><\/p>\n<p style=\"text-align: justify;\"><span style=\"font-weight: 400; font-family: 'trebuchet ms', geneva, sans-serif;\">A seguran\u00e7a da regi\u00e3o administrativa foi um dos pontos mais abordados pelos participantes. Prudente garantiu que j\u00e1 foram mapeados os pontos para a instala\u00e7\u00e3o de c\u00e2meras de seguran\u00e7a de v\u00eddeo no Jardim Bot\u00e2nico. Sobre a reivindica\u00e7\u00e3o de um Batalh\u00e3o da Pol\u00edcia Militar exclusivo para a regi\u00e3o, Prudente informou que ainda n\u00e3o h\u00e1 previs\u00e3o. Atualmente \u00e9 a corpora\u00e7\u00e3o de S\u00e3o Sebasti\u00e3o &#8211; 21\u00ba BPM &#8211;\u00a0 que atende toda a regi\u00e3o que inclui o JB, mesmo ap\u00f3s a nova poligonal receber um aumento significativo em \u00e1rea e popula\u00e7\u00e3o.\u00a0<\/span><\/p>\n<p style=\"text-align: justify;\"><span style=\"font-weight: 400; font-family: 'trebuchet ms', geneva, sans-serif;\">Por outro lado, as escolas prometidas para a comunidade dever\u00e3o, em breve, sair do papel. De acordo com o Subsecret\u00e1rio de Infraestrutura Escolar, Leonardo Chaves, a constru\u00e7\u00e3o de quatro escolas no Jardins Mangueiral deve acontecer no in\u00edcio de 2022. Ser\u00e3o 4 mil vagas para alunos, com um investimento de R$40 milh\u00f5es do Governo do Distrito Federal.<\/span><\/p>\n<p style=\"text-align: justify;\"><span style=\"font-weight: 400; font-family: 'trebuchet ms', geneva, sans-serif;\">Rafael Prudente recebeu um agradecimento p\u00fablico de l\u00edderes do Jardins Mangueiral pelo cumprimento da promessa de apresentar para vota\u00e7\u00e3o e derrubar o veto do GDF ao Parque do Mangueiral.\u00a0<\/span><\/p>\n<p style=\"text-align: justify;\"><span style=\"font-weight: 400; font-family: 'trebuchet ms', geneva, sans-serif;\">Por fim,\u00a0 Prudente se colocou \u00e0 disposi\u00e7\u00e3o para apoiar os pleitos da comunidade do Jardim Bot\u00e2nico em rela\u00e7\u00e3o a todos os projetos de interesse desta comunidade que tramitem na CLDF, principalmente os projetos da LUOS e o PDOT, previstos para serem votados em 2022.<\/span><\/p>\n<p style=\"text-align: justify;\">\n","protected":false},"excerpt":{"rendered":"<p>O Presidente da CLDF, Rafael Prudente, esteve no Jardim Bot\u00e2nico e garantiu que escolas, antiga reivindica\u00e7\u00e3o do bairro, sair\u00e3o do papel. A Seguran\u00e7a ganha instala\u00e7\u00e3o de c\u00e2meras, mas um batalh\u00e3o da pol\u00edcia exclusivo ainda deve esperar.\u00a0<\/p>\n","protected":false},"author":1,"featured_media":9650,"comment_status":"open","ping_status":"open","sticky":false,"template":"","format":"standard","meta":{"_exactmetrics_skip_tracking":false,"_exactmetrics_sitenote_active":false,"_exactmetrics_sitenote_note":"","_exactmetrics_sitenote_category":0,"footnotes":"","jetpack_publicize_message":"","jetpack_publicize_feature_enabled":true,"jetpack_social_post_already_shared":false,"jetpack_social_options":{"image_generator_settings":{"template":"highway","default_image_id":0,"font":"","enabled":false},"version":2}},"categories":[36,16],"tags":[1030,1031,87,121,343,39,20,21,43,610,1029,162,821],"class_list":["post-9649","post","type-post","status-publish","format-standard","has-post-thumbnail","hentry","category-noticias","category-slider","tag-1030","tag-batalhao","tag-cldf","tag-educacao","tag-escolas","tag-gdf","tag-jardim-botanico","tag-mangueiral","tag-mcjb","tag-parque","tag-rafael-prudente","tag-seguranca","tag-veto"],"jetpack_publicize_connections":[],"jetpack_featured_media_url":"https:\/\/www.mcjb.org.br\/portal\/wp-content\/uploads\/2021\/12\/prudente-capa.jpg","_links":{"self":[{"href":"https:\/\/www.mcjb.org.br\/portal\/wp-json\/wp\/v2\/posts\/9649","targetHints":{"allow":["GET"]}}],"collection":[{"href":"https:\/\/www.mcjb.org.br\/portal\/wp-json\/wp\/v2\/posts"}],"about":[{"href":"https:\/\/www.mcjb.org.br\/portal\/wp-json\/wp\/v2\/types\/post"}],"author":[{"embeddable":true,"href":"https:\/\/www.mcjb.org.br\/portal\/wp-json\/wp\/v2\/users\/1"}],"replies":[{"embeddable":true,"href":"https:\/\/www.mcjb.org.br\/portal\/wp-json\/wp\/v2\/comments?post=9649"}],"version-history":[{"count":1,"href":"https:\/\/www.mcjb.org.br\/portal\/wp-json\/wp\/v2\/posts\/9649\/revisions"}],"predecessor-version":[{"id":9651,"href":"https:\/\/www.mcjb.org.br\/portal\/wp-json\/wp\/v2\/posts\/9649\/revisions\/9651"}],"wp:featuredmedia":[{"embeddable":true,"href":"https:\/\/www.mcjb.org.br\/portal\/wp-json\/wp\/v2\/media\/9650"}],"wp:attachment":[{"href":"https:\/\/www.mcjb.org.br\/portal\/wp-json\/wp\/v2\/media?parent=9649"}],"wp:term":[{"taxonomy":"category","embeddable":true,"href":"https:\/\/www.mcjb.org.br\/portal\/wp-json\/wp\/v2\/categories?post=9649"},{"taxonomy":"post_tag","embeddable":true,"href":"https:\/\/www.mcjb.org.br\/portal\/wp-json\/wp\/v2\/tags?post=9649"}],"curies":[{"name":"wp","href":"https:\/\/api.w.org\/{rel}","templated":true}]}}