{"id":9435,"date":"2021-09-10T23:24:53","date_gmt":"2021-09-11T02:24:53","guid":{"rendered":"https:\/\/www.mcjb.org.br\/portal\/?p=9435"},"modified":"2021-09-13T11:16:42","modified_gmt":"2021-09-13T14:16:42","slug":"novas-linhas-de-onibus-vao-funcionar-no-jardins-mangueiral","status":"publish","type":"post","link":"https:\/\/www.mcjb.org.br\/portal\/noticias\/novas-linhas-de-onibus-vao-funcionar-no-jardins-mangueiral\/","title":{"rendered":"Novas linhas de \u00f4nibus v\u00e3o funcionar no Jardins Mangueiral"},"content":{"rendered":"<header class=\"single__topo \">\n<div class=\"single__topo--titulo\">\n<div class=\"single__topo--titulo--sutia\">\n<p style=\"text-align: justify;\"><span style=\"font-family: 'trebuchet ms', geneva, sans-serif;\">Com viagens de segunda a sexta-feira, coletivos far\u00e3o trajeto direto at\u00e9 a W3 Sul e a W3 Norte<\/span><\/p>\n<\/div>\n<\/div>\n<div class=\"single__topo--assinatura bold text-uppercase\" style=\"text-align: right;\"><span class=\"author\" style=\"font-family: 'trebuchet ms', geneva, sans-serif;\">Fonte: <a href=\"https:\/\/www.agenciabrasilia.df.gov.br\/2021\/09\/10\/novas-linhas-de-onibus-vao-funcionar-no-jardins-mangueiral\/\">AG\u00caNCIA BRAS\u00cdLIA* | EDI\u00c7\u00c3O: CH<\/a>ICO NETO<\/span><\/div>\n<\/header>\n<div><\/div>\n<div class=\"single__redes clearfix\" style=\"text-align: justify;\"><span style=\"font-family: 'trebuchet ms', geneva, sans-serif;\">A partir desta segunda-feira (13), os usu\u00e1rios de transporte p\u00fablico do Jardins Mangueiral, na Regi\u00e3o Administrativa do Jardim Bot\u00e2nico, contar\u00e3o com duas novas linhas de \u00f4nibus. A Linha 180.5 vai fazer o percurso entre o Jardins Mangueiral e a W3 Sul, enquanto a 180.6 far\u00e1 liga\u00e7\u00e3o direta com a W3 Norte. Ambas as linhas passar\u00e3o pela Ponte JK e pela Esplanada dos Minist\u00e9rios.<\/span><\/div>\n<div class=\"single__conteudo noticia\">\n<p style=\"text-align: justify;\"><span style=\"font-family: 'trebuchet ms', geneva, sans-serif;\">\u201cO aumento da demanda de passageiros no Jardins Mangueiral justifica a cria\u00e7\u00e3o dessas linhas diretas para a \u00e1rea central, o que vai facilitar e agilizar o deslocamento dos usu\u00e1rios\u201d, explica o subsecret\u00e1rio de Opera\u00e7\u00f5es da Secretaria de Transporte e Mobilidade (Semob), M\u00e1rcio Ant\u00f4nio de Jesus.<\/span><\/p>\n<p><span style=\"font-family: 'trebuchet ms', geneva, sans-serif;\">A Linha 180.5 circular\u00e1 com quatro viagens nos dias \u00fateis, sendo duas em cada sentido nos per\u00edodos de maior movimenta\u00e7\u00e3o. A Linha 180.6 tamb\u00e9m far\u00e1 quatro sa\u00eddas nos hor\u00e1rios de pico. Ambas ser\u00e3o operadas pela empresa Pioneira e circular\u00e3o de segunda a sexta-feira, com tarifa de R$ 5,50.<\/span><\/p>\n<p><span style=\"font-family: 'trebuchet ms', geneva, sans-serif;\">Os pedidos e sugest\u00f5es de cria\u00e7\u00e3o de linhas\u00a0 podem ser feitos por meio do\u00a0<a href=\"https:\/\/www.ouv.df.gov.br\/#\/\" target=\"_blank\" rel=\"noopener\">site da Ouvidoria<\/a>\u00a0ou\u00a0 pelo telefone 162.<\/span><\/p>\n<p><span style=\"font-family: 'trebuchet ms', geneva, sans-serif;\"><strong>Novos \u00f4nibus<\/strong><\/span><\/p>\n<p><img fetchpriority=\"high\" decoding=\"async\" class=\"alignnone size-medium wp-image-9438\" src=\"https:\/\/www.mcjb.org.br\/portal\/wp-content\/uploads\/2021\/09\/WhatsApp-Image-2021-09-11-at-18.49.19-300x300.jpeg\" alt=\"\" width=\"300\" height=\"300\" srcset=\"https:\/\/www.mcjb.org.br\/portal\/wp-content\/uploads\/2021\/09\/WhatsApp-Image-2021-09-11-at-18.49.19-300x300.jpeg 300w, https:\/\/www.mcjb.org.br\/portal\/wp-content\/uploads\/2021\/09\/WhatsApp-Image-2021-09-11-at-18.49.19-1024x1024.jpeg 1024w, https:\/\/www.mcjb.org.br\/portal\/wp-content\/uploads\/2021\/09\/WhatsApp-Image-2021-09-11-at-18.49.19-150x150.jpeg 150w, https:\/\/www.mcjb.org.br\/portal\/wp-content\/uploads\/2021\/09\/WhatsApp-Image-2021-09-11-at-18.49.19-768x768.jpeg 768w, https:\/\/www.mcjb.org.br\/portal\/wp-content\/uploads\/2021\/09\/WhatsApp-Image-2021-09-11-at-18.49.19-146x146.jpeg 146w, https:\/\/www.mcjb.org.br\/portal\/wp-content\/uploads\/2021\/09\/WhatsApp-Image-2021-09-11-at-18.49.19-50x50.jpeg 50w, https:\/\/www.mcjb.org.br\/portal\/wp-content\/uploads\/2021\/09\/WhatsApp-Image-2021-09-11-at-18.49.19-75x75.jpeg 75w, https:\/\/www.mcjb.org.br\/portal\/wp-content\/uploads\/2021\/09\/WhatsApp-Image-2021-09-11-at-18.49.19-85x85.jpeg 85w, https:\/\/www.mcjb.org.br\/portal\/wp-content\/uploads\/2021\/09\/WhatsApp-Image-2021-09-11-at-18.49.19-80x80.jpeg 80w, https:\/\/www.mcjb.org.br\/portal\/wp-content\/uploads\/2021\/09\/WhatsApp-Image-2021-09-11-at-18.49.19-600x600.jpeg 600w, https:\/\/www.mcjb.org.br\/portal\/wp-content\/uploads\/2021\/09\/WhatsApp-Image-2021-09-11-at-18.49.19-100x100.jpeg 100w, https:\/\/www.mcjb.org.br\/portal\/wp-content\/uploads\/2021\/09\/WhatsApp-Image-2021-09-11-at-18.49.19.jpeg 1081w\" sizes=\"(max-width: 300px) 100vw, 300px\" \/><\/p>\n<ul>\n<li><span style=\"font-family: 'trebuchet ms', geneva, sans-serif;\">Linha 180.5 \u2013 Jardins Mangueiral\/W3 Sul (Ponte JK \u2013 Esplanada)<\/span><br \/>\n<span style=\"font-family: 'trebuchet ms', geneva, sans-serif;\">De segunda a sexta-feira, com sa\u00eddas \u00e0s 6h e 6h40 (do Jardins Mangueiral) e \u00e0s 17h e 18h (do Terminal Asa Sul)<\/span><\/li>\n<li><span style=\"font-family: 'trebuchet ms', geneva, sans-serif;\">Linha 180.6 \u2013 Jardins Mangueiral\/W3 Norte (Ponte JK \u2013 Esplanada)<\/span><br \/>\n<span style=\"font-family: 'trebuchet ms', geneva, sans-serif;\">De segunda a sexta-feira, com sa\u00eddas \u00e0s 6h20 e \u00e0s 7h (Jardins Mangueiral) e \u00e0s 17h20 e 18h20 (Terminal da Asa Norte).<\/span><\/li>\n<\/ul>\n<p><span style=\"font-family: 'trebuchet ms', geneva, sans-serif;\">*<em>Com informa\u00e7\u00f5es da Secretaria de Transporte e Mobilidade<\/em><\/span><\/p>\n<\/div>\n","protected":false},"excerpt":{"rendered":"<p>A partir desta segunda-feira (13), os usu\u00e1rios de transporte p\u00fablico do Jardins Mangueiral, na Regi\u00e3o Administrativa do Jardim Bot\u00e2nico, contar\u00e3o com duas novas linhas de \u00f4nibus. A Linha 180.5 vai fazer o percurso entre o Jardins Mangueiral e a W3 Sul, enquanto a 180.6 far\u00e1 liga\u00e7\u00e3o direta com a W3 Norte. Ambas as linhas passar\u00e3o pela Ponte JK e pela Esplanada dos Minist\u00e9rios.<\/p>\n","protected":false},"author":1,"featured_media":9436,"comment_status":"open","ping_status":"open","sticky":false,"template":"","format":"standard","meta":{"_exactmetrics_skip_tracking":false,"_exactmetrics_sitenote_active":false,"_exactmetrics_sitenote_note":"","_exactmetrics_sitenote_category":0,"footnotes":"","jetpack_publicize_message":"","jetpack_publicize_feature_enabled":true,"jetpack_social_post_already_shared":false,"jetpack_social_options":{"image_generator_settings":{"template":"highway","default_image_id":0,"font":"","enabled":false},"version":2}},"categories":[36,16],"tags":[937,408,938,940,328,939],"class_list":["post-9435","post","type-post","status-publish","format-standard","has-post-thumbnail","hentry","category-noticias","category-slider","tag-agencia-brasilia","tag-jardins-mangueiral","tag-nova-linha","tag-novas-linhas","tag-onibus","tag-secretaria-de-transporte-e-mobilidade"],"jetpack_publicize_connections":[],"jetpack_featured_media_url":"https:\/\/www.mcjb.org.br\/portal\/wp-content\/uploads\/2021\/09\/Design-sem-nome-1.jpg","_links":{"self":[{"href":"https:\/\/www.mcjb.org.br\/portal\/wp-json\/wp\/v2\/posts\/9435","targetHints":{"allow":["GET"]}}],"collection":[{"href":"https:\/\/www.mcjb.org.br\/portal\/wp-json\/wp\/v2\/posts"}],"about":[{"href":"https:\/\/www.mcjb.org.br\/portal\/wp-json\/wp\/v2\/types\/post"}],"author":[{"embeddable":true,"href":"https:\/\/www.mcjb.org.br\/portal\/wp-json\/wp\/v2\/users\/1"}],"replies":[{"embeddable":true,"href":"https:\/\/www.mcjb.org.br\/portal\/wp-json\/wp\/v2\/comments?post=9435"}],"version-history":[{"count":2,"href":"https:\/\/www.mcjb.org.br\/portal\/wp-json\/wp\/v2\/posts\/9435\/revisions"}],"predecessor-version":[{"id":9439,"href":"https:\/\/www.mcjb.org.br\/portal\/wp-json\/wp\/v2\/posts\/9435\/revisions\/9439"}],"wp:featuredmedia":[{"embeddable":true,"href":"https:\/\/www.mcjb.org.br\/portal\/wp-json\/wp\/v2\/media\/9436"}],"wp:attachment":[{"href":"https:\/\/www.mcjb.org.br\/portal\/wp-json\/wp\/v2\/media?parent=9435"}],"wp:term":[{"taxonomy":"category","embeddable":true,"href":"https:\/\/www.mcjb.org.br\/portal\/wp-json\/wp\/v2\/categories?post=9435"},{"taxonomy":"post_tag","embeddable":true,"href":"https:\/\/www.mcjb.org.br\/portal\/wp-json\/wp\/v2\/tags?post=9435"}],"curies":[{"name":"wp","href":"https:\/\/api.w.org\/{rel}","templated":true}]}}