{"id":9266,"date":"2021-08-16T11:23:10","date_gmt":"2021-08-16T14:23:10","guid":{"rendered":"https:\/\/www.mcjb.org.br\/portal\/?p=9266"},"modified":"2021-08-16T11:39:39","modified_gmt":"2021-08-16T14:39:39","slug":"agora-vai-secretaria-de-educacao-publica-editais-de-licitacao-para-construcao-de-escolas-no-bairro","status":"publish","type":"post","link":"https:\/\/www.mcjb.org.br\/portal\/noticias\/agora-vai-secretaria-de-educacao-publica-editais-de-licitacao-para-construcao-de-escolas-no-bairro\/","title":{"rendered":"Agora vai? Secretaria de Educa\u00e7\u00e3o publica editais de licita\u00e7\u00e3o para constru\u00e7\u00e3o de escolas no bairro"},"content":{"rendered":"<p style=\"text-align: justify;\"><span style=\"font-weight: 400; font-family: 'trebuchet ms', geneva, sans-serif;\">O enredo sobre a implanta\u00e7\u00e3o de escolas p\u00fablicas na Regi\u00e3o Administrativa do Jardim Bot\u00e2nico, mais precisamente no Jardins Mangueiral, voltou a ganhar destaque. Isso porque a Secretaria de Educa\u00e7\u00e3o publicou dois editais de licita\u00e7\u00e3o, um\u00a0 para a constru\u00e7\u00e3o de um Centro Fundamental de Ensino, na Pra\u00e7a de Atividades 5, e outro para a edifica\u00e7\u00e3o do\u00a0 Centro Educacional Jardins Mangueiral, Pra\u00e7a de Atividades 2. Tamb\u00e9m retomou o edital para\u00a0 a consolida\u00e7\u00e3o de\u00a0 Escola Classe, na Pra\u00e7a de Atividades 5, que havia sido suspensa para cumprimento de obrigatoriedades, segundo informou a pasta.\u00a0<\/span><\/p>\n<style type=\"text\/css\">\n#foogallery-gallery-9269 .fg-image { width: 640px; }<\/style>\n\t\t\t<div class=\"foogallery foogallery-container foogallery-image-viewer foogallery-link-image foogallery-lightbox-foobox fg-center fg-image-viewer fg-ready fg-light fg-border-thin fg-shadow-outline fg-loading-default fg-loaded-fade-in fg-caption-hover fg-hover-fade fg-hover-zoom\" id=\"foogallery-gallery-9269\" data-foogallery=\"{&quot;item&quot;:{&quot;showCaptionTitle&quot;:true,&quot;showCaptionDescription&quot;:true},&quot;lazy&quot;:true,&quot;template&quot;:{&quot;loop&quot;:true}}\" style=\"--fg-title-line-clamp: 0; --fg-description-line-clamp: 0;\" >\n\t<div class=\"fiv-inner\">\n\t\t<div class=\"fiv-inner-container\">\n\t\t\t<div class=\"fg-item fg-type-image fg-idle\"><figure class=\"fg-item-inner\"><a href=\"https:\/\/www.mcjb.org.br\/portal\/wp-content\/uploads\/2021\/08\/edital-licitacao-03.jpg\" data-attachment-id=\"9270\" data-e-disable-page-transition=\"true\" data-type=\"image\" class=\"fg-thumb\"><span class=\"fg-image-wrap\"><img fetchpriority=\"high\" decoding=\"async\" width=\"433\" height=\"360\" class=\"skip-lazy fg-image\" data-src-fg=\"https:\/\/www.mcjb.org.br\/portal\/wp-content\/uploads\/cache\/2021\/08\/edital-licitacao-03\/3515318395.jpg\" src=\"data:image\/svg+xml,%3Csvg%20xmlns%3D%22http%3A%2F%2Fwww.w3.org%2F2000%2Fsvg%22%20width%3D%22433%22%20height%3D%22360%22%20viewBox%3D%220%200%20433%20360%22%3E%3C%2Fsvg%3E\" loading=\"eager\"><\/span><span class=\"fg-image-overlay\"><\/span><\/a><\/figure><div class=\"fg-loader\"><\/div><\/div><div class=\"fg-item fg-type-image fg-idle\"><figure class=\"fg-item-inner\"><a href=\"https:\/\/www.mcjb.org.br\/portal\/wp-content\/uploads\/2021\/08\/edital-licitacao-escola-02.jpg\" data-attachment-id=\"9271\" data-e-disable-page-transition=\"true\" data-type=\"image\" class=\"fg-thumb\"><span class=\"fg-image-wrap\"><img decoding=\"async\" width=\"452\" height=\"360\" class=\"skip-lazy fg-image\" data-src-fg=\"https:\/\/www.mcjb.org.br\/portal\/wp-content\/uploads\/cache\/2021\/08\/edital-licitacao-escola-02\/893089124.jpg\" src=\"data:image\/svg+xml,%3Csvg%20xmlns%3D%22http%3A%2F%2Fwww.w3.org%2F2000%2Fsvg%22%20width%3D%22452%22%20height%3D%22360%22%20viewBox%3D%220%200%20452%20360%22%3E%3C%2Fsvg%3E\" loading=\"eager\"><\/span><span class=\"fg-image-overlay\"><\/span><\/a><\/figure><div class=\"fg-loader\"><\/div><\/div><div class=\"fg-item fg-type-image fg-idle\"><figure class=\"fg-item-inner\"><a href=\"https:\/\/www.mcjb.org.br\/portal\/wp-content\/uploads\/2021\/08\/edicao-licitacao-001-ca-5.jpg\" data-attachment-id=\"9272\" data-e-disable-page-transition=\"true\" data-type=\"image\" class=\"fg-thumb\"><span class=\"fg-image-wrap\"><img decoding=\"async\" width=\"362\" height=\"360\" class=\"skip-lazy fg-image\" data-src-fg=\"https:\/\/www.mcjb.org.br\/portal\/wp-content\/uploads\/cache\/2021\/08\/edicao-licitacao-001-ca-5\/3352109702.jpg\" src=\"data:image\/svg+xml,%3Csvg%20xmlns%3D%22http%3A%2F%2Fwww.w3.org%2F2000%2Fsvg%22%20width%3D%22362%22%20height%3D%22360%22%20viewBox%3D%220%200%20362%20360%22%3E%3C%2Fsvg%3E\" loading=\"eager\"><\/span><span class=\"fg-image-overlay\"><\/span><\/a><\/figure><div class=\"fg-loader\"><\/div><\/div>\t\t<\/div>\n\t\t<div class=\"fiv-ctrls\">\n\t\t\t<button type=\"button\" class=\"fiv-prev\" title=\"Prev\"><span>Prev<\/span><\/button>\n\t\t\t<label class=\"fiv-count\"><span class=\"fiv-count-current\">1<\/span>of<span class=\"fiv-count-total\">3<\/span><\/label>\n\t\t\t<button type=\"button\" class=\"fiv-next\" title=\"Next\"><span>Next<\/span><\/button>\n\t\t<\/div>\n\t<\/div>\n<\/div>\n<p style=\"text-align: justify;\"><span style=\"font-weight: 400; font-family: 'trebuchet ms', geneva, sans-serif;\">Em 2018, o<em> Movimento Comunit\u00e1rio do Jardim Bot\u00e2nico (MCJB)<\/em> e a<em> Associa\u00e7\u00e3o Amigos do Jardins Mangueiral (AAJM)<\/em> enviaram um of\u00edcio para a Secretaria de Educa\u00e7\u00e3o apresentando n\u00e3o apenas estudos sobre o d\u00e9ficit de vagas para a regi\u00e3o, mas enfatizando a necessidade dos equipamentos p\u00fablicos, em especial escolas, uma vez que h\u00e1\u00a0 obrigatoriedade constitucional do Estado em proporcionar educa\u00e7\u00e3o a todos. Na \u00e9poca, a pasta havia informado uma previs\u00e3o de quatro escolas p\u00fablicas.\u00a0<\/span><\/p>\n<p style=\"text-align: justify;\"><span style=\"font-weight: 400; font-family: 'trebuchet ms', geneva, sans-serif;\">Fica a quest\u00e3o levantada pela comunidade: de fato, estas licita\u00e7\u00f5es ter\u00e3o prosseguimento ou mais uma vez ficar\u00e3o nas promessas?<\/span><\/p>\n<p style=\"text-align: justify;\"><span style=\"font-weight: 400; font-family: 'trebuchet ms', geneva, sans-serif;\">A \u00fanica a\u00e7\u00e3o realizada recentemente, em 2020, pela Secretaria de Educa\u00e7\u00e3o,\u00a0 para atender novos alunos da Regi\u00e3o Administrativa de S\u00e3o Sebasti\u00e3o, foi alugar um pr\u00e9dio comercial na quadra 08 do Jardim Bot\u00e2nico III com a finalidade de abrigar, provisoriamente, um Centro de Ensino Infantil da regi\u00e3o de S\u00e3o Sebasti\u00e3o. A solu\u00e7\u00e3o paliativa foi\u00a0 criticada por grande parte da comunidade do Jardim Bot\u00e2nico, uma vez que a unidade n\u00e3o atende os moradores da regi\u00e3o em que foi instalada.<\/span><\/p>\n<p style=\"text-align: justify;\"><span style=\"font-family: 'trebuchet ms', geneva, sans-serif;\"><span style=\"font-weight: 400;\">A Associa\u00e7\u00e3o Amigos do Jardins Mangueiral (<\/span><i><span style=\"font-weight: 400;\">AAJM<\/span><\/i><span style=\"font-weight: 400;\">) tamb\u00e9m tem realizado a\u00e7\u00f5es junto a comunidade a fim de mobilizar o Governo do Distrito Federal no atendimento \u00e0\u00a0 necessidade do bairro por escolas p\u00fablicas. &#8220;<\/span><i><span style=\"font-weight: 400;\">Dentre alguns trabalhos que temos realizado ao longo dos anos, fizemos duas pesquisas com toda a popula\u00e7\u00e3o do Jardins Mangueiral e o pedido por escolas foi un\u00e2nime. \u00c9 uma das nossas principais demandas&#8221;<\/span><\/i><span style=\"font-weight: 400;\">, ressaltou a presidente da <em>AAJM<\/em>, Vanessa Barbosa.\u00a0<\/span><\/span><\/p>\n<p style=\"text-align: justify;\"><span style=\"font-family: 'trebuchet ms', geneva, sans-serif;\"><span style=\"font-weight: 400;\">Para Vanessa, estes equipamentos p\u00fablicos deveriam ter sido constru\u00eddos no momento da implanta\u00e7\u00e3o do Jardins Mangueiral. Mas apenas este ano foi entregue o primeiro deles, a Unidade B\u00e1sica de Sa\u00fade. Wanessa conta ainda que a Associa\u00e7\u00e3o foi criada com o objetivo de fazer gest\u00e3o junto ao Governo para cobrar as melhorias prometidas mas n\u00e3o entregues. &#8220;<\/span><i><span style=\"font-weight: 400;\">Tem sido uma luta fazer com que os processos saiam do papel. Inclusive temos buscado emendas com parlamentares e tamb\u00e9m cobrado os recursos do Fundo Nacional de Desenvolvimento da Educa\u00e7\u00e3o (FNDE)<\/span><\/i><span style=\"font-weight: 400;\">&#8220;, ressaltou.\u00a0<\/span><\/span><\/p>\n<p style=\"text-align: justify;\"><span style=\"font-family: 'trebuchet ms', geneva, sans-serif;\"><span style=\"font-weight: 400;\">Agora a <\/span><i><span style=\"font-weight: 400;\">AAJM<\/span><\/i><span style=\"font-weight: 400;\"> fica na expectativa para que o rito dos editais corram rapidamente e a licita\u00e7\u00e3o tenha uma empresa vencedora para que mais esta etapa seja conclu\u00edda e a instala\u00e7\u00e3o das escolas seja, enfim, um sonho mais pr\u00f3ximo da realidade.\u00a0<\/span><\/span><\/p>\n<p>&nbsp;<\/p>\n<p style=\"text-align: justify;\"><span style=\"color: #000000; font-family: 'trebuchet ms', geneva, sans-serif;\"><a style=\"color: #000000;\" href=\"https:\/\/www.mcjb.org.br\/institucional\/produto\/kit-com-5-mascaras-anticovid\/\" target=\"_blank\" rel=\"noopener noreferrer\"><img decoding=\"async\" class=\"aligncenter wp-image-8434 size-medium\" src=\"https:\/\/www.mcjb.org.br\/portal\/wp-content\/uploads\/2020\/09\/E-folder-MASCARA-ANTIVIRAL-3-300x300.jpg\" alt=\"\" width=\"300\" height=\"300\" srcset=\"https:\/\/www.mcjb.org.br\/portal\/wp-content\/uploads\/2020\/09\/E-folder-MASCARA-ANTIVIRAL-3-300x300.jpg 300w, https:\/\/www.mcjb.org.br\/portal\/wp-content\/uploads\/2020\/09\/E-folder-MASCARA-ANTIVIRAL-3-1024x1024.jpg 1024w, https:\/\/www.mcjb.org.br\/portal\/wp-content\/uploads\/2020\/09\/E-folder-MASCARA-ANTIVIRAL-3-150x150.jpg 150w, https:\/\/www.mcjb.org.br\/portal\/wp-content\/uploads\/2020\/09\/E-folder-MASCARA-ANTIVIRAL-3-768x768.jpg 768w, https:\/\/www.mcjb.org.br\/portal\/wp-content\/uploads\/2020\/09\/E-folder-MASCARA-ANTIVIRAL-3-146x146.jpg 146w, https:\/\/www.mcjb.org.br\/portal\/wp-content\/uploads\/2020\/09\/E-folder-MASCARA-ANTIVIRAL-3-50x50.jpg 50w, https:\/\/www.mcjb.org.br\/portal\/wp-content\/uploads\/2020\/09\/E-folder-MASCARA-ANTIVIRAL-3-75x75.jpg 75w, https:\/\/www.mcjb.org.br\/portal\/wp-content\/uploads\/2020\/09\/E-folder-MASCARA-ANTIVIRAL-3-85x85.jpg 85w, https:\/\/www.mcjb.org.br\/portal\/wp-content\/uploads\/2020\/09\/E-folder-MASCARA-ANTIVIRAL-3-80x80.jpg 80w, https:\/\/www.mcjb.org.br\/portal\/wp-content\/uploads\/2020\/09\/E-folder-MASCARA-ANTIVIRAL-3-600x600.jpg 600w, https:\/\/www.mcjb.org.br\/portal\/wp-content\/uploads\/2020\/09\/E-folder-MASCARA-ANTIVIRAL-3-100x100.jpg 100w, https:\/\/www.mcjb.org.br\/portal\/wp-content\/uploads\/2020\/09\/E-folder-MASCARA-ANTIVIRAL-3.jpg 1181w\" sizes=\"(max-width: 300px) 100vw, 300px\" \/><\/a><\/span><span style=\"color: #000000; font-family: 'trebuchet ms', geneva, sans-serif;\"><a href=\"https:\/\/www.mcjb.org.br\/institucional\/produto\/camiseta-anticovid-manga-curta-gola-redonda-tecido-antiviral\/\"><img decoding=\"async\" class=\"size-medium wp-image-8605 aligncenter\" src=\"https:\/\/www.mcjb.org.br\/portal\/wp-content\/uploads\/2020\/11\/WhatsApp-Image-2020-11-11-at-11.34.29-300x300.jpeg\" alt=\"\" width=\"300\" height=\"300\" srcset=\"https:\/\/www.mcjb.org.br\/portal\/wp-content\/uploads\/2020\/11\/WhatsApp-Image-2020-11-11-at-11.34.29-300x300.jpeg 300w, https:\/\/www.mcjb.org.br\/portal\/wp-content\/uploads\/2020\/11\/WhatsApp-Image-2020-11-11-at-11.34.29-1024x1024.jpeg 1024w, https:\/\/www.mcjb.org.br\/portal\/wp-content\/uploads\/2020\/11\/WhatsApp-Image-2020-11-11-at-11.34.29-150x150.jpeg 150w, https:\/\/www.mcjb.org.br\/portal\/wp-content\/uploads\/2020\/11\/WhatsApp-Image-2020-11-11-at-11.34.29-768x768.jpeg 768w, https:\/\/www.mcjb.org.br\/portal\/wp-content\/uploads\/2020\/11\/WhatsApp-Image-2020-11-11-at-11.34.29-146x146.jpeg 146w, https:\/\/www.mcjb.org.br\/portal\/wp-content\/uploads\/2020\/11\/WhatsApp-Image-2020-11-11-at-11.34.29-50x50.jpeg 50w, https:\/\/www.mcjb.org.br\/portal\/wp-content\/uploads\/2020\/11\/WhatsApp-Image-2020-11-11-at-11.34.29-75x75.jpeg 75w, https:\/\/www.mcjb.org.br\/portal\/wp-content\/uploads\/2020\/11\/WhatsApp-Image-2020-11-11-at-11.34.29-85x85.jpeg 85w, https:\/\/www.mcjb.org.br\/portal\/wp-content\/uploads\/2020\/11\/WhatsApp-Image-2020-11-11-at-11.34.29-80x80.jpeg 80w, https:\/\/www.mcjb.org.br\/portal\/wp-content\/uploads\/2020\/11\/WhatsApp-Image-2020-11-11-at-11.34.29-600x600.jpeg 600w, https:\/\/www.mcjb.org.br\/portal\/wp-content\/uploads\/2020\/11\/WhatsApp-Image-2020-11-11-at-11.34.29-100x100.jpeg 100w, https:\/\/www.mcjb.org.br\/portal\/wp-content\/uploads\/2020\/11\/WhatsApp-Image-2020-11-11-at-11.34.29.jpeg 1080w\" sizes=\"(max-width: 300px) 100vw, 300px\" \/><\/a><\/span><\/p>\n","protected":false},"excerpt":{"rendered":"<p>O enredo sobre a implanta\u00e7\u00e3o de escolas p\u00fablicas na Regi\u00e3o Administrativa do Jardim Bot\u00e2nico, mais precisamente no Jardins Mangueiral, voltou a ganhar destaque. Isso porque a Secretaria de Educa\u00e7\u00e3o publicou dois editais de licita\u00e7\u00e3o, um\u00a0 para a constru\u00e7\u00e3o de um Centro Fundamental de Ensino, na Pra\u00e7a de Atividades 5, e outro para a edifica\u00e7\u00e3o do\u00a0 Centro Educacional Jardins Mangueiral, Pra\u00e7a de Atividades 2.<\/p>\n","protected":false},"author":1,"featured_media":9267,"comment_status":"open","ping_status":"open","sticky":false,"template":"","format":"standard","meta":{"_exactmetrics_skip_tracking":false,"_exactmetrics_sitenote_active":false,"_exactmetrics_sitenote_note":"","_exactmetrics_sitenote_category":0,"footnotes":"","jetpack_publicize_message":"","jetpack_publicize_feature_enabled":true,"jetpack_social_post_already_shared":false,"jetpack_social_options":{"image_generator_settings":{"template":"highway","default_image_id":0,"font":"","enabled":false},"version":2}},"categories":[36,16],"tags":[580,579,903,343,39,408,277,43,123],"class_list":["post-9266","post","type-post","status-publish","format-standard","has-post-thumbnail","hentry","category-noticias","category-slider","tag-construcao","tag-demandas","tag-editais","tag-escolas","tag-gdf","tag-jardins-mangueiral","tag-jb","tag-mcjb","tag-secretaria-de-educacao"],"jetpack_publicize_connections":[],"jetpack_featured_media_url":"https:\/\/www.mcjb.org.br\/portal\/wp-content\/uploads\/2021\/08\/escola-jb-capa.jpg","_links":{"self":[{"href":"https:\/\/www.mcjb.org.br\/portal\/wp-json\/wp\/v2\/posts\/9266","targetHints":{"allow":["GET"]}}],"collection":[{"href":"https:\/\/www.mcjb.org.br\/portal\/wp-json\/wp\/v2\/posts"}],"about":[{"href":"https:\/\/www.mcjb.org.br\/portal\/wp-json\/wp\/v2\/types\/post"}],"author":[{"embeddable":true,"href":"https:\/\/www.mcjb.org.br\/portal\/wp-json\/wp\/v2\/users\/1"}],"replies":[{"embeddable":true,"href":"https:\/\/www.mcjb.org.br\/portal\/wp-json\/wp\/v2\/comments?post=9266"}],"version-history":[{"count":3,"href":"https:\/\/www.mcjb.org.br\/portal\/wp-json\/wp\/v2\/posts\/9266\/revisions"}],"predecessor-version":[{"id":9274,"href":"https:\/\/www.mcjb.org.br\/portal\/wp-json\/wp\/v2\/posts\/9266\/revisions\/9274"}],"wp:featuredmedia":[{"embeddable":true,"href":"https:\/\/www.mcjb.org.br\/portal\/wp-json\/wp\/v2\/media\/9267"}],"wp:attachment":[{"href":"https:\/\/www.mcjb.org.br\/portal\/wp-json\/wp\/v2\/media?parent=9266"}],"wp:term":[{"taxonomy":"category","embeddable":true,"href":"https:\/\/www.mcjb.org.br\/portal\/wp-json\/wp\/v2\/categories?post=9266"},{"taxonomy":"post_tag","embeddable":true,"href":"https:\/\/www.mcjb.org.br\/portal\/wp-json\/wp\/v2\/tags?post=9266"}],"curies":[{"name":"wp","href":"https:\/\/api.w.org\/{rel}","templated":true}]}}