{"id":9255,"date":"2021-07-26T14:28:43","date_gmt":"2021-07-26T17:28:43","guid":{"rendered":"https:\/\/www.mcjb.org.br\/portal\/?p=9255"},"modified":"2021-07-26T14:28:43","modified_gmt":"2021-07-26T17:28:43","slug":"muros-e-portarias-mcjb-analisa-plc-aponta-divergencias-e-apresenta-solucao-a-concessao-onerosa","status":"publish","type":"post","link":"https:\/\/www.mcjb.org.br\/portal\/noticias\/muros-e-portarias-mcjb-analisa-plc-aponta-divergencias-e-apresenta-solucao-a-concessao-onerosa\/","title":{"rendered":"Muros e portarias: MCJB analisa PLC, aponta diverg\u00eancias e apresenta solu\u00e7\u00e3o \u00e0 concess\u00e3o onerosa"},"content":{"rendered":"<p><span style=\"font-family: 'trebuchet ms', geneva, sans-serif;\"><i><span style=\"font-weight: 400;\">O Movimento Comunit\u00e1rio do Jardim Bot\u00e2nico (MCJB) continua com as tratativas para a revis\u00e3o dos c\u00e1lculos de concess\u00e3o onerosa pelo fechamento dos condom\u00ednios horizontais, dentro do esp\u00edrito de di\u00e1logo e constru\u00e7\u00e3o coletiva. <\/span><\/i><i><span style=\"font-weight: 400;\"><br \/>\n<\/span><\/i><\/span><\/p>\n<p style=\"text-align: justify;\"><span style=\"font-family: 'trebuchet ms', geneva, sans-serif;\"><span style=\"font-weight: 400;\">Ap\u00f3s an\u00e1lise do <a href=\"http:\/\/www.seduh.df.gov.br\/wp-conteudo\/uploads\/2021\/01\/Minuta-PLC.pdf\">PLC dos muros e portarias<\/a>, o N\u00facleo de Regulariza\u00e7\u00e3o do <\/span><i><span style=\"font-weight: 400;\">MCJB <\/span><\/i><span style=\"font-weight: 400;\">encontrou diverg\u00eancias que foram comunicadas \u00e0 Secretaria de Desenvolvimento Urbano e Habita\u00e7\u00e3o (SEDUH), atrav\u00e9s de of\u00edcio. O documento tamb\u00e9m possui contribui\u00e7\u00f5es e sugest\u00f5es para solucionar a quest\u00e3o.\u00a0\u00a0<\/span><\/span><\/p>\n<p style=\"text-align: justify;\"><span style=\"font-family: 'trebuchet ms', geneva, sans-serif;\"><span style=\"font-weight: 400;\">Para os condom\u00ednios que desejam manter o acesso das \u00e1reas comuns restrito a moradores, visitantes e prestadores de servi\u00e7os, identificados e autorizados a entrar nos condom\u00ednios, a proposta da SEDUH \u00e9 a cobran\u00e7a da concess\u00e3o onerosa por utiliza\u00e7\u00e3o de \u00e1rea p\u00fablica e para o custeio da manuten\u00e7\u00e3o, conserva\u00e7\u00e3o e limpeza das \u00e1reas concedidas, servi\u00e7os j\u00e1 custeados por moradores de condom\u00ednios horizontais. A<\/span><a href=\"https:\/\/www.mcjb.org.br\/portal\/slider\/plc-dos-muros-e-portarias-traz-taxa-leonina-para-condominios-horizontais\/\"> <span style=\"font-weight: 400;\">Proposta foi recha\u00e7ada pela comunidade.<\/span><\/a><\/span><\/p>\n<p style=\"text-align: center;\"><div class=\"su-youtube su-u-responsive-media-yes\"><iframe width=\"600\" height=\"400\" src=\"https:\/\/www.youtube.com\/embed\/mQDtaGr2xg8?\" frameborder=\"0\" allowfullscreen allow=\"autoplay; encrypted-media; picture-in-picture\" title=\"\"><\/iframe><\/div>\n<p style=\"text-align: justify;\"><span style=\"font-weight: 400; font-family: 'trebuchet ms', geneva, sans-serif;\">Para chegar aos valores de concess\u00e3o, dispostos no PLC, a SEDUH utilizou como base o Decreto N\u00b0 17.079 de 1995, que disp\u00f5e sobre o estabelecimento de pre\u00e7o p\u00fablico pela utiliza\u00e7\u00e3o de \u00e1reas p\u00fablicas do Distrito Federal, a ser definido por Regi\u00e3o Administrativa. Este mesmo dispositivo define que o pre\u00e7o deve ser definido com base na finalidade de uso, sendo mais oneroso para as \u00e1reas com atividades lucrativas.\u00a0<\/span><\/p>\n<p style=\"text-align: justify;\"><span style=\"font-family: 'trebuchet ms', geneva, sans-serif;\"><b>Diverg\u00eancias<\/b><span style=\"font-weight: 400;\"><br \/>\n<\/span><\/span><\/p>\n<p style=\"text-align: justify;\"><span style=\"font-family: 'trebuchet ms', geneva, sans-serif;\"><span style=\"font-weight: 400;\">O PLC dividiu em quatro grupos as diversas regi\u00f5es administrativas do DF para a defini\u00e7\u00e3o do metro quadrado p\u00fablico. Nove delas, que inclui o Jardim Bot\u00e2nico, o valor proposto foi de R$14,68. Nesse grupo consta o SIA, por exemplo, entre outras localidades com forte apelo comercial. \u00a0 <\/span><span style=\"font-weight: 400;\">\u00a0<\/span><\/span><\/p>\n<p style=\"text-align: justify;\"><span style=\"font-family: 'trebuchet ms', geneva, sans-serif;\"><span style=\"font-weight: 400;\">Ao analisar o Decreto 17.079, de 1995, que disp\u00f5e sobre o pre\u00e7o p\u00fablico pela utiliza\u00e7\u00e3o de \u00e1reas p\u00fablicas, o <\/span><i><span style=\"font-weight: 400;\">MCJB<\/span><\/i><span style=\"font-weight: 400;\"> identificou outros pontos controversos.\u00a0\u00a0\u00a0<\/span><\/span><\/p>\n<p style=\"text-align: justify;\"><span style=\"font-weight: 400; font-family: 'trebuchet ms', geneva, sans-serif;\">Considerando que o valor da concess\u00e3o deve ser definido com base na finalidade de uso \u2013 e esse entendimento tamb\u00e9m consta da Lei 769, de 1994 \u2013 n\u00e3o caberia o JB pagar o mesmo que o SIA.\u00a0\u00a0<\/span><\/p>\n<p style=\"text-align: justify;\"><span style=\"font-weight: 400; font-family: 'trebuchet ms', geneva, sans-serif;\">Outro crit\u00e9rio que determina o pre\u00e7o da concess\u00e3o onerosa \u00e9 o valor de mercado dos im\u00f3veis, o que destoa da unifica\u00e7\u00e3o de RAs. Isso significa que se considera os im\u00f3veis de todas as 9 RAs do grupo com o mesmo valor de mercado, o que evidentemente n\u00e3o corresponde \u00e0 realidade.<\/span><\/p>\n<p style=\"text-align: justify;\"><span style=\"font-weight: 400; font-family: 'trebuchet ms', geneva, sans-serif;\">Devido a essas quest\u00f5es, o MCJB considera inadequada a aplica\u00e7\u00e3o da mesma metodologia em um grupo composto por regi\u00f5es t\u00e3o d\u00edspares.\u00a0\u00a0<\/span><\/p>\n<p style=\"text-align: justify;\"><a href=\"https:\/\/www.mcjb.org.br\/portal\/wp-content\/uploads\/2021\/07\/tabelas-preco-publico-por-RA.jpg\"><img fetchpriority=\"high\" decoding=\"async\" class=\"size-large wp-image-9256 aligncenter\" src=\"https:\/\/www.mcjb.org.br\/portal\/wp-content\/uploads\/2021\/07\/tabelas-preco-publico-por-RA-724x1024.jpg\" alt=\"\" width=\"724\" height=\"1024\" srcset=\"https:\/\/www.mcjb.org.br\/portal\/wp-content\/uploads\/2021\/07\/tabelas-preco-publico-por-RA-724x1024.jpg 724w, https:\/\/www.mcjb.org.br\/portal\/wp-content\/uploads\/2021\/07\/tabelas-preco-publico-por-RA-212x300.jpg 212w, https:\/\/www.mcjb.org.br\/portal\/wp-content\/uploads\/2021\/07\/tabelas-preco-publico-por-RA-768x1086.jpg 768w, https:\/\/www.mcjb.org.br\/portal\/wp-content\/uploads\/2021\/07\/tabelas-preco-publico-por-RA-1086x1536.jpg 1086w, https:\/\/www.mcjb.org.br\/portal\/wp-content\/uploads\/2021\/07\/tabelas-preco-publico-por-RA-103x146.jpg 103w, https:\/\/www.mcjb.org.br\/portal\/wp-content\/uploads\/2021\/07\/tabelas-preco-publico-por-RA-35x50.jpg 35w, https:\/\/www.mcjb.org.br\/portal\/wp-content\/uploads\/2021\/07\/tabelas-preco-publico-por-RA-53x75.jpg 53w, https:\/\/www.mcjb.org.br\/portal\/wp-content\/uploads\/2021\/07\/tabelas-preco-publico-por-RA-600x849.jpg 600w, https:\/\/www.mcjb.org.br\/portal\/wp-content\/uploads\/2021\/07\/tabelas-preco-publico-por-RA.jpg 1414w\" sizes=\"(max-width: 724px) 100vw, 724px\" \/><\/a><\/p>\n<p style=\"text-align: justify;\"><span style=\"font-family: 'trebuchet ms', geneva, sans-serif;\"><span style=\"font-weight: 400;\">Caso estes valores continuem a vigorar na minuta do PLC dos Muros e Portarias, o <\/span><i><span style=\"font-weight: 400;\">MCJB <\/span><\/i><span style=\"font-weight: 400;\">solicita que seja apresentado o detalhamento da metodologia e as mem\u00f3rias de c\u00e1lculo que geraram os grupos e valores do Anexo II do<\/span><a href=\"http:\/\/www.seduh.df.gov.br\/wp-conteudo\/uploads\/2021\/01\/Minuta-PLC.pdf\"> <span style=\"font-weight: 400;\">projeto de lei complementar.<\/span><\/a><\/span><\/p>\n<p style=\"text-align: justify;\"><span style=\"font-family: 'trebuchet ms', geneva, sans-serif;\"><b>Bitributa\u00e7\u00e3o<\/b><\/span><\/p>\n<p style=\"text-align: justify;\"><span style=\"font-family: 'trebuchet ms', geneva, sans-serif;\"><span style=\"font-weight: 400;\">Para demonstrar a estimativa de custo de manuten\u00e7\u00e3o por metro quadrado de \u00e1rea p\u00fablica, o <\/span><i><span style=\"font-weight: 400;\">MCJB<\/span><\/i><span style=\"font-weight: 400;\"> realizou um levantamento com alguns condom\u00ednios da regi\u00e3o, de diferentes tamanhos e configura\u00e7\u00f5es, situados em 3 setores habitacionais distintos.\u00a0 <\/span><\/span><\/p>\n<p style=\"text-align: justify;\"><span style=\"font-weight: 400; font-family: 'trebuchet ms', geneva, sans-serif;\">Levando em considera\u00e7\u00e3o o pagamento dos servi\u00e7os de manuten\u00e7\u00e3o de infraestrutura de drenagem; pavimenta\u00e7\u00e3o; cal\u00e7adas; ilumina\u00e7\u00e3o p\u00fablica; servi\u00e7os de jardinagem e varri\u00e7\u00e3o de vias; coleta de lixo; distribui\u00e7\u00e3o de correspond\u00eancia; seguran\u00e7a e o pagamento da energia el\u00e9trica da ilumina\u00e7\u00e3o p\u00fablica; al\u00e9m dos impostos como o IPTU, TLP, IPVA, os moradores dos condom\u00ednios arcam com um valor m\u00e9dio anual de R$ 18,84 por m2., aproximadamente 28% maior do que o valor proposto pelo PLC para a cobran\u00e7a de concess\u00e3o onerosa da regi\u00e3o (R$ 14,68).\u00a0<\/span><\/p>\n<p style=\"text-align: justify;\"><span style=\"font-weight: 400; font-family: 'trebuchet ms', geneva, sans-serif;\">O c\u00e1lculo acima &#8211; de R$ 18,84 &#8211; se somaria aos R$ 14,68, da proposta da concess\u00e3o onerosa. Por isso, a comunidade concluiu que a proposta implica em bitributa\u00e7\u00e3o, al\u00e9m de que servi\u00e7os como seguran\u00e7a, por exemplo, \u00e9 uma atribui\u00e7\u00e3o do estado, independente da situa\u00e7\u00e3o de regularidade ou n\u00e3o do condom\u00ednio, mas os condom\u00ednios continuar\u00e3o a cuidar de sua seguran\u00e7a.\u00a0<\/span><\/p>\n<p style=\"text-align: justify;\"><span style=\"font-family: 'trebuchet ms', geneva, sans-serif;\"><b>A solu\u00e7\u00e3o<\/b><\/span><\/p>\n<p style=\"text-align: justify;\"><span style=\"font-family: 'trebuchet ms', geneva, sans-serif;\"><span style=\"font-weight: 400;\">O N\u00facleo de Regulariza\u00e7\u00e3o apresentou \u00e0 Secretaria uma alternativa \u00e0 cobran\u00e7a pelo uso de \u00e1reas p\u00fablicas. A Lei Complementar N\u00b0 755\/2008 define os crit\u00e9rios para ocupa\u00e7\u00e3o de \u00e1rea p\u00fablica no DF, mediante concess\u00e3o de direito real de uso e a concess\u00e3o de uso. De acordo com o artigo 4\u00ba da legisla\u00e7\u00e3o, existe a possibilidade de concess\u00e3o de uso <\/span><b>n\u00e3o onerosa<\/b><span style=\"font-weight: 400;\"> para fins urban\u00edsticos n\u00e3o comerciais, o que se adequaria mais \u00e0 realidade dos condom\u00ednios do Jardim Bot\u00e2nico.\u00a0<\/span><\/span><\/p>\n<p style=\"text-align: justify;\"><span style=\"font-family: 'trebuchet ms', geneva, sans-serif;\"><span style=\"font-weight: 400;\">O <\/span><i><span style=\"font-weight: 400;\">MCJB <\/span><\/i><span style=\"font-weight: 400;\">solicitou esclarecimentos \u00e0 Secretaria sobre a escolha de se regulamentar os fechamentos por meio de concess\u00e3o onerosa, mesmo havendo precedente de concess\u00e3o n\u00e3o onerosa para a mesma finalidade de uso.<\/span><\/span><\/p>\n<p style=\"text-align: justify;\"><div class=\"su-box su-box-style-soft\" id=\"\" style=\"border-color:#004600;border-radius:3px;\"><div class=\"su-box-title\" style=\"background-color:#087916;color:#ffffff;border-top-left-radius:1px;border-top-right-radius:1px\">RELEMBRE NOSSAS A\u00c7\u00d5ES<\/div><div class=\"su-box-content su-u-clearfix su-u-trim\" style=\"border-bottom-left-radius:1px;border-bottom-right-radius:1px\">\n<p style=\"text-align: justify;\">Por meio do N\u00facleo de Regulariza\u00e7\u00e3o, o Movimento estabelece uma rela\u00e7\u00e3o de di\u00e1logo mais din\u00e2mica entre os \u00f3rg\u00e3os envolvidos no processo de regulariza\u00e7\u00e3o com a comunidade, al\u00e9m de oferecer orienta\u00e7\u00f5es b\u00e1sicas para o atendimento das exig\u00eancias t\u00e9cnicas e a realiza\u00e7\u00e3o de reuni\u00f5es regulares com os s\u00edndicos para troca de informa\u00e7\u00f5es.<\/p>\n<p style=\"text-align: justify;\"><strong>MCJB apresenta \u00e0 comunidade pontos preocupantes do PLC<\/strong><\/p>\n<p style=\"text-align: justify;\"><a href=\"https:\/\/www.mcjb.org.br\/portal\/slider\/plc-dos-muros-e-portarias-traz-taxa-leonina-para-condominios-horizontais\/\">https:\/\/www.mcjb.org.br\/portal\/slider\/plc-dos-muros-e-portarias-traz-taxa-leonina-para-condominios-horizontais\/ <\/a><\/p>\n<p style=\"text-align: justify;\"><strong>MCJB convida a comunidade para audi\u00eancias p\u00fablicas e semin\u00e1rio sobre muros e portarias<\/strong><\/p>\n<p style=\"text-align: justify;\"><a href=\"https:\/\/www.mcjb.org.br\/portal\/noticias\/audiencia-publica-debate-revisao-do-controle-de-acesso-a-loteamentos\/\">https:\/\/www.mcjb.org.br\/portal\/noticias\/audiencia-publica-debate-revisao-do-controle-de-acesso-a-loteamentos\/<\/a><\/p>\n<p style=\"text-align: justify;\"><a href=\"https:\/\/www.mcjb.org.br\/portal\/noticias\/seduh-realizara-o-1-seminario-de-direito-urbanistico\/\"> https:\/\/www.mcjb.org.br\/portal\/noticias\/seduh-realizara-o-1-seminario-de-direito-urbanistico\/<\/a><\/p>\n<p style=\"text-align: justify;\"><strong>MCJB busca apoio parlamentar para revis\u00e3o do PLC\u00a0 <\/strong><\/p>\n<p style=\"text-align: justify;\"><a href=\"https:\/\/www.mcjb.org.br\/portal\/slider\/mcjb-pede-apoio-parlamentar-para-atender-demandas-do-jb\/\">https:\/\/www.mcjb.org.br\/portal\/slider\/mcjb-pede-apoio-parlamentar-para-atender-demandas-do-jb\/<\/a><\/p>\n<p style=\"text-align: justify;\"><a href=\"https:\/\/www.mcjb.org.br\/portal\/noticias\/comunidade-se-reune-para-alinhar-demandas-com-deputado-joao-cardoso\/\"> https:\/\/www.mcjb.org.br\/portal\/noticias\/comunidade-se-reune-para-alinhar-demandas-com-deputado-joao-cardoso\/ <\/a><\/p>\n<p style=\"text-align: justify;\"><strong>MCJB e lideran\u00e7as comunit\u00e1rias manifestam-se durante audi\u00eancia p\u00fablica\u00a0 <\/strong><\/p>\n<p style=\"text-align: justify;\"><a href=\"https:\/\/www.mcjb.org.br\/portal\/noticias\/condominios-manifestam-se-contra-concessao-onerosa-e-seduh-sinaliza-revisao\/\">https:\/\/www.mcjb.org.br\/portal\/noticias\/condominios-manifestam-se-contra-concessao-onerosa-e-seduh-sinaliza-revisao\/ <\/a><\/p>\n<p style=\"text-align: justify;\"><strong>Comunidade informada sobre todos os avan\u00e7os da regulamenta\u00e7\u00e3o\u00a0 <\/strong><\/p>\n<p style=\"text-align: justify;\"><a href=\"https:\/\/www.mcjb.org.br\/portal\/noticias\/governador-assina-decreto-de-muros-e-guaritas\/\">https:\/\/www.mcjb.org.br\/portal\/noticias\/governador-assina-decreto-de-muros-e-guaritas\/ <\/a><\/p>\n<p style=\"text-align: justify;\"><a href=\"https:\/\/www.mcjb.org.br\/portal\/noticias\/grupo-de-trabalho-retoma-debate-sobre-muros-e-guaritas\/\">https:\/\/www.mcjb.org.br\/portal\/noticias\/grupo-de-trabalho-retoma-debate-sobre-muros-e-guaritas\/ <\/a><\/p>\n<p style=\"text-align: justify;\"><a href=\"https:\/\/www.mcjb.org.br\/portal\/noticias\/stf-decide-que-e-constitucional-a-cobranca-de-taxas-em-loteamentos-urbanos\/\">https:\/\/www.mcjb.org.br\/portal\/noticias\/stf-decide-que-e-constitucional-a-cobranca-de-taxas-em-loteamentos-urbanos\/ <\/a><\/p>\n<p style=\"text-align: justify;\"><a href=\"https:\/\/www.mcjb.org.br\/portal\/noticias\/audiencia-publica-sobre-fechamento-de-loteamentos-e-adiada\/\">https:\/\/www.mcjb.org.br\/portal\/noticias\/audiencia-publica-sobre-fechamento-de-loteamentos-e-adiada\/ <\/a><\/p>\n<p style=\"text-align: justify;\"><strong>MCJB promove reuni\u00f5es virtuais com a Seduh e comunidade <\/strong><\/p>\n<p style=\"text-align: justify;\"><a href=\"https:\/\/www.mcjb.org.br\/portal\/noticias\/confira-live-da-secretaria-de-desenvolmimento-urbano-e-habitacao-com-a-comunidade-do-jb\/\">https:\/\/www.mcjb.org.br\/portal\/noticias\/confira-live-da-secretaria-de-desenvolmimento-urbano-e-habitacao-com-a-comunidade-do-jb\/ <\/a><\/p>\n<p style=\"text-align: justify;\"><a href=\"https:\/\/www.mcjb.org.br\/portal\/noticias\/mcjb-promove-2a-live-com-seduh\/\">https:\/\/www.mcjb.org.br\/portal\/noticias\/mcjb-promove-2a-live-com-seduh\/ <\/a><\/p>\n<p style=\"text-align: justify;\"><a href=\"https:\/\/www.mcjb.org.br\/portal\/noticias\/movimento-promovera-encontro-para-debater-lei-dos-muros-e-guaritas\/\">https:\/\/www.mcjb.org.br\/portal\/noticias\/movimento-promovera-encontro-para-debater-lei-dos-muros-e-guaritas\/ <\/a><\/p>\n<p style=\"text-align: justify;\"><strong>MCJB solicita audi\u00eancia p\u00fablica na regi\u00e3o\u00a0 <\/strong><\/p>\n<p style=\"text-align: justify;\"><a href=\"https:\/\/www.mcjb.org.br\/portal\/agendajb\/audiencia-publica-sobre-muros-e-portarias-sera-realizada-no-cps-do-jardim-mangueiral\">https:\/\/www.mcjb.org.br\/portal\/agendajb\/audiencia-publica-sobre-muros-e-portarias-sera-realizada-no-cps-do-jardim-mangueiral<\/a><\/p>\n<p style=\"text-align: justify;\"><\/div><\/div>\n","protected":false},"excerpt":{"rendered":"<p>MCJB continua com as tratativas para a revis\u00e3o dos c\u00e1lculos de concess\u00e3o onerosa pelo fechamento dos condom\u00ednios horizontais, dentro do esp\u00edrito de di\u00e1logo e constru\u00e7\u00e3o coletiva.<\/p>\n","protected":false},"author":1,"featured_media":9257,"comment_status":"open","ping_status":"open","sticky":false,"template":"","format":"standard","meta":{"_exactmetrics_skip_tracking":false,"_exactmetrics_sitenote_active":false,"_exactmetrics_sitenote_note":"","_exactmetrics_sitenote_category":0,"footnotes":"","jetpack_publicize_message":"","jetpack_publicize_feature_enabled":true,"jetpack_social_post_already_shared":false,"jetpack_social_options":{"image_generator_settings":{"template":"highway","default_image_id":0,"font":"","enabled":false},"version":2}},"categories":[36,16],"tags":[895,814,894,893,43,681,896,407,897,319,898,246],"class_list":["post-9255","post","type-post","status-publish","format-standard","has-post-thumbnail","hentry","category-noticias","category-slider","tag-altos-custos","tag-concessao-onerosa","tag-controle-de-acesso","tag-loteamentos","tag-mcjb","tag-muros-e-portarias","tag-nova-minuta","tag-plc","tag-projeto-do-executivo","tag-revisao","tag-revisao-de-calculo","tag-seduh"],"jetpack_publicize_connections":[],"jetpack_featured_media_url":"https:\/\/www.mcjb.org.br\/portal\/wp-content\/uploads\/2021\/07\/capa-solucoes-concessao-onerosa.jpg","_links":{"self":[{"href":"https:\/\/www.mcjb.org.br\/portal\/wp-json\/wp\/v2\/posts\/9255","targetHints":{"allow":["GET"]}}],"collection":[{"href":"https:\/\/www.mcjb.org.br\/portal\/wp-json\/wp\/v2\/posts"}],"about":[{"href":"https:\/\/www.mcjb.org.br\/portal\/wp-json\/wp\/v2\/types\/post"}],"author":[{"embeddable":true,"href":"https:\/\/www.mcjb.org.br\/portal\/wp-json\/wp\/v2\/users\/1"}],"replies":[{"embeddable":true,"href":"https:\/\/www.mcjb.org.br\/portal\/wp-json\/wp\/v2\/comments?post=9255"}],"version-history":[{"count":4,"href":"https:\/\/www.mcjb.org.br\/portal\/wp-json\/wp\/v2\/posts\/9255\/revisions"}],"predecessor-version":[{"id":9261,"href":"https:\/\/www.mcjb.org.br\/portal\/wp-json\/wp\/v2\/posts\/9255\/revisions\/9261"}],"wp:featuredmedia":[{"embeddable":true,"href":"https:\/\/www.mcjb.org.br\/portal\/wp-json\/wp\/v2\/media\/9257"}],"wp:attachment":[{"href":"https:\/\/www.mcjb.org.br\/portal\/wp-json\/wp\/v2\/media?parent=9255"}],"wp:term":[{"taxonomy":"category","embeddable":true,"href":"https:\/\/www.mcjb.org.br\/portal\/wp-json\/wp\/v2\/categories?post=9255"},{"taxonomy":"post_tag","embeddable":true,"href":"https:\/\/www.mcjb.org.br\/portal\/wp-json\/wp\/v2\/tags?post=9255"}],"curies":[{"name":"wp","href":"https:\/\/api.w.org\/{rel}","templated":true}]}}