{"id":9176,"date":"2021-06-21T13:47:37","date_gmt":"2021-06-21T16:47:37","guid":{"rendered":"https:\/\/www.mcjb.org.br\/portal\/?p=9176"},"modified":"2021-06-21T17:42:08","modified_gmt":"2021-06-21T20:42:08","slug":"mcjb-faz-parceria-com-associacao-internacional-de-estudantes-para-intercambio","status":"publish","type":"post","link":"https:\/\/www.mcjb.org.br\/portal\/noticias\/mcjb-faz-parceria-com-associacao-internacional-de-estudantes-para-intercambio\/","title":{"rendered":"MCJB faz parceria com Associa\u00e7\u00e3o Internacional de Estudantes para interc\u00e2mbio"},"content":{"rendered":"<p style=\"text-align: justify;\"><span style=\"font-family: 'trebuchet ms', geneva, sans-serif;\"><i><span style=\"font-weight: 400;\">Um dos grandes benefici\u00e1rios do programa de interc\u00e2mbio e grupo fundamental para o sucesso da experi\u00eancia \u00e9 a fam\u00edlia que hospeda o estudante. O MCJB est\u00e1 selecionando as host families para participarem\u00a0 do programa. Participe!<\/span><\/i><\/span><\/p>\n<p style=\"text-align: justify;\"><span style=\"font-family: 'trebuchet ms', geneva, sans-serif;\"><span style=\"font-weight: 400;\">A parceria selada entre o <\/span><i><span style=\"font-weight: 400;\">MCJ<\/span><\/i><span style=\"font-weight: 400;\">B com a Associa\u00e7\u00e3o Internacional de Estudantes de Ci\u00eancias Econ\u00f4micas e Sociais (AIESEC) vai trazer para a regi\u00e3o jovens estudantes de diversos pa\u00edses. Eles devem morar, estudar e trabalhar em projetos da comunidade. Os intercambistas testam para COVID antes de embarcar e s\u00f3 v\u00eam ao Brasil se testarem negativos, a maioria j\u00e1 vir\u00e1 vacinado.<\/span><\/span><\/p>\n<p style=\"text-align: justify;\"><span style=\"font-family: 'trebuchet ms', geneva, sans-serif;\"><span style=\"font-weight: 400;\">Para Maria Luiza Valle, Presidente do <\/span><i><span style=\"font-weight: 400;\">MCJB<\/span><\/i><span style=\"font-weight: 400;\">, \u00e9 uma grande satisfa\u00e7\u00e3o fazer parte desta parceria. &#8220;<\/span><i><span style=\"font-weight: 400;\">Recebemos esse convite da AIESEC e ficamos felizes e surpresos ao mesmo tempo. Felizes, porque receberemos estudantes e volunt\u00e1rios do mundo todo, podemos aprender com eles e eles com a gente, al\u00e9m de receber mais ajuda de trabalho para nossos projetos, principalmente os sociais. Surpresos, por saber que nossas a\u00e7\u00f5es e projetos est\u00e3o cada vez mais alcan\u00e7ando visualiza\u00e7\u00e3o internacional&#8221;.<\/span><\/i><\/span><\/p>\n<p style=\"text-align: justify;\"><span style=\"font-family: 'trebuchet ms', geneva, sans-serif;\"><span style=\"font-weight: 400;\">Dentre os principais projetos do <\/span><i><span style=\"font-weight: 400;\">MCJB,<\/span><\/i><span style=\"font-weight: 400;\"> onde os intercambistas devem atuar, est\u00e3o os projetos sociais como o SOS Venezuelanos e a F\u00e1brica Social JB, atividades de sustentabilidade como o Viveiro Oikos, o Caf\u00e9 Oikos e o Ecolab.\u00a0 Os estudantes estrangeiros tamb\u00e9m atuar\u00e3o junto aos catadores de recicl\u00e1veis, na comiss\u00e3o de comunica\u00e7\u00e3o e a\u00e7\u00f5es administrativas.<\/span><\/span><\/p>\n<p style=\"text-align: justify;\"><span style=\"font-family: 'trebuchet ms', geneva, sans-serif;\"><span style=\"font-weight: 400;\">\u201c<\/span><i><span style=\"font-weight: 400;\">O objetivo do projeto \u00e9 possibilitar o aprendizado do estudante e a troca cultural com a comunidade que o recebe<\/span><\/i><span style=\"font-weight: 400;\">\u201d, explica Ana Vieira, l\u00edder do time de rela\u00e7\u00f5es corporativas da AIESEC Bras\u00edlia.<\/span><\/span><\/p>\n<p style=\"text-align: justify;\"><span style=\"font-family: 'trebuchet ms', geneva, sans-serif;\"><span style=\"font-weight: 400;\">Com sede em Montreal, Canad\u00e1, a <\/span><i><span style=\"font-weight: 400;\">Association Internationale des \u00c9tudiants en Sciences Economiques et Commerciales<\/span><\/i><span style=\"font-weight: 400;\"> (Associa\u00e7\u00e3o Internacional de Estudantes de Ci\u00eancias Econ\u00f4micas e Sociais &#8211; AIESEC) est\u00e1 presente em 127 pa\u00edses e territ\u00f3rios, com mais de 86 mil membros e oito mil organiza\u00e7\u00f5es parceiras. O objetivo desta que \u00e9 a maior organiza\u00e7\u00e3o mundial de estudantes \u00e9 <\/span><span style=\"font-weight: 400;\">possibilitar o desenvolvimento pessoal e profissional de jovens atrav\u00e9s de programas de trabalho em equipe, lideran\u00e7a e interc\u00e2mbio.\u00a0<\/span><\/span><\/p>\n<p style=\"text-align: justify;\"><span style=\"font-family: 'trebuchet ms', geneva, sans-serif;\"><b>Fa\u00e7a parte dessa experi\u00eancia!<\/b><\/span><\/p>\n<p style=\"text-align: justify;\"><span style=\"font-family: 'trebuchet ms', geneva, sans-serif;\"><span style=\"font-weight: 400;\">Um dos grandes benefici\u00e1rios do programa de interc\u00e2mbio e grupo fundamental para o sucesso da experi\u00eancia \u00e9 a fam\u00edlia que hospeda o estudante. \u201c<\/span><i><span style=\"font-weight: 400;\">Ter pr\u00f3xima uma pessoa de outro pa\u00eds, compartilhando sua cultura e seus costumes \u00e9 uma experi\u00eancia rica e \u00fanica, desfrutada pela fam\u00edlia que recebe o estudante<\/span><\/i><span style=\"font-weight: 400;\">\u201d, explica Ana Vieira.<\/span><\/span><\/p>\n<p style=\"text-align: justify;\"><span style=\"font-family: 'trebuchet ms', geneva, sans-serif;\"><span style=\"font-weight: 400;\">O MCJB est\u00e1 selecionando as <\/span><i><span style=\"font-weight: 400;\">host families<\/span><\/i><span style=\"font-weight: 400;\"> para participarem\u00a0 do programa. S\u00e3o as fam\u00edlias que abrigam os estudantes durante sua perman\u00eancia no Brasil. O interc\u00e2mbio dura seis semanas. Neste per\u00edodo os estudantes participam de trabalhos como volunt\u00e1rios, frequentam cursos encaminhados pela AIESEC e compartilham a viv\u00eancia do dia a dia com uma fam\u00edlia local.<\/span><\/span><\/p>\n<p style=\"text-align: justify;\"><span style=\"font-family: 'trebuchet ms', geneva, sans-serif;\"><span style=\"font-weight: 400;\"> <div class=\"su-box su-box-style-soft\" id=\"\" style=\"border-color:#004600;border-radius:3px;\"><div class=\"su-box-title\" style=\"background-color:#087916;color:#ffffff;border-top-left-radius:1px;border-top-right-radius:1px\"> Est\u00e1 interessado em participar desta experi\u00eancia \u00fanica?<\/div><div class=\"su-box-content su-u-clearfix su-u-trim\" style=\"border-bottom-left-radius:1px;border-bottom-right-radius:1px\"><\/span><\/span><\/p>\n<p style=\"text-align: justify;\"><span style=\"font-family: 'trebuchet ms', geneva, sans-serif;\"><span style=\"font-weight: 400;\">Basta <a href=\"https:\/\/aiesec.org.br\/lar-global\/\" target=\"_blank\" rel=\"noopener\">clicar aqui<\/a> e preencher um r\u00e1pido formul\u00e1rio ou, se quer saber mais, participe da palestra da AIESEC, maior organiza\u00e7\u00e3o internacional de lideran\u00e7a jovem no mundo e que assinou conv\u00eanio com o Movimento Comunit\u00e1rio do Jardim Bot\u00e2nico. A palestra ocorrer\u00e1 durante o 3\u00ba Workshop de Regulariza\u00e7\u00e3o e Urbaniza\u00e7\u00e3o do Jardim Bot\u00e2nico. <\/span><\/span><\/p>\n<p style=\"text-align: justify;\"><span style=\"font-family: 'trebuchet ms', geneva, sans-serif;\"><span style=\"font-weight: 400;\">\u2705 Inscreva-se nesta e em outras palestras e participe do maior evento comunit\u00e1rio do Jardim Bot\u00e2nico! Acesse o <a href=\"http:\/\/www.mcjb.org.br\/workshop\" target=\"_blank\" rel=\"noopener\">site do Workshop<\/a> e saiba mais!<\/div><\/div><\/span><\/span><\/p>\n<p>&nbsp;<\/p>\n<p><a href=\"https:\/\/www.mcjb.org.br\/portal\/wp-content\/uploads\/2021\/06\/WhatsApp-Image-2021-06-21-at-17.36.44.jpeg\"><img fetchpriority=\"high\" decoding=\"async\" class=\"aligncenter wp-image-9189 size-large\" src=\"https:\/\/www.mcjb.org.br\/portal\/wp-content\/uploads\/2021\/06\/WhatsApp-Image-2021-06-21-at-17.36.44-1024x1024.jpeg\" alt=\"\" width=\"1024\" height=\"1024\" srcset=\"https:\/\/www.mcjb.org.br\/portal\/wp-content\/uploads\/2021\/06\/WhatsApp-Image-2021-06-21-at-17.36.44-1024x1024.jpeg 1024w, https:\/\/www.mcjb.org.br\/portal\/wp-content\/uploads\/2021\/06\/WhatsApp-Image-2021-06-21-at-17.36.44-300x300.jpeg 300w, https:\/\/www.mcjb.org.br\/portal\/wp-content\/uploads\/2021\/06\/WhatsApp-Image-2021-06-21-at-17.36.44-150x150.jpeg 150w, https:\/\/www.mcjb.org.br\/portal\/wp-content\/uploads\/2021\/06\/WhatsApp-Image-2021-06-21-at-17.36.44-768x768.jpeg 768w, https:\/\/www.mcjb.org.br\/portal\/wp-content\/uploads\/2021\/06\/WhatsApp-Image-2021-06-21-at-17.36.44-146x146.jpeg 146w, https:\/\/www.mcjb.org.br\/portal\/wp-content\/uploads\/2021\/06\/WhatsApp-Image-2021-06-21-at-17.36.44-50x50.jpeg 50w, https:\/\/www.mcjb.org.br\/portal\/wp-content\/uploads\/2021\/06\/WhatsApp-Image-2021-06-21-at-17.36.44-75x75.jpeg 75w, https:\/\/www.mcjb.org.br\/portal\/wp-content\/uploads\/2021\/06\/WhatsApp-Image-2021-06-21-at-17.36.44-85x85.jpeg 85w, https:\/\/www.mcjb.org.br\/portal\/wp-content\/uploads\/2021\/06\/WhatsApp-Image-2021-06-21-at-17.36.44-80x80.jpeg 80w, https:\/\/www.mcjb.org.br\/portal\/wp-content\/uploads\/2021\/06\/WhatsApp-Image-2021-06-21-at-17.36.44-600x600.jpeg 600w, https:\/\/www.mcjb.org.br\/portal\/wp-content\/uploads\/2021\/06\/WhatsApp-Image-2021-06-21-at-17.36.44-100x100.jpeg 100w, https:\/\/www.mcjb.org.br\/portal\/wp-content\/uploads\/2021\/06\/WhatsApp-Image-2021-06-21-at-17.36.44.jpeg 1080w\" sizes=\"(max-width: 1024px) 100vw, 1024px\" \/><\/a><\/p>\n<p style=\"text-align: justify;\"><span style=\"color: #000000; font-family: 'trebuchet ms', geneva, sans-serif;\"><a style=\"color: #000000;\" href=\"https:\/\/www.mcjb.org.br\/institucional\/produto\/kit-com-5-mascaras-anticovid\/\" target=\"_blank\" rel=\"noopener noreferrer\"><img decoding=\"async\" class=\"aligncenter wp-image-8434 size-medium\" src=\"https:\/\/www.mcjb.org.br\/portal\/wp-content\/uploads\/2020\/09\/E-folder-MASCARA-ANTIVIRAL-3-300x300.jpg\" alt=\"\" width=\"300\" height=\"300\" srcset=\"https:\/\/www.mcjb.org.br\/portal\/wp-content\/uploads\/2020\/09\/E-folder-MASCARA-ANTIVIRAL-3-300x300.jpg 300w, https:\/\/www.mcjb.org.br\/portal\/wp-content\/uploads\/2020\/09\/E-folder-MASCARA-ANTIVIRAL-3-1024x1024.jpg 1024w, https:\/\/www.mcjb.org.br\/portal\/wp-content\/uploads\/2020\/09\/E-folder-MASCARA-ANTIVIRAL-3-150x150.jpg 150w, https:\/\/www.mcjb.org.br\/portal\/wp-content\/uploads\/2020\/09\/E-folder-MASCARA-ANTIVIRAL-3-768x768.jpg 768w, https:\/\/www.mcjb.org.br\/portal\/wp-content\/uploads\/2020\/09\/E-folder-MASCARA-ANTIVIRAL-3-146x146.jpg 146w, https:\/\/www.mcjb.org.br\/portal\/wp-content\/uploads\/2020\/09\/E-folder-MASCARA-ANTIVIRAL-3-50x50.jpg 50w, https:\/\/www.mcjb.org.br\/portal\/wp-content\/uploads\/2020\/09\/E-folder-MASCARA-ANTIVIRAL-3-75x75.jpg 75w, https:\/\/www.mcjb.org.br\/portal\/wp-content\/uploads\/2020\/09\/E-folder-MASCARA-ANTIVIRAL-3-85x85.jpg 85w, https:\/\/www.mcjb.org.br\/portal\/wp-content\/uploads\/2020\/09\/E-folder-MASCARA-ANTIVIRAL-3-80x80.jpg 80w, https:\/\/www.mcjb.org.br\/portal\/wp-content\/uploads\/2020\/09\/E-folder-MASCARA-ANTIVIRAL-3-600x600.jpg 600w, https:\/\/www.mcjb.org.br\/portal\/wp-content\/uploads\/2020\/09\/E-folder-MASCARA-ANTIVIRAL-3-100x100.jpg 100w, https:\/\/www.mcjb.org.br\/portal\/wp-content\/uploads\/2020\/09\/E-folder-MASCARA-ANTIVIRAL-3.jpg 1181w\" sizes=\"(max-width: 300px) 100vw, 300px\" \/><\/a><a href=\"https:\/\/www.mcjb.org.br\/institucional\/produto\/camiseta-anticovid-manga-curta-gola-redonda-tecido-antiviral\/\"><img decoding=\"async\" class=\"size-medium wp-image-8605 aligncenter\" src=\"https:\/\/www.mcjb.org.br\/portal\/wp-content\/uploads\/2020\/11\/WhatsApp-Image-2020-11-11-at-11.34.29-300x300.jpeg\" alt=\"\" width=\"300\" height=\"300\" srcset=\"https:\/\/www.mcjb.org.br\/portal\/wp-content\/uploads\/2020\/11\/WhatsApp-Image-2020-11-11-at-11.34.29-300x300.jpeg 300w, https:\/\/www.mcjb.org.br\/portal\/wp-content\/uploads\/2020\/11\/WhatsApp-Image-2020-11-11-at-11.34.29-1024x1024.jpeg 1024w, https:\/\/www.mcjb.org.br\/portal\/wp-content\/uploads\/2020\/11\/WhatsApp-Image-2020-11-11-at-11.34.29-150x150.jpeg 150w, https:\/\/www.mcjb.org.br\/portal\/wp-content\/uploads\/2020\/11\/WhatsApp-Image-2020-11-11-at-11.34.29-768x768.jpeg 768w, https:\/\/www.mcjb.org.br\/portal\/wp-content\/uploads\/2020\/11\/WhatsApp-Image-2020-11-11-at-11.34.29-146x146.jpeg 146w, https:\/\/www.mcjb.org.br\/portal\/wp-content\/uploads\/2020\/11\/WhatsApp-Image-2020-11-11-at-11.34.29-50x50.jpeg 50w, https:\/\/www.mcjb.org.br\/portal\/wp-content\/uploads\/2020\/11\/WhatsApp-Image-2020-11-11-at-11.34.29-75x75.jpeg 75w, https:\/\/www.mcjb.org.br\/portal\/wp-content\/uploads\/2020\/11\/WhatsApp-Image-2020-11-11-at-11.34.29-85x85.jpeg 85w, https:\/\/www.mcjb.org.br\/portal\/wp-content\/uploads\/2020\/11\/WhatsApp-Image-2020-11-11-at-11.34.29-80x80.jpeg 80w, https:\/\/www.mcjb.org.br\/portal\/wp-content\/uploads\/2020\/11\/WhatsApp-Image-2020-11-11-at-11.34.29-600x600.jpeg 600w, https:\/\/www.mcjb.org.br\/portal\/wp-content\/uploads\/2020\/11\/WhatsApp-Image-2020-11-11-at-11.34.29-100x100.jpeg 100w, https:\/\/www.mcjb.org.br\/portal\/wp-content\/uploads\/2020\/11\/WhatsApp-Image-2020-11-11-at-11.34.29.jpeg 1080w\" sizes=\"(max-width: 300px) 100vw, 300px\" \/><\/a><\/span><\/p>\n","protected":false},"excerpt":{"rendered":"<p>A parceria selada entre o MCJB com a Associa\u00e7\u00e3o Internacional de Estudantes de Ci\u00eancias Econ\u00f4micas e Sociais (AIESEC) vai trazer para a regi\u00e3o jovens estudantes de diversos pa\u00edses.<\/p>\n","protected":false},"author":1,"featured_media":9186,"comment_status":"open","ping_status":"open","sticky":false,"template":"","format":"standard","meta":{"_exactmetrics_skip_tracking":false,"_exactmetrics_sitenote_active":false,"_exactmetrics_sitenote_note":"","_exactmetrics_sitenote_category":0,"footnotes":"","jetpack_publicize_message":"","jetpack_publicize_feature_enabled":true,"jetpack_social_post_already_shared":false,"jetpack_social_options":{"image_generator_settings":{"template":"highway","default_image_id":0,"font":"","enabled":false},"version":2}},"categories":[36,16],"tags":[856,859,857,855,854,860,43,858,248,609,211,313],"class_list":["post-9176","post","type-post","status-publish","format-standard","has-post-thumbnail","hentry","category-noticias","category-slider","tag-aiesec","tag-conhecimento","tag-estudo","tag-host-family","tag-intercambio","tag-lideranca-internacional","tag-mcjb","tag-moradia","tag-parceria","tag-projetos-sociais","tag-trabalho","tag-troca"],"jetpack_publicize_connections":[],"jetpack_featured_media_url":"https:\/\/www.mcjb.org.br\/portal\/wp-content\/uploads\/2021\/06\/capa-Intercambio.jpg","_links":{"self":[{"href":"https:\/\/www.mcjb.org.br\/portal\/wp-json\/wp\/v2\/posts\/9176","targetHints":{"allow":["GET"]}}],"collection":[{"href":"https:\/\/www.mcjb.org.br\/portal\/wp-json\/wp\/v2\/posts"}],"about":[{"href":"https:\/\/www.mcjb.org.br\/portal\/wp-json\/wp\/v2\/types\/post"}],"author":[{"embeddable":true,"href":"https:\/\/www.mcjb.org.br\/portal\/wp-json\/wp\/v2\/users\/1"}],"replies":[{"embeddable":true,"href":"https:\/\/www.mcjb.org.br\/portal\/wp-json\/wp\/v2\/comments?post=9176"}],"version-history":[{"count":7,"href":"https:\/\/www.mcjb.org.br\/portal\/wp-json\/wp\/v2\/posts\/9176\/revisions"}],"predecessor-version":[{"id":9191,"href":"https:\/\/www.mcjb.org.br\/portal\/wp-json\/wp\/v2\/posts\/9176\/revisions\/9191"}],"wp:featuredmedia":[{"embeddable":true,"href":"https:\/\/www.mcjb.org.br\/portal\/wp-json\/wp\/v2\/media\/9186"}],"wp:attachment":[{"href":"https:\/\/www.mcjb.org.br\/portal\/wp-json\/wp\/v2\/media?parent=9176"}],"wp:term":[{"taxonomy":"category","embeddable":true,"href":"https:\/\/www.mcjb.org.br\/portal\/wp-json\/wp\/v2\/categories?post=9176"},{"taxonomy":"post_tag","embeddable":true,"href":"https:\/\/www.mcjb.org.br\/portal\/wp-json\/wp\/v2\/tags?post=9176"}],"curies":[{"name":"wp","href":"https:\/\/api.w.org\/{rel}","templated":true}]}}