{"id":8995,"date":"2021-03-18T21:06:15","date_gmt":"2021-03-18T21:06:15","guid":{"rendered":"https:\/\/www.mcjb.org.br\/portal\/?p=8995"},"modified":"2021-03-18T21:14:03","modified_gmt":"2021-03-18T21:14:03","slug":"comecam-os-preparativos-para-o-3o-workshop-de-regularizacao-e-urbanizacao-do-jb","status":"publish","type":"post","link":"https:\/\/www.mcjb.org.br\/portal\/noticias\/comecam-os-preparativos-para-o-3o-workshop-de-regularizacao-e-urbanizacao-do-jb\/","title":{"rendered":"Come\u00e7am os preparativos para o 3\u00ba Workshop de Regulariza\u00e7\u00e3o e Urbaniza\u00e7\u00e3o do JB!"},"content":{"rendered":"<p style=\"text-align: justify;\"><span style=\"font-family: 'trebuchet ms', geneva, sans-serif;\"><i><span style=\"font-weight: 400;\">Uma das a\u00e7\u00f5es mais importantes e abrangentes realizada pelo Movimento Comunit\u00e1rio do Jardim Bot\u00e2nico (MC JB), em parceria com a Administra\u00e7\u00e3o Regional e condom\u00ednios associados, est\u00e1 prevista para acontecer em junho de 2021. A data pode sofrer altera\u00e7\u00f5es dependendo do andamento da pandemia.<\/span><\/i><\/span><\/p>\n<p style=\"text-align: right;\"><span style=\"font-family: 'trebuchet ms', geneva, sans-serif; font-size: 8pt;\"><i><span style=\"font-weight: 400;\">Por Ana Comar\u00fa &#8211; 18\/03\/2021<\/span><\/i><\/span><\/p>\n<p style=\"text-align: justify;\"><span style=\"font-family: 'trebuchet ms', geneva, sans-serif;\"><span style=\"font-weight: 400;\">Entre as a\u00e7\u00f5es para a realiza\u00e7\u00e3o do 3\u00ba Workshop de Regulariza\u00e7\u00e3o e Urbaniza\u00e7\u00e3o do Jardim Bot\u00e2nico foi <\/span><a href=\"https:\/\/dodf.df.gov.br\/index\/visualizar-arquivo\/?pasta=2021%7C03_Mar%C3%A7o%7CDODF%20052%2018-03-2021%7C&amp;arquivo=DODF%20052%2018-03-2021%20INTEGRA.pdf\"><span style=\"font-weight: 400;\">publicada no Di\u00e1rio Oficial de quinta-feira (18\/03)<\/span><\/a><span style=\"font-weight: 400;\">, a Ordem de Servi\u00e7o n\u00ba 12 para a cria\u00e7\u00e3o do Grupo de Trabalho (GT) respons\u00e1vel pelo ordenamento do evento.\u00a0<\/span><\/span><\/p>\n<p style=\"text-align: justify;\"><a href=\"https:\/\/www.mcjb.org.br\/portal\/wp-content\/uploads\/2021\/03\/dodf.jpg\"><img fetchpriority=\"high\" decoding=\"async\" class=\"size-full wp-image-8996 aligncenter\" src=\"https:\/\/www.mcjb.org.br\/portal\/wp-content\/uploads\/2021\/03\/dodf.jpg\" alt=\"\" width=\"1024\" height=\"716\" data-wp-editing=\"1\" srcset=\"https:\/\/www.mcjb.org.br\/portal\/wp-content\/uploads\/2021\/03\/dodf.jpg 1024w, https:\/\/www.mcjb.org.br\/portal\/wp-content\/uploads\/2021\/03\/dodf-300x210.jpg 300w, https:\/\/www.mcjb.org.br\/portal\/wp-content\/uploads\/2021\/03\/dodf-768x537.jpg 768w, https:\/\/www.mcjb.org.br\/portal\/wp-content\/uploads\/2021\/03\/dodf-209x146.jpg 209w, https:\/\/www.mcjb.org.br\/portal\/wp-content\/uploads\/2021\/03\/dodf-50x35.jpg 50w, https:\/\/www.mcjb.org.br\/portal\/wp-content\/uploads\/2021\/03\/dodf-107x75.jpg 107w, https:\/\/www.mcjb.org.br\/portal\/wp-content\/uploads\/2021\/03\/dodf-600x420.jpg 600w\" sizes=\"(max-width: 1024px) 100vw, 1024px\" \/><\/a><\/p>\n<p style=\"text-align: justify;\"><span style=\"font-family: 'trebuchet ms', geneva, sans-serif;\"><span style=\"font-weight: 400;\">Em janeiro, o <\/span><i><span style=\"font-weight: 400;\">MCJB<\/span><\/i><span style=\"font-weight: 400;\"> realizou uma reuni\u00e3o com o Administrador Regional Ant\u00f4nio de P\u00e1dua (confira <\/span><a href=\"http:\/\/www.mcjb.org.br\/portal\/noticias\/movimento-e-administracao-regional-alinham-plano-de-acoes-para-2021\/\"><span style=\"font-weight: 400;\">aqui<\/span><\/a><span style=\"font-weight: 400;\">). Em seguida os s\u00edndicos foram convidados a identificar os principais entraves encontrados durante o longo processo de regulariza\u00e7\u00e3o. O objetivo \u00e9 identificar quais \u00f3rg\u00e3os e seus respectivos t\u00e9cnicos ser\u00e3o convidados para o 3\u00ba Workshop de Regulariza\u00e7\u00e3o e Urbaniza\u00e7\u00e3o do Jardim Bot\u00e2nico.\u00a0<\/span><\/span><\/p>\n<p style=\"text-align: justify;\"><span style=\"font-family: 'trebuchet ms', geneva, sans-serif;\"><span style=\"font-weight: 400;\">A 3\u00aa edi\u00e7\u00e3o do Workshop de Regulariza\u00e7\u00e3o e Urbaniza\u00e7\u00e3o do Jardim Bot\u00e2nico tem como objetivo auxiliar os s\u00edndicos e moradores da regi\u00e3o neste longo e complicado processo. O evento realizado em dois dias conta com a participa\u00e7\u00e3o dos t\u00e9cnicos e representantes dos \u00f3rg\u00e3os envolvidos na regulariza\u00e7\u00e3o fundi\u00e1ria, para atendimento e esclarecimentos. (Confira <\/span><a href=\"https:\/\/www.mcjb.org.br\/portal\/noticias\/finalizado-workshop-da-regularizacao-com-participacao-da-comunidade\/\"><span style=\"font-weight: 400;\">aqui <\/span><\/a><span style=\"font-weight: 400;\">e <\/span><a href=\"https:\/\/www.mcjb.org.br\/portal\/noticias\/workshop-e-considerado-marco-historico-pelo-gdf\/\"><span style=\"font-weight: 400;\">aqui<\/span><\/a><span style=\"font-weight: 400;\"> as edi\u00e7\u00f5es anteriores).<\/span><\/span><\/p>\n<p style=\"text-align: justify;\"><span style=\"font-family: 'trebuchet ms', geneva, sans-serif;\"><span style=\"font-weight: 400;\">O encontro virtual promovido pela Comiss\u00e3o de Regulariza\u00e7\u00e3o do <\/span><i><span style=\"font-weight: 400;\">MCJB<\/span><\/i><span style=\"font-weight: 400;\">, coordenado por Fl\u00e1vio Santos e Maria Jos\u00e9 Feitosa, reuniu aproximadamente 20 s\u00edndicos da regi\u00e3o. At\u00e9 31 de mar\u00e7o, os representantes dos condom\u00ednios devem reportar ao <\/span><i><span style=\"font-weight: 400;\">Movimento<\/span><\/i><span style=\"font-weight: 400;\"> os entraves espec\u00edficos e os \u00f3rg\u00e3os respons\u00e1veis pelas etapas citadas.\u00a0<\/span><\/span><\/p>\n<p style=\"text-align: justify;\"><a href=\"https:\/\/www.mcjb.org.br\/portal\/wp-content\/uploads\/2021\/03\/live-sindicos.jpg\"><img decoding=\"async\" class=\"size-full wp-image-8998 aligncenter\" src=\"https:\/\/www.mcjb.org.br\/portal\/wp-content\/uploads\/2021\/03\/live-sindicos.jpg\" alt=\"\" width=\"900\" height=\"500\" srcset=\"https:\/\/www.mcjb.org.br\/portal\/wp-content\/uploads\/2021\/03\/live-sindicos.jpg 900w, https:\/\/www.mcjb.org.br\/portal\/wp-content\/uploads\/2021\/03\/live-sindicos-300x167.jpg 300w, https:\/\/www.mcjb.org.br\/portal\/wp-content\/uploads\/2021\/03\/live-sindicos-768x427.jpg 768w, https:\/\/www.mcjb.org.br\/portal\/wp-content\/uploads\/2021\/03\/live-sindicos-260x144.jpg 260w, https:\/\/www.mcjb.org.br\/portal\/wp-content\/uploads\/2021\/03\/live-sindicos-50x28.jpg 50w, https:\/\/www.mcjb.org.br\/portal\/wp-content\/uploads\/2021\/03\/live-sindicos-135x75.jpg 135w, https:\/\/www.mcjb.org.br\/portal\/wp-content\/uploads\/2021\/03\/live-sindicos-600x333.jpg 600w\" sizes=\"(max-width: 900px) 100vw, 900px\" \/><\/a><\/p>\n<p style=\"text-align: justify;\"><span style=\"font-weight: 400; font-family: 'trebuchet ms', geneva, sans-serif;\">Participaram: Ceres Aires, s\u00edndica do condom\u00ednio Mans\u00f5es Itaipu Etapa A; Melquisedec Ferreira, Diretor da Associa\u00e7\u00e3o de Moradores do Jardim Bot\u00e2nico 3; Rafael Pimentel, s\u00edndico do condom\u00ednio Quintas do Sol; Shirley Noely Hauff, s\u00edndica do condom\u00ednio Quintas Bela Vista; Cristina, s\u00edndica do condom\u00ednio Quintas das Colinas; Wandell Cutrim, s\u00edndico do condom\u00ednio Mans\u00f5es Bra\u00fama, entre outros.\u00a0<\/span><\/p>\n<p style=\"text-align: justify;\"><span style=\"font-family: 'trebuchet ms', geneva, sans-serif;\"><b>Resultados e conquistas<\/b><\/span><\/p>\n<p style=\"text-align: justify;\"><span style=\"font-family: 'trebuchet ms', geneva, sans-serif;\"><span style=\"font-weight: 400;\">Apelidado como \u2018Drive-thru da Regulariza\u00e7\u00e3o\u2019, os workshops promovidos pelo <\/span><i><span style=\"font-weight: 400;\">Movimento<\/span><\/i><span style=\"font-weight: 400;\"> e parceiros possibilitam a aproxima\u00e7\u00e3o e articula\u00e7\u00e3o entre os l\u00edderes comunit\u00e1rios e \u00f3rg\u00e3os do Governo, garantindo resultados concretos. A an\u00e1lise \u00e9 de Maria Jos\u00e9 Pessoa, Presidente da Associa\u00e7\u00e3o de Moradores do Ville de Montagne (Amorville).\u00a0<\/span><\/span><\/p>\n<p style=\"text-align: justify;\"><span style=\"font-family: 'trebuchet ms', geneva, sans-serif;\"><span style=\"font-weight: 400;\">\u201c<\/span><i><span style=\"font-weight: 400;\">N\u00f3s ainda n\u00e3o est\u00e1vamos no Movimento, mas recebemos o convite para participar do 2\u00ba Workshop. Na \u00e9poca t\u00ednhamos muita dificuldade com o Ibram e a Terracap. Durante o evento estavam presentes os t\u00e9cnicos de ambos os \u00f3rg\u00e3os, o que nos possibilitou esclarecer e avan\u00e7ar muito. O Ville de Montagne \u00e9 muito grato por este convite, tanto que hoje fazemos parte do Movimento com muita satisfa\u00e7\u00e3<\/span><\/i><span style=\"font-weight: 400;\">o\u201d, afirma Maria Jos\u00e9.\u00a0\u00a0<\/span><\/span><\/p>\n<p style=\"text-align: justify;\"><span style=\"font-family: 'trebuchet ms', geneva, sans-serif;\"><span style=\"font-weight: 400;\">Fl\u00e1vio Santos ressalta que este \u00e9 o momento de pensar a urbaniza\u00e7\u00e3o da regi\u00e3o. <\/span><i><span style=\"font-weight: 400;\">\u201cConsidero o planejamento urbano como uma das etapas mais importantes do Jardim Bot\u00e2nico, dado o n\u00famero de projetos particulares e p\u00fablicos direcionados \u00e0 nossa \u00e1rea. Se n\u00e3o nos organizarmos no planejamento urbano, vamos perder o pouco que temos.<\/span><\/i><span style=\"font-weight: 400;\">\u201d A orienta\u00e7\u00e3o \u00e9 para que aqueles condom\u00ednios j\u00e1 regularizados dediquem-se ao desafio do planejamento urban\u00edstico da regi\u00e3o.\u00a0\u00a0<\/span><\/span><\/p>\n<p style=\"text-align: justify;\"><span style=\"font-weight: 400; font-family: 'trebuchet ms', geneva, sans-serif;\">Outra dica importante de Fl\u00e1vio \u00e9 no sentido de que os condom\u00ednios formem comiss\u00f5es de regulariza\u00e7\u00e3o pr\u00f3prias, para que assim o aprendizado e conquistas alcan\u00e7ados neste processo n\u00e3o sejam descontinuados com as mudan\u00e7as de gestores dos condom\u00ednios.\u00a0<\/span><\/p>\n<p style=\"text-align: justify;\"><span style=\"font-family: 'trebuchet ms', geneva, sans-serif;\"><span style=\"font-weight: 400;\">Para os novos s\u00edndicos, que ainda est\u00e3o conhecendo o processo de legaliza\u00e7\u00e3o fundi\u00e1ria, a Comiss\u00e3o de Regulariza\u00e7\u00e3o do <\/span><i><span style=\"font-weight: 400;\">MCJB<\/span><\/i><span style=\"font-weight: 400;\"> est\u00e1 dispon\u00edvel para prestar esclarecimentos e orienta\u00e7\u00f5es.\u00a0<\/span><\/span><\/p>\n<p style=\"text-align: justify;\"><span style=\"font-family: 'trebuchet ms', geneva, sans-serif;\"><b>Fa\u00e7a parte deste Movimento!<\/b><\/span><\/p>\n<p style=\"text-align: justify;\"><span style=\"font-family: 'trebuchet ms', geneva, sans-serif;\"><span style=\"font-weight: 400;\">Precisamos de volunt\u00e1rios para nos auxiliar com os preparativos do 3\u00ba Workshop! Vamos somar? Envie um e-mail para: <\/span><a href=\"mailto:contato@mcjb.org.br\"><span style=\"font-weight: 400;\">contato@mcjb.org.br<\/span><\/a><\/span><\/p>\n<p>&nbsp;<\/p>\n<p><span style=\"color: #000000; font-family: 'trebuchet ms', geneva, sans-serif;\"><a style=\"color: #000000;\" href=\"https:\/\/www.mcjb.org.br\/institucional\/produto\/kit-com-5-mascaras-anticovid\/\" target=\"_blank\" rel=\"noopener noreferrer\"><img decoding=\"async\" class=\"aligncenter wp-image-8434 size-medium\" src=\"https:\/\/www.mcjb.org.br\/portal\/wp-content\/uploads\/2020\/09\/E-folder-MASCARA-ANTIVIRAL-3-300x300.jpg\" alt=\"\" width=\"300\" height=\"300\" srcset=\"https:\/\/www.mcjb.org.br\/portal\/wp-content\/uploads\/2020\/09\/E-folder-MASCARA-ANTIVIRAL-3-300x300.jpg 300w, https:\/\/www.mcjb.org.br\/portal\/wp-content\/uploads\/2020\/09\/E-folder-MASCARA-ANTIVIRAL-3-1024x1024.jpg 1024w, https:\/\/www.mcjb.org.br\/portal\/wp-content\/uploads\/2020\/09\/E-folder-MASCARA-ANTIVIRAL-3-150x150.jpg 150w, https:\/\/www.mcjb.org.br\/portal\/wp-content\/uploads\/2020\/09\/E-folder-MASCARA-ANTIVIRAL-3-768x768.jpg 768w, https:\/\/www.mcjb.org.br\/portal\/wp-content\/uploads\/2020\/09\/E-folder-MASCARA-ANTIVIRAL-3-146x146.jpg 146w, https:\/\/www.mcjb.org.br\/portal\/wp-content\/uploads\/2020\/09\/E-folder-MASCARA-ANTIVIRAL-3-50x50.jpg 50w, https:\/\/www.mcjb.org.br\/portal\/wp-content\/uploads\/2020\/09\/E-folder-MASCARA-ANTIVIRAL-3-75x75.jpg 75w, https:\/\/www.mcjb.org.br\/portal\/wp-content\/uploads\/2020\/09\/E-folder-MASCARA-ANTIVIRAL-3-85x85.jpg 85w, https:\/\/www.mcjb.org.br\/portal\/wp-content\/uploads\/2020\/09\/E-folder-MASCARA-ANTIVIRAL-3-80x80.jpg 80w, https:\/\/www.mcjb.org.br\/portal\/wp-content\/uploads\/2020\/09\/E-folder-MASCARA-ANTIVIRAL-3-600x600.jpg 600w, https:\/\/www.mcjb.org.br\/portal\/wp-content\/uploads\/2020\/09\/E-folder-MASCARA-ANTIVIRAL-3-100x100.jpg 100w, https:\/\/www.mcjb.org.br\/portal\/wp-content\/uploads\/2020\/09\/E-folder-MASCARA-ANTIVIRAL-3.jpg 1181w\" sizes=\"(max-width: 300px) 100vw, 300px\" \/><\/a><a href=\"https:\/\/www.mcjb.org.br\/institucional\/produto\/camiseta-anticovid-manga-curta-gola-redonda-tecido-antiviral\/\"><img loading=\"lazy\" decoding=\"async\" class=\"alignnone size-medium wp-image-8605 aligncenter\" src=\"https:\/\/www.mcjb.org.br\/portal\/wp-content\/uploads\/2020\/11\/WhatsApp-Image-2020-11-11-at-11.34.29-300x300.jpeg\" alt=\"\" width=\"300\" height=\"300\" srcset=\"https:\/\/www.mcjb.org.br\/portal\/wp-content\/uploads\/2020\/11\/WhatsApp-Image-2020-11-11-at-11.34.29-300x300.jpeg 300w, https:\/\/www.mcjb.org.br\/portal\/wp-content\/uploads\/2020\/11\/WhatsApp-Image-2020-11-11-at-11.34.29-1024x1024.jpeg 1024w, https:\/\/www.mcjb.org.br\/portal\/wp-content\/uploads\/2020\/11\/WhatsApp-Image-2020-11-11-at-11.34.29-150x150.jpeg 150w, https:\/\/www.mcjb.org.br\/portal\/wp-content\/uploads\/2020\/11\/WhatsApp-Image-2020-11-11-at-11.34.29-768x768.jpeg 768w, https:\/\/www.mcjb.org.br\/portal\/wp-content\/uploads\/2020\/11\/WhatsApp-Image-2020-11-11-at-11.34.29-146x146.jpeg 146w, https:\/\/www.mcjb.org.br\/portal\/wp-content\/uploads\/2020\/11\/WhatsApp-Image-2020-11-11-at-11.34.29-50x50.jpeg 50w, https:\/\/www.mcjb.org.br\/portal\/wp-content\/uploads\/2020\/11\/WhatsApp-Image-2020-11-11-at-11.34.29-75x75.jpeg 75w, https:\/\/www.mcjb.org.br\/portal\/wp-content\/uploads\/2020\/11\/WhatsApp-Image-2020-11-11-at-11.34.29-85x85.jpeg 85w, https:\/\/www.mcjb.org.br\/portal\/wp-content\/uploads\/2020\/11\/WhatsApp-Image-2020-11-11-at-11.34.29-80x80.jpeg 80w, https:\/\/www.mcjb.org.br\/portal\/wp-content\/uploads\/2020\/11\/WhatsApp-Image-2020-11-11-at-11.34.29-600x600.jpeg 600w, https:\/\/www.mcjb.org.br\/portal\/wp-content\/uploads\/2020\/11\/WhatsApp-Image-2020-11-11-at-11.34.29-100x100.jpeg 100w, https:\/\/www.mcjb.org.br\/portal\/wp-content\/uploads\/2020\/11\/WhatsApp-Image-2020-11-11-at-11.34.29.jpeg 1080w\" sizes=\"(max-width: 300px) 100vw, 300px\" \/><\/a><\/span><\/p>\n<p>&nbsp;<\/p>\n<p>&nbsp;<\/p>\n","protected":false},"excerpt":{"rendered":"<p>Uma das a\u00e7\u00f5es mais importantes e abrangentes realizada pelo Movimento Comunit\u00e1rio do Jardim Bot\u00e2nico (MC JB), em parceria com a Administra\u00e7\u00e3o Regional e condom\u00ednios associados, est\u00e1 prevista para acontecer em junho de 2021. A data pode sofrer altera\u00e7\u00f5es dependendo do andamento da pandemia.<\/p>\n","protected":false},"author":1,"featured_media":9000,"comment_status":"open","ping_status":"open","sticky":false,"template":"","format":"standard","meta":{"_exactmetrics_skip_tracking":false,"_exactmetrics_sitenote_active":false,"_exactmetrics_sitenote_note":"","_exactmetrics_sitenote_category":0,"footnotes":"","jetpack_publicize_message":"","jetpack_publicize_feature_enabled":true,"jetpack_social_post_already_shared":false,"jetpack_social_options":{"image_generator_settings":{"template":"highway","default_image_id":0,"font":"","enabled":false},"version":2}},"categories":[36,16],"tags":[290,780,781,20,72,37,485,751,134,249],"class_list":["post-8995","post","type-post","status-publish","format-standard","has-post-thumbnail","hentry","category-noticias","category-slider","tag-administracao-regional","tag-entraves","tag-governo","tag-jardim-botanico","tag-movimento-comunitario-do-jardim-botanico","tag-regularizacao","tag-sindicos","tag-tecnicos","tag-urbanizacao","tag-workshop"],"jetpack_publicize_connections":[],"jetpack_featured_media_url":"https:\/\/www.mcjb.org.br\/portal\/wp-content\/uploads\/2021\/03\/3_workshop.jpg","_links":{"self":[{"href":"https:\/\/www.mcjb.org.br\/portal\/wp-json\/wp\/v2\/posts\/8995","targetHints":{"allow":["GET"]}}],"collection":[{"href":"https:\/\/www.mcjb.org.br\/portal\/wp-json\/wp\/v2\/posts"}],"about":[{"href":"https:\/\/www.mcjb.org.br\/portal\/wp-json\/wp\/v2\/types\/post"}],"author":[{"embeddable":true,"href":"https:\/\/www.mcjb.org.br\/portal\/wp-json\/wp\/v2\/users\/1"}],"replies":[{"embeddable":true,"href":"https:\/\/www.mcjb.org.br\/portal\/wp-json\/wp\/v2\/comments?post=8995"}],"version-history":[{"count":2,"href":"https:\/\/www.mcjb.org.br\/portal\/wp-json\/wp\/v2\/posts\/8995\/revisions"}],"predecessor-version":[{"id":9002,"href":"https:\/\/www.mcjb.org.br\/portal\/wp-json\/wp\/v2\/posts\/8995\/revisions\/9002"}],"wp:featuredmedia":[{"embeddable":true,"href":"https:\/\/www.mcjb.org.br\/portal\/wp-json\/wp\/v2\/media\/9000"}],"wp:attachment":[{"href":"https:\/\/www.mcjb.org.br\/portal\/wp-json\/wp\/v2\/media?parent=8995"}],"wp:term":[{"taxonomy":"category","embeddable":true,"href":"https:\/\/www.mcjb.org.br\/portal\/wp-json\/wp\/v2\/categories?post=8995"},{"taxonomy":"post_tag","embeddable":true,"href":"https:\/\/www.mcjb.org.br\/portal\/wp-json\/wp\/v2\/tags?post=8995"}],"curies":[{"name":"wp","href":"https:\/\/api.w.org\/{rel}","templated":true}]}}