{"id":8972,"date":"2021-03-12T12:54:31","date_gmt":"2021-03-12T12:54:31","guid":{"rendered":"https:\/\/www.mcjb.org.br\/portal\/?p=8972"},"modified":"2021-03-12T13:19:32","modified_gmt":"2021-03-12T13:19:32","slug":"um-sonho-que-se-torna-realidade-comunidade-comeca-a-utilizar-o-cps","status":"publish","type":"post","link":"https:\/\/www.mcjb.org.br\/portal\/noticias\/um-sonho-que-se-torna-realidade-comunidade-comeca-a-utilizar-o-cps\/","title":{"rendered":"Um sonho que se torna realidade: Comunidade come\u00e7a a utilizar o CPS"},"content":{"rendered":"<p style=\"text-align: justify;\"><span style=\"font-family: 'trebuchet ms', geneva, sans-serif;\"><i><span style=\"font-weight: 400;\">Com a <\/span><\/i><a href=\"https:\/\/www.mcjb.org.br\/portal\/noticias\/mcjb-apresenta-relatorio-de-atividades-de-2020-e-plano-de-acoes-para-2021\/\"><i><span style=\"font-weight: 400;\">conquista do edital<\/span><\/i><\/a><i><span style=\"font-weight: 400;\"> para a utiliza\u00e7\u00e3o do CPS, o objetivo do Movimento Comunit\u00e1rio do Jardim Bot\u00e2nico \u00e9 construir um modelo de participa\u00e7\u00e3o ativa da comunidade, expandindo a oferta de atividades \u00e0 popula\u00e7\u00e3o.\u00a0\u00a0<\/span><\/i><\/span><\/p>\n<p style=\"text-align: right;\"><em><span style=\"font-family: 'trebuchet ms', geneva, sans-serif; font-size: 8pt;\">Por Ana Comar\u00fa &#8211; 12\/03\/2021<\/span><\/em><\/p>\n<p style=\"text-align: justify;\"><span style=\"font-weight: 400; font-family: 'trebuchet ms', geneva, sans-serif;\">A assinatura do Acordo de Coopera\u00e7\u00e3o (AC) ocorreu de forma virtual devido ao <em>lockdown<\/em>, no dia 05\/03, entre o Bras\u00edlia Ambiental e o MCJB. E a comunidade ganha um espa\u00e7o para desenvolver projetos de sustentabilidade por 03 anos, em uma rede colaborativa junto a diversas outras institui\u00e7\u00f5es. A Rede j\u00e1 tem nome. Se chamar\u00e1 A\u00e7\u00e3o Oikos.\u00a0<\/span><\/p>\n<p style=\"text-align: justify;\"><span style=\"font-weight: 400; font-family: 'trebuchet ms', geneva, sans-serif;\">O Movimento Comunit\u00e1rio do Jardim Bot\u00e2nico trabalhar\u00e1 principalmente com as associa\u00e7\u00f5es de moradores do Mangueiral, como a Associa\u00e7\u00e3o dos Amigos do Jardins Mangueiral (AAJM) e a AMOR-JM, Associa\u00e7\u00e3o de Empreendedores do Toror\u00f3 (Aetor), al\u00e9m de institui\u00e7\u00f5es ligadas \u00e0 sustentabilidade, como o Instituto Gaia e o Instituto Terrazul.\u00a0<\/span><\/p>\n<p><span style=\"font-weight: 400; font-family: 'trebuchet ms', geneva, sans-serif;\">Outras associa\u00e7\u00f5es da regi\u00e3o e do Distrito Federal tamb\u00e9m podem participar.\u00a0<\/span><\/p>\n<p><a href=\"https:\/\/www.mcjb.org.br\/portal\/wp-content\/uploads\/2021\/03\/cpsmovimento.png\"><img fetchpriority=\"high\" decoding=\"async\" class=\"size-large wp-image-8973 aligncenter\" src=\"https:\/\/www.mcjb.org.br\/portal\/wp-content\/uploads\/2021\/03\/cpsmovimento-1024x576.png\" alt=\"\" width=\"1024\" height=\"576\" srcset=\"https:\/\/www.mcjb.org.br\/portal\/wp-content\/uploads\/2021\/03\/cpsmovimento-1024x576.png 1024w, https:\/\/www.mcjb.org.br\/portal\/wp-content\/uploads\/2021\/03\/cpsmovimento-300x169.png 300w, https:\/\/www.mcjb.org.br\/portal\/wp-content\/uploads\/2021\/03\/cpsmovimento-768x432.png 768w, https:\/\/www.mcjb.org.br\/portal\/wp-content\/uploads\/2021\/03\/cpsmovimento-260x146.png 260w, https:\/\/www.mcjb.org.br\/portal\/wp-content\/uploads\/2021\/03\/cpsmovimento-50x28.png 50w, https:\/\/www.mcjb.org.br\/portal\/wp-content\/uploads\/2021\/03\/cpsmovimento-133x75.png 133w, https:\/\/www.mcjb.org.br\/portal\/wp-content\/uploads\/2021\/03\/cpsmovimento-600x338.png 600w, https:\/\/www.mcjb.org.br\/portal\/wp-content\/uploads\/2021\/03\/cpsmovimento.png 1152w\" sizes=\"(max-width: 1024px) 100vw, 1024px\" \/><\/a><\/p>\n<p style=\"text-align: justify;\"><span style=\"font-family: 'trebuchet ms', geneva, sans-serif;\"><b>Muito trabalho a ser feito\u00a0<\/b><\/span><\/p>\n<p style=\"text-align: justify;\"><span style=\"font-weight: 400; font-family: 'trebuchet ms', geneva, sans-serif;\">Por\u00e9m, antes de dar in\u00edcio \u00e0s atividades planejadas, o espa\u00e7o como um todo precisa de reformas. Com a falta de manuten\u00e7\u00e3o dos pr\u00e9dios, foram identificados problemas el\u00e9tricos e de vazamento, que ser\u00e3o corrigidos com recursos do fundo comunit\u00e1rio, destinados aos reparos do Centro de Pr\u00e1ticas Sustent\u00e1veis.\u00a0<\/span><\/p>\n<p style=\"text-align: justify;\"><span style=\"font-weight: 400; font-family: 'trebuchet ms', geneva, sans-serif;\">A parceria prev\u00ea uma cogest\u00e3o entre a comunidade e o Bras\u00edlia Ambiental; o pr\u00e9dio ser\u00e1 revitalizado e mantido pela comunidade e o IBRAM ficar\u00e1 respons\u00e1vel pela limpeza, seguran\u00e7a e manuten\u00e7\u00e3o estrutural.<\/span><\/p>\n<p><span style=\"color: #000000; font-family: 'trebuchet ms', geneva, sans-serif;\"><a style=\"color: #000000;\" href=\"https:\/\/www.mcjb.org.br\/institucional\/produto\/kit-com-5-mascaras-anticovid\/\" target=\"_blank\" rel=\"noopener noreferrer\"><img decoding=\"async\" class=\"aligncenter wp-image-8434 size-medium\" src=\"https:\/\/www.mcjb.org.br\/portal\/wp-content\/uploads\/2020\/09\/E-folder-MASCARA-ANTIVIRAL-3-300x300.jpg\" alt=\"\" width=\"300\" height=\"300\" srcset=\"https:\/\/www.mcjb.org.br\/portal\/wp-content\/uploads\/2020\/09\/E-folder-MASCARA-ANTIVIRAL-3-300x300.jpg 300w, https:\/\/www.mcjb.org.br\/portal\/wp-content\/uploads\/2020\/09\/E-folder-MASCARA-ANTIVIRAL-3-1024x1024.jpg 1024w, https:\/\/www.mcjb.org.br\/portal\/wp-content\/uploads\/2020\/09\/E-folder-MASCARA-ANTIVIRAL-3-150x150.jpg 150w, https:\/\/www.mcjb.org.br\/portal\/wp-content\/uploads\/2020\/09\/E-folder-MASCARA-ANTIVIRAL-3-768x768.jpg 768w, https:\/\/www.mcjb.org.br\/portal\/wp-content\/uploads\/2020\/09\/E-folder-MASCARA-ANTIVIRAL-3-146x146.jpg 146w, https:\/\/www.mcjb.org.br\/portal\/wp-content\/uploads\/2020\/09\/E-folder-MASCARA-ANTIVIRAL-3-50x50.jpg 50w, https:\/\/www.mcjb.org.br\/portal\/wp-content\/uploads\/2020\/09\/E-folder-MASCARA-ANTIVIRAL-3-75x75.jpg 75w, https:\/\/www.mcjb.org.br\/portal\/wp-content\/uploads\/2020\/09\/E-folder-MASCARA-ANTIVIRAL-3-85x85.jpg 85w, https:\/\/www.mcjb.org.br\/portal\/wp-content\/uploads\/2020\/09\/E-folder-MASCARA-ANTIVIRAL-3-80x80.jpg 80w, https:\/\/www.mcjb.org.br\/portal\/wp-content\/uploads\/2020\/09\/E-folder-MASCARA-ANTIVIRAL-3-600x600.jpg 600w, https:\/\/www.mcjb.org.br\/portal\/wp-content\/uploads\/2020\/09\/E-folder-MASCARA-ANTIVIRAL-3-100x100.jpg 100w, https:\/\/www.mcjb.org.br\/portal\/wp-content\/uploads\/2020\/09\/E-folder-MASCARA-ANTIVIRAL-3.jpg 1181w\" sizes=\"(max-width: 300px) 100vw, 300px\" \/><\/a><\/span><span style=\"color: #000000; font-family: 'trebuchet ms', geneva, sans-serif;\"><a href=\"https:\/\/www.mcjb.org.br\/institucional\/produto\/camiseta-anticovid-manga-curta-gola-redonda-tecido-antiviral\/\"><img decoding=\"async\" class=\"alignnone size-medium wp-image-8605 aligncenter\" src=\"https:\/\/www.mcjb.org.br\/portal\/wp-content\/uploads\/2020\/11\/WhatsApp-Image-2020-11-11-at-11.34.29-300x300.jpeg\" alt=\"\" width=\"300\" height=\"300\" srcset=\"https:\/\/www.mcjb.org.br\/portal\/wp-content\/uploads\/2020\/11\/WhatsApp-Image-2020-11-11-at-11.34.29-300x300.jpeg 300w, https:\/\/www.mcjb.org.br\/portal\/wp-content\/uploads\/2020\/11\/WhatsApp-Image-2020-11-11-at-11.34.29-1024x1024.jpeg 1024w, https:\/\/www.mcjb.org.br\/portal\/wp-content\/uploads\/2020\/11\/WhatsApp-Image-2020-11-11-at-11.34.29-150x150.jpeg 150w, https:\/\/www.mcjb.org.br\/portal\/wp-content\/uploads\/2020\/11\/WhatsApp-Image-2020-11-11-at-11.34.29-768x768.jpeg 768w, https:\/\/www.mcjb.org.br\/portal\/wp-content\/uploads\/2020\/11\/WhatsApp-Image-2020-11-11-at-11.34.29-146x146.jpeg 146w, https:\/\/www.mcjb.org.br\/portal\/wp-content\/uploads\/2020\/11\/WhatsApp-Image-2020-11-11-at-11.34.29-50x50.jpeg 50w, https:\/\/www.mcjb.org.br\/portal\/wp-content\/uploads\/2020\/11\/WhatsApp-Image-2020-11-11-at-11.34.29-75x75.jpeg 75w, https:\/\/www.mcjb.org.br\/portal\/wp-content\/uploads\/2020\/11\/WhatsApp-Image-2020-11-11-at-11.34.29-85x85.jpeg 85w, https:\/\/www.mcjb.org.br\/portal\/wp-content\/uploads\/2020\/11\/WhatsApp-Image-2020-11-11-at-11.34.29-80x80.jpeg 80w, https:\/\/www.mcjb.org.br\/portal\/wp-content\/uploads\/2020\/11\/WhatsApp-Image-2020-11-11-at-11.34.29-600x600.jpeg 600w, https:\/\/www.mcjb.org.br\/portal\/wp-content\/uploads\/2020\/11\/WhatsApp-Image-2020-11-11-at-11.34.29-100x100.jpeg 100w, https:\/\/www.mcjb.org.br\/portal\/wp-content\/uploads\/2020\/11\/WhatsApp-Image-2020-11-11-at-11.34.29.jpeg 1080w\" sizes=\"(max-width: 300px) 100vw, 300px\" \/><\/a><\/span><\/p>\n","protected":false},"excerpt":{"rendered":"<p>A assinatura do Acordo de Coopera\u00e7\u00e3o (AC) ocorreu no dia 05\/03, entre o Bras\u00edlia Ambiental e o MCJB. E a comunidade ganha um espa\u00e7o para desenvolver projetos de sustentabilidade por 03 anos, em uma rede colaborativa junto a diversas outras institui\u00e7\u00f5es. A Rede j\u00e1 tem nome. Se chamar\u00e1 A\u00e7\u00e3o Oikos.<\/p>\n","protected":false},"author":1,"featured_media":8977,"comment_status":"open","ping_status":"open","sticky":false,"template":"","format":"standard","meta":{"_exactmetrics_skip_tracking":false,"_exactmetrics_sitenote_active":false,"_exactmetrics_sitenote_note":"","_exactmetrics_sitenote_category":0,"footnotes":"","jetpack_publicize_message":"","jetpack_publicize_feature_enabled":true,"jetpack_social_post_already_shared":false,"jetpack_social_options":{"image_generator_settings":{"template":"highway","default_image_id":0,"font":"","enabled":false},"version":2}},"categories":[36,16],"tags":[85,303,775,773,777,127,208,421,40,408,72,779,410,778,774,67,776],"class_list":["post-8972","post","type-post","status-publish","format-standard","has-post-thumbnail","hentry","category-noticias","category-slider","tag-aajm","tag-acao","tag-acordo-de-cooperacao","tag-amor-jm","tag-atividades","tag-centro-de-praticas-sustentaveis","tag-comunidade","tag-edital","tag-ibram","tag-jardins-mangueiral","tag-movimento-comunitario-do-jardim-botanico","tag-oikos","tag-parcerias","tag-participacao","tag-praticas","tag-sustentabilidade","tag-utilizacao"],"jetpack_publicize_connections":[],"jetpack_featured_media_url":"https:\/\/www.mcjb.org.br\/portal\/wp-content\/uploads\/2021\/03\/capa-materia-cps-1.jpg","_links":{"self":[{"href":"https:\/\/www.mcjb.org.br\/portal\/wp-json\/wp\/v2\/posts\/8972","targetHints":{"allow":["GET"]}}],"collection":[{"href":"https:\/\/www.mcjb.org.br\/portal\/wp-json\/wp\/v2\/posts"}],"about":[{"href":"https:\/\/www.mcjb.org.br\/portal\/wp-json\/wp\/v2\/types\/post"}],"author":[{"embeddable":true,"href":"https:\/\/www.mcjb.org.br\/portal\/wp-json\/wp\/v2\/users\/1"}],"replies":[{"embeddable":true,"href":"https:\/\/www.mcjb.org.br\/portal\/wp-json\/wp\/v2\/comments?post=8972"}],"version-history":[{"count":6,"href":"https:\/\/www.mcjb.org.br\/portal\/wp-json\/wp\/v2\/posts\/8972\/revisions"}],"predecessor-version":[{"id":8983,"href":"https:\/\/www.mcjb.org.br\/portal\/wp-json\/wp\/v2\/posts\/8972\/revisions\/8983"}],"wp:featuredmedia":[{"embeddable":true,"href":"https:\/\/www.mcjb.org.br\/portal\/wp-json\/wp\/v2\/media\/8977"}],"wp:attachment":[{"href":"https:\/\/www.mcjb.org.br\/portal\/wp-json\/wp\/v2\/media?parent=8972"}],"wp:term":[{"taxonomy":"category","embeddable":true,"href":"https:\/\/www.mcjb.org.br\/portal\/wp-json\/wp\/v2\/categories?post=8972"},{"taxonomy":"post_tag","embeddable":true,"href":"https:\/\/www.mcjb.org.br\/portal\/wp-json\/wp\/v2\/tags?post=8972"}],"curies":[{"name":"wp","href":"https:\/\/api.w.org\/{rel}","templated":true}]}}