{"id":875,"date":"2016-09-09T11:11:00","date_gmt":"2016-09-09T14:11:00","guid":{"rendered":"http:\/\/movimentojb.org.br\/uncategorized\/movimento-lanca-seu-primeiro-grande_9\/"},"modified":"2016-09-09T11:11:00","modified_gmt":"2016-09-09T14:11:00","slug":"movimento-lanca-seu-primeiro-grande_9","status":"publish","type":"post","link":"https:\/\/www.mcjb.org.br\/portal\/noticias\/movimento-lanca-seu-primeiro-grande_9\/","title":{"rendered":"Movimento lan\u00e7a seu primeiro grande projeto social: Jardim Bot\u00e2nico Solid\u00e1rio"},"content":{"rendered":"<div dir=\"ltr\" style=\"line-height: 1.38; margin-bottom: 0pt; margin-top: 0pt; text-align: right;\"><b>Da Reda\u00e7\u00e3o do MCJB &#8211; 09\/09\/2016<\/b><\/div>\n<div class=\"separator\" style=\"clear: both; text-align: center;\"><a style=\"margin-left: 1em; margin-right: 1em;\" href=\"https:\/\/1.bp.blogspot.com\/-lyk1dkrAUYM\/V9PqYGrZf9I\/AAAAAAAAEco\/VYGXWjL5ArkV4gKc1cM3n2Ug5VdbdZHwACLcB\/s1600\/Logo.jpg\"><img fetchpriority=\"high\" decoding=\"async\" src=\"http:\/\/movimentojb.org.br\/wp-content\/uploads\/2016\/09\/Logo.jpg\" width=\"400\" height=\"400\" border=\"0\" \/><\/a><\/div>\n<div dir=\"ltr\" style=\"line-height: 1.38; margin-bottom: 0pt; margin-top: 0pt; text-align: right;\"><b>\u00a0<\/b><\/div>\n<div dir=\"ltr\" style=\"line-height: 1.38; margin-bottom: 0pt; margin-top: 0pt; text-align: justify;\">Na onda de comemora\u00e7\u00f5es dos anivers\u00e1rios do Jardim Bot\u00e2nico e do Movimento, ser\u00e1 lan\u00e7ado neste domingo (11) o projeto Jardim Bot\u00e2nico Solid\u00e1rio, uma grande campanha de arrecada\u00e7\u00e3o de brinquedos, alimentos e roupas que ser\u00e3o entregues para crian\u00e7as carentes de S\u00e3o Sebasti\u00e3o no Dia das Crian\u00e7as (12\/10) e nas proximidades do Natal (18\/12).<\/div>\n<p><b id=\"docs-internal-guid-97fb7588-13ca-a8bf-a38e-1f8c339fa3e8\" style=\"font-weight: normal;\"><br \/>\n<\/b><\/p>\n<div dir=\"ltr\" style=\"line-height: 1.38; margin-bottom: 0pt; margin-top: 0pt; text-align: justify;\">O lan\u00e7amento do projeto ocorrer\u00e1 neste domingo (11), \u00e0s 17h30, durante o <a href=\"http:\/\/movimentojb.org.br\/uncategorized\/movimento-faz-aniversario-e-lanca-1\/\">1\u00ba Food Park do Jardim Bot\u00e2nico<\/a>, no Jardim Bot\u00e2nico 3 (clique <a href=\"http:\/\/movimentojb.org.br\/uncategorized\/mapa-do-1-food-park-do-jardim-botanico\/\">aqui<\/a> para ver no mapa). As entregas das doa\u00e7\u00f5es podem ser feitas at\u00e9 o dia 17\/12 nos pontos de arrecada\u00e7\u00e3o. Visualize os locais, clicando <a href=\"http:\/\/movimentojb.org.br\/uncategorized\/pontos-de-arrecadacao-projeto-jardi\/\">aqui<\/a>.<\/div>\n<p><b style=\"font-weight: normal;\"><br \/>\n<\/b><\/p>\n<div dir=\"ltr\" style=\"line-height: 1.38; margin-bottom: 0pt; margin-top: 0pt; text-align: justify;\">A proposta \u00e9 muito simples. Caixas coletoras ser\u00e3o espalhadas em v\u00e1rios pontos do Jardim Bot\u00e2nico, principalmente nas portarias dos condom\u00ednios e no com\u00e9rcio do bairro. Para participar basta fazer sua doa\u00e7\u00e3o, em qualquer um dos pontos de coleta (clique <a href=\"http:\/\/movimentojb.org.br\/uncategorized\/pontos-de-arrecadacao-projeto-jardi\/\">aqui<\/a> e confira a lista de pontos de coleta j\u00e1 confirmados).<\/div>\n<p><b style=\"font-weight: normal;\"><br \/>\n<\/b><\/p>\n<div dir=\"ltr\" style=\"line-height: 1.38; margin-bottom: 0pt; margin-top: 0pt; text-align: justify;\">Pode ser brinquedo novo ou usado, livros, roupas, jogos, qualquer coisa que as crian\u00e7as possam usar e brincar. Tamb\u00e9m ser\u00e3o aceitos alimentos n\u00e3o perec\u00edveis, cestas b\u00e1sicas, doa\u00e7\u00e3o de material escolar.<\/div>\n<p><b style=\"font-weight: normal;\"><br \/>\n<\/b><\/p>\n<div dir=\"ltr\" style=\"line-height: 1.38; margin-bottom: 0pt; margin-top: 0pt; text-align: justify;\">Quem quiser ajudar no dia de entrega das doa\u00e7\u00f5es, basta preencher formul\u00e1rio de cadastro de voluntariado do <i><b>Movimento<\/b><\/i>, clicando <a style=\"text-decoration: none;\" href=\"http:\/\/movimentojb.org.br\/uncategorized\/trabalhe-conosco-seja-um-voluntario\/\">aqui<\/a>. E quem desejar doar dinheiro, pode faz\u00ea-lo atrav\u00e9s do <a href=\"https:\/\/pag.ae\/bkcg0yq\">PagSeguro<\/a>, cujo <a href=\"https:\/\/pag.ae\/bkcg0yq\">link<\/a> estar\u00e1 ao final desta reportagem. Todo valor arrecadado ser\u00e1 usado exclusivamente para o projeto Jardim Bot\u00e2nico Solid\u00e1rio e a presta\u00e7\u00e3o de contas \u00e9 p\u00fablica, uma obrigatoriedade das contas do Movimento, por ser OSCIP (Organiza\u00e7\u00e3o Social Civil de Interesse P\u00fablico).<\/div>\n<p><b style=\"font-weight: normal;\"><br \/>\n<\/b><\/p>\n<div dir=\"ltr\" style=\"line-height: 1.38; margin-bottom: 0pt; margin-top: 0pt; text-align: justify;\">O projeto \u00e9 fruto de parceria entre o <b>Movimento Comunit\u00e1rio do Jardim Bot\u00e2nico<\/b> e o IBRAS (Instituto Brasil Sustent\u00e1vel para Promo\u00e7\u00e3o da Cidadania), uma OSCIP de S\u00e3o Sebasti\u00e3o que ficar\u00e1 encarregada da coleta semanal das doa\u00e7\u00f5es e da organiza\u00e7\u00e3o das duas festas para a entrega dos donativos \u00e0s crian\u00e7as.<\/div>\n<p><b style=\"font-weight: normal;\"><br \/>\n<\/b><\/p>\n<div dir=\"ltr\" style=\"line-height: 1.38; margin-bottom: 0pt; margin-top: 0pt; text-align: justify;\">As festas ser\u00e3o realizadas no Parque do Bosque, em S\u00e3o Sebasti\u00e3o, em 12 de outubro, dia das crian\u00e7as, e em 18 de dezembro, na celebra\u00e7\u00e3o do Natal. Participar\u00e3o crian\u00e7as consideradas carentes, pr\u00e9-selecionadas nas escolas p\u00fablicas do bairro.<\/div>\n<p><b style=\"font-weight: normal;\"><br \/>\n<\/b><\/p>\n<div dir=\"ltr\" style=\"line-height: 1.38; margin-bottom: 0pt; margin-top: 0pt; text-align: justify;\">O IBRAS espera atender pelo menos mil crian\u00e7as carentes de S\u00e3o Sebasti\u00e3o. Tudo depende das doa\u00e7\u00f5es dos moradores do Jardim Bot\u00e2nico. \u201cEsperamos arrecadar brinquedos e alimentos suficientes para atender o maior n\u00famero de crian\u00e7as carentes do bairro, por isso contamos com a ajuda da comunidade para conseguir esse objetivo\u201d, explicou \u00a0S\u00f4nia Garcia, diretora executiva do IBRAS.<\/div>\n<p><b style=\"font-weight: normal;\"><br \/>\n<\/b><\/p>\n<div dir=\"ltr\" style=\"line-height: 1.38; margin-bottom: 0pt; margin-top: 0pt; text-align: justify;\">Sobre a escolha do Parque do Bosque para realiza\u00e7\u00e3o dos eventos de entrega, S\u00f4nia explica que o parque j\u00e1 foi espa\u00e7o familiar, com brinquedos, jardins e PEC mas, devido ao abandono do poder p\u00fablico, acabou se tornando ponto de distribui\u00e7\u00e3o de drogas, afastando fam\u00edlias e crian\u00e7as. Simbolicamente, a op\u00e7\u00e3o pelo parque representa o desejo de que ele seja devolvido \u00e0 comunidade. Recentemente, \u00a0a Administra\u00e7\u00e3o Regional de S\u00e3o Sebasti\u00e3o come\u00e7ou um processo de revitaliza\u00e7\u00e3o da \u00e1rea, recuperando a ilumina\u00e7\u00e3o.<\/div>\n<p>&nbsp;<\/p>\n<div dir=\"ltr\" style=\"line-height: 1.38; margin-bottom: 0pt; margin-top: 0pt; text-align: justify;\">Para doa\u00e7\u00f5es em dinheiro, clique no bot\u00e3o abaixo:<\/div>\n<p>&nbsp;<\/p>\n<div style=\"text-align: center;\"><\/div>\n","protected":false},"excerpt":{"rendered":"<p>Da Reda\u00e7\u00e3o do MCJB &#8211; 09\/09\/2016 \u00a0 Na onda de comemora\u00e7\u00f5es dos anivers\u00e1rios do Jardim Bot\u00e2nico e do Movimento, ser\u00e1 lan\u00e7ado neste domingo (11) o projeto<span class=\"excerpt-hellip\"> [\u2026]<\/span><\/p>\n","protected":false},"author":1,"featured_media":1707,"comment_status":"open","ping_status":"open","sticky":false,"template":"","format":"standard","meta":{"_exactmetrics_skip_tracking":false,"_exactmetrics_sitenote_active":false,"_exactmetrics_sitenote_note":"","_exactmetrics_sitenote_category":0,"footnotes":"","jetpack_publicize_message":"","jetpack_publicize_feature_enabled":true,"jetpack_social_post_already_shared":true,"jetpack_social_options":{"image_generator_settings":{"template":"highway","default_image_id":0,"font":"","enabled":false},"version":2}},"categories":[36,44],"tags":[35],"class_list":["post-875","post","type-post","status-publish","format-standard","has-post-thumbnail","hentry","category-noticias","category-projetos-comunitarios","tag-jb-solidario"],"jetpack_publicize_connections":[],"jetpack_featured_media_url":"","_links":{"self":[{"href":"https:\/\/www.mcjb.org.br\/portal\/wp-json\/wp\/v2\/posts\/875","targetHints":{"allow":["GET"]}}],"collection":[{"href":"https:\/\/www.mcjb.org.br\/portal\/wp-json\/wp\/v2\/posts"}],"about":[{"href":"https:\/\/www.mcjb.org.br\/portal\/wp-json\/wp\/v2\/types\/post"}],"author":[{"embeddable":true,"href":"https:\/\/www.mcjb.org.br\/portal\/wp-json\/wp\/v2\/users\/1"}],"replies":[{"embeddable":true,"href":"https:\/\/www.mcjb.org.br\/portal\/wp-json\/wp\/v2\/comments?post=875"}],"version-history":[{"count":0,"href":"https:\/\/www.mcjb.org.br\/portal\/wp-json\/wp\/v2\/posts\/875\/revisions"}],"wp:featuredmedia":[{"embeddable":true,"href":"https:\/\/www.mcjb.org.br\/portal\/wp-json\/"}],"wp:attachment":[{"href":"https:\/\/www.mcjb.org.br\/portal\/wp-json\/wp\/v2\/media?parent=875"}],"wp:term":[{"taxonomy":"category","embeddable":true,"href":"https:\/\/www.mcjb.org.br\/portal\/wp-json\/wp\/v2\/categories?post=875"},{"taxonomy":"post_tag","embeddable":true,"href":"https:\/\/www.mcjb.org.br\/portal\/wp-json\/wp\/v2\/tags?post=875"}],"curies":[{"name":"wp","href":"https:\/\/api.w.org\/{rel}","templated":true}]}}