{"id":870,"date":"2016-07-28T20:51:00","date_gmt":"2016-07-28T23:51:00","guid":{"rendered":"http:\/\/movimentojb.org.br\/uncategorized\/o-passeio-ciclistico-esta-chegando\/"},"modified":"2016-07-28T20:51:00","modified_gmt":"2016-07-28T23:51:00","slug":"o-passeio-ciclistico-esta-chegando","status":"publish","type":"post","link":"https:\/\/www.mcjb.org.br\/portal\/esportes\/o-passeio-ciclistico-esta-chegando\/","title":{"rendered":"O Passeio Cicl\u00edstico est\u00e1 chegando!!"},"content":{"rendered":"<div dir=\"ltr\" style=\"line-height: 1.38; margin-bottom: 0pt; margin-top: 0pt; text-align: justify;\">\n<div style=\"text-align: right;\">\n<b>Da Reda\u00e7\u00e3o do MCJB &#8211; 28\/07\/2016<\/b><\/div>\n<div style=\"text-align: right;\">\n<b><br \/><\/b><\/div>\n<div class=\"separator\" style=\"clear: both; text-align: center;\">\n<a href=\"https:\/\/3.bp.blogspot.com\/-OovtlkA7kBM\/V5pwH_W2gSI\/AAAAAAAAEGk\/rzOwB1xC1HImn3M65qbpKqAn86qq9QsdQCLcB\/s1600\/tachegandoahora.png\" imageanchor=\"1\" style=\"clear: left; float: left; margin-bottom: 1em; margin-right: 1em;\"><img fetchpriority=\"high\" decoding=\"async\" border=\"0\" height=\"281\" src=\"http:\/\/movimentojb.org.br\/wp-content\/uploads\/2016\/07\/tachegandoahora.png\" width=\"640\" \/><\/a><\/div>\n<p>\nO Passeio Cicl\u00edstico est\u00e1 chegando! Voc\u00ea j\u00e1 revisou sua bicicleta? J\u00e1 se organizou para chegar no hor\u00e1rio? J\u00e1 pegou seu kit? As inscri\u00e7\u00f5es ainda est\u00e3o abertas, mas o Kit Bike acabou. Passeio ocorrer\u00e1 no pr\u00f3ximo domingo 31.<\/div>\n<p><b id=\"docs-internal-guid-163f7075-332f-1662-45ea-a6a52850a9ce\" style=\"font-weight: normal;\"><br \/><\/b><br \/>\n<\/p>\n<div dir=\"ltr\" style=\"line-height: 1.38; margin-bottom: 0pt; margin-top: 0pt; text-align: justify;\">\nEstamos \u00e0s v\u00e9speras do 1\u00ba Passeio Cicl\u00edstico do Movimento Comunit\u00e1rio do Jardim Bot\u00e2nico e os organizadores j\u00e1 est\u00e3o finalizando os \u00faltimos preparativos para o evento. Os chamados Kit Bike est\u00e3o esgotados, mas as inscri\u00e7\u00f5es gratuitas e o chamado Kit B\u00e1sico continuam dispon\u00edveis. Se voc\u00ea ainda n\u00e3o se inscreveu e quer participar do Passeio concorrendo a uma das cinco bicicletas que ser\u00e3o sorteados no dia, basta clicar <a href=\"http:\/\/movimentojb.org.br\/1-passeio-ciclistico-do-mcjb\/\" target=\"_blank\">aqui<\/a> e preencher um r\u00e1pido formul\u00e1rio. <\/div>\n<p><b style=\"font-weight: normal;\"><br \/><\/b><br \/>\n<\/p>\n<div dir=\"ltr\" style=\"line-height: 1.38; margin-bottom: 0pt; margin-top: 0pt; text-align: justify;\">\nOs organizadores relembram a todos os participantes a import\u00e2ncia de realizarem a revis\u00e3o de suas bicicletas, com lubrifica\u00e7\u00e3o das correntes, regulagem do freio, calibragem dos pneus, dentre outros. Equipes t\u00e9cnicas dar\u00e3o suporte apenas para casos de emerg\u00eancia aos ciclistas durante o Passeio, portanto \u00e9 importante deixar sua bicicleta prontinha para o evento no domingo. <\/div>\n<p><b style=\"font-weight: normal;\"><br \/><\/b><br \/>\n<\/p>\n<div dir=\"ltr\" style=\"line-height: 1.38; margin-bottom: 0pt; margin-top: 0pt; text-align: justify;\">\nOs organizadores querem mandar um recado: lembrem-se que \u00e9 preciso uma boa hidrata\u00e7\u00e3o, portanto n\u00e3o esque\u00e7am as garrafinhas de \u00e1gua, nem de ench\u00ea-las. Alimenta\u00e7\u00e3o adequada tamb\u00e9m \u00e9 essencial. <\/div>\n<p><b style=\"font-weight: normal;\"><br \/><\/b><br \/>\n<\/p>\n<div dir=\"ltr\" style=\"line-height: 1.38; margin-bottom: 0pt; margin-top: 0pt; text-align: justify;\">\n<a href=\"https:\/\/1.bp.blogspot.com\/-tJKeDnnaAf4\/V2dTw-KgA9I\/AAAAAAAADrM\/RWRdw0JReWcrYwxsKKtXe1i68UNGj4p_wCLcB\/s1600\/propaganda.jpg\" imageanchor=\"1\" style=\"clear: left; display: inline !important; float: left; margin-bottom: 1em; margin-right: 1em; text-align: center;\"><img decoding=\"async\" border=\"0\" height=\"597\" src=\"http:\/\/movimentojb.org.br\/wp-content\/uploads\/2016\/07\/propaganda-1.jpg\" width=\"640\" \/><\/a><\/div>\n<div style=\"text-align: center;\">\n<i><b style=\"background-color: #f3f3f3;\">Paz no tr\u00e2nsito e sustentabilidade para nosso bairro!<\/b><\/i><\/div>\n<p><b><i><u><br \/><\/u><\/i><\/b><br \/>\n<b><i><u>Patroc\u00ednio<\/u>:<\/i><\/b><br \/>\n<img decoding=\"async\" border=\"0\" src=\"http:\/\/movimentojb.org.br\/wp-content\/uploads\/2016\/07\/Sicoob2880x8029-1.jpg\" style=\"text-align: center;\" \/>&nbsp; &nbsp; &nbsp; &nbsp;<a href=\"https:\/\/www.facebook.com\/v12volks\/\" imageanchor=\"1\" style=\"clear: left; display: inline; margin-bottom: 1em; margin-right: 1em; text-align: center;\"><img decoding=\"async\" border=\"0\" src=\"http:\/\/movimentojb.org.br\/wp-content\/uploads\/2016\/07\/V1228160x4029-1.jpg\" \/><\/a>&nbsp;&nbsp;<a href=\"http:\/\/institutosabin.org.br\/\" imageanchor=\"1\" style=\"clear: left; display: inline !important; margin-bottom: 1em; margin-right: 1em; text-align: center;\"><img decoding=\"async\" border=\"0\" src=\"http:\/\/movimentojb.org.br\/wp-content\/uploads\/2016\/07\/Sabin28100x6429-1.jpg\" \/><\/a>&nbsp; &nbsp;<a href=\"http:\/\/eco-inov.com.br\/\" imageanchor=\"1\" style=\"clear: left; display: inline !important; margin-bottom: 1em; margin-right: 1em; text-align: center;\"><img decoding=\"async\" border=\"0\" src=\"http:\/\/movimentojb.org.br\/wp-content\/uploads\/2016\/07\/EcoInov2880X8029-1.jpg\" \/><\/a>&nbsp;<a href=\"http:\/\/www.22gymbox.com.br\/planos.html\" imageanchor=\"1\" style=\"margin-left: 1em; margin-right: 1em; text-align: center;\"><img decoding=\"async\" border=\"0\" src=\"http:\/\/movimentojb.org.br\/wp-content\/uploads\/2016\/07\/Club222880x8029-1.jpg\" \/><\/a><\/p>\n<p><a href=\"https:\/\/www.facebook.com\/totalbikedf\/?fref=ts\" imageanchor=\"1\" style=\"text-align: center;\"><img decoding=\"async\" border=\"0\" src=\"http:\/\/movimentojb.org.br\/wp-content\/uploads\/2016\/07\/TotalBike28160x4029-1.jpg\" \/><\/a>&nbsp; &nbsp;<a href=\"https:\/\/www.cna.com.br\/escola\/1029\/CNAJardimBotanico\" imageanchor=\"1\" style=\"margin-left: 1em; margin-right: 1em; text-align: center;\"><img decoding=\"async\" border=\"0\" src=\"http:\/\/movimentojb.org.br\/wp-content\/uploads\/2016\/07\/CNA28100x6429-1.jpg\" \/><\/a>&nbsp;&nbsp;&nbsp;&nbsp;<a href=\"https:\/\/www.facebook.com\/bellaviasupermercados\" imageanchor=\"1\" style=\"clear: left; display: inline !important; margin-bottom: 1em; margin-right: 1em; text-align: center;\"><img decoding=\"async\" border=\"0\" src=\"http:\/\/movimentojb.org.br\/wp-content\/uploads\/2016\/07\/Bellavia2890x4029-1.jpg\" \/><\/a>&nbsp; &nbsp; &nbsp; &nbsp;<a href=\"http:\/\/www.webzoneradio.com.br\/\" imageanchor=\"1\" style=\"clear: left; display: inline !important; margin-bottom: 1em; margin-right: 1em; text-align: center;\"><img decoding=\"async\" border=\"0\" src=\"http:\/\/movimentojb.org.br\/wp-content\/uploads\/2016\/07\/WebZone2860x6029-1.jpg\" \/><\/a>&nbsp; &nbsp; &nbsp;&nbsp;<a href=\"http:\/\/iguipiscinasdf.amawebs.com\/\" imageanchor=\"1\" style=\"clear: left; display: inline !important; margin-bottom: 1em; margin-right: 1em; text-align: center;\"><img decoding=\"async\" border=\"0\" src=\"http:\/\/movimentojb.org.br\/wp-content\/uploads\/2016\/07\/IGUI2860x6029-1.jpg\" \/><\/a><\/p>\n<div style=\"text-align: justify;\">\n<b style=\"font-size: medium; text-align: start;\"><i><u><br \/><\/u><\/i><\/b><br \/>\n<b style=\"font-size: medium; text-align: start;\"><i><u>Apoio<\/u>:<\/i><\/b>&nbsp;<a href=\"http:\/\/www.rodasdapaz.org.br\/\" imageanchor=\"1\" style=\"clear: left; display: inline !important; margin-bottom: 1em; margin-right: 1em; text-align: center;\"><img decoding=\"async\" border=\"0\" src=\"http:\/\/movimentojb.org.br\/wp-content\/uploads\/2016\/07\/RodasdaPaz2880x4529-1.jpg\" \/><\/a>&nbsp;<a href=\"http:\/\/movimentojb.org.br\/wp-content\/uploads\/2016\/07\/GDF28320x4029-1.jpg\" imageanchor=\"1\" style=\"margin-left: 1em; margin-right: 1em; text-align: center;\"><img decoding=\"async\" border=\"0\" src=\"http:\/\/movimentojb.org.br\/wp-content\/uploads\/2016\/07\/GDF28320x4029-1.jpg\" \/><\/a><br \/>\n<b style=\"font-size: medium; text-align: start;\"><i><br \/><\/i><\/b><br \/>\nO 1\u00ba Passeio Cicl\u00edstico do Jardim Bot\u00e2nico \u00e9 um evento para todas as idades. Aproveite para pedalar com sua fam\u00edlia e amigos, promovendo o uso de transporte limpo, alternativo e integrado com a natureza da regi\u00e3o. N\u00e3o se esque\u00e7a de usar o capacete!<br \/>\n<a href=\"https:\/\/3.bp.blogspot.com\/-zpXFbkOXj-E\/V27Cb2_C56I\/AAAAAAAAD3M\/oNKX-5eeMbosXjjlMfl4LLZWsIyvfG3JACLcB\/s1600\/Doe%2Bbicicleta.jpg\" imageanchor=\"1\" style=\"clear: right; float: right; margin-bottom: 1em; margin-left: 1em;\"><br \/><\/a><a href=\"http:\/\/www.rodasdapaz.org.br\/projetos\/doe-bicicleta\/\" imageanchor=\"1\" style=\"clear: right; float: right; margin-bottom: 1em; margin-left: 1em;\"><img decoding=\"async\" border=\"0\" height=\"81\" src=\"http:\/\/movimentojb.org.br\/wp-content\/uploads\/2016\/07\/Doebicicleta-1.jpg\" width=\"200\" \/><\/a><br \/>\nPratique a solidariedade doando um 1Kg de alimento n\u00e3o perec\u00edvel e tamb\u00e9m sua bicicleta usada, pode ser danificada, que nossos parceiros v\u00e3o repar\u00e1-la e do\u00e1-la para pessoas carentes, atrav\u00e9s da campanha Doe Bicicleta da ONG Rodas da Paz.<\/p>\n<p><u><b>Programa\u00e7\u00e3o<\/b><\/u>:<br \/>\n* <b>8h00<\/b>: Concentra\u00e7\u00e3o em frente a Feira do Produtor do Jardim Bot\u00e2nico, com atividades f\u00edsicas de aquecimento, alongamento, dentre outros<br \/>\n* <b>9h00<\/b>: &nbsp;Sa\u00edda e in\u00edcio do Passeio<br \/>\n* <b>12h00<\/b>: In\u00edcio sorteios dos brindes e das bicicletas (apenas para participantes inscritos pelo site)<br \/>\n* <b>13h00<\/b>:Encerramento do Passeio Cicl\u00edstico e almo\u00e7o com os Food Trucks<\/p>\n<p>Fa\u00e7a sua inscri\u00e7\u00e3o e <b>concorra a 5 bicicletas e v\u00e1rios brindes<\/b> no dia do Passeio. Se voc\u00ea n\u00e3o tiver bicicleta, adquira o kit bike e participe!<\/div>\n","protected":false},"excerpt":{"rendered":"<p>Da Reda\u00e7\u00e3o do MCJB &#8211; 28\/07\/2016 O Passeio Cicl\u00edstico est\u00e1 chegando! Voc\u00ea j\u00e1 revisou sua bicicleta? J\u00e1 se organizou para chegar no hor\u00e1rio? J\u00e1 pegou seu<span class=\"excerpt-hellip\"> [\u2026]<\/span><\/p>\n","protected":false},"author":1,"featured_media":432,"comment_status":"open","ping_status":"open","sticky":false,"template":"","format":"standard","meta":{"_exactmetrics_skip_tracking":false,"_exactmetrics_sitenote_active":false,"_exactmetrics_sitenote_note":"","_exactmetrics_sitenote_category":0,"footnotes":"","jetpack_publicize_message":"","jetpack_publicize_feature_enabled":true,"jetpack_social_post_already_shared":true,"jetpack_social_options":{"image_generator_settings":{"template":"highway","default_image_id":0,"font":"","enabled":false},"version":2}},"categories":[54],"tags":[33],"class_list":["post-870","post","type-post","status-publish","format-standard","has-post-thumbnail","hentry","category-esportes","tag-esportes"],"jetpack_publicize_connections":[],"jetpack_featured_media_url":"","_links":{"self":[{"href":"https:\/\/www.mcjb.org.br\/portal\/wp-json\/wp\/v2\/posts\/870","targetHints":{"allow":["GET"]}}],"collection":[{"href":"https:\/\/www.mcjb.org.br\/portal\/wp-json\/wp\/v2\/posts"}],"about":[{"href":"https:\/\/www.mcjb.org.br\/portal\/wp-json\/wp\/v2\/types\/post"}],"author":[{"embeddable":true,"href":"https:\/\/www.mcjb.org.br\/portal\/wp-json\/wp\/v2\/users\/1"}],"replies":[{"embeddable":true,"href":"https:\/\/www.mcjb.org.br\/portal\/wp-json\/wp\/v2\/comments?post=870"}],"version-history":[{"count":0,"href":"https:\/\/www.mcjb.org.br\/portal\/wp-json\/wp\/v2\/posts\/870\/revisions"}],"wp:featuredmedia":[{"embeddable":true,"href":"https:\/\/www.mcjb.org.br\/portal\/wp-json\/"}],"wp:attachment":[{"href":"https:\/\/www.mcjb.org.br\/portal\/wp-json\/wp\/v2\/media?parent=870"}],"wp:term":[{"taxonomy":"category","embeddable":true,"href":"https:\/\/www.mcjb.org.br\/portal\/wp-json\/wp\/v2\/categories?post=870"},{"taxonomy":"post_tag","embeddable":true,"href":"https:\/\/www.mcjb.org.br\/portal\/wp-json\/wp\/v2\/tags?post=870"}],"curies":[{"name":"wp","href":"https:\/\/api.w.org\/{rel}","templated":true}]}}