{"id":8660,"date":"2020-11-26T18:12:38","date_gmt":"2020-11-26T18:12:38","guid":{"rendered":"http:\/\/www.mcjb.org.br\/portal\/?p=8660"},"modified":"2020-11-26T19:03:17","modified_gmt":"2020-11-26T19:03:17","slug":"mcjb-recebe-visita-de-deputada-que-possibilitou-a-1a-ubs-no-mangueiral","status":"publish","type":"post","link":"https:\/\/www.mcjb.org.br\/portal\/noticias\/mcjb-recebe-visita-de-deputada-que-possibilitou-a-1a-ubs-no-mangueiral\/","title":{"rendered":"MCJB recebe visita de deputada que possibilitou a 1\u00aa UBS no Mangueiral"},"content":{"rendered":"<p style=\"text-align: right;\"><em><span style=\"font-family: 'trebuchet ms', geneva, sans-serif; font-size: 8pt;\">Da Reda\u00e7\u00e3o do Portal do MCJB &#8211; 26\/11\/2020<\/span><\/em><\/p>\n<p><em><span style=\"font-family: 'trebuchet ms', geneva, sans-serif;\">Comunidade do Jardim Bot\u00e2nico e Mangueiral recebe visita da deputada Julia Lucy (Novo-DF) e agradece verba de emenda liberada para constru\u00e7\u00e3o da primeira Unidade B\u00e1sica de Sa\u00fade da regi\u00e3o.<\/span><\/em><\/p>\n<p><span style=\"font-family: 'trebuchet ms', geneva, sans-serif;\">O Movimento Comunit\u00e1rio do Jardim Bot\u00e2nico (MCJB) recebeu na manh\u00e3 da \u00faltima sexta (19) a deputada distrital Julia Lucy (Novo-DF), que tomou caf\u00e9 da manh\u00e3 com a diretoria do MCJB, representantes da Associa\u00e7\u00e3o dos Amigos do Jardins Mangueiral (AAJM) e da Associa\u00e7\u00e3o de Empreendedores do Toror\u00f3 (AETOR). O MCJB entregou \u00e0 deputada uma carta de apresenta\u00e7\u00e3o com informa\u00e7\u00f5es e principais demandas da comunidade.<\/span><\/p>\n<p><a href=\"https:\/\/www.mcjb.org.br\/portal\/wp-content\/uploads\/2020\/11\/deputada-carta-2.jpg\"><img fetchpriority=\"high\" decoding=\"async\" class=\"aligncenter wp-image-8662 size-full\" src=\"https:\/\/www.mcjb.org.br\/portal\/wp-content\/uploads\/2020\/11\/deputada-carta-2.jpg\" alt=\"\" width=\"768\" height=\"1024\" srcset=\"https:\/\/www.mcjb.org.br\/portal\/wp-content\/uploads\/2020\/11\/deputada-carta-2.jpg 768w, https:\/\/www.mcjb.org.br\/portal\/wp-content\/uploads\/2020\/11\/deputada-carta-2-225x300.jpg 225w, https:\/\/www.mcjb.org.br\/portal\/wp-content\/uploads\/2020\/11\/deputada-carta-2-110x146.jpg 110w, https:\/\/www.mcjb.org.br\/portal\/wp-content\/uploads\/2020\/11\/deputada-carta-2-38x50.jpg 38w, https:\/\/www.mcjb.org.br\/portal\/wp-content\/uploads\/2020\/11\/deputada-carta-2-56x75.jpg 56w, https:\/\/www.mcjb.org.br\/portal\/wp-content\/uploads\/2020\/11\/deputada-carta-2-600x800.jpg 600w\" sizes=\"(max-width: 768px) 100vw, 768px\" \/><\/a><\/p>\n<p><span style=\"font-family: 'trebuchet ms', geneva, sans-serif;\">Ap\u00f3s a visita ao MCJB, a deputada foi conferir o andamento da constru\u00e7\u00e3o da primeira Unidade B\u00e1sica de Sa\u00fade (UBS) da regi\u00e3o, que est\u00e1 sendo constru\u00edda no Jardins Mangueiral (<a href=\"https:\/\/agenciabrasilia.df.gov.br\/2020\/04\/16\/jardins-mangueiral-ganhara-ubs-para-20-mil-usuarios\/\">relembre aqui<\/a>). A obra est\u00e1 em fase avan\u00e7ada de constru\u00e7\u00e3o e sua conclus\u00e3o est\u00e1 prevista para o fim de fevereiro ou in\u00edcio de mar\u00e7o de 2021.<\/span><\/p>\n<p><span style=\"font-family: 'trebuchet ms', geneva, sans-serif;\">\u00a0<a href=\"https:\/\/www.mcjb.org.br\/portal\/wp-content\/uploads\/2020\/11\/ubs-deputada-e1606326696486.jpg\"><img decoding=\"async\" class=\"aligncenter wp-image-8668 size-large\" src=\"https:\/\/www.mcjb.org.br\/portal\/wp-content\/uploads\/2020\/11\/ubs-deputada-1024x576.jpg\" alt=\"\" width=\"1024\" height=\"576\" \/><\/a><\/span><\/p>\n<p><span style=\"font-family: 'trebuchet ms', geneva, sans-serif;\">Considerada pela comunidade do Jardim Bot\u00e2nico e Mangueiral como uma das mais importantes obras p\u00fablicas em andamento, a UBS est\u00e1 em constru\u00e7\u00e3o na Pra\u00e7a de Atividades 02 \u2013 PA 2, Lote 01, do Mangueiral. Foram investidos quase R$ 3 milh\u00f5es. Praticamente todo valor veio da emenda destinada pela deputada. \u201c<em>Trabalhamos pela libera\u00e7\u00e3o de projetos, encaminhamos emendas parlamentares para viabilizar constru\u00e7\u00f5es importante como a UBS do Mangueiral que est\u00e1 saindo com dinheiro das nossas emendas<\/em>\u201d, informou a deputada para o <strong><em>Portal do MCJB<\/em><\/strong>. <\/span><br \/>\n<span style=\"font-family: 'trebuchet ms', geneva, sans-serif;\">A UBS ter\u00e1 de quatro a cinco equipes de Estrat\u00e9gia de Sa\u00fade da Fam\u00edlia e ser\u00e3o oferecidos servi\u00e7os b\u00e1sicos e essenciais de sa\u00fade, al\u00e9m de tamb\u00e9m atender demandas odontol\u00f3gicas, servi\u00e7o de coleta laboratorial e farm\u00e1cia.<\/span><\/p>\n<p><span style=\"font-family: 'trebuchet ms', geneva, sans-serif;\"> <a href=\"https:\/\/www.mcjb.org.br\/portal\/wp-content\/uploads\/2020\/11\/Capa-visita-deputada-Julia-1.jpg\"><img decoding=\"async\" class=\"aligncenter wp-image-8665 size-full\" src=\"https:\/\/www.mcjb.org.br\/portal\/wp-content\/uploads\/2020\/11\/Capa-visita-deputada-Julia-1.jpg\" alt=\"\" width=\"900\" height=\"500\" srcset=\"https:\/\/www.mcjb.org.br\/portal\/wp-content\/uploads\/2020\/11\/Capa-visita-deputada-Julia-1.jpg 900w, https:\/\/www.mcjb.org.br\/portal\/wp-content\/uploads\/2020\/11\/Capa-visita-deputada-Julia-1-300x167.jpg 300w, https:\/\/www.mcjb.org.br\/portal\/wp-content\/uploads\/2020\/11\/Capa-visita-deputada-Julia-1-768x427.jpg 768w, https:\/\/www.mcjb.org.br\/portal\/wp-content\/uploads\/2020\/11\/Capa-visita-deputada-Julia-1-260x144.jpg 260w, https:\/\/www.mcjb.org.br\/portal\/wp-content\/uploads\/2020\/11\/Capa-visita-deputada-Julia-1-50x28.jpg 50w, https:\/\/www.mcjb.org.br\/portal\/wp-content\/uploads\/2020\/11\/Capa-visita-deputada-Julia-1-135x75.jpg 135w, https:\/\/www.mcjb.org.br\/portal\/wp-content\/uploads\/2020\/11\/Capa-visita-deputada-Julia-1-600x333.jpg 600w\" sizes=\"(max-width: 900px) 100vw, 900px\" \/><\/a><\/span><\/p>\n<p><span style=\"font-family: 'trebuchet ms', geneva, sans-serif;\">Por fim, a deputada visitou o projeto da F\u00e1brica Social JB, onde a Cooperativa de Costureiras do JB e S\u00e3o Sebasti\u00e3o t\u00eam desenvolvido m\u00e1scaras e roupas com tecido antiviral. O projeto gera trabalho e renda para costureiras refugiadas da Venezuela (<a href=\"https:\/\/www.mcjb.org.br\/institucional\/fabrica-social\/\">saiba mais aqui<\/a>). Julia Lucy admirou a iniciativa, at\u00e9 porque possui mobiliza\u00e7\u00e3o pr\u00f3pria em prol do empoderamento de mulheres atrav\u00e9s do empreendedorismo, e se comprometeu a ajud\u00e1-las.<\/span><br \/>\n<span style=\"font-family: 'trebuchet ms', geneva, sans-serif;\"><br \/>\n<a href=\"https:\/\/www.mcjb.org.br\/portal\/wp-content\/uploads\/2020\/11\/fabrica-deputada.jpg\"><img loading=\"lazy\" decoding=\"async\" class=\"aligncenter wp-image-8667 size-large\" src=\"https:\/\/www.mcjb.org.br\/portal\/wp-content\/uploads\/2020\/11\/fabrica-deputada-1024x576.jpg\" alt=\"\" width=\"1024\" height=\"576\" srcset=\"https:\/\/www.mcjb.org.br\/portal\/wp-content\/uploads\/2020\/11\/fabrica-deputada-1024x576.jpg 1024w, https:\/\/www.mcjb.org.br\/portal\/wp-content\/uploads\/2020\/11\/fabrica-deputada-300x169.jpg 300w, https:\/\/www.mcjb.org.br\/portal\/wp-content\/uploads\/2020\/11\/fabrica-deputada-768x432.jpg 768w, https:\/\/www.mcjb.org.br\/portal\/wp-content\/uploads\/2020\/11\/fabrica-deputada-260x146.jpg 260w, https:\/\/www.mcjb.org.br\/portal\/wp-content\/uploads\/2020\/11\/fabrica-deputada-50x28.jpg 50w, https:\/\/www.mcjb.org.br\/portal\/wp-content\/uploads\/2020\/11\/fabrica-deputada-133x75.jpg 133w, https:\/\/www.mcjb.org.br\/portal\/wp-content\/uploads\/2020\/11\/fabrica-deputada-600x337.jpg 600w, https:\/\/www.mcjb.org.br\/portal\/wp-content\/uploads\/2020\/11\/fabrica-deputada.jpg 1067w\" sizes=\"(max-width: 1024px) 100vw, 1024px\" \/><\/a><br \/>\n<\/span><\/p>\n<p>&nbsp;<\/p>\n<p style=\"text-align: justify;\"><span style=\"color: #000000; font-family: 'trebuchet ms', geneva, sans-serif;\"><a href=\"https:\/\/www.mcjb.org.br\/institucional\/produto\/camiseta-anticovid-manga-curta-gola-redonda-tecido-antiviral\/\"><img loading=\"lazy\" decoding=\"async\" class=\"alignnone size-medium wp-image-8605 aligncenter\" src=\"https:\/\/www.mcjb.org.br\/portal\/wp-content\/uploads\/2020\/11\/WhatsApp-Image-2020-11-11-at-11.34.29-300x300.jpeg\" alt=\"\" width=\"300\" height=\"300\" srcset=\"https:\/\/www.mcjb.org.br\/portal\/wp-content\/uploads\/2020\/11\/WhatsApp-Image-2020-11-11-at-11.34.29-300x300.jpeg 300w, https:\/\/www.mcjb.org.br\/portal\/wp-content\/uploads\/2020\/11\/WhatsApp-Image-2020-11-11-at-11.34.29-1024x1024.jpeg 1024w, https:\/\/www.mcjb.org.br\/portal\/wp-content\/uploads\/2020\/11\/WhatsApp-Image-2020-11-11-at-11.34.29-150x150.jpeg 150w, https:\/\/www.mcjb.org.br\/portal\/wp-content\/uploads\/2020\/11\/WhatsApp-Image-2020-11-11-at-11.34.29-768x768.jpeg 768w, https:\/\/www.mcjb.org.br\/portal\/wp-content\/uploads\/2020\/11\/WhatsApp-Image-2020-11-11-at-11.34.29-146x146.jpeg 146w, https:\/\/www.mcjb.org.br\/portal\/wp-content\/uploads\/2020\/11\/WhatsApp-Image-2020-11-11-at-11.34.29-50x50.jpeg 50w, https:\/\/www.mcjb.org.br\/portal\/wp-content\/uploads\/2020\/11\/WhatsApp-Image-2020-11-11-at-11.34.29-75x75.jpeg 75w, https:\/\/www.mcjb.org.br\/portal\/wp-content\/uploads\/2020\/11\/WhatsApp-Image-2020-11-11-at-11.34.29-85x85.jpeg 85w, https:\/\/www.mcjb.org.br\/portal\/wp-content\/uploads\/2020\/11\/WhatsApp-Image-2020-11-11-at-11.34.29-80x80.jpeg 80w, https:\/\/www.mcjb.org.br\/portal\/wp-content\/uploads\/2020\/11\/WhatsApp-Image-2020-11-11-at-11.34.29-600x600.jpeg 600w, https:\/\/www.mcjb.org.br\/portal\/wp-content\/uploads\/2020\/11\/WhatsApp-Image-2020-11-11-at-11.34.29-100x100.jpeg 100w, https:\/\/www.mcjb.org.br\/portal\/wp-content\/uploads\/2020\/11\/WhatsApp-Image-2020-11-11-at-11.34.29.jpeg 1080w\" sizes=\"(max-width: 300px) 100vw, 300px\" \/><\/a><\/span><span style=\"color: #000000; font-family: 'trebuchet ms', geneva, sans-serif;\"><a style=\"color: #000000;\" href=\"https:\/\/www.mcjb.org.br\/institucional\/produto\/kit-com-5-mascaras-anticovid\/\" target=\"_blank\" rel=\"noopener noreferrer\"><img loading=\"lazy\" decoding=\"async\" class=\"aligncenter wp-image-8434 size-medium\" src=\"https:\/\/www.mcjb.org.br\/portal\/wp-content\/uploads\/2020\/09\/E-folder-MASCARA-ANTIVIRAL-3-300x300.jpg\" alt=\"\" width=\"300\" height=\"300\" srcset=\"https:\/\/www.mcjb.org.br\/portal\/wp-content\/uploads\/2020\/09\/E-folder-MASCARA-ANTIVIRAL-3-300x300.jpg 300w, https:\/\/www.mcjb.org.br\/portal\/wp-content\/uploads\/2020\/09\/E-folder-MASCARA-ANTIVIRAL-3-1024x1024.jpg 1024w, https:\/\/www.mcjb.org.br\/portal\/wp-content\/uploads\/2020\/09\/E-folder-MASCARA-ANTIVIRAL-3-150x150.jpg 150w, https:\/\/www.mcjb.org.br\/portal\/wp-content\/uploads\/2020\/09\/E-folder-MASCARA-ANTIVIRAL-3-768x768.jpg 768w, https:\/\/www.mcjb.org.br\/portal\/wp-content\/uploads\/2020\/09\/E-folder-MASCARA-ANTIVIRAL-3-146x146.jpg 146w, https:\/\/www.mcjb.org.br\/portal\/wp-content\/uploads\/2020\/09\/E-folder-MASCARA-ANTIVIRAL-3-50x50.jpg 50w, https:\/\/www.mcjb.org.br\/portal\/wp-content\/uploads\/2020\/09\/E-folder-MASCARA-ANTIVIRAL-3-75x75.jpg 75w, https:\/\/www.mcjb.org.br\/portal\/wp-content\/uploads\/2020\/09\/E-folder-MASCARA-ANTIVIRAL-3-85x85.jpg 85w, https:\/\/www.mcjb.org.br\/portal\/wp-content\/uploads\/2020\/09\/E-folder-MASCARA-ANTIVIRAL-3-80x80.jpg 80w, https:\/\/www.mcjb.org.br\/portal\/wp-content\/uploads\/2020\/09\/E-folder-MASCARA-ANTIVIRAL-3-600x600.jpg 600w, https:\/\/www.mcjb.org.br\/portal\/wp-content\/uploads\/2020\/09\/E-folder-MASCARA-ANTIVIRAL-3-100x100.jpg 100w, https:\/\/www.mcjb.org.br\/portal\/wp-content\/uploads\/2020\/09\/E-folder-MASCARA-ANTIVIRAL-3.jpg 1181w\" sizes=\"(max-width: 300px) 100vw, 300px\" \/><\/a><\/span><\/p>\n<p>&nbsp;<\/p>\n<p>&nbsp;<\/p>\n","protected":false},"excerpt":{"rendered":"<p>Comunidade do Jardim Bot\u00e2nico e Mangueiral recebe visita da deputada Julia Lucy (Novo-DF) e agradece verba de emenda liberada para constru\u00e7\u00e3o da primeira Unidade B\u00e1sica de Sa\u00fade da regi\u00e3o.<\/p>\n","protected":false},"author":1,"featured_media":8661,"comment_status":"open","ping_status":"open","sticky":false,"template":"","format":"standard","meta":{"_exactmetrics_skip_tracking":false,"_exactmetrics_sitenote_active":false,"_exactmetrics_sitenote_note":"","_exactmetrics_sitenote_category":0,"footnotes":"","jetpack_publicize_message":"","jetpack_publicize_feature_enabled":true,"jetpack_social_post_already_shared":false,"jetpack_social_options":{"image_generator_settings":{"template":"highway","default_image_id":0,"font":"","enabled":false},"version":2}},"categories":[36,16],"tags":[714,87,712,155,147,519,713,708],"class_list":["post-8660","post","type-post","status-publish","format-standard","has-post-thumbnail","hentry","category-noticias","category-slider","tag-camara-legislativa","tag-cldf","tag-deputada","tag-saude","tag-secretaria-de-saude","tag-ubs","tag-unidade-basica-de-saude","tag-visita"],"jetpack_publicize_connections":[],"jetpack_featured_media_url":"https:\/\/www.mcjb.org.br\/portal\/wp-content\/uploads\/2020\/11\/Capa-visita-deputada-Julia.jpg","_links":{"self":[{"href":"https:\/\/www.mcjb.org.br\/portal\/wp-json\/wp\/v2\/posts\/8660","targetHints":{"allow":["GET"]}}],"collection":[{"href":"https:\/\/www.mcjb.org.br\/portal\/wp-json\/wp\/v2\/posts"}],"about":[{"href":"https:\/\/www.mcjb.org.br\/portal\/wp-json\/wp\/v2\/types\/post"}],"author":[{"embeddable":true,"href":"https:\/\/www.mcjb.org.br\/portal\/wp-json\/wp\/v2\/users\/1"}],"replies":[{"embeddable":true,"href":"https:\/\/www.mcjb.org.br\/portal\/wp-json\/wp\/v2\/comments?post=8660"}],"version-history":[{"count":6,"href":"https:\/\/www.mcjb.org.br\/portal\/wp-json\/wp\/v2\/posts\/8660\/revisions"}],"predecessor-version":[{"id":8675,"href":"https:\/\/www.mcjb.org.br\/portal\/wp-json\/wp\/v2\/posts\/8660\/revisions\/8675"}],"wp:featuredmedia":[{"embeddable":true,"href":"https:\/\/www.mcjb.org.br\/portal\/wp-json\/wp\/v2\/media\/8661"}],"wp:attachment":[{"href":"https:\/\/www.mcjb.org.br\/portal\/wp-json\/wp\/v2\/media?parent=8660"}],"wp:term":[{"taxonomy":"category","embeddable":true,"href":"https:\/\/www.mcjb.org.br\/portal\/wp-json\/wp\/v2\/categories?post=8660"},{"taxonomy":"post_tag","embeddable":true,"href":"https:\/\/www.mcjb.org.br\/portal\/wp-json\/wp\/v2\/tags?post=8660"}],"curies":[{"name":"wp","href":"https:\/\/api.w.org\/{rel}","templated":true}]}}