{"id":8491,"date":"2020-10-28T16:40:01","date_gmt":"2020-10-28T16:40:01","guid":{"rendered":"http:\/\/www.mcjb.org.br\/portal\/?p=8491"},"modified":"2020-11-12T22:39:36","modified_gmt":"2020-11-12T22:39:36","slug":"vacina-antirrabica","status":"publish","type":"post","link":"https:\/\/www.mcjb.org.br\/portal\/agendajb\/vacina-antirrabica\/","title":{"rendered":"Campanha de vacina\u00e7\u00e3o antirr\u00e1bica acontece no Jardim Bot\u00e2nico"},"content":{"rendered":"<p style=\"text-align: left;\"><strong><span style=\"font-family: 'trebuchet ms', geneva, sans-serif;\"><em>Ato ocorre no dia 7 de novembro, das 8h30 \u00e0s 14h, e alguns postos ser\u00e3o montados em pontos espec\u00edficos\u00a0<\/em><\/span><\/strong><\/p>\n<p style=\"text-align: right;\"><span style=\"font-size: 8pt; font-family: 'trebuchet ms', geneva, sans-serif;\">Maria Lu\u00edza Alencastro- 27\/10\/2020<\/span><\/p>\n<p>&nbsp;<\/p>\n<p style=\"text-align: justify;\"><span style=\"font-weight: 400; font-family: 'trebuchet ms', geneva, sans-serif;\">H\u00e1 muitos anos n\u00e3o se tem casos de raiva em humanos, c\u00e3es e gatos no Distrito Federal, mas \u00e9 sempre preciso se prevenir. Em raz\u00e3o disso, a campanha de vacina\u00e7\u00e3o antirr\u00e1bica chega ao Jardim Bot\u00e2nico no dia 07\/11, das 8h30 \u00e0s 14h. Os postos ser\u00e3o montados nos seguintes locais: Condom\u00ednio M\u00f4naco, na Associa\u00e7\u00e3o dos amigos do Jardins\u00a0 Mangueiral, no Condom\u00ednio Jardim Bot\u00e2nico VI, no Condom\u00ednio Amobb, no Condom\u00ednio Mans\u00f5es Itaipu, no Bairro S\u00e3o Gabriel (Com\u00e9rcio Local) e no Condom\u00ednio Priv\u00ea Morada Sul etapa C. O Centro de Pr\u00e1ticas Sustent\u00e1veis do Jardins Mangueiral (CPS) e o Condom\u00ednio San Diego, que receber\u00e1 a campanha pela portaria central, v\u00e3o realizar esquema drive-thru.\u00a0<\/span><\/p>\n<p style=\"text-align: justify;\"><span style=\"font-weight: 400; font-family: 'trebuchet ms', geneva, sans-serif;\">O v\u00edrus da raiva fica na saliva de animais infectados e \u00e9 transmitido para os humanos por meio de mordidas e, muitas vezes, pelos arranh\u00f5es e pelas lambidas.<\/span><\/p>\n<p style=\"text-align: justify;\"><span style=\"font-weight: 400;\"><span style=\"font-family: 'trebuchet ms', geneva, sans-serif;\">Previna-se contra a raiva, mas tenha sempre em mente todos os cuidados contra o coronav\u00edrus. Para isso, no dia da vacina\u00e7\u00e3o, lembre-se sempre de manter dist\u00e2ncia de dois metros da pessoa da frente e de sempre utilizar m\u00e1scara.<\/span>\u00a0\u00a0<\/span><\/p>\n<p>&nbsp;<\/p>\n<p><a href=\"https:\/\/www.mcjb.org.br\/portal\/wp-content\/uploads\/2020\/10\/Banner_-_Vacinacao_Antirrabica_1.png\" target=\"_blank\" rel=\"noopener noreferrer\"><img fetchpriority=\"high\" decoding=\"async\" class=\"aligncenter wp-image-8513 size-medium\" src=\"https:\/\/www.mcjb.org.br\/portal\/wp-content\/uploads\/2020\/10\/Banner_-_Vacinacao_Antirrabica_1-300x300.png\" alt=\"\" width=\"300\" height=\"300\" srcset=\"https:\/\/www.mcjb.org.br\/portal\/wp-content\/uploads\/2020\/10\/Banner_-_Vacinacao_Antirrabica_1-300x300.png 300w, https:\/\/www.mcjb.org.br\/portal\/wp-content\/uploads\/2020\/10\/Banner_-_Vacinacao_Antirrabica_1-1024x1024.png 1024w, https:\/\/www.mcjb.org.br\/portal\/wp-content\/uploads\/2020\/10\/Banner_-_Vacinacao_Antirrabica_1-150x150.png 150w, https:\/\/www.mcjb.org.br\/portal\/wp-content\/uploads\/2020\/10\/Banner_-_Vacinacao_Antirrabica_1-768x768.png 768w, https:\/\/www.mcjb.org.br\/portal\/wp-content\/uploads\/2020\/10\/Banner_-_Vacinacao_Antirrabica_1-146x146.png 146w, https:\/\/www.mcjb.org.br\/portal\/wp-content\/uploads\/2020\/10\/Banner_-_Vacinacao_Antirrabica_1-50x50.png 50w, https:\/\/www.mcjb.org.br\/portal\/wp-content\/uploads\/2020\/10\/Banner_-_Vacinacao_Antirrabica_1-75x75.png 75w, https:\/\/www.mcjb.org.br\/portal\/wp-content\/uploads\/2020\/10\/Banner_-_Vacinacao_Antirrabica_1-85x85.png 85w, https:\/\/www.mcjb.org.br\/portal\/wp-content\/uploads\/2020\/10\/Banner_-_Vacinacao_Antirrabica_1-80x80.png 80w, https:\/\/www.mcjb.org.br\/portal\/wp-content\/uploads\/2020\/10\/Banner_-_Vacinacao_Antirrabica_1-600x600.png 600w, https:\/\/www.mcjb.org.br\/portal\/wp-content\/uploads\/2020\/10\/Banner_-_Vacinacao_Antirrabica_1-100x100.png 100w, https:\/\/www.mcjb.org.br\/portal\/wp-content\/uploads\/2020\/10\/Banner_-_Vacinacao_Antirrabica_1.png 1080w\" sizes=\"(max-width: 300px) 100vw, 300px\" \/><\/a><\/p>\n<p><a href=\"https:\/\/www.mcjb.org.br\/institucional\/produto\/kit-com-5-mascaras-anticovid\/\" target=\"_blank\" rel=\"noopener noreferrer\"><img decoding=\"async\" class=\"aligncenter wp-image-8434 size-medium\" src=\"https:\/\/www.mcjb.org.br\/portal\/wp-content\/uploads\/2020\/09\/E-folder-MASCARA-ANTIVIRAL-3-300x300.jpg\" alt=\"\" width=\"300\" height=\"300\" srcset=\"https:\/\/www.mcjb.org.br\/portal\/wp-content\/uploads\/2020\/09\/E-folder-MASCARA-ANTIVIRAL-3-300x300.jpg 300w, https:\/\/www.mcjb.org.br\/portal\/wp-content\/uploads\/2020\/09\/E-folder-MASCARA-ANTIVIRAL-3-1024x1024.jpg 1024w, https:\/\/www.mcjb.org.br\/portal\/wp-content\/uploads\/2020\/09\/E-folder-MASCARA-ANTIVIRAL-3-150x150.jpg 150w, https:\/\/www.mcjb.org.br\/portal\/wp-content\/uploads\/2020\/09\/E-folder-MASCARA-ANTIVIRAL-3-768x768.jpg 768w, https:\/\/www.mcjb.org.br\/portal\/wp-content\/uploads\/2020\/09\/E-folder-MASCARA-ANTIVIRAL-3-146x146.jpg 146w, https:\/\/www.mcjb.org.br\/portal\/wp-content\/uploads\/2020\/09\/E-folder-MASCARA-ANTIVIRAL-3-50x50.jpg 50w, https:\/\/www.mcjb.org.br\/portal\/wp-content\/uploads\/2020\/09\/E-folder-MASCARA-ANTIVIRAL-3-75x75.jpg 75w, https:\/\/www.mcjb.org.br\/portal\/wp-content\/uploads\/2020\/09\/E-folder-MASCARA-ANTIVIRAL-3-85x85.jpg 85w, https:\/\/www.mcjb.org.br\/portal\/wp-content\/uploads\/2020\/09\/E-folder-MASCARA-ANTIVIRAL-3-80x80.jpg 80w, https:\/\/www.mcjb.org.br\/portal\/wp-content\/uploads\/2020\/09\/E-folder-MASCARA-ANTIVIRAL-3-600x600.jpg 600w, https:\/\/www.mcjb.org.br\/portal\/wp-content\/uploads\/2020\/09\/E-folder-MASCARA-ANTIVIRAL-3-100x100.jpg 100w, https:\/\/www.mcjb.org.br\/portal\/wp-content\/uploads\/2020\/09\/E-folder-MASCARA-ANTIVIRAL-3.jpg 1181w\" sizes=\"(max-width: 300px) 100vw, 300px\" \/><\/a><\/p>\n","protected":false},"excerpt":{"rendered":"<p>Ato ocorre no dia 7 de novembro, das 8h30 \u00e0s 14h, e alguns postos ser\u00e3o montados em pontos espec\u00edficos\u00a0<\/p>\n","protected":false},"author":1,"featured_media":8492,"comment_status":"open","ping_status":"open","sticky":false,"template":"","format":"standard","meta":{"_exactmetrics_skip_tracking":false,"_exactmetrics_sitenote_active":false,"_exactmetrics_sitenote_note":"","_exactmetrics_sitenote_category":0,"footnotes":"","jetpack_publicize_message":"","jetpack_publicize_feature_enabled":true,"jetpack_social_post_already_shared":false,"jetpack_social_options":{"image_generator_settings":{"template":"highway","default_image_id":0,"font":"","enabled":false},"version":2}},"categories":[46],"tags":[686,43,695,696,147,685,242],"class_list":["post-8491","post","type-post","status-publish","format-standard","has-post-thumbnail","hentry","category-agendajb","tag-campanha-de-vacinacao","tag-mcjb","tag-raiva","tag-raiva-em-caes","tag-secretaria-de-saude","tag-vacina-antirrabica","tag-vacinacao"],"jetpack_publicize_connections":[],"jetpack_featured_media_url":"https:\/\/www.mcjb.org.br\/portal\/wp-content\/uploads\/2020\/10\/Site_-_Vacinacao_Antirrabica_1.png","_links":{"self":[{"href":"https:\/\/www.mcjb.org.br\/portal\/wp-json\/wp\/v2\/posts\/8491","targetHints":{"allow":["GET"]}}],"collection":[{"href":"https:\/\/www.mcjb.org.br\/portal\/wp-json\/wp\/v2\/posts"}],"about":[{"href":"https:\/\/www.mcjb.org.br\/portal\/wp-json\/wp\/v2\/types\/post"}],"author":[{"embeddable":true,"href":"https:\/\/www.mcjb.org.br\/portal\/wp-json\/wp\/v2\/users\/1"}],"replies":[{"embeddable":true,"href":"https:\/\/www.mcjb.org.br\/portal\/wp-json\/wp\/v2\/comments?post=8491"}],"version-history":[{"count":6,"href":"https:\/\/www.mcjb.org.br\/portal\/wp-json\/wp\/v2\/posts\/8491\/revisions"}],"predecessor-version":[{"id":8521,"href":"https:\/\/www.mcjb.org.br\/portal\/wp-json\/wp\/v2\/posts\/8491\/revisions\/8521"}],"wp:featuredmedia":[{"embeddable":true,"href":"https:\/\/www.mcjb.org.br\/portal\/wp-json\/wp\/v2\/media\/8492"}],"wp:attachment":[{"href":"https:\/\/www.mcjb.org.br\/portal\/wp-json\/wp\/v2\/media?parent=8491"}],"wp:term":[{"taxonomy":"category","embeddable":true,"href":"https:\/\/www.mcjb.org.br\/portal\/wp-json\/wp\/v2\/categories?post=8491"},{"taxonomy":"post_tag","embeddable":true,"href":"https:\/\/www.mcjb.org.br\/portal\/wp-json\/wp\/v2\/tags?post=8491"}],"curies":[{"name":"wp","href":"https:\/\/api.w.org\/{rel}","templated":true}]}}