{"id":8359,"date":"2020-08-03T18:13:35","date_gmt":"2020-08-03T18:13:35","guid":{"rendered":"http:\/\/www.mcjb.org.br\/portal\/?p=8359"},"modified":"2020-10-08T11:06:25","modified_gmt":"2020-10-08T11:06:25","slug":"mcjb-estabelece-convenio-na-area-da-saude-e-odontologia","status":"publish","type":"post","link":"https:\/\/www.mcjb.org.br\/portal\/noticias\/mcjb-estabelece-convenio-na-area-da-saude-e-odontologia\/","title":{"rendered":"MCJB estabelece conv\u00eanio na \u00e1rea da sa\u00fade e odontologia"},"content":{"rendered":"<p style=\"text-align: justify;\"><span style=\"font-family: 'trebuchet ms', geneva, sans-serif;\"><i><span style=\"font-weight: 400;\">Agora\u00a0 a comunidade do Jardim Bot\u00e2nico conta com o \u201cSa\u00fade JB\u201d. Conv\u00eanio prev\u00ea cobertura completa para atendimento m\u00e9dico ambulatorial e odontol\u00f3gico, com pre\u00e7o acess\u00edvel para todos.<\/span><\/i><\/span><\/p>\n<p style=\"text-align: justify;\"><span style=\"font-family: 'trebuchet ms', geneva, sans-serif;\"><span style=\"font-weight: 400;\">A parceria firmada entre <\/span><i><span style=\"font-weight: 400;\">MCJB<\/span><\/i><span style=\"font-weight: 400;\"> e o<\/span><i><span style=\"font-weight: 400;\"> Centro Cl\u00ednico do Jardim Bot\u00e2nico (CCJB)<\/span><\/i><span style=\"font-weight: 400;\"> inaugurou o maior conv\u00eanio de sa\u00fade ambulatorial e odontol\u00f3gico da hist\u00f3ria da Regi\u00e3o Administrativa do Jardim Bot\u00e2nico. Voltado inicialmente para moradores e funcion\u00e1rios de condom\u00ednios associados ao <\/span><b><i>MCJB<\/i><\/b><span style=\"font-weight: 400;\">, o conv\u00eanio agora est\u00e1 dispon\u00edvel para toda a comunidade do Jardim Bot\u00e2nico.<\/span><\/span><\/p>\n<p style=\"text-align: justify;\"><span style=\"font-family: 'trebuchet ms', geneva, sans-serif;\"><span style=\"font-weight: 400;\">O projeto \u201c<\/span><b>Sa\u00fade JB<\/b><span style=\"font-weight: 400;\">\u201d \u00e9 mais uma a\u00e7\u00e3o do <\/span><i><span style=\"font-weight: 400;\">Movimento<\/span><\/i><span style=\"font-weight: 400;\"> no combate \u00e0 pandemia do coronav\u00edrus, agora na promo\u00e7\u00e3o de atendimento de qualidade \u00e0 sa\u00fade para toda a comunidade. \u201c<\/span><i><span style=\"font-weight: 400;\">No futuro, quando nos perguntarem o que fizemos para ajudar durante a pandemia, a comunidade do Jardim Bot\u00e2nico vai poder dizer que arrecadou e doou 2 mil cestas de alimentos e verduras, no projeto Cesta do Bem, produziu milhares de m\u00e1scaras no projeto F\u00e1brica Social JB, gerou trabalho e renda para dezenas de fam\u00edlias que estavam em situa\u00e7\u00e3o de vulnerabilidade econ\u00f4mica e estabeleceu uma parceria que proporcionar\u00e1, \u00e0 pre\u00e7o justo, acesso de qualidade \u00e0 sa\u00fade para todos<\/span><\/i><span style=\"font-weight: 400;\">\u201d, destacou a presidente do MCJB, Maria Luiza do Valle.\u00a0<\/span><\/span><\/p>\n<p style=\"text-align: justify;\"><span style=\"font-weight: 400; font-family: 'trebuchet ms', geneva, sans-serif;\">Os interessados podem escolher dentre quatro conv\u00eanios, com mensalidades a partir de R$49,90, aquele que melhor atender suas necessidades. Todos eles incluem servi\u00e7os ambulatoriais e odontol\u00f3gicos. Outra vantagem, al\u00e9m da proximidade do local de atendimento e dos pre\u00e7os acess\u00edveis, \u00e9 a realiza\u00e7\u00e3o do <a href=\"https:\/\/www.mcjb.org.br\/institucional\/?page_id=7256&amp;preview=true\" target=\"_blank\" rel=\"noopener noreferrer\">teste de COVID-19 e vacina\u00e7\u00e3o contra a gripe no CCJB<\/a>, com valores especiais bem abaixo dos valores praticados pelos laborat\u00f3rios do DF.\u00a0<\/span><\/p>\n<div id=\"attachment_8296\" style=\"width: 310px\" class=\"wp-caption alignleft\"><a href=\"https:\/\/www.mcjb.org.br\/institucional\/saudejb\/\" target=\"_blank\" rel=\"noopener noreferrer\"><img fetchpriority=\"high\" decoding=\"async\" aria-describedby=\"caption-attachment-8296\" class=\"wp-image-8296 size-medium\" src=\"http:\/\/www.mcjb.org.br\/portal\/wp-content\/uploads\/2020\/07\/conhecasaudejb-300x300.jpg\" alt=\"\" width=\"300\" height=\"300\" srcset=\"https:\/\/www.mcjb.org.br\/portal\/wp-content\/uploads\/2020\/07\/conhecasaudejb-300x300.jpg 300w, https:\/\/www.mcjb.org.br\/portal\/wp-content\/uploads\/2020\/07\/conhecasaudejb-150x150.jpg 150w, https:\/\/www.mcjb.org.br\/portal\/wp-content\/uploads\/2020\/07\/conhecasaudejb-768x768.jpg 768w, https:\/\/www.mcjb.org.br\/portal\/wp-content\/uploads\/2020\/07\/conhecasaudejb-1024x1024.jpg 1024w, https:\/\/www.mcjb.org.br\/portal\/wp-content\/uploads\/2020\/07\/conhecasaudejb-146x146.jpg 146w, https:\/\/www.mcjb.org.br\/portal\/wp-content\/uploads\/2020\/07\/conhecasaudejb-50x50.jpg 50w, https:\/\/www.mcjb.org.br\/portal\/wp-content\/uploads\/2020\/07\/conhecasaudejb-75x75.jpg 75w, https:\/\/www.mcjb.org.br\/portal\/wp-content\/uploads\/2020\/07\/conhecasaudejb-85x85.jpg 85w, https:\/\/www.mcjb.org.br\/portal\/wp-content\/uploads\/2020\/07\/conhecasaudejb-80x80.jpg 80w, https:\/\/www.mcjb.org.br\/portal\/wp-content\/uploads\/2020\/07\/conhecasaudejb-600x600.jpg 600w, https:\/\/www.mcjb.org.br\/portal\/wp-content\/uploads\/2020\/07\/conhecasaudejb-100x100.jpg 100w\" sizes=\"(max-width: 300px) 100vw, 300px\" \/><\/a><p id=\"caption-attachment-8296\" class=\"wp-caption-text\">Clique e acesse<\/p><\/div>\n<p style=\"text-align: justify;\"><span style=\"font-family: 'trebuchet ms', geneva, sans-serif;\"><span style=\"font-weight: 400;\">\u201c<\/span><i><span style=\"font-weight: 400;\">O CCJB passou de Cl\u00ednica para \u2018Hospital Dia\u2019, podendo atender todo \u00e2mbito ambulatorial, fazendo cirurgias, exames e consultas, atendimento odontol\u00f3gico completo e isso veio gra\u00e7as a um pedido do MCJB, o de criar um produto que atenda a popula\u00e7\u00e3o do JB e entorno, na quest\u00e3o da sa\u00fade (&#8230;) o formato do produto ficou muito interessante para todos<\/span><\/i><span style=\"font-weight: 400;\">\u201d, destacou Mauro Hueb, s\u00f3cio diretor do CCJB. Mauro tamb\u00e9m afirmou que a proposta \u00e9 \u201c<\/span><i><span style=\"font-weight: 400;\">atender todos as categorias sociais do JB e regi\u00e3o, de conv\u00eanios mais b\u00e1sicos, que denominamos \u2018Vita para todos\u2019, at\u00e9 conv\u00eanios mais sofisticados<\/span><\/i><span style=\"font-weight: 400;\">\u201d.\u00a0<\/span><\/span><\/p>\n<p style=\"text-align: justify;\"><span style=\"font-family: 'trebuchet ms', geneva, sans-serif;\"><span style=\"font-weight: 400;\">Para se cadastrar ou saber mais informa\u00e7\u00f5es como pre\u00e7os e vantagens dos conv\u00eanios, basta clicar no link da parceria <\/span><a href=\"http:\/\/www.mcjb.org.br\/saudejb\"><span style=\"font-weight: 400;\">www.mcjb.org.br\/saudejb<\/span><\/a><span style=\"font-weight: 400;\">.<\/span><\/span><\/p>\n","protected":false},"excerpt":{"rendered":"<p>Conv\u00eanio prev\u00ea cobertura completa para atendimento m\u00e9dico ambulatorial e odontol\u00f3gico, com pre\u00e7o acess\u00edvel para todos e mensalidades a partir de R$49,90.<\/p>\n","protected":false},"author":1,"featured_media":8360,"comment_status":"open","ping_status":"open","sticky":false,"template":"","format":"standard","meta":{"_exactmetrics_skip_tracking":false,"_exactmetrics_sitenote_active":false,"_exactmetrics_sitenote_note":"","_exactmetrics_sitenote_category":0,"footnotes":"","jetpack_publicize_message":"","jetpack_publicize_feature_enabled":true,"jetpack_social_post_already_shared":true,"jetpack_social_options":{"image_generator_settings":{"template":"highway","default_image_id":0,"font":"","enabled":false},"version":2}},"categories":[88,36],"tags":[655,235,479,523,514,20,408,43,656,506,25,644,564,242],"class_list":["post-8359","post","type-post","status-publish","format-standard","has-post-thumbnail","hentry","category-destaque","category-noticias","tag-ambulatorial","tag-centro-clinico-jardim-botanico","tag-convenio","tag-covid-19","tag-gripe","tag-jardim-botanico","tag-jardins-mangueiral","tag-mcjb","tag-odontologia","tag-prevencao","tag-sao-sebastiao","tag-saude-jb","tag-testagem","tag-vacinacao"],"jetpack_publicize_connections":[],"jetpack_featured_media_url":"https:\/\/www.mcjb.org.br\/portal\/wp-content\/uploads\/2020\/07\/Sa\u00fade_JB.jpg","_links":{"self":[{"href":"https:\/\/www.mcjb.org.br\/portal\/wp-json\/wp\/v2\/posts\/8359","targetHints":{"allow":["GET"]}}],"collection":[{"href":"https:\/\/www.mcjb.org.br\/portal\/wp-json\/wp\/v2\/posts"}],"about":[{"href":"https:\/\/www.mcjb.org.br\/portal\/wp-json\/wp\/v2\/types\/post"}],"author":[{"embeddable":true,"href":"https:\/\/www.mcjb.org.br\/portal\/wp-json\/wp\/v2\/users\/1"}],"replies":[{"embeddable":true,"href":"https:\/\/www.mcjb.org.br\/portal\/wp-json\/wp\/v2\/comments?post=8359"}],"version-history":[{"count":4,"href":"https:\/\/www.mcjb.org.br\/portal\/wp-json\/wp\/v2\/posts\/8359\/revisions"}],"predecessor-version":[{"id":8466,"href":"https:\/\/www.mcjb.org.br\/portal\/wp-json\/wp\/v2\/posts\/8359\/revisions\/8466"}],"wp:featuredmedia":[{"embeddable":true,"href":"https:\/\/www.mcjb.org.br\/portal\/wp-json\/wp\/v2\/media\/8360"}],"wp:attachment":[{"href":"https:\/\/www.mcjb.org.br\/portal\/wp-json\/wp\/v2\/media?parent=8359"}],"wp:term":[{"taxonomy":"category","embeddable":true,"href":"https:\/\/www.mcjb.org.br\/portal\/wp-json\/wp\/v2\/categories?post=8359"},{"taxonomy":"post_tag","embeddable":true,"href":"https:\/\/www.mcjb.org.br\/portal\/wp-json\/wp\/v2\/tags?post=8359"}],"curies":[{"name":"wp","href":"https:\/\/api.w.org\/{rel}","templated":true}]}}