{"id":826,"date":"2016-06-03T00:14:00","date_gmt":"2016-06-03T03:14:00","guid":{"rendered":"http:\/\/movimentojb.org.br\/uncategorized\/copa-de-futsal-definidas-as-equipes\/"},"modified":"2016-06-03T00:14:00","modified_gmt":"2016-06-03T03:14:00","slug":"copa-de-futsal-definidas-as-equipes","status":"publish","type":"post","link":"https:\/\/www.mcjb.org.br\/portal\/esportes\/copa-de-futsal-definidas-as-equipes\/","title":{"rendered":"Copa de Futsal: Definidas as equipes para a grande final"},"content":{"rendered":"<div style=\"text-align: justify;\">\n<div style=\"text-align: right;\">\n<i><b>Da Reda\u00e7\u00e3o do MCJB &#8211; 02\/06\/2016<\/b><\/i><\/div>\n<p><a href=\"https:\/\/2.bp.blogspot.com\/-K7BbJg7m_Ns\/V1DLDpeL9qI\/AAAAAAAADXM\/XB1YQUzVaxIvN1uzjobvDtaWl5hmhDN8wCLcB\/s1600\/copa_6rodada1.jpg\" imageanchor=\"1\" style=\"clear: left; float: left; margin-bottom: 1em; margin-right: 1em;\"><img decoding=\"async\" alt=\"Foto: Movimento Comunit\u00e1rio do Jardim Bot\u00e2nico\" border=\"0\" height=\"156\" src=\"http:\/\/movimentojb.org.br\/wp-content\/uploads\/2016\/06\/copa_6rodada1.jpg\" title=\"Foto de jogo da 5\u00aa rodada da 1\u00aa Copa de Futsal do Movimento Comunit\u00e1rio do Jardim Bot\u00e2nico\" width=\"320\" \/><\/a><i>Com antecipa\u00e7\u00e3o, a 6\u00aa rodada, ocorrida no \u00faltimo fim de semana, definiu os finalistas da primeira Copa Futsal do Movimento Comunit\u00e1rio do Jardim Bot\u00e2nico, tanto na categoria infanto juvenil, como na adulta.<\/i><\/div>\n<div style=\"text-align: justify;\">\n<\/div>\n<div style=\"text-align: justify;\">\nNa categoria infanto-juvenil, a partida decisiva foi bem equilibrada no primeiro tempo e a equipe da Master F.C conseguiu a classifica\u00e7\u00e3o somente no segundo tempo, ap\u00f3s a grande atua\u00e7\u00e3o do atleta Luiz Henrique que fez tr\u00eas gols e se manteve como artilheiro. A grande final do infanto-juvenil ser\u00e1 entre M\u00f4naco e Master.<\/div>\n<div style=\"text-align: justify;\">\n<\/div>\n<div style=\"text-align: justify;\">\nJ\u00e1 na categoria adulta, o Jardim Bot\u00e2nico III conseguiu impor seu jogo e conduziu a partida, ratificando o favoritismo para fazer a final com o seu algoz na fase classificat\u00f3ria, o Ouro Vermelho 1B. A hora da revanche est\u00e1 chegando. O JB III e o Ouro Vermelho 1B prometem uma grande partida.<\/div>\n<div style=\"text-align: justify;\">\n<\/div>\n<div style=\"text-align: justify;\">\nAs equipes que conquistarem a primeira coloca\u00e7\u00e3o na fase classificat\u00f3ria ter\u00e3o duas vantagens: precisam somente de um empate, &nbsp;na grande final, e jogam em casa.<\/div>\n<div style=\"text-align: justify;\">\n<div class=\"separator\" style=\"clear: both; text-align: center;\">\n<a href=\"https:\/\/2.bp.blogspot.com\/-1kyqJVWoGOY\/V1DLXPd4auI\/AAAAAAAADXU\/yvHY9CXssP8hMW2bSVeTfJrZ8XEEUcxoQCLcB\/s1600\/copa_6rodada2.jpg\" imageanchor=\"1\" style=\"clear: right; float: right; margin-bottom: 1em; margin-left: 1em;\"><img fetchpriority=\"high\" decoding=\"async\" alt=\"Foto: Movimento Comunit\u00e1rio do Jardim Bot\u00e2nico\" border=\"0\" height=\"192\" src=\"http:\/\/movimentojb.org.br\/wp-content\/uploads\/2016\/06\/copa_6rodada2.jpg\" title=\"Foto de jogo da 5\u00aa rodada da 1\u00aa Copa de Futsal do Movimento Comunit\u00e1rio do Jardim Bot\u00e2nico\" width=\"320\" \/><\/a><\/div>\n<p><\/div>\n<div style=\"text-align: justify;\">\nA categoria infanto-juvenil acompanha as regras da categoria adulta, &nbsp;no que se refere ao mando de quadra. Essa foi uma decis\u00e3o tomada no congresso t\u00e9cnico.<\/div>\n<div style=\"text-align: justify;\">\n<\/div>\n<div style=\"text-align: justify;\">\nA s\u00e9tima rodada, que tamb\u00e9m e a \u00faltima da fase classificat\u00f3ria, contar\u00e1 com tr\u00eas partidas na quadra do Ouro vermelho 1, neste final de semana.<\/div>\n<div style=\"text-align: justify;\">\n<br \/>\nOs organizadores convidam o torcedor para acompanhar a tabela na p\u00e1gina oficial da Copa, clicando <a href=\"http:\/\/movimentojb.org.br\/1-copa-de-futsa\/\" target=\"_blank\">aqui<\/a>. E reiteram a import\u00e2ncia da participa\u00e7\u00e3o de todos at\u00e9 o final da fase classificat\u00f3ria. A grande final est\u00e1 programada para ocorrer no dia 19\/06 e os organizadores prometem novidades para a grande final.<\/div>\n<div style=\"text-align: justify;\">\n<br \/>\nVenham prestigiar e torcer pelo time do seu condom\u00ednio!<\/p>\n<\/div>\n<div class=\"separator\" style=\"clear: both; text-align: center;\">\n<a href=\"https:\/\/1.bp.blogspot.com\/-Ojq4Zyi1jCc\/VxGgzDSOnnI\/AAAAAAAACyM\/fjc7P2uUvUwp7aUMwJS7EHUrBvSPQUkSgCLcB\/s1600\/Banner_p%25C3%25A1gina2.jpg\" imageanchor=\"1\" style=\"margin-left: 1em; margin-right: 1em;\"><img decoding=\"async\" border=\"0\" height=\"373\" src=\"http:\/\/movimentojb.org.br\/wp-content\/uploads\/2016\/06\/Banner_pC3A1gina2-3.jpg\" width=\"400\" \/><\/a><\/div>\n<div style=\"text-align: center;\">\n<\/div>\n","protected":false},"excerpt":{"rendered":"<p>Da Reda\u00e7\u00e3o do MCJB &#8211; 02\/06\/2016 Com antecipa\u00e7\u00e3o, a 6\u00aa rodada, ocorrida no \u00faltimo fim de semana, definiu os finalistas da primeira Copa Futsal do Movimento<span class=\"excerpt-hellip\"> [\u2026]<\/span><\/p>\n","protected":false},"author":1,"featured_media":699,"comment_status":"open","ping_status":"open","sticky":false,"template":"","format":"standard","meta":{"_exactmetrics_skip_tracking":false,"_exactmetrics_sitenote_active":false,"_exactmetrics_sitenote_note":"","_exactmetrics_sitenote_category":0,"footnotes":"","jetpack_publicize_message":"","jetpack_publicize_feature_enabled":true,"jetpack_social_post_already_shared":true,"jetpack_social_options":{"image_generator_settings":{"template":"highway","default_image_id":0,"font":"","enabled":false},"version":2}},"categories":[54],"tags":[32,33,48],"class_list":["post-826","post","type-post","status-publish","format-standard","has-post-thumbnail","hentry","category-esportes","tag-copa-futsal","tag-esportes","tag-noticias-comunitarias"],"jetpack_publicize_connections":[],"jetpack_featured_media_url":"","_links":{"self":[{"href":"https:\/\/www.mcjb.org.br\/portal\/wp-json\/wp\/v2\/posts\/826","targetHints":{"allow":["GET"]}}],"collection":[{"href":"https:\/\/www.mcjb.org.br\/portal\/wp-json\/wp\/v2\/posts"}],"about":[{"href":"https:\/\/www.mcjb.org.br\/portal\/wp-json\/wp\/v2\/types\/post"}],"author":[{"embeddable":true,"href":"https:\/\/www.mcjb.org.br\/portal\/wp-json\/wp\/v2\/users\/1"}],"replies":[{"embeddable":true,"href":"https:\/\/www.mcjb.org.br\/portal\/wp-json\/wp\/v2\/comments?post=826"}],"version-history":[{"count":0,"href":"https:\/\/www.mcjb.org.br\/portal\/wp-json\/wp\/v2\/posts\/826\/revisions"}],"wp:featuredmedia":[{"embeddable":true,"href":"https:\/\/www.mcjb.org.br\/portal\/wp-json\/wp\/v2\/posts\/699"}],"wp:attachment":[{"href":"https:\/\/www.mcjb.org.br\/portal\/wp-json\/wp\/v2\/media?parent=826"}],"wp:term":[{"taxonomy":"category","embeddable":true,"href":"https:\/\/www.mcjb.org.br\/portal\/wp-json\/wp\/v2\/categories?post=826"},{"taxonomy":"post_tag","embeddable":true,"href":"https:\/\/www.mcjb.org.br\/portal\/wp-json\/wp\/v2\/tags?post=826"}],"curies":[{"name":"wp","href":"https:\/\/api.w.org\/{rel}","templated":true}]}}