{"id":815,"date":"2016-06-18T18:15:00","date_gmt":"2016-06-18T21:15:00","guid":{"rendered":"http:\/\/movimentojb.org.br\/uncategorized\/final-da-1-copa-de-futsal-tera\/"},"modified":"2016-06-18T18:15:00","modified_gmt":"2016-06-18T21:15:00","slug":"final-da-1-copa-de-futsal-tera","status":"publish","type":"post","link":"https:\/\/www.mcjb.org.br\/portal\/esportes\/final-da-1-copa-de-futsal-tera\/","title":{"rendered":"Final da 1\u00aa Copa de Futsal ter\u00e1 transmiss\u00e3o ao vivo"},"content":{"rendered":"<div style=\"text-align: right;\">\n<i><b>Da Reda\u00e7\u00e3o do MCJB &#8211; 18\/06\/2016<\/b><\/i><\/div>\n<div style=\"text-align: right;\">\n<i><b><br \/><\/b><\/i><\/div>\n<div class=\"separator\" style=\"clear: both; text-align: center;\">\n<a href=\"https:\/\/1.bp.blogspot.com\/-Ojq4Zyi1jCc\/VxGgzDSOnnI\/AAAAAAAACyM\/fjc7P2uUvUwp7aUMwJS7EHUrBvSPQUkSgCLcB\/s1600\/Banner_p%25C3%25A1gina2.jpg\" imageanchor=\"1\" style=\"margin-left: 1em; margin-right: 1em;\"><img fetchpriority=\"high\" decoding=\"async\" border=\"0\" height=\"373\" src=\"http:\/\/movimentojb.org.br\/wp-content\/uploads\/2016\/06\/Banner_pC3A1gina2-1.jpg\" width=\"400\" \/><\/a><\/div>\n<div class=\"separator\" style=\"clear: both; text-align: center;\">\n<\/div>\n<div style=\"text-align: justify;\">\n<i>Em parceria firmada com a Webzone R\u00e1dio, os eventos do <b>Movimento<\/b> ser\u00e3o transmitidos ao vivo pela webradio <a href=\"http:\/\/www.webzoneradio.com.br\/\">www.webzoneradio.com.br<\/a>.&nbsp;<\/i><\/div>\n<div style=\"text-align: justify;\">\n<\/div>\n<div style=\"text-align: justify;\">\n<a href=\"https:\/\/3.bp.blogspot.com\/-COdiDGIktgM\/V2WPadTNcwI\/AAAAAAAADq0\/ePWGKtG7s3wnlXRjwSoehOC0QjKX_wLbQCLcB\/s1600\/Webzone_black.png\" imageanchor=\"1\" style=\"clear: left; float: left; margin-bottom: 1em; margin-right: 1em;\"><img decoding=\"async\" border=\"0\" height=\"200\" src=\"http:\/\/movimentojb.org.br\/wp-content\/uploads\/2016\/06\/Webzone_black.png\" width=\"200\" \/><\/a>A primeira transmiss\u00e3o ocorreu na Feira Ambiental e do Empreendedorismo e, neste &nbsp;pr\u00f3ximo domingo, a equipe da <a href=\"http:\/\/www.webzoneradio.com.br\/\" target=\"_blank\">Webzone R\u00e1dio<\/a> vai transmitir a grande final da 1\u00aa Copa de Futsal do MCJB, tanto na categoria adulto como na infanto-juvenil.<\/div>\n<div style=\"text-align: justify;\">\n<\/div>\n<div style=\"text-align: justify;\">\nOs jogos ocorrer\u00e3o na manh\u00e3 deste domingo, 19, \u00e0 partir das 8h, na quadra de futsal do Condom\u00ednio Ouro Vermelho 1.&nbsp;<\/div>\n<div style=\"text-align: justify;\">\n<\/div>\n<div style=\"text-align: justify;\">\nA entrada \u00e9 franca e o <i><b>Movimento<\/b><\/i> convida a todos para participar e torcer para os&nbsp;bravos finalistas. Na categoria adulta a disputa est\u00e1 entre os times do Ouro Vermelho 1 e Jardim Bot\u00e2nico 3 e, na categoria infantil, o time do Condom\u00ednio M\u00f4naco vai enfrentar o time Master FC.<\/div>\n","protected":false},"excerpt":{"rendered":"<p>Da Reda\u00e7\u00e3o do MCJB &#8211; 18\/06\/2016 Em parceria firmada com a Webzone R\u00e1dio, os eventos do Movimento ser\u00e3o transmitidos ao vivo pela webradio www.webzoneradio.com.br.&nbsp; A primeira<span class=\"excerpt-hellip\"> [\u2026]<\/span><\/p>\n","protected":false},"author":1,"featured_media":629,"comment_status":"open","ping_status":"open","sticky":false,"template":"","format":"standard","meta":{"_exactmetrics_skip_tracking":false,"_exactmetrics_sitenote_active":false,"_exactmetrics_sitenote_note":"","_exactmetrics_sitenote_category":0,"footnotes":"","jetpack_publicize_message":"","jetpack_publicize_feature_enabled":true,"jetpack_social_post_already_shared":true,"jetpack_social_options":{"image_generator_settings":{"template":"highway","default_image_id":0,"font":"","enabled":false},"version":2}},"categories":[54],"tags":[32,33],"class_list":["post-815","post","type-post","status-publish","format-standard","has-post-thumbnail","hentry","category-esportes","tag-copa-futsal","tag-esportes"],"jetpack_publicize_connections":[],"jetpack_featured_media_url":"","_links":{"self":[{"href":"https:\/\/www.mcjb.org.br\/portal\/wp-json\/wp\/v2\/posts\/815","targetHints":{"allow":["GET"]}}],"collection":[{"href":"https:\/\/www.mcjb.org.br\/portal\/wp-json\/wp\/v2\/posts"}],"about":[{"href":"https:\/\/www.mcjb.org.br\/portal\/wp-json\/wp\/v2\/types\/post"}],"author":[{"embeddable":true,"href":"https:\/\/www.mcjb.org.br\/portal\/wp-json\/wp\/v2\/users\/1"}],"replies":[{"embeddable":true,"href":"https:\/\/www.mcjb.org.br\/portal\/wp-json\/wp\/v2\/comments?post=815"}],"version-history":[{"count":0,"href":"https:\/\/www.mcjb.org.br\/portal\/wp-json\/wp\/v2\/posts\/815\/revisions"}],"wp:featuredmedia":[{"embeddable":true,"href":"https:\/\/www.mcjb.org.br\/portal\/wp-json\/wp\/v2\/posts\/629"}],"wp:attachment":[{"href":"https:\/\/www.mcjb.org.br\/portal\/wp-json\/wp\/v2\/media?parent=815"}],"wp:term":[{"taxonomy":"category","embeddable":true,"href":"https:\/\/www.mcjb.org.br\/portal\/wp-json\/wp\/v2\/categories?post=815"},{"taxonomy":"post_tag","embeddable":true,"href":"https:\/\/www.mcjb.org.br\/portal\/wp-json\/wp\/v2\/tags?post=815"}],"curies":[{"name":"wp","href":"https:\/\/api.w.org\/{rel}","templated":true}]}}