{"id":802,"date":"2016-05-11T21:56:00","date_gmt":"2016-05-12T00:56:00","guid":{"rendered":"http:\/\/movimentojb.org.br\/uncategorized\/obra-no-estacionamento-do-comercio-te\/"},"modified":"2016-05-11T21:56:00","modified_gmt":"2016-05-12T00:56:00","slug":"obra-no-estacionamento-do-comercio-te","status":"publish","type":"post","link":"https:\/\/www.mcjb.org.br\/portal\/noticias\/obra-no-estacionamento-do-comercio-te\/","title":{"rendered":"Obra no estacionamento do com\u00e9rcio tem in\u00edcio"},"content":{"rendered":"<div dir=\"ltr\" style=\"line-height: 1.38; margin-bottom: 0pt; margin-top: 0pt; text-align: right;\">\n<b>Da Reda\u00e7\u00e3o do MCJB &#8211; 11\/05\/2016<\/b><\/div>\n<table cellpadding=\"0\" cellspacing=\"0\" class=\"tr-caption-container\" style=\"float: left; margin-right: 1em; text-align: left;\">\n<tbody>\n<tr>\n<td style=\"text-align: center;\"><a href=\"https:\/\/4.bp.blogspot.com\/-dE_-Rx6FIqU\/VzOkYbmpQdI\/AAAAAAAADFY\/qR7Z7csea8AlfwoAm6IxxsKypqlEysviwCLcB\/s1600\/20160511_114443.jpg\" imageanchor=\"1\" style=\"clear: left; margin-bottom: 1em; margin-left: auto; margin-right: auto;\"><img fetchpriority=\"high\" decoding=\"async\" alt=\"Foto: Movimento Comunit\u00e1rio do Jardim Bot\u00e2nico\" border=\"0\" height=\"294\" src=\"http:\/\/movimentojb.org.br\/wp-content\/uploads\/2016\/05\/20160511_114443.jpg\" title=\"Presidente do Movimento, Rose Marques, recebe maquin\u00e1rio para in\u00edcio das obras do estacionamento do com\u00e9rcio com chefe de gabinete da Administra\u00e7\u00e3o do Jardim Bot\u00e2nico e t\u00e9cnicos do DER\" width=\"640\" \/><\/a><\/td>\n<\/tr>\n<tr>\n<td class=\"tr-caption\" style=\"text-align: center;\"><i><b>Presidente do Movimento, Rose Marques, recebe maquin\u00e1rio para in\u00edcio das obras com chefe de gabinete da Administra\u00e7\u00e3o do <br \/>Jardim Bot\u00e2nico, Francisco Normando (esq.) e t\u00e9cnicos do DER.<\/b><\/i><\/td>\n<\/tr>\n<\/tbody>\n<\/table>\n<div dir=\"ltr\" style=\"line-height: 1.38; margin-bottom: 0pt; margin-top: 0pt; text-align: right;\">\n<b><br \/><\/b><\/div>\n<div dir=\"ltr\" style=\"line-height: 1.38; margin-bottom: 0pt; margin-top: 0pt; text-align: justify;\">\nCom a chegada das m\u00e1quinas do DER, \u00e0s 11 horas desta quarta-feira, 11, a obra emergencial do estacionamento do com\u00e9rcio do Jardim Bot\u00e2nico tem in\u00edcio oficialmente. <\/p>\n<\/div>\n<div dir=\"ltr\" style=\"line-height: 1.38; margin-bottom: 0pt; margin-top: 0pt; text-align: justify;\">\nA demoli\u00e7\u00e3o do estacionamento, para nivelamento de todas as pistas irregulares, come\u00e7ar\u00e1 amanh\u00e3, 12. Mas as m\u00e1quinas j\u00e1 chegaram hoje. O superintendente de obras do DER, Cristiano Cavalcante, informou que a obra ser\u00e1 divida em dois blocos. O primeiro, &nbsp;na \u00e1rea entre o bal\u00e3o em frente ao posto policial da PM at\u00e9 a altura do Supermercado Santa Felicidade. O segundo, na continua\u00e7\u00e3o da obra, at\u00e9 o asfalto do estacionamento do Shopping Jardim Bot\u00e2nico. Por fim, depois de nivelado e asfaltado, o estacionamento receber\u00e1 a sinaliza\u00e7\u00e3o horizontal e vertical, com a pintura das vagas. <\/div>\n<p><b style=\"font-weight: normal;\"><br \/><\/b><br \/>\n<\/p>\n<div dir=\"ltr\" style=\"line-height: 1.38; margin-bottom: 0pt; margin-top: 0pt; text-align: justify;\">\n<a href=\"http:\/\/movimentojb.org.br\/uncategorized\/mapa-de-obra-emergencial-do\/\" imageanchor=\"1\" style=\"clear: left; float: left; margin-bottom: 1em; margin-right: 1em;\"><img decoding=\"async\" alt=\"Fonte: Movimento Comunit\u00e1rio do Jardim Bot\u00e2nico\" border=\"0\" height=\"93\" src=\"http:\/\/movimentojb.org.br\/wp-content\/uploads\/2016\/05\/mapa_obra_emerg._estac..jpg\" title=\"Clique para ampliar o mapa descritivo das obras emergenciais do estacionamento do com\u00e9rcio do Jardim Bot\u00e2nico\" width=\"200\" \/><\/a>Os comerciantes j\u00e1 come\u00e7aram a receber notifica\u00e7\u00f5es do fechamento provis\u00f3rio do estacionamento e o DER pediu a compreens\u00e3o da popula\u00e7\u00e3o para os eventuais transtornos que ser\u00e3o causados por esta obra. Segundo o superintendente, a previs\u00e3o \u00e9 que a obra dure de um a dois meses.&nbsp;<\/div>\n<div dir=\"ltr\" style=\"line-height: 1.38; margin-bottom: 0pt; margin-top: 0pt; text-align: justify;\">\n<\/div>\n<div dir=\"ltr\" style=\"line-height: 1.38; margin-bottom: 0pt; margin-top: 0pt; text-align: justify;\">\n<a href=\"https:\/\/3.bp.blogspot.com\/-Timf9I7QX4o\/VzOlr_NdXvI\/AAAAAAAADFg\/mUAiUhlT7IMj62qo2j6htNW0Tig00Mk5wCKgB\/s1600\/20160511_113850.jpg\" imageanchor=\"1\" style=\"clear: right; float: right; margin-bottom: 1em; margin-left: 1em;\"><img decoding=\"async\" alt=\"Foto: Movimento Comunit\u00e1rio do Jardim Bot\u00e2nico\" border=\"0\" height=\"134\" src=\"http:\/\/movimentojb.org.br\/wp-content\/uploads\/2016\/05\/20160511_113850.jpg\" style=\"cursor: move;\" title=\"Carros abandonados no estacionamento do com\u00e9rcio\" width=\"200\" \/><\/a>O engenheiro Roberto, que conduzir\u00e1 as obras, informou que uma dificuldade inicial j\u00e1 foi percebida. S\u00e3o os carros estacionados permanentemente no com\u00e9rcio e que precisam ser retirados. \u201cSolicitamos aos comerciantes que localizem os propriet\u00e1rios desses ve\u00edculos para retir\u00e1-los o mais breve poss\u00edvel e evitar mais atrasos\u201d. O DER j\u00e1 solicitou um guincho para lev\u00e1-los ao dep\u00f3sito do DETRAN, caso n\u00e3o sejam retirados pelos propriet\u00e1rios.<\/div>\n","protected":false},"excerpt":{"rendered":"<p>Da Reda\u00e7\u00e3o do MCJB &#8211; 11\/05\/2016 Presidente do Movimento, Rose Marques, recebe maquin\u00e1rio para in\u00edcio das obras com chefe de gabinete da Administra\u00e7\u00e3o do Jardim Bot\u00e2nico,<span class=\"excerpt-hellip\"> [\u2026]<\/span><\/p>\n","protected":false},"author":1,"featured_media":792,"comment_status":"open","ping_status":"open","sticky":false,"template":"","format":"standard","meta":{"_exactmetrics_skip_tracking":false,"_exactmetrics_sitenote_active":false,"_exactmetrics_sitenote_note":"","_exactmetrics_sitenote_category":0,"footnotes":"","jetpack_publicize_message":"","jetpack_publicize_feature_enabled":true,"jetpack_social_post_already_shared":true,"jetpack_social_options":{"image_generator_settings":{"template":"highway","default_image_id":0,"font":"","enabled":false},"version":2}},"categories":[36],"tags":[39,45,48],"class_list":["post-802","post","type-post","status-publish","format-standard","has-post-thumbnail","hentry","category-noticias","tag-gdf","tag-mobilidade","tag-noticias-comunitarias"],"jetpack_publicize_connections":[],"jetpack_featured_media_url":"","_links":{"self":[{"href":"https:\/\/www.mcjb.org.br\/portal\/wp-json\/wp\/v2\/posts\/802","targetHints":{"allow":["GET"]}}],"collection":[{"href":"https:\/\/www.mcjb.org.br\/portal\/wp-json\/wp\/v2\/posts"}],"about":[{"href":"https:\/\/www.mcjb.org.br\/portal\/wp-json\/wp\/v2\/types\/post"}],"author":[{"embeddable":true,"href":"https:\/\/www.mcjb.org.br\/portal\/wp-json\/wp\/v2\/users\/1"}],"replies":[{"embeddable":true,"href":"https:\/\/www.mcjb.org.br\/portal\/wp-json\/wp\/v2\/comments?post=802"}],"version-history":[{"count":0,"href":"https:\/\/www.mcjb.org.br\/portal\/wp-json\/wp\/v2\/posts\/802\/revisions"}],"wp:featuredmedia":[{"embeddable":true,"href":"https:\/\/www.mcjb.org.br\/portal\/wp-json\/wp\/v2\/posts\/792"}],"wp:attachment":[{"href":"https:\/\/www.mcjb.org.br\/portal\/wp-json\/wp\/v2\/media?parent=802"}],"wp:term":[{"taxonomy":"category","embeddable":true,"href":"https:\/\/www.mcjb.org.br\/portal\/wp-json\/wp\/v2\/categories?post=802"},{"taxonomy":"post_tag","embeddable":true,"href":"https:\/\/www.mcjb.org.br\/portal\/wp-json\/wp\/v2\/tags?post=802"}],"curies":[{"name":"wp","href":"https:\/\/api.w.org\/{rel}","templated":true}]}}