{"id":801,"date":"2016-05-12T11:55:00","date_gmt":"2016-05-12T14:55:00","guid":{"rendered":"http:\/\/movimentojb.org.br\/uncategorized\/agefis-manda-demolir\/"},"modified":"2016-05-12T11:55:00","modified_gmt":"2016-05-12T14:55:00","slug":"agefis-manda-demolir","status":"publish","type":"post","link":"https:\/\/www.mcjb.org.br\/portal\/noticias\/agefis-manda-demolir\/","title":{"rendered":"AGEFIS manda demolir"},"content":{"rendered":"<div style=\"text-align: right;\">\n<i><b>Da Reda\u00e7\u00e3o do MCJB &#8211; 12\/05\/2016<\/b><\/i><\/div>\n<table align=\"center\" cellpadding=\"0\" cellspacing=\"0\" class=\"tr-caption-container\" style=\"margin-left: auto; margin-right: auto; text-align: center;\">\n<tbody>\n<tr>\n<td style=\"text-align: center;\"><a href=\"https:\/\/3.bp.blogspot.com\/-kYtyWxSErmc\/VzRuJlOuFLI\/AAAAAAAADGU\/5pXaBwdVCfcsqqhxQb5Dar_zGYHNLb1dACLcB\/s1600\/Muro1.jpg\" imageanchor=\"1\" style=\"margin-left: auto; margin-right: auto;\"><img fetchpriority=\"high\" decoding=\"async\" alt=\"Foto: Rede Globo\" border=\"0\" height=\"197\" src=\"http:\/\/movimentojb.org.br\/wp-content\/uploads\/2016\/05\/Muro1-1.jpg\" title=\"Dona Lourdinha tem cinco dias para derrubar o muro, ou AGEFIS derrubar\u00e1 e mandar\u00e1 conta\" width=\"400\" \/><\/a><\/td>\n<\/tr>\n<tr>\n<td class=\"tr-caption\" style=\"text-align: center;\"><i>Dona Lourdinha tem cinco dias para derrubar o muro, ou AGEFIS derrubar\u00e1 e mandar\u00e1 conta<\/i><\/td>\n<\/tr>\n<\/tbody>\n<\/table>\n<div style=\"text-align: right;\">\n<i><b><br \/><\/b><\/i><\/div>\n<div style=\"text-align: justify;\">\n<i>Mulher que murou pra\u00e7a p\u00fablica no \u00faltimo domingo, 8, apropriando-se dos equipamentos de gin\u00e1stica, recebe notifica\u00e7\u00e3o da AGEFIS e tem prazo de 5 dias para demolir o muro.<\/i><\/div>\n<div style=\"text-align: justify;\">\n<\/div>\n<div style=\"text-align: justify;\">\nSe n\u00e3o derrubar, a AGEFIS far\u00e1 o servi\u00e7o e mandar\u00e1 a conta para Dona Lurdinha, como se identificou a mulher que se diz propriet\u00e1ria da \u00e1rea doada ao GDF pelo Condom\u00ednio Quintas Itaip\u00fa, a t\u00edtulo de compensa\u00e7\u00e3o ambiental. O governo transformou a \u00e1rea em pra\u00e7a e a dotou de banquinhos, pergolado e equipamentos de gin\u00e1stica, de forma que a comunidade pudesse usufruir.&nbsp;<\/div>\n<div style=\"text-align: justify;\">\n<a href=\"https:\/\/3.bp.blogspot.com\/-jTZJXLA_EnI\/VzRu4Ovls-I\/AAAAAAAADGc\/F1Fwp4gKNh02eDinx9O3e3ejLoHN0qwRwCLcB\/s1600\/Muro2.jpg\" imageanchor=\"1\" style=\"clear: right; float: right; margin-bottom: 1em; margin-left: 1em;\"><img decoding=\"async\" border=\"0\" height=\"200\" src=\"http:\/\/movimentojb.org.br\/wp-content\/uploads\/2016\/05\/Muro2-1.jpg\" width=\"151\" \/><\/a><\/div>\n<div style=\"text-align: justify;\">\nO caso movimentou a administra\u00e7\u00e3o regional, a pol\u00edcia e a comunidade. Na segunda-feira, a administra\u00e7\u00e3o regional confirmou tratar-se de \u00e1rea p\u00fablica e avisou a AGEFIS. Outras san\u00e7\u00f5es poder\u00e3o ser aplicadas, se Dona Lurdinha n\u00e3o atender a determina\u00e7\u00e3o do \u00f3rg\u00e3o do GDF. Ela corre o risco de o fato ser entendido como apropria\u00e7\u00e3o ind\u00e9bita de bem p\u00fablico.<\/div>\n<div style=\"text-align: justify;\">\n<\/div>\n<div style=\"text-align: justify;\">\nEssas pra\u00e7as eram chamadas de Ponto de Encontro Comunit\u00e1rio e s\u00e3o \u00e1reas p\u00fablicas de conviv\u00eancia e integra\u00e7\u00e3o comunit\u00e1ria. Relembre todo caso <a href=\"http:\/\/movimentojb.org.br\/uncategorized\/mulher-mura-praca-publica-no-jardi\/\" target=\"_blank\">aqui<\/a>.<\/div>\n","protected":false},"excerpt":{"rendered":"<p>Da Reda\u00e7\u00e3o do MCJB &#8211; 12\/05\/2016 Dona Lourdinha tem cinco dias para derrubar o muro, ou AGEFIS derrubar\u00e1 e mandar\u00e1 conta Mulher que murou pra\u00e7a p\u00fablica<span class=\"excerpt-hellip\"> [\u2026]<\/span><\/p>\n","protected":false},"author":1,"featured_media":789,"comment_status":"open","ping_status":"open","sticky":false,"template":"","format":"standard","meta":{"_exactmetrics_skip_tracking":false,"_exactmetrics_sitenote_active":false,"_exactmetrics_sitenote_note":"","_exactmetrics_sitenote_category":0,"footnotes":"","jetpack_publicize_message":"","jetpack_publicize_feature_enabled":true,"jetpack_social_post_already_shared":true,"jetpack_social_options":{"image_generator_settings":{"template":"highway","default_image_id":0,"font":"","enabled":false},"version":2}},"categories":[36],"tags":[48],"class_list":["post-801","post","type-post","status-publish","format-standard","has-post-thumbnail","hentry","category-noticias","tag-noticias-comunitarias"],"jetpack_publicize_connections":[],"jetpack_featured_media_url":"","_links":{"self":[{"href":"https:\/\/www.mcjb.org.br\/portal\/wp-json\/wp\/v2\/posts\/801","targetHints":{"allow":["GET"]}}],"collection":[{"href":"https:\/\/www.mcjb.org.br\/portal\/wp-json\/wp\/v2\/posts"}],"about":[{"href":"https:\/\/www.mcjb.org.br\/portal\/wp-json\/wp\/v2\/types\/post"}],"author":[{"embeddable":true,"href":"https:\/\/www.mcjb.org.br\/portal\/wp-json\/wp\/v2\/users\/1"}],"replies":[{"embeddable":true,"href":"https:\/\/www.mcjb.org.br\/portal\/wp-json\/wp\/v2\/comments?post=801"}],"version-history":[{"count":0,"href":"https:\/\/www.mcjb.org.br\/portal\/wp-json\/wp\/v2\/posts\/801\/revisions"}],"wp:featuredmedia":[{"embeddable":true,"href":"https:\/\/www.mcjb.org.br\/portal\/wp-json\/wp\/v2\/posts\/789"}],"wp:attachment":[{"href":"https:\/\/www.mcjb.org.br\/portal\/wp-json\/wp\/v2\/media?parent=801"}],"wp:term":[{"taxonomy":"category","embeddable":true,"href":"https:\/\/www.mcjb.org.br\/portal\/wp-json\/wp\/v2\/categories?post=801"},{"taxonomy":"post_tag","embeddable":true,"href":"https:\/\/www.mcjb.org.br\/portal\/wp-json\/wp\/v2\/tags?post=801"}],"curies":[{"name":"wp","href":"https:\/\/api.w.org\/{rel}","templated":true}]}}