{"id":7985,"date":"2020-04-27T19:15:19","date_gmt":"2020-04-27T19:15:19","guid":{"rendered":"http:\/\/www.mcjb.org.br\/portal\/?p=7985"},"modified":"2020-04-28T18:27:21","modified_gmt":"2020-04-28T18:27:21","slug":"confira-onde-sera-o-drive-thru-de-testagem-para-covid-19-na-regiao","status":"publish","type":"post","link":"https:\/\/www.mcjb.org.br\/portal\/noticias\/confira-onde-sera-o-drive-thru-de-testagem-para-covid-19-na-regiao\/","title":{"rendered":"Confira onde ser\u00e1 o &#8216;Drive-Thru de testagem para Covid-19&#8217; na regi\u00e3o"},"content":{"rendered":"<p style=\"text-align: right;\"><span style=\"font-family: 'trebuchet ms', geneva, sans-serif; font-size: 10pt;\"><i><span style=\"font-weight: 400;\">Com informa\u00e7\u00f5es da<\/span><\/i><a href=\"https:\/\/agenciabrasil.ebc.com.br\/saude\/noticia\/2020-04\/df-amplia-numero-de-pontos-para-testagem-de-covid-19\"> <i><span style=\"font-weight: 400;\">Ag\u00eancia Bras\u00edlia<\/span><\/i><\/a><\/span><\/p>\n<p style=\"text-align: justify;\"><span style=\"font-family: 'trebuchet ms', geneva, sans-serif;\"><i><span style=\"font-weight: 400;\">O Drive-Thru de testagem para novo coronav\u00edrus (covid-19) j\u00e1 est\u00e1 funcionando! O mesmo sistema foi utilizado durante a campanha de vacina\u00e7\u00e3o contra a gripe no DF (<\/span><\/i><a href=\"http:\/\/www.mcjb.org.br\/portal\/noticias\/jardim-botanico-tera-dois-pontos-de-vacinacao-contra-a-gripe-saiba-quais-sao\/\"><i><span style=\"font-weight: 400;\">confira aqui<\/span><\/i><\/a><i><span style=\"font-weight: 400;\">). Para evitar aglomera\u00e7\u00f5es e reduzir o tempo de espera, \u00e9 necess\u00e1rio realizar um agendamento virtual (<\/span><\/i><a href=\"https:\/\/sistemas.df.gov.br\/mteste\/\"><i><span style=\"font-weight: 400;\">confira aqui<\/span><\/i><\/a><i><span style=\"font-weight: 400;\">)<\/span><\/i><\/span><\/p>\n<p style=\"text-align: justify;\"><span style=\"font-weight: 400; font-family: 'trebuchet ms', geneva, sans-serif;\">Os atendimentos ser\u00e3o feitos das 08h00 \u00e0s 17h00 em pontos espec\u00edficos das regi\u00f5es administrativas do DF. Quem mora no Lago Sul, S\u00e3o Sebasti\u00e3o, Itapo\u00e3, Parano\u00e1, Jardim Bot\u00e2nico e Jardins Mangueiral ser\u00e1 atendido na Par\u00f3quia S\u00e3o Pedro de Alc\u00e2ntara, localizada no Setor de Habita\u00e7\u00f5es Individuais Sul EQI 7\/9, do Lago Sul.<\/span><\/p>\n<p style=\"text-align: justify;\"><img fetchpriority=\"high\" decoding=\"async\" class=\"alignnone wp-image-7986 size-large\" src=\"http:\/\/www.mcjb.org.br\/portal\/wp-content\/uploads\/2020\/04\/mapa-1024x673.jpg\" alt=\"\" width=\"1024\" height=\"673\" srcset=\"https:\/\/www.mcjb.org.br\/portal\/wp-content\/uploads\/2020\/04\/mapa-1024x673.jpg 1024w, https:\/\/www.mcjb.org.br\/portal\/wp-content\/uploads\/2020\/04\/mapa-300x197.jpg 300w, https:\/\/www.mcjb.org.br\/portal\/wp-content\/uploads\/2020\/04\/mapa-768x505.jpg 768w, https:\/\/www.mcjb.org.br\/portal\/wp-content\/uploads\/2020\/04\/mapa-222x146.jpg 222w, https:\/\/www.mcjb.org.br\/portal\/wp-content\/uploads\/2020\/04\/mapa-50x33.jpg 50w, https:\/\/www.mcjb.org.br\/portal\/wp-content\/uploads\/2020\/04\/mapa-114x75.jpg 114w, https:\/\/www.mcjb.org.br\/portal\/wp-content\/uploads\/2020\/04\/mapa-600x394.jpg 600w, https:\/\/www.mcjb.org.br\/portal\/wp-content\/uploads\/2020\/04\/mapa.jpg 1254w\" sizes=\"(max-width: 1024px) 100vw, 1024px\" \/><\/p>\n<p style=\"text-align: justify;\"><span style=\"font-weight: 400; font-family: 'trebuchet ms', geneva, sans-serif;\">A Secretaria recomenda que as pessoas que se deslocarem para fazer os exames devem usar m\u00e1scaras faciais desde a sa\u00edda do domic\u00edlio, e que cada carro tenha, no m\u00e1ximo, quatro pessoas.<\/span><\/p>\n<p style=\"text-align: justify;\"><span style=\"font-family: 'trebuchet ms', geneva, sans-serif;\"><b>Quem deve realizar o agendamento?<\/b><\/span><\/p>\n<p style=\"text-align: justify;\"><span style=\"font-family: 'trebuchet ms', geneva, sans-serif;\"><span style=\"font-weight: 400;\">Ser\u00e3o testadas apenas pessoas que apresentam sintomas da doen\u00e7a. Aqueles que apresentarem sintomas mais intensos t\u00eam a possibilidade de realizar o exame por meio da coleta de material da garganta e do nariz com um cotonete (<\/span><i><span style=\"font-weight: 400;\">swab<\/span><\/i><span style=\"font-weight: 400;\">), cujo resultado sai em at\u00e9 48 horas.<\/span><\/span><\/p>\n<p style=\"text-align: justify;\"><span style=\"font-weight: 400; font-family: 'trebuchet ms', geneva, sans-serif;\">Casos considerados mais graves poder\u00e3o ser encaminhados ao Hospital Regional da Asa Norte (Hran), unidade de refer\u00eancia para atendimentos.\u00a0<\/span><\/p>\n<p style=\"text-align: justify;\"><span style=\"font-family: 'trebuchet ms', geneva, sans-serif;\"><i><span style=\"font-weight: 400;\">Fonte:<\/span><\/i><a href=\"https:\/\/agenciabrasil.ebc.com.br\/saude\/noticia\/2020-04\/df-amplia-numero-de-pontos-para-testagem-de-covid-19\"> <i><span style=\"font-weight: 400;\">Ag\u00eancia Bras\u00edlia<\/span><\/i><\/a><\/span><\/p>\n<p style=\"text-align: justify;\">\n","protected":false},"excerpt":{"rendered":"<p>O Drive-Thru de testagem para novo coronav\u00edrus (covid-19) j\u00e1 est\u00e1 funcionando! Os atendimentos ser\u00e3o feitos das 08h00 \u00e0s 17h00.  \u00c9 necess\u00e1rio agendar antes.  <\/p>\n","protected":false},"author":1,"featured_media":7987,"comment_status":"open","ping_status":"open","sticky":false,"template":"","format":"standard","meta":{"_exactmetrics_skip_tracking":false,"_exactmetrics_sitenote_active":false,"_exactmetrics_sitenote_note":"","_exactmetrics_sitenote_category":0,"footnotes":"","jetpack_publicize_message":"","jetpack_publicize_feature_enabled":true,"jetpack_social_post_already_shared":true,"jetpack_social_options":{"image_generator_settings":{"template":"highway","default_image_id":0,"font":"","enabled":false},"version":2}},"categories":[36,16],"tags":[566,496,523,562,20,186,565,567,489,564,563],"class_list":["post-7985","post","type-post","status-publish","format-standard","has-post-thumbnail","hentry","category-noticias","category-slider","tag-atendimentos","tag-coronavirus","tag-covid-19","tag-drive-thru","tag-jardim-botanico","tag-lago-sul","tag-mascaras","tag-regiao-administrativa","tag-ses-df","tag-testagem","tag-teste"],"jetpack_publicize_connections":[],"jetpack_featured_media_url":"https:\/\/www.mcjb.org.br\/portal\/wp-content\/uploads\/2020\/04\/Foto_-Ag\u00eancia-Bras\u00edlia.jpg","_links":{"self":[{"href":"https:\/\/www.mcjb.org.br\/portal\/wp-json\/wp\/v2\/posts\/7985","targetHints":{"allow":["GET"]}}],"collection":[{"href":"https:\/\/www.mcjb.org.br\/portal\/wp-json\/wp\/v2\/posts"}],"about":[{"href":"https:\/\/www.mcjb.org.br\/portal\/wp-json\/wp\/v2\/types\/post"}],"author":[{"embeddable":true,"href":"https:\/\/www.mcjb.org.br\/portal\/wp-json\/wp\/v2\/users\/1"}],"replies":[{"embeddable":true,"href":"https:\/\/www.mcjb.org.br\/portal\/wp-json\/wp\/v2\/comments?post=7985"}],"version-history":[{"count":3,"href":"https:\/\/www.mcjb.org.br\/portal\/wp-json\/wp\/v2\/posts\/7985\/revisions"}],"predecessor-version":[{"id":7995,"href":"https:\/\/www.mcjb.org.br\/portal\/wp-json\/wp\/v2\/posts\/7985\/revisions\/7995"}],"wp:featuredmedia":[{"embeddable":true,"href":"https:\/\/www.mcjb.org.br\/portal\/wp-json\/wp\/v2\/media\/7987"}],"wp:attachment":[{"href":"https:\/\/www.mcjb.org.br\/portal\/wp-json\/wp\/v2\/media?parent=7985"}],"wp:term":[{"taxonomy":"category","embeddable":true,"href":"https:\/\/www.mcjb.org.br\/portal\/wp-json\/wp\/v2\/categories?post=7985"},{"taxonomy":"post_tag","embeddable":true,"href":"https:\/\/www.mcjb.org.br\/portal\/wp-json\/wp\/v2\/tags?post=7985"}],"curies":[{"name":"wp","href":"https:\/\/api.w.org\/{rel}","templated":true}]}}