{"id":781,"date":"2016-04-08T03:00:00","date_gmt":"2016-04-08T06:00:00","guid":{"rendered":"http:\/\/movimentojb.org.br\/uncategorized\/editorial-jardim-botanico-justica-ou\/"},"modified":"2016-04-08T03:00:00","modified_gmt":"2016-04-08T06:00:00","slug":"editorial-jardim-botanico-justica-ou","status":"publish","type":"post","link":"https:\/\/www.mcjb.org.br\/portal\/colunas-e-artigos\/editorial-jardim-botanico-justica-ou\/","title":{"rendered":"ARTIGO: Jardim Bot\u00e2nico, por uma quest\u00e3o de justi\u00e7a"},"content":{"rendered":"<div style=\"text-align: right;\"><span style=\"font-family: 'trebuchet ms', geneva, sans-serif; font-size: 8pt;\"><strong><i>Por Rose Marques &#8211; Presidente do Movimento Comunit\u00e1rio do Jardim Bot\u00e2nico &#8211; 07\/04\/2016<\/i><\/strong><\/span><\/div>\n<div class=\"separator\" style=\"clear: both; text-align: justify;\"><span style=\"font-family: 'trebuchet ms', geneva, sans-serif; font-size: 14pt;\"><a style=\"clear: left; float: left; margin-bottom: 1em; margin-right: 1em;\" href=\"https:\/\/2.bp.blogspot.com\/-tlJC4VJywiw\/Vwcdt5jMd2I\/AAAAAAAACvo\/XGU9dWmggaIf0xydGc-sSED8Wg44CnnZw\/s1600\/woman-in-politics7.jpg\"><img fetchpriority=\"high\" decoding=\"async\" title=\"Jardim Bot\u00e2nico, justi\u00e7a ou injusti\u00e7a social?\" src=\"http:\/\/movimentojb.org.br\/wp-content\/uploads\/2016\/04\/woman-in-politics7.jpg\" alt=\"Movimento Comunit\u00e1rio do Jardim Bot\u00e2nico\" width=\"320\" height=\"287\" border=\"0\" \/><\/a><\/span><\/div>\n<div class=\"MsoNormal\" style=\"text-align: justify;\"><\/div>\n<div class=\"MsoNormal\" style=\"text-align: justify;\"><span style=\"font-family: 'trebuchet ms', geneva, sans-serif; font-size: 14pt;\">Poucas regi\u00f5es do mundo t\u00eam caracter\u00edsticas geogr\u00e1ficas e urban\u00edsticas como a Regi\u00e3o Administrativa do Jardim Bot\u00e2nico, ou seja, micro comunidades organizadas, na maioria com gest\u00e3o democr\u00e1tica e independ\u00eancia administrativa intramuros. Condom\u00ednios mais organizados e com bons gestores conquistaram uma invej\u00e1vel qualidade de vida urbana que hoje \u00e9 desejada pelas classes mais elevadas.<\/span><\/div>\n<div class=\"MsoNormal\" style=\"text-align: justify;\"><span style=\"font-family: 'trebuchet ms', geneva, sans-serif; font-size: 14pt;\">\u00a0<\/span><\/div>\n<div class=\"MsoNormal\" style=\"text-align: justify;\"><span style=\"font-family: 'trebuchet ms', geneva, sans-serif; font-size: 14pt;\">Atualmente, a comunidade do Jardim Bot\u00e2nico concentra as fam\u00edlias com maior renda <i>per capita<\/i> do DF, segundo a CODEPLAN, \u00f3rg\u00e3o do GDF respons\u00e1vel pela pesquisa de domic\u00edlios. Tamb\u00e9m \u00e9 a comunidade com maior n\u00famero <i>per capita<\/i> de pessoas com mestrado, doutorado e p\u00f3s doutorado, ou seja, grande formadora de opini\u00e3o. Sua popula\u00e7\u00e3o \u00e9 heterog\u00eanea, com pessoas bem pobres nas \u00e1reas fronteiri\u00e7as \u00e0 S\u00e3o Sebasti\u00e3o, e bem ricas, em alguns dos muitos condom\u00ednios horizontais.<\/span><\/div>\n<div class=\"MsoNormal\" style=\"text-align: justify;\"><span style=\"font-family: 'trebuchet ms', geneva, sans-serif; font-size: 14pt;\">\u00a0<\/span><\/div>\n<div class=\"MsoNormal\" style=\"text-align: justify;\"><span style=\"font-family: 'trebuchet ms', geneva, sans-serif; font-size: 14pt;\">Tem sido, e ainda \u00e9, estigmatizada como \u201cterra de grileiros\u201d, apesar de ter mais de 70% de suas resid\u00eancias e com\u00e9rcio em \u00e1reas comprovadamente particulares, ou j\u00e1 regularizadas junto ao governo, diferentemente de outras RA\u2019s, \u00a0que n\u00e3o chegam a 50%. \u00c9 tamb\u00e9m a comunidade que mais paga impostos <i>per capita<\/i> do DF e que tem o menor retorno do investimento que faz no governo. <b>N\u00e3o tem escolas, posto de sa\u00fade, bombeiros, batalh\u00e3o de pol\u00edcia, delegacia, nenhum equipamento p\u00fablico<\/b>. Tamb\u00e9m n\u00e3o participa das campanhas de governo e, para ser atendida pelo poder p\u00fablico, precisa se submeter aos vizinhos, principalmente S\u00e3o Sebasti\u00e3o e Lago Sul.<\/span><\/div>\n<div class=\"MsoNormal\" style=\"text-align: justify;\"><span style=\"font-family: 'trebuchet ms', geneva, sans-serif; font-size: 14pt;\">\u00a0<\/span><\/div>\n<div class=\"MsoNormal\" style=\"text-align: justify;\"><span style=\"font-family: 'trebuchet ms', geneva, sans-serif; font-size: 14pt;\">Sua Administra\u00e7\u00e3o Regional est\u00e1 praticamente inativa, apesar do esfor\u00e7o dos poucos servidores e do atual administrador interino que responde pela RA do Lago Sul. Processos administrativos est\u00e3o atrasados, sua sede est\u00e1 alocada de favor em um pr\u00e9dio da regi\u00e3o e n\u00e3o param de aumentar reclama\u00e7\u00f5es. Dentro deste contexto a\u00a0 comunidade resolveu se unir para, por si mesma, tentar resolver alguns de seus problemas, algo que at\u00e9 ent\u00e3o nunca tinha feito.<\/span><\/div>\n<div class=\"MsoNormal\" style=\"text-align: justify;\"><\/div>\n<div class=\"MsoNormal\" style=\"text-align: justify;\"><span style=\"font-family: 'trebuchet ms', geneva, sans-serif; font-size: 14pt;\">Surge o Movimento Comunit\u00e1rio do Jardim Bot\u00e2nico, ou <b><i>Movimento<\/i><\/b>, como ficou conhecido.\u00a0O <b><i>Movimento<\/i><\/b> \u00e9 uma associa\u00e7\u00e3o j\u00e1 estabelecida como Organiza\u00e7\u00e3o da Sociedade Civil de Interesse P\u00fablico (OSCIP), sem fins econ\u00f4micos, de direito privado, apartid\u00e1rio, com autonomia administrativa e financeira, que tem suas contas divulgadas publicamente e auditadas pelo Minist\u00e9rio da Justi\u00e7a, diferentemente da maioria das institui\u00e7\u00f5es de Terceiro Setor. Nasceu no in\u00edcio de 2015, fruto de reuni\u00f5es comunit\u00e1rias, as quais revelaram o senso de unidade de alguns moradores e das principais lideran\u00e7as comunit\u00e1rias da Regi\u00e3o, entre s\u00edndicos dos principais condom\u00ednios,<\/span><br \/>\n<span style=\"font-family: 'trebuchet ms', geneva, sans-serif; font-size: 14pt;\"> diretores de cooperativas habitacionais, presidentes de Associa\u00e7\u00f5es e empres\u00e1rios.\u00a0<\/span><\/div>\n<div class=\"MsoNormal\" style=\"text-align: justify;\"><span style=\"font-family: 'trebuchet ms', geneva, sans-serif; font-size: 14pt;\">\u00a0<\/span><\/div>\n<div class=\"MsoNormal\" style=\"text-align: justify;\"><span style=\"font-family: 'trebuchet ms', geneva, sans-serif; font-size: 14pt;\">O objetivo era combater a situa\u00e7\u00e3o de abandono imputada pelo novo governo que se formava.\u00a0 Desta unidade e da percep\u00e7\u00e3o de sua pr\u00f3pria for\u00e7a comunit\u00e1ria, o movimento comunit\u00e1rio se institucionalizou em setembro de 2015 e se transformou em Movimento, com \u201cM\u201d mai\u00fasculo. Sua proposta b\u00e1sica \u00e9 integrar a comunidade do bairro, organizar as demandas comunit\u00e1rias e, principalmente, viabilizar mecanismo pr\u00f3prios de solu\u00e7\u00f5es dos problemas da comunidade.<\/span><\/div>\n<div class=\"MsoNormal\" style=\"text-align: justify;\"><span style=\"font-family: 'trebuchet ms', geneva, sans-serif; font-size: 14pt;\">\u00a0<\/span><\/div>\n<div class=\"MsoNormal\" style=\"text-align: justify;\"><span style=\"font-family: 'trebuchet ms', geneva, sans-serif; font-size: 14pt;\">Atualmente, tem protagonizado a\u00e7\u00f5es de signific\u00e2ncia para a comunidade, mobilizado a imprensa para registrar os principais problemas da cidade e organizado eventos. Criou seu pr\u00f3prio <a href=\"https:\/\/www.blogger.com\/null\" name=\"_GoBack\"><\/a>jornal comunit\u00e1rio e j\u00e1 prepara a\u00e7\u00f5es objetivando estimular o empreendedorismo. Com isso, vem se consolidando como leg\u00edtima representa\u00e7\u00e3o da comunidade do Jardim Bot\u00e2nico, alternativa para solu\u00e7\u00e3o dos muitos problemas da gest\u00e3o p\u00fablica.\u00a0<\/span><\/div>\n<div class=\"MsoNormal\" style=\"text-align: justify;\"><span style=\"font-family: 'trebuchet ms', geneva, sans-serif; font-size: 14pt;\">\u00a0<\/span><\/div>\n<div class=\"MsoNormal\" style=\"text-align: justify;\"><span style=\"font-family: 'trebuchet ms', geneva, sans-serif; font-size: 14pt;\">O trabalho atual \u00e9 desenvolvido na esperan\u00e7a de que os gestores do atual governo voltem seus olhares para essa regi\u00e3o que, apesar de rica pagadora de impostos para o DF, \u00e9 a mais pobre de a\u00e7\u00f5es p\u00fablicas e retorno do seu investimento no Estado.<\/span><\/div>\n","protected":false},"excerpt":{"rendered":"<p>Por Rose Marques &#8211; Presidente do Movimento Comunit\u00e1rio do Jardim Bot\u00e2nico &#8211; 07\/04\/2016 Poucas regi\u00f5es do mundo t\u00eam caracter\u00edsticas geogr\u00e1ficas e urban\u00edsticas como a Regi\u00e3o Administrativa<span class=\"excerpt-hellip\"> [\u2026]<\/span><\/p>\n","protected":false},"author":1,"featured_media":0,"comment_status":"open","ping_status":"open","sticky":false,"template":"","format":"standard","meta":{"_exactmetrics_skip_tracking":false,"_exactmetrics_sitenote_active":false,"_exactmetrics_sitenote_note":"","_exactmetrics_sitenote_category":0,"footnotes":"","jetpack_publicize_message":"","jetpack_publicize_feature_enabled":true,"jetpack_social_post_already_shared":true,"jetpack_social_options":{"image_generator_settings":{"template":"highway","default_image_id":0,"font":"","enabled":false},"version":2}},"categories":[90],"tags":[20,43],"class_list":["post-781","post","type-post","status-publish","format-standard","hentry","category-colunas-e-artigos","tag-jardim-botanico","tag-mcjb"],"jetpack_publicize_connections":[],"jetpack_featured_media_url":"","_links":{"self":[{"href":"https:\/\/www.mcjb.org.br\/portal\/wp-json\/wp\/v2\/posts\/781","targetHints":{"allow":["GET"]}}],"collection":[{"href":"https:\/\/www.mcjb.org.br\/portal\/wp-json\/wp\/v2\/posts"}],"about":[{"href":"https:\/\/www.mcjb.org.br\/portal\/wp-json\/wp\/v2\/types\/post"}],"author":[{"embeddable":true,"href":"https:\/\/www.mcjb.org.br\/portal\/wp-json\/wp\/v2\/users\/1"}],"replies":[{"embeddable":true,"href":"https:\/\/www.mcjb.org.br\/portal\/wp-json\/wp\/v2\/comments?post=781"}],"version-history":[{"count":0,"href":"https:\/\/www.mcjb.org.br\/portal\/wp-json\/wp\/v2\/posts\/781\/revisions"}],"wp:attachment":[{"href":"https:\/\/www.mcjb.org.br\/portal\/wp-json\/wp\/v2\/media?parent=781"}],"wp:term":[{"taxonomy":"category","embeddable":true,"href":"https:\/\/www.mcjb.org.br\/portal\/wp-json\/wp\/v2\/categories?post=781"},{"taxonomy":"post_tag","embeddable":true,"href":"https:\/\/www.mcjb.org.br\/portal\/wp-json\/wp\/v2\/tags?post=781"}],"curies":[{"name":"wp","href":"https:\/\/api.w.org\/{rel}","templated":true}]}}