{"id":721,"date":"2015-11-22T20:21:00","date_gmt":"2015-11-22T22:21:00","guid":{"rendered":"http:\/\/movimentojb.org.br\/uncategorized\/seguranca-publica-e-sociedade-posse-das\/"},"modified":"2015-11-22T20:21:00","modified_gmt":"2015-11-22T22:21:00","slug":"seguranca-publica-e-sociedade-posse-das","status":"publish","type":"post","link":"https:\/\/www.mcjb.org.br\/portal\/seguranca\/seguranca-publica-e-sociedade-posse-das\/","title":{"rendered":"SEGURAN\u00c7A P\u00daBLICA E SOCIEDADE: posse das diretorias dos Conselhos Comunit\u00e1rios de Seguran\u00e7a inaugura pol\u00edtica de intera\u00e7\u00e3o"},"content":{"rendered":"<div style=\"text-align: right;\">\n<b><i>Da Reda\u00e7\u00e3o do MCJB &#8211; 22\/11\/2015<\/i><\/b><\/div>\n<div>\n<\/div>\n<div>\n<div dir=\"ltr\" style=\"line-height: 1.38; margin-bottom: 0pt; margin-top: 0pt; text-align: justify;\">\n<i>Acontecer\u00e1 no dia 25 de novembro de 2015, a partir das 10:00, no Centro de Conven\u00e7\u00f5es Ulysses Guimar\u00e3es, a Cerim\u00f4nia de diploma\u00e7\u00e3o das novas Diretorias para o bi\u00eanio 2015-2017, com a participa\u00e7\u00e3o do Governador Rodrigo Rollemberg. A posse faz parte da programa\u00e7\u00e3o do F\u00f3rum Preparat\u00f3rio da Confer\u00eancia Distrital de Seguran\u00e7a P\u00fablica, (Programa\u00e7\u00e3o completa).<\/i><\/div>\n<div dir=\"ltr\" style=\"line-height: 1.38; margin-bottom: 0pt; margin-top: 0pt; text-align: justify;\">\n<i><br \/><\/i><\/div>\n<div style=\"text-align: justify;\">\n<img decoding=\"async\" alt=\"conseg.jpg\" height=\"263px;\" src=\"https:\/\/lh3.googleusercontent.com\/4-b-I3sjT9skMqHAOfsqKvEgI-P0whLjOpAmB8cRClAKGLKutTc4jGN12FBK0AbczNaJgQWF2c61_rnklc0JGsXEkjDsinraQRw2n6EX084-aJ3PsaZ0Wkpbjpy5RTJXxlHZPnYA\" style=\"border: none; transform: rotate(0rad);\" width=\"245px;\" \/><\/div>\n<div dir=\"ltr\" style=\"line-height: 1.38; margin-bottom: 0pt; margin-top: 0pt; text-align: justify;\">\nOs Conselhos Comunit\u00e1rios de Seguran\u00e7a das Regi\u00f5es Administrativas s\u00e3o inst\u00e2ncias estrat\u00e9gicas para a implanta\u00e7\u00e3o da principal pol\u00edtica de seguran\u00e7a do atual governo, o <a href=\"http:\/\/vivabrasilia.ssp.df.gov.br\/\" style=\"text-decoration: none;\">Viva Bras\u00edlia &#8211; nosso Pacto pela vida<\/a>, pois representa o meio predominante para o cidad\u00e3o contribuir com as a\u00e7\u00f5es de seguran\u00e7a de sua regi\u00e3o. Atrav\u00e9s de reuni\u00f5es mensais, das quais participam representantes da Pol\u00edcia Militar, Civil, Bombeiros, Detran, Defesa Civil, Agefis, Administra\u00e7\u00e3o Regional, os membros da comunidade podem apresentar suas demandas. Os \u00f3rg\u00e3os respons\u00e1veis precisam acolher e resolver os problemas apresentados at\u00e9 a pr\u00f3xima reuni\u00e3o, quando ser\u00e1 prestado contas acerca das solu\u00e7\u00f5es. Em caso de pend\u00eancia, a quest\u00e3o ser\u00e1 encaminhada ao representante superior do \u00f3rg\u00e3o afim. E assim, sucessivamente, podendo chegar at\u00e9 o Governador.<\/div>\n<div style=\"text-align: justify;\">\n<\/div>\n<div dir=\"ltr\" style=\"line-height: 1.38; margin-bottom: 0pt; margin-top: 0pt; text-align: justify;\">\nPara o Jardim Bot\u00e2nico, essa rotina de reuni\u00f5es ser\u00e1 novidade, pois \u00e9 a primeira vez que se elege um Conselho de Seguran\u00e7a no bairro. <\/div>\n<div style=\"text-align: justify;\">\n<\/div>\n<div dir=\"ltr\" style=\"line-height: 1.38; margin-bottom: 0pt; margin-top: 0pt; text-align: justify;\">\nOs problemas acumulados no Jardim Bot\u00e2nico fizeram as estat\u00edsticas da Secretaria de Seguran\u00e7a sobre criminalidade subir (para relembrar clique <a href=\"http:\/\/movimentojb.org.br\/uncategorized\/crimnalidade-cresce-300-no-jardi\/\" style=\"text-decoration: none;\">aqui<\/a>) e represaram as demandas que ir\u00e3o para o Conseg. A comunidade quer a aten\u00e7\u00e3o das autoridades para o cen\u00e1rio de criminalidade que pesa sobre &nbsp;a regi\u00e3o, a mesma que os \u00f3rg\u00e3os p\u00fablicos consideravam a Regi\u00e3o Administrativa mais segura do DF.&nbsp;<\/div>\n<div dir=\"ltr\" style=\"line-height: 1.38; margin-bottom: 0pt; margin-top: 0pt; text-align: justify;\">\n<\/div>\n<div dir=\"ltr\" style=\"line-height: 1.38; margin-bottom: 0pt; margin-top: 0pt; text-align: justify;\">\nA participa\u00e7\u00e3o no evento de posse das Diretorias dos Conselhos \u00e9 aberta a toda a comunidade e a presen\u00e7a de todos pode ser o marco inicial da nova pol\u00edtica de seguran\u00e7a p\u00fablica, baseada na intera\u00e7\u00e3o com a sociedade.<\/div>\n<div style=\"font-family: Arial, Helvetica, sans-serif; font-size: x-large; text-align: justify;\">\n<\/div>\n<div>\n<div style=\"line-height: normal; text-align: start;\">\n______________________________<\/div>\n<div dir=\"ltr\" style=\"line-height: 1.38; margin-bottom: 0pt; margin-top: 0pt;\">\n<\/div>\n<div style=\"font-size: x-large;\">\n<\/div>\n<div style=\"line-height: 22.08px;\">\n<i style=\"font-family: Arial, Helvetica, sans-serif; line-height: 1.38;\"><b>Veja tamb\u00e9m<\/b><\/i>:<\/div>\n<p><i>=&gt; <a href=\"http:\/\/movimentojb.org.br\/uncategorized\/stf-considera-legal-lei-sobre\/\">STF considera legal Lei sobre condom\u00ednios fechados no DF<\/a><br \/>=&gt; <a href=\"http:\/\/movimentojb.org.br\/uncategorized\/movimento-comunitario-do-jardi-2\/\">Movimento Comunit\u00e1rio do Jardim Bot\u00e2nico: tempo de planejamento!<\/a><br \/>=&gt; <a href=\"http:\/\/movimentojb.org.br\/uncategorized\/greve-prejudica-andamento-de-obras-no\/\">Greve prejudica andamento de obras no Jardim Bot\u00e2nico<\/a><br \/>=&gt; <a href=\"http:\/\/movimentojb.org.br\/uncategorized\/mobilidade-em-alta-melhora-servico-de\/\">Mobilidade em alta: melhora servi\u00e7o de \u00f4nibus no Jardim Bot\u00e2nico<\/a><br \/>=&gt; <a href=\"http:\/\/movimentojb.org.br\/uncategorized\/rollemberg-insiste-em-extinguir\/\">Rollemberg insiste em extinguir a regional Jardim Bot\u00e2nico<\/a> <br \/>=&gt; <a href=\"http:\/\/movimentojb.org.br\/uncategorized\/movimento-e-der-iniciam-parceria-para\/\">Movimento e DER iniciam parceria para obras no Jardim Bot\u00e2nico<\/a> <br \/>=&gt; <a href=\"http:\/\/movimentojb.org.br\/uncategorized\/a-terra-e-do-verde\/\">A terra \u00e9 do Verde<\/a> <br \/>=&gt; <a href=\"http:\/\/movimentojb.org.br\/uncategorized\/editorial-nao-basta-reclamar-tem-que\/\">EDITORIAL: \u200bN\u00e3o basta reclamar, tem que ser participante<\/a> <br \/>=&gt; <a href=\"http:\/\/movimentojb.org.br\/uncategorized\/dftrans-promete-acompanhar-e-fiscalizar\/\">DFTRANS promete acompanhar e fiscalizar linhas de \u00f4nibus <\/a><br \/>=&gt; <a href=\"http:\/\/movimentojb.org.br\/uncategorized\/nasce-um-gigante\/\">Nasce um gigante!<\/a><br \/>=&gt; <a href=\"http:\/\/movimentojb.org.br\/uncategorized\/conseg-do-jardim-botanico-e-aclamado\/\">CONSEG do Jardim Bot\u00e2nico \u00e9 aclamado; posse, em novembro<\/a>.<br \/>=&gt; <a href=\"http:\/\/movimentojb.org.br\/uncategorized\/invasoes-na-vizinhanca-do-jardi\/\">Invas\u00f5es na vizinhan\u00e7a do Jardim Bot\u00e2nico se multiplicam<\/a><br \/>=&gt; <a href=\"http:\/\/movimentojb.org.br\/uncategorized\/secretaria-de-seguranca-do-df-reune\/\">Forma\u00e7\u00e3o do Conselho de Seguran\u00e7a do Jardim Bot\u00e2nico<\/a><\/i><\/p>\n<div style=\"font-family: 'Times New Roman'; font-size: medium;\">\n______________________________<\/div>\n<\/div>\n<div style=\"font-family: Arial, Helvetica, sans-serif; font-size: x-large; text-align: justify;\">\n<\/div>\n<div style=\"text-align: justify;\">\n<\/div>\n<\/div>\n","protected":false},"excerpt":{"rendered":"<p>Da Reda\u00e7\u00e3o do MCJB &#8211; 22\/11\/2015 Acontecer\u00e1 no dia 25 de novembro de 2015, a partir das 10:00, no Centro de Conven\u00e7\u00f5es Ulysses Guimar\u00e3es, a Cerim\u00f4nia<span class=\"excerpt-hellip\"> [\u2026]<\/span><\/p>\n","protected":false},"author":1,"featured_media":0,"comment_status":"open","ping_status":"open","sticky":false,"template":"","format":"standard","meta":{"_exactmetrics_skip_tracking":false,"_exactmetrics_sitenote_active":false,"_exactmetrics_sitenote_note":"","_exactmetrics_sitenote_category":0,"footnotes":"","jetpack_publicize_message":"","jetpack_publicize_feature_enabled":true,"jetpack_social_post_already_shared":true,"jetpack_social_options":{"image_generator_settings":{"template":"highway","default_image_id":0,"font":"","enabled":false},"version":2}},"categories":[36,26],"tags":[48],"class_list":["post-721","post","type-post","status-publish","format-standard","hentry","category-noticias","category-seguranca","tag-noticias-comunitarias"],"jetpack_publicize_connections":[],"jetpack_featured_media_url":"","_links":{"self":[{"href":"https:\/\/www.mcjb.org.br\/portal\/wp-json\/wp\/v2\/posts\/721","targetHints":{"allow":["GET"]}}],"collection":[{"href":"https:\/\/www.mcjb.org.br\/portal\/wp-json\/wp\/v2\/posts"}],"about":[{"href":"https:\/\/www.mcjb.org.br\/portal\/wp-json\/wp\/v2\/types\/post"}],"author":[{"embeddable":true,"href":"https:\/\/www.mcjb.org.br\/portal\/wp-json\/wp\/v2\/users\/1"}],"replies":[{"embeddable":true,"href":"https:\/\/www.mcjb.org.br\/portal\/wp-json\/wp\/v2\/comments?post=721"}],"version-history":[{"count":0,"href":"https:\/\/www.mcjb.org.br\/portal\/wp-json\/wp\/v2\/posts\/721\/revisions"}],"wp:attachment":[{"href":"https:\/\/www.mcjb.org.br\/portal\/wp-json\/wp\/v2\/media?parent=721"}],"wp:term":[{"taxonomy":"category","embeddable":true,"href":"https:\/\/www.mcjb.org.br\/portal\/wp-json\/wp\/v2\/categories?post=721"},{"taxonomy":"post_tag","embeddable":true,"href":"https:\/\/www.mcjb.org.br\/portal\/wp-json\/wp\/v2\/tags?post=721"}],"curies":[{"name":"wp","href":"https:\/\/api.w.org\/{rel}","templated":true}]}}