{"id":718,"date":"2015-08-20T15:23:00","date_gmt":"2015-08-20T18:23:00","guid":{"rendered":"http:\/\/movimentojb.org.br\/uncategorized\/jardim-botanico-adere-ao-programa-de\/"},"modified":"2015-08-20T15:23:00","modified_gmt":"2015-08-20T18:23:00","slug":"jardim-botanico-adere-ao-programa-de","status":"publish","type":"post","link":"https:\/\/www.mcjb.org.br\/portal\/noticias\/jardim-botanico-adere-ao-programa-de\/","title":{"rendered":"Jardim Bot\u00e2nico adere ao programa de descarte consciente de res\u00edduos eletr\u00f4nicos"},"content":{"rendered":"<div style=\"text-align: justify;\">\n<i>O Jardim Bot\u00e2nico j\u00e1 conta com o primeiro posto de coleta de res\u00edduos eletr\u00f4nicos, o Condom\u00ednio AMOBB, localizado no Km 7,5 da Estrada do Sol. Uma caixa de coleta foi instalada na AMOBB e est\u00e1 dispon\u00edvel para todos os moradores da  regi\u00e3o fazerem o descarte.<\/i><\/div>\n<div dir=\"ltr\" style=\"line-height: 1.38; margin-bottom: 0pt; margin-top: 0pt; text-align: justify;\">\n<\/div>\n<div class=\"separator\" style=\"clear: both; text-align: center;\">\n<img decoding=\"async\" alt=\"lixo.jpg\" height=\"423px;\" src=\"https:\/\/lh6.googleusercontent.com\/Sa1jyGCzAQpVDCyjeUr_VLDBTZZZFkABKXua1wq-UbiGzW2RIW2F-GIdWwVUttO7wSDKqSCRT_LoW1jc1uiCkAtATIJS0VB4yJ5Z_0G-sJM5RvsstrnnVkxNmhANFh5pcgbVZNT5\" style=\"border: none; transform: rotate(0rad);\" width=\"602px;\" \/><\/div>\n<div dir=\"ltr\" style=\"line-height: 1.38; margin-bottom: 0pt; margin-top: 0pt; text-align: right;\">\n<\/div>\n<div dir=\"ltr\" style=\"line-height: 1.38; margin-bottom: 0pt; margin-top: 0pt; text-align: right;\">\n<i><b><br \/><\/b><\/i><\/div>\n<div dir=\"ltr\" style=\"line-height: 1.38; margin-bottom: 0pt; margin-top: 0pt; text-align: right;\">\n<i><b>Da Reda\u00e7\u00e3o do MCJB &#8211; 20\/08\/2015<\/b><\/i><\/div>\n<p><\/p>\n<div style=\"text-align: justify;\">\nA a\u00e7\u00e3o faz parte do programa Descarte Legal, realizado em parceria com o Instituto GEA \u2013 \u00c9tica e Meio Ambiente, de S\u00e3o Paulo. O objetivo da parceria \u00e9 oferecer aos moradores da regi\u00e3o um local apropriado para descartar o lixo eletr\u00f4nico. O Distrito Federal j\u00e1 possui a Central de Reciclagem do Varj\u00e3o, cujo trabalho \u00e9 realizado por 17 mulheres da regi\u00e3o capacitadas para fazer a separa\u00e7\u00e3o de materiais recicl\u00e1veis e dos res\u00edduos eletroeletr\u00f4nicos.<\/div>\n<p><\/p>\n<div style=\"text-align: justify;\">\n<\/div>\n<p><b><\/b><br \/>\n<\/p>\n<div style=\"text-align: justify;\">\n<b><b>Para saber mais<\/b><\/b><\/div>\n<p><b><br \/>\n<\/b><\/p>\n<div style=\"text-align: justify;\">\n<\/div>\n<div style=\"text-align: justify;\">\nRes\u00edduos eletr\u00f4nicos s\u00e3o basicamente partes que comp\u00f5e os computadores como: monitores, teclados, mouses, impressoras, CPU e tamb\u00e9m celulares, estabilizadores e at\u00e9 televisores.<\/div>\n<div style=\"text-align: justify;\">\n<\/div>\n<div style=\"text-align: justify;\">\nN\u00e3o s\u00e3o res\u00edduos eletr\u00f4nicos as baterias, pilhas e l\u00e2mpadas fluorescentes ou eletr\u00f4nicas.<\/div>\n<div style=\"text-align: justify;\">\n<\/div>\n<div style=\"text-align: justify;\">\nOs condom\u00ednios do Jardim Bot\u00e2nico, que inclui Jardins Mangueiral, poder\u00e3o entrar em contato diretamente com o Instituto GEA e verificar a possibilidade de instala\u00e7\u00e3o da caixa de coleta.<\/div>\n<div style=\"text-align: justify;\">\n<\/div>\n<div style=\"text-align: justify;\">\nPara falar com o GEA &#8211; \u00c9tica e Meio Ambiente, o contato pode ser feito por e-mail ou telefone. Confira: <b>contato@institutogea.org.br &#8211; (11) 3058-1088<\/b><\/div>\n<p><\/p>\n<div dir=\"ltr\" style=\"line-height: 1.38; margin-bottom: 0pt; margin-top: 0pt; text-align: justify;\">\n<\/div>\n<div style=\"font-family: Arial, Verdana; font-size: 12px; line-height: normal; text-align: start;\">\n_____________________<\/div>\n<div style=\"text-align: start;\">\n<div>\n<i><b>Veja tamb\u00e9m<\/b>:<\/i><\/div>\n<p><i>=&gt;&nbsp;<\/i><i><a href=\"http:\/\/movimentojb.org.br\/uncategorized\/zoologico-tem-mais-servidores-que\/\" target=\"_blank\">Zool\u00f3gico tem mais servidores que a Administra\u00e7\u00e3o do Jardim Bot\u00e2nico<\/a><\/i><br \/>\n<i>=&gt;&nbsp;<a href=\"http:\/\/movimentojb.org.br\/uncategorized\/locacao-de-sede-da-administracao-do-jb\/\" target=\"_blank\">Loca\u00e7\u00e3o de sede da Administra\u00e7\u00e3o do JB \u00e9 alvo de processo do Minist\u00e9rio P\u00fablico e do TCDF<\/a><\/i><\/p>\n<div>\n<i>=&gt;&nbsp;<\/i><i><a href=\"http:\/\/movimentojb.org.br\/uncategorized\/pergunta-que-nao-quer-calar-onde-esta\/\" target=\"_blank\">Pergunta que n\u00e3o quer calar: Onde est\u00e1 a administra\u00e7\u00e3o do Jardim Bot\u00e2nico?<\/a><\/i><\/div>\n<div>\n<i>=&gt;&nbsp;<\/i><i><a href=\"http:\/\/movimentojb.org.br\/uncategorized\/seguranca-publica-realidade-que-o-pacto\/\" target=\"_blank\">SEGURAN\u00c7A P\u00daBLICA &#8211; A realidade que o Pacto pela Vida n\u00e3o muda<\/a><\/i><\/div>\n<div>\n<i>=&gt;&nbsp;<\/i><i><a href=\"http:\/\/movimentojb.org.br\/uncategorized\/juncao-do-mangueiral-com-jardi\/\" target=\"_blank\">Jun\u00e7\u00e3o do Mangueiral com Jardim Bot\u00e2nico \u00e9 oficializada em reuni\u00e3o com administrador interino<\/a><\/i><\/div>\n<\/div>\n<div style=\"font-family: Arial, Verdana; font-size: 12px; line-height: normal; text-align: start;\">\n<i>=&gt;&nbsp;<a href=\"http:\/\/jardimbotanicodf.blogspot.com.br\/2015\/07\/gdf-nao-sinaliza-investimentos-no.html#axzz3gWmIoz1U\" target=\"_blank\">GDF n\u00e3o sinaliza investimentos no Jardim Bot\u00e2nico para 2016<\/a><\/i><\/div>\n<div style=\"line-height: normal; text-align: start;\">\n<i>=&gt;&nbsp;<a href=\"http:\/\/jardimbotanicodf.blogspot.com.br\/2015\/07\/novo-mapa-do-jardim-botanico-ra-xxvii.html#axzz3gWmIoz1U\" target=\"_blank\">Novo mapa do Jardim Bot\u00e2nico (RA-XXVII) &#8211; Portaria define novos limites geogr\u00e1ficos<\/a><\/i><\/div>\n<div style=\"line-height: normal; text-align: start;\">\n_____________________<\/div>\n<div>\n<\/div>\n","protected":false},"excerpt":{"rendered":"<p>O Jardim Bot\u00e2nico j\u00e1 conta com o primeiro posto de coleta de res\u00edduos eletr\u00f4nicos, o Condom\u00ednio AMOBB, localizado no Km 7,5 da Estrada do Sol. Uma<span class=\"excerpt-hellip\"> [\u2026]<\/span><\/p>\n","protected":false},"author":1,"featured_media":0,"comment_status":"open","ping_status":"open","sticky":false,"template":"","format":"standard","meta":{"_exactmetrics_skip_tracking":false,"_exactmetrics_sitenote_active":false,"_exactmetrics_sitenote_note":"","_exactmetrics_sitenote_category":0,"footnotes":"","jetpack_publicize_message":"","jetpack_publicize_feature_enabled":true,"jetpack_social_post_already_shared":true,"jetpack_social_options":{"image_generator_settings":{"template":"highway","default_image_id":0,"font":"","enabled":false},"version":2}},"categories":[36],"tags":[39,48],"class_list":["post-718","post","type-post","status-publish","format-standard","hentry","category-noticias","tag-gdf","tag-noticias-comunitarias"],"jetpack_publicize_connections":[],"jetpack_featured_media_url":"","_links":{"self":[{"href":"https:\/\/www.mcjb.org.br\/portal\/wp-json\/wp\/v2\/posts\/718","targetHints":{"allow":["GET"]}}],"collection":[{"href":"https:\/\/www.mcjb.org.br\/portal\/wp-json\/wp\/v2\/posts"}],"about":[{"href":"https:\/\/www.mcjb.org.br\/portal\/wp-json\/wp\/v2\/types\/post"}],"author":[{"embeddable":true,"href":"https:\/\/www.mcjb.org.br\/portal\/wp-json\/wp\/v2\/users\/1"}],"replies":[{"embeddable":true,"href":"https:\/\/www.mcjb.org.br\/portal\/wp-json\/wp\/v2\/comments?post=718"}],"version-history":[{"count":0,"href":"https:\/\/www.mcjb.org.br\/portal\/wp-json\/wp\/v2\/posts\/718\/revisions"}],"wp:attachment":[{"href":"https:\/\/www.mcjb.org.br\/portal\/wp-json\/wp\/v2\/media?parent=718"}],"wp:term":[{"taxonomy":"category","embeddable":true,"href":"https:\/\/www.mcjb.org.br\/portal\/wp-json\/wp\/v2\/categories?post=718"},{"taxonomy":"post_tag","embeddable":true,"href":"https:\/\/www.mcjb.org.br\/portal\/wp-json\/wp\/v2\/tags?post=718"}],"curies":[{"name":"wp","href":"https:\/\/api.w.org\/{rel}","templated":true}]}}