{"id":717,"date":"2015-08-21T13:33:00","date_gmt":"2015-08-21T16:33:00","guid":{"rendered":"http:\/\/movimentojb.org.br\/uncategorized\/editorial-casou-com-viuva-tem-que-criar\/"},"modified":"2015-08-21T13:33:00","modified_gmt":"2015-08-21T16:33:00","slug":"editorial-casou-com-viuva-tem-que-criar","status":"publish","type":"post","link":"https:\/\/www.mcjb.org.br\/portal\/editoral\/editorial-casou-com-viuva-tem-que-criar\/","title":{"rendered":"EDITORIAL: Casou com a vi\u00fava, tem que criar os filhos"},"content":{"rendered":"<div class=\"separator\" style=\"clear: both; text-align: center;\">\n<a href=\"http:\/\/1.bp.blogspot.com\/-7Pv2WqXL4-c\/VdchHepnZsI\/AAAAAAAAAkM\/a4cTB6A6Onw\/s1600\/broken-house_4.jpg\" imageanchor=\"1\" style=\"margin-left: 1em; margin-right: 1em;\"><img fetchpriority=\"high\" decoding=\"async\" border=\"0\" height=\"273\" src=\"http:\/\/movimentojb.org.br\/wp-content\/uploads\/2015\/08\/broken-house_4.jpg\" width=\"640\" \/><\/a><\/div>\n<div style=\"text-align: right;\">\n<b><i><br \/><\/i><\/b><\/div>\n<div style=\"text-align: right;\">\n<b><i>Por Gra\u00e7a Melo &#8211; 21\/08\/2015<\/i><\/b><\/div>\n<div style=\"text-align: right;\">\n<b><i><br \/><\/i><\/b><\/div>\n<div dir=\"ltr\" style=\"margin-bottom: 0pt; margin-top: 0pt; text-align: justify;\">\n<i>\u00c9 comum um novo governo se isentar de responsabilidades, quando a origem de certas quest\u00f5es est\u00e1 em governos passados. Errado! Diz o velho ditado: \u201cCasou com a vi\u00fava, tem que criar os filhos.\u201d Governos herdam sucessos, herdam desastres, herdam responsabilidades.<\/i><\/div>\n<div dir=\"ltr\" style=\"margin-bottom: 0pt; margin-top: 0pt; text-align: justify;\">\n<\/div>\n<div dir=\"ltr\" style=\"margin-bottom: 0pt; margin-top: 0pt; text-align: justify;\">\nUm dos velhos dilemas do Distrito Federal \u00e9 a desenvoltura com que os grileiros desfilam pelas passarelas do planalto. Fatiam terras alheias, vendem para quem sonha com a casa pr\u00f3pria e, depois, desaparecem com o bolso cheio de dinheiro. Se as coisas derem erradas, quem paga o pato \u00e9 quem pagou pela terra. Os grileiros nunca se d\u00e3o mal. Nessa hora eles est\u00e3o longe, em um novo projeto, fazendo novas v\u00edtimas por meio de velhas canalhices.<\/div>\n<div dir=\"ltr\" style=\"margin-bottom: 0pt; margin-top: 0pt; text-align: justify;\">\n<\/div>\n<div dir=\"ltr\" style=\"margin-bottom: 0pt; margin-top: 0pt; text-align: justify;\">\nOs puristas da moralidade n\u00e3o se acanham em culpar a v\u00edtima. Preferem viver em seu exclusivismo ego\u00edsta e fingir que o problema nasceu do nada. Quando a casa da v\u00edtima vem abaixo, batem palmas, como os velhos e decr\u00e9pitos nobres da idade m\u00e9dia, para quem s\u00f3 interessa sangue derramado e ranger de dentes.&nbsp;<\/div>\n<div dir=\"ltr\" style=\"margin-bottom: 0pt; margin-top: 0pt; text-align: justify;\">\n<\/div>\n<div dir=\"ltr\" style=\"margin-bottom: 0pt; margin-top: 0pt; text-align: justify;\">\nMas ningu\u00e9m se move quando o grileiro volta a cometer seu crime. Afinal, sempre teremos a quem culpar. Afinal, a v\u00edtima tem endere\u00e7o e pode ser encontrada. E o padr\u00e3o de comportamento social e pol\u00edtico se repete governo sim, outro tamb\u00e9m.<\/div>\n<div dir=\"ltr\" style=\"margin-bottom: 0pt; margin-top: 0pt; text-align: justify;\">\n<\/div>\n<div dir=\"ltr\" style=\"margin-bottom: 0pt; margin-top: 0pt; text-align: justify;\">\nVamos pensar. N\u00e3o \u00e9 mais f\u00e1cil os \u00f3rg\u00e3os de fiscaliza\u00e7\u00e3o atuarem quando a invas\u00e3o come\u00e7a? N\u00e3o \u00e9 nessa hora que o grileiro ainda est\u00e1 vis\u00edvel e, portanto, acess\u00edvel \u00e0 pol\u00edcia? Possivelmente todos diriam que sim. O governo dir\u00e1 que sim, tamb\u00e9m, mas vai lembrar que tudo come\u00e7ou nos governos passados. \u00c9 surpreendente a rapidez da fuga \u00e0 responsabilidade.<\/div>\n<div dir=\"ltr\" style=\"margin-bottom: 0pt; margin-top: 0pt; text-align: justify;\">\n<\/div>\n<div dir=\"ltr\" style=\"margin-bottom: 0pt; margin-top: 0pt; text-align: justify;\">\nA dura verdade \u00e9 que, por alguma raz\u00e3o, n\u00e3o interessa pegar o criminoso com a boca na botija. O Estado se omite lamentavelmente na origem do problema e prefere agir quando o criminoso j\u00e1 se foi, punindo as v\u00edtimas.&nbsp;<\/div>\n<div style=\"text-align: right;\">\n<\/div>\n<div>\n<div style=\"text-align: right;\">\n<div style=\"text-align: justify;\">\n&#8220;Vamos pensar. N\u00e3o \u00e9 mais f\u00e1cil os \u00f3rg\u00e3os de<\/div>\n<div style=\"text-align: justify;\">\nfiscaliza\u00e7\u00e3o atuarem quando a invas\u00e3o come\u00e7a?&nbsp;N\u00e3o \u00e9 nessa hora que o grileiro ainda<\/div>\n<div style=\"text-align: justify;\">\nest\u00e1 vis\u00edvel e, portanto, acess\u00edvel \u00e0 pol\u00edcia?&#8221;<\/div>\n<\/div>\n<div>\n<div style=\"text-align: right;\">\n<\/div>\n<\/div>\n<\/div>\n<div dir=\"ltr\" style=\"line-height: 1.38; margin-bottom: 0pt; margin-top: 0pt; text-align: justify;\">\n<\/div>\n<div dir=\"ltr\" style=\"margin-bottom: 0pt; margin-top: 0pt; text-align: justify;\">\n<\/div>\n<div dir=\"ltr\" style=\"margin-bottom: 0pt; margin-top: 0pt; text-align: justify;\">\nO Jardim Bot\u00e2nico \u00e9 um dos locais &nbsp;do DF que mais atrai grileiros. H\u00e1 &nbsp;v\u00e1rios focos e o governador est\u00e1 avisado. A expans\u00e3o da Vila do Boa, em S\u00e3o Sebasti\u00e3o, teve in\u00edcio em 2012 e, por v\u00e1rias vezes, a AGEFIS foi avisada. Nada fez al\u00e9m de se omitir e com isso ajudar a invas\u00e3o se consolidar. Ao lado da quadra 14 do Jardins Mangueiral uma nova invas\u00e3o est\u00e1 sendo conduzida por grileiros. \u00c9 zona de risco, por situar-se em uma encosta. Abaixo da quadra 12 do Jardim Bot\u00e2nico 3, uma invas\u00e3o se iniciou em lotes vazios do parcelamento que nasceu regular, em terras da Terracap, e se expande para uma \u00e1rea de reserva ambiental. Na Estrada do Sol, a ocupa\u00e7\u00e3o se d\u00e1 sem respeitar os recuos impostos pelas normas de constru\u00e7\u00e3o. As lideran\u00e7as comunit\u00e1rias j\u00e1 denunciaram. Portanto, n\u00e3o h\u00e1 como fingir ignor\u00e2ncia dos fatos.&nbsp;<\/div>\n<div dir=\"ltr\" style=\"margin-bottom: 0pt; margin-top: 0pt; text-align: justify;\">\n<\/div>\n<div dir=\"ltr\" style=\"margin-bottom: 0pt; margin-top: 0pt; text-align: justify;\">\nComo consequ\u00eancia desses fatos, os preju\u00edzos ambientais e sociais se acumulam. Bols\u00f5es de pobreza se formam, multiplicando a criminalidade, atraindo o tr\u00e1fico de drogas e puxando a bandidagem para perto de uma popula\u00e7\u00e3o condenada \u00e0 aus\u00eancia de infraestrutura e habita\u00e7\u00e3o digna. Inc\u00eandios criminosos proliferam, \u00e1reas de prote\u00e7\u00e3o ambiental s\u00e3o afetadas irremediavelmente, com importantes nascentes atingidas e muitas extintas. Enfim, h\u00e1 uma longa lista de desastres no ber\u00e7o da grilagem, alimentadas pela falta de pol\u00edticas habitacionais robustas e materializadas em invas\u00f5es.<\/div>\n<div dir=\"ltr\" style=\"margin-bottom: 0pt; margin-top: 0pt; text-align: justify;\">\n<\/div>\n<div dir=\"ltr\" style=\"margin-bottom: 0pt; margin-top: 0pt; text-align: justify;\">\nO que esperar de Rollemberg? Ser\u00e1 que ele pensa que n\u00e3o casou com a vi\u00fava?<\/div>\n<div style=\"text-align: justify;\">\n<\/div>\n<div style=\"text-align: justify;\">\n<\/div>\n<div style=\"line-height: normal; text-align: start;\">\n______________________________<\/div>\n<div style=\"line-height: normal; text-align: start;\">\n<i><b>Veja tamb\u00e9m<\/b><\/i>:<\/p>\n<div style=\"text-align: start;\">\n<i>=&gt;&nbsp;<\/i><i><a href=\"http:\/\/movimentojb.org.br\/uncategorized\/zoologico-tem-mais-servidores-que\/\" target=\"_blank\">Zool\u00f3gico tem mais servidores que a Administra\u00e7\u00e3o do Jardim Bot\u00e2nico<\/a><\/i><\/p>\n<div>\n<i>=&gt;&nbsp;<\/i><i><a href=\"http:\/\/movimentojb.org.br\/uncategorized\/pergunta-que-nao-quer-calar-onde-esta\/\" target=\"_blank\">Pergunta que n\u00e3o quer calar: Onde est\u00e1 a administra\u00e7\u00e3o do Jardim Bot\u00e2nico?<\/a><\/i><\/div>\n<div>\n<i>=&gt;&nbsp;<\/i><i><a href=\"http:\/\/movimentojb.org.br\/uncategorized\/seguranca-publica-realidade-que-o-pacto\/\" target=\"_blank\">SEGURAN\u00c7A P\u00daBLICA &#8211; A realidade que o Pacto pela Vida n\u00e3o muda<\/a><\/i><\/div>\n<div>\n<i>=&gt;&nbsp;<a href=\"http:\/\/jardimbotanicodf.blogspot.com.br\/2015\/07\/gdf-nao-sinaliza-investimentos-no.html#axzz3gWmIoz1U\" target=\"_blank\">GDF n\u00e3o sinaliza investimentos no Jardim Bot\u00e2nico para 2016<\/a><\/i><\/div>\n<\/div>\n<div style=\"line-height: normal; text-align: start;\">\n<i>=&gt;&nbsp;<a href=\"http:\/\/jardimbotanicodf.blogspot.com.br\/2015\/07\/editorial-lenda-dos-viadutos.html#axzz3hBXfbGfd\">Editorial: A lenda dos viadutos<\/a><\/i><\/div>\n<\/div>\n<div style=\"line-height: normal; text-align: start;\">\n<i>=&gt;&nbsp;<a href=\"http:\/\/movimentojb.org.br\/uncategorized\/a-urgencia-de-politica-publica-para\/\">A urg\u00eancia de pol\u00edticas p\u00fablicas para a mobilidade do Jardim Bot\u00e2nico<\/a><br \/>=&gt;&nbsp;<\/i><i><a href=\"http:\/\/movimentojb.org.br\/uncategorized\/editorial-de-abertura-paralisia\/\" target=\"_blank\">Editorial de Abertura: Paralisia, Resist\u00eancia e Esperan\u00e7a<\/a><\/i><\/div>\n<div style=\"line-height: 1.38; text-align: justify;\">\n<\/div>\n<div style=\"line-height: 22.0799999237061px; text-align: justify;\">\n______________________________<\/div>\n","protected":false},"excerpt":{"rendered":"<p>Por Gra\u00e7a Melo &#8211; 21\/08\/2015 \u00c9 comum um novo governo se isentar de responsabilidades, quando a origem de certas quest\u00f5es est\u00e1 em governos passados. Errado! Diz<span class=\"excerpt-hellip\"> [\u2026]<\/span><\/p>\n","protected":false},"author":1,"featured_media":1101,"comment_status":"open","ping_status":"open","sticky":false,"template":"","format":"standard","meta":{"_exactmetrics_skip_tracking":false,"_exactmetrics_sitenote_active":false,"_exactmetrics_sitenote_note":"","_exactmetrics_sitenote_category":0,"footnotes":"","jetpack_publicize_message":"","jetpack_publicize_feature_enabled":true,"jetpack_social_post_already_shared":true,"jetpack_social_options":{"image_generator_settings":{"template":"highway","default_image_id":0,"font":"","enabled":false},"version":2}},"categories":[98],"tags":[99],"class_list":["post-717","post","type-post","status-publish","format-standard","has-post-thumbnail","hentry","category-editoral","tag-editorial"],"jetpack_publicize_connections":[],"jetpack_featured_media_url":"","_links":{"self":[{"href":"https:\/\/www.mcjb.org.br\/portal\/wp-json\/wp\/v2\/posts\/717","targetHints":{"allow":["GET"]}}],"collection":[{"href":"https:\/\/www.mcjb.org.br\/portal\/wp-json\/wp\/v2\/posts"}],"about":[{"href":"https:\/\/www.mcjb.org.br\/portal\/wp-json\/wp\/v2\/types\/post"}],"author":[{"embeddable":true,"href":"https:\/\/www.mcjb.org.br\/portal\/wp-json\/wp\/v2\/users\/1"}],"replies":[{"embeddable":true,"href":"https:\/\/www.mcjb.org.br\/portal\/wp-json\/wp\/v2\/comments?post=717"}],"version-history":[{"count":0,"href":"https:\/\/www.mcjb.org.br\/portal\/wp-json\/wp\/v2\/posts\/717\/revisions"}],"wp:featuredmedia":[{"embeddable":true,"href":"https:\/\/www.mcjb.org.br\/portal\/wp-json\/"}],"wp:attachment":[{"href":"https:\/\/www.mcjb.org.br\/portal\/wp-json\/wp\/v2\/media?parent=717"}],"wp:term":[{"taxonomy":"category","embeddable":true,"href":"https:\/\/www.mcjb.org.br\/portal\/wp-json\/wp\/v2\/categories?post=717"},{"taxonomy":"post_tag","embeddable":true,"href":"https:\/\/www.mcjb.org.br\/portal\/wp-json\/wp\/v2\/tags?post=717"}],"curies":[{"name":"wp","href":"https:\/\/api.w.org\/{rel}","templated":true}]}}