{"id":6651,"date":"2019-11-06T00:52:56","date_gmt":"2019-11-06T00:52:56","guid":{"rendered":"http:\/\/www.mcjb.org.br\/portal\/?p=6651"},"modified":"2019-11-06T00:52:56","modified_gmt":"2019-11-06T00:52:56","slug":"movimento-lanca-projeto-sos-venezuelanos","status":"publish","type":"post","link":"https:\/\/www.mcjb.org.br\/portal\/agendajb\/movimento-lanca-projeto-sos-venezuelanos\/","title":{"rendered":"Movimento lan\u00e7a projeto SOS VENEZUELANOS"},"content":{"rendered":"<p style=\"text-align: justify;\"><span style=\"font-family: 'trebuchet ms', geneva, sans-serif;\"><i><span style=\"font-weight: 400;\">Refugiados venezuelanos batem \u00e0 porta em busca de socorro. Saiba como ajudar \u00e0queles que est\u00e3o abrigados no entorno do Jardim Bot\u00e2nico.\u00a0<\/span><\/i><\/span><\/p>\n<div id=\"attachment_6714\" style=\"width: 310px\" class=\"wp-caption alignleft\"><a href=\"http:\/\/www.mcjb.org.br\/portal\/wp-content\/uploads\/2019\/08\/WhatsApp-Image-2019-08-30-at-15.56.10.jpeg\"><img fetchpriority=\"high\" decoding=\"async\" aria-describedby=\"caption-attachment-6714\" class=\"wp-image-6714 size-medium\" style=\"font-family: 'trebuchet ms', geneva, sans-serif; text-align: justify;\" src=\"http:\/\/www.mcjb.org.br\/portal\/wp-content\/uploads\/2019\/08\/WhatsApp-Image-2019-08-30-at-15.56.10-300x225.jpeg\" alt=\"\" width=\"300\" height=\"225\" srcset=\"https:\/\/www.mcjb.org.br\/portal\/wp-content\/uploads\/2019\/08\/WhatsApp-Image-2019-08-30-at-15.56.10-300x225.jpeg 300w, https:\/\/www.mcjb.org.br\/portal\/wp-content\/uploads\/2019\/08\/WhatsApp-Image-2019-08-30-at-15.56.10-768x576.jpeg 768w, https:\/\/www.mcjb.org.br\/portal\/wp-content\/uploads\/2019\/08\/WhatsApp-Image-2019-08-30-at-15.56.10-1024x768.jpeg 1024w, https:\/\/www.mcjb.org.br\/portal\/wp-content\/uploads\/2019\/08\/WhatsApp-Image-2019-08-30-at-15.56.10-195x146.jpeg 195w, https:\/\/www.mcjb.org.br\/portal\/wp-content\/uploads\/2019\/08\/WhatsApp-Image-2019-08-30-at-15.56.10-50x38.jpeg 50w, https:\/\/www.mcjb.org.br\/portal\/wp-content\/uploads\/2019\/08\/WhatsApp-Image-2019-08-30-at-15.56.10-100x75.jpeg 100w, https:\/\/www.mcjb.org.br\/portal\/wp-content\/uploads\/2019\/08\/WhatsApp-Image-2019-08-30-at-15.56.10.jpeg 1152w, https:\/\/www.mcjb.org.br\/portal\/wp-content\/uploads\/2019\/08\/WhatsApp-Image-2019-08-30-at-15.56.10-600x450.jpeg 600w\" sizes=\"(max-width: 300px) 100vw, 300px\" \/><\/a><p id=\"caption-attachment-6714\" class=\"wp-caption-text\"><span style=\"font-family: 'trebuchet ms', geneva, sans-serif; font-size: 8pt;\"><em>Entrega de doa\u00e7\u00f5es de roupas e cal\u00e7ados da comunidade da Par\u00f3quia Sta. Clara e S. Francisco do Jardim Bot\u00e2nico<\/em><\/span><\/p><\/div>\n<p style=\"text-align: justify;\"><span style=\"font-family: 'trebuchet ms', geneva, sans-serif;\"><span style=\"font-weight: 400;\">O <\/span><b><i>Movimento,\u00a0 <\/i><\/b><span style=\"font-weight: 400;\">com o apoio da <\/span><b><i>Associa\u00e7\u00e3o dos Amigos do Jardins Mangueiral (AAJM)<\/i><\/b><span style=\"font-weight: 400;\">, da <\/span><b><i>Administra\u00e7\u00e3o Regional do Jardim Bot\u00e2nico, d<\/i><\/b><strong><i>a<\/i><\/strong><b><i> C\u00e1ritas, <\/i><\/b><span style=\"font-weight: 400;\">\u00a0bem como de diversas comunidades evang\u00e9licas e outras entidades da regi\u00e3o, est\u00e1 criando uma grande rede de apoio chamada <\/span><a href=\"http:\/\/www.mcjb.org.br\/institucional\/sos-venezuelanos\/\"><b>SOS Venezuelanos <\/b><\/a><span style=\"font-weight: 400;\">\u00a0para auxiliar os refugiados que vieram para S\u00e3o Sebasti\u00e3o. Segundo a entidade cat\u00f3lica<\/span> <a href=\"http:\/\/caritas.org.br\/\"><b><i>C\u00e1ritas<\/i><\/b><\/a><i><span style=\"font-weight: 400;\">,<\/span><\/i><span style=\"font-weight: 400;\"> durante o primeiro semestre deste ano, aproximadamente 200 pessoas foram alocadas em S\u00e3o Sebasti\u00e3o e comunidades vizinhas.\u00a0 Muitos chegaram com apenas com a roupa do corpo.<\/span><\/span><\/p>\n<p style=\"text-align: justify;\"><span style=\"font-family: 'trebuchet ms', geneva, sans-serif;\"><span style=\"font-weight: 400;\">Dentre os refugiados venezuelanos, v\u00e1rios com n\u00edvel educacional superior e forma\u00e7\u00e3o t\u00e9cnica profissional, est\u00e1 <\/span><b><i>M. C,<\/i><\/b><span style=\"font-weight: 400;\"> advogada de 27 anos. Ela conta que a maioria dos refugiados que est\u00e3o em S\u00e3o Sebasti\u00e3o chegaram ao pa\u00eds por Roraima, onde a Pol\u00edcia Federal e o Ex\u00e9rcito Brasileiro realizaram a triagem dos refugiados e a legaliza\u00e7\u00e3o de suas documenta\u00e7\u00f5es, sendo, em seguida, distribu\u00eddos para outras cidades. Trabalhando inicialmente em uma f\u00e1brica de costura, depois em uma loja de xerox, h\u00e1 1 ano e 9 meses <\/span><b><i>M. C. <\/i><\/b><span style=\"font-weight: 400;\">deixou a fam\u00edlia para tr\u00e1s e<\/span> <span style=\"font-weight: 400;\">est\u00e1 no Brasil devido ao agravamento da crise. <\/span><i><span style=\"font-weight: 400;\">\u201cEu n\u00e3o tinha escolha, ou ia para o Brasil ou ficava na Venezuela e passava fome\u201d <\/span><\/i><span style=\"font-weight: 400;\">explica a advogada.\u00a0<\/span><\/span><\/p>\n<p style=\"text-align: justify;\"><span style=\"font-family: 'trebuchet ms', geneva, sans-serif;\"><span style=\"font-weight: 400;\">Atualmente os rec\u00e9m-chegados est\u00e3o morando em condom\u00ednios de quitinetes &#8211;\u00a0 3 pessoas por apartamento. Outros dividem casa com 3 fam\u00edlias. A primeira a\u00e7\u00e3o promovida pela comunidade do Jardim Bot\u00e2nico foi realizada pela <\/span><b><i>Par\u00f3quia Santa Clara e S\u00e3o Francisco de Assis<\/i><\/b><span style=\"font-weight: 400;\"> com a doa\u00e7\u00e3o de centenas de roupas e cal\u00e7ados para o projeto <\/span><b>SOS Venezuelanos<\/b><span style=\"font-weight: 400;\">.\u00a0<\/span><\/span><\/p>\n<div id=\"attachment_7108\" style=\"width: 310px\" class=\"wp-caption alignright\"><a href=\"http:\/\/www.mcjb.org.br\/portal\/wp-content\/uploads\/2019\/11\/Entrega-de-cestas-SOS-Venezuelanos.jpeg\"><img decoding=\"async\" aria-describedby=\"caption-attachment-7108\" class=\"wp-image-7108 size-medium\" style=\"font-family: 'trebuchet ms', geneva, sans-serif; text-align: justify;\" src=\"http:\/\/www.mcjb.org.br\/portal\/wp-content\/uploads\/2019\/11\/Entrega-de-cestas-SOS-Venezuelanos-300x203.jpeg\" alt=\"\" width=\"300\" height=\"203\" srcset=\"https:\/\/www.mcjb.org.br\/portal\/wp-content\/uploads\/2019\/11\/Entrega-de-cestas-SOS-Venezuelanos-300x203.jpeg 300w, https:\/\/www.mcjb.org.br\/portal\/wp-content\/uploads\/2019\/11\/Entrega-de-cestas-SOS-Venezuelanos-768x521.jpeg 768w, https:\/\/www.mcjb.org.br\/portal\/wp-content\/uploads\/2019\/11\/Entrega-de-cestas-SOS-Venezuelanos-1024x694.jpeg 1024w, https:\/\/www.mcjb.org.br\/portal\/wp-content\/uploads\/2019\/11\/Entrega-de-cestas-SOS-Venezuelanos-215x146.jpeg 215w, https:\/\/www.mcjb.org.br\/portal\/wp-content\/uploads\/2019\/11\/Entrega-de-cestas-SOS-Venezuelanos-50x34.jpeg 50w, https:\/\/www.mcjb.org.br\/portal\/wp-content\/uploads\/2019\/11\/Entrega-de-cestas-SOS-Venezuelanos-111x75.jpeg 111w, https:\/\/www.mcjb.org.br\/portal\/wp-content\/uploads\/2019\/11\/Entrega-de-cestas-SOS-Venezuelanos-600x407.jpeg 600w, https:\/\/www.mcjb.org.br\/portal\/wp-content\/uploads\/2019\/11\/Entrega-de-cestas-SOS-Venezuelanos.jpeg 1028w\" sizes=\"(max-width: 300px) 100vw, 300px\" \/><\/a><p id=\"caption-attachment-7108\" class=\"wp-caption-text\"><em><span style=\"font-family: 'trebuchet ms', geneva, sans-serif; font-size: 8pt;\">Entrega de cestas de verduras para fam\u00edlias dos venezuelanos. Atualmente 10 fam\u00edlias recebem quinzenalmente a ajuda pelo MCJB<\/span><\/em><\/p><\/div>\n<p style=\"text-align: justify;\"><span style=\"font-family: 'trebuchet ms', geneva, sans-serif;\"><span style=\"font-weight: 400;\">A <\/span><b><i>C\u00e1ritas<\/i><\/b><span style=\"font-weight: 400;\"> distribui cestas b\u00e1sicas\/aluguel social para os 200 refugiados que est\u00e3o em S\u00e3o Sebasti\u00e3o, at\u00e9 o final de outubro. Por\u00e9m, h\u00e1 muito a ser feito. Faltam m\u00f3veis, eletrodom\u00e9sticos, materiais b\u00e1sicos, al\u00e9m de alimenta\u00e7\u00e3o saud\u00e1vel. Para garantir mais qualidade \u00e0s refei\u00e7\u00f5es dos venezuelanos, o <em><strong>MCJB<\/strong><\/em> providenciou a doa\u00e7\u00e3o de cestas de legumes, verduras e frutas para as fam\u00edlias.<\/span><\/span><\/p>\n<p style=\"text-align: justify;\"><span style=\"font-family: 'trebuchet ms', geneva, sans-serif;\"><span style=\"font-weight: 400;\">Apesar de toda ajuda recebida pelas entidades envolvidas, o jovem de 24 anos <\/span><b><i>Y.S<\/i><\/b><span style=\"font-weight: 400;\">, refugiado h\u00e1 1 ano e 6 meses, explica que a situa\u00e7\u00e3o \u00e0s vezes \u00e9 desesperadora. Ele sonha em conseguir um emprego, alugar um local pr\u00f3prio e trazer a fam\u00edlia da Venezuela. \u201c<\/span><i><span style=\"font-weight: 400;\">A C\u00e1ritas ajuda muito com material b\u00e1sico. Fizemos curr\u00edculos mas a entrega \u00e9 um pouco complicada, pois n\u00e3o temos dinheiro para pagar a passagem e fazer as entrevistas<\/span><\/i><span style=\"font-weight: 400;\">\u201d informa <\/span><b><i>Y.S.<\/i><\/b><\/span><\/p>\n<p style=\"text-align: justify;\"><span style=\"font-family: 'trebuchet ms', geneva, sans-serif;\"><span style=\"font-weight: 400;\">Os pedidos de ref\u00fagio de venezuelanos ao Brasil cresceram 245% em um ano. As solicita\u00e7\u00f5es passaram de 17.685,\u00a0 em 2017, para 61.681, em 2018. Dos pedidos de ref\u00fagio que tramitam no Brasil, 52% s\u00e3o do pa\u00eds vizinho, segundo dados da 4\u00aa edi\u00e7\u00e3o do <\/span><b>\u201cRef\u00fagio em N\u00fameros\u201d<\/b><span style=\"font-weight: 400;\"> apresentado pelo Minist\u00e9rio da Justi\u00e7a e Seguran\u00e7a P\u00fablica em 25 de junho. As fam\u00edlias buscam ref\u00fagio em outros pa\u00edses devido \u00e0 complicada situa\u00e7\u00e3o econ\u00f4mica da Venezuela e n\u00e3o t\u00eam como retornar.<\/span><\/span><\/p>\n<p style=\"text-align: justify;\"><span style=\"font-family: 'trebuchet ms', geneva, sans-serif;\"><b>Projeto SOS Venezuelanos &#8211; Quatro formas de ajudar<\/b><\/span><\/p>\n<p style=\"text-align: justify;\"><span style=\"font-family: 'trebuchet ms', geneva, sans-serif;\"><span style=\"font-weight: 400;\">A urg\u00eancia maior \u00e9 a obten\u00e7\u00e3o de trabalho, por isso o <\/span><b><i>MCJB<\/i><\/b><span style=\"font-weight: 400;\">\u00a0 est\u00e1 realizando um levantamento dos profissionais refugiados. Destas pessoas, aproximadamente 50 est\u00e3o aptas para o trabalho nos mais diversos of\u00edcios, alguns s\u00e3o engenheiros, advogados, enfermeiros, fisioterapeutas, pedreiros, dom\u00e9sticas, dentre outros. Para facilitar na busca por trabalho, o<\/span><b><i> MCJB<\/i><\/b><span style=\"font-weight: 400;\">\u00a0 desenvolveu<\/span><\/span><span style=\"font-family: 'trebuchet ms', geneva, sans-serif;\"><span style=\"font-weight: 400;\">\u00a0uma plataforma de indica\u00e7\u00e3o e contrata\u00e7\u00e3o destes profissionais que est\u00e1 dispon\u00edvel no site desta rede de solidariedade:<\/span><\/span><\/p>\n<p style=\"text-align: center;\"><span style=\"font-weight: 400; font-family: 'trebuchet ms', geneva, sans-serif; font-size: 24pt;\"><a href=\"http:\/\/www.mcjb.org.br\/sosvenezuelanos\">\u00a0www.mcjb.org.br\/sosvenezuelanos.<\/a>\u00a0<\/span><\/p>\n<p>&nbsp;<\/p>\n<p style=\"text-align: justify;\"><span style=\"font-family: 'trebuchet ms', geneva, sans-serif;\"><b>Campanha do Desapego &#8211; Doe o que n\u00e3o precisa e ajude essas fam\u00edlias<\/b><\/span><\/p>\n<p><a href=\"http:\/\/www.mcjb.org.br\/portal\/wp-content\/uploads\/2019\/09\/solidariedade.jpg\"><img decoding=\"async\" class=\"alignleft wp-image-6749 size-medium\" style=\"font-family: 'trebuchet ms', geneva, sans-serif; text-align: justify;\" src=\"http:\/\/www.mcjb.org.br\/portal\/wp-content\/uploads\/2019\/09\/solidariedade-285x300.jpg\" alt=\"\" width=\"285\" height=\"300\" srcset=\"https:\/\/www.mcjb.org.br\/portal\/wp-content\/uploads\/2019\/09\/solidariedade-285x300.jpg 285w, https:\/\/www.mcjb.org.br\/portal\/wp-content\/uploads\/2019\/09\/solidariedade-139x146.jpg 139w, https:\/\/www.mcjb.org.br\/portal\/wp-content\/uploads\/2019\/09\/solidariedade-47x50.jpg 47w, https:\/\/www.mcjb.org.br\/portal\/wp-content\/uploads\/2019\/09\/solidariedade-71x75.jpg 71w, https:\/\/www.mcjb.org.br\/portal\/wp-content\/uploads\/2019\/09\/solidariedade.jpg 538w\" sizes=\"(max-width: 285px) 100vw, 285px\" \/><\/a><\/p>\n<p style=\"text-align: justify;\"><span style=\"font-family: 'trebuchet ms', geneva, sans-serif;\"><span style=\"font-weight: 400;\">N<\/span><span style=\"font-weight: 400;\">este site tamb\u00e9m existe um calend\u00e1rio de a\u00e7\u00f5es para a coleta de doa\u00e7\u00f5es que ser\u00e3o realizadas por meio das <\/span><span style=\"font-weight: 400;\">campanhas do desapego<\/span><span style=\"font-weight: 400;\"> em diversos condom\u00ednios da regi\u00e3o. A 1\u00aa a\u00e7\u00e3o ocorreu <\/span><\/span><span style=\"font-weight: 400; font-family: 'trebuchet ms', geneva, sans-serif;\">na comunidade do Setor Habitacional do\u00a0 Jardim Bot\u00e2nico III no in\u00edcio de setembro deste ano, e teve o apoio dos profissionais da <a href=\"http:\/\/www.ecolimpo.eco.br\/\">Cooperativa de Catadores Ecolimpo<\/a>, que ajudam recolhendo as doa\u00e7\u00f5es e separando os itens que ainda podem ser aproveitados. O que estiver quebrado ou sem condi\u00e7\u00f5es de uso ser\u00e1 encaminhado para a reciclagem. Poder\u00e3o ser doados: Material escolar, de higiene pessoal, m\u00f3veis, eletrodom\u00e9sticos, roupas e alimentos diversos.\u00a0<\/span><\/p>\n<p style=\"text-align: justify;\"><span style=\"font-family: 'trebuchet ms', geneva, sans-serif;\"><span style=\"font-weight: 400;\">O site criado pelo <\/span><b>MCJB<\/b><span style=\"font-weight: 400;\"> tamb\u00e9m possibilita a doa\u00e7\u00e3o em dinheiro para as fam\u00edlias que necessitam de ajuda direta, como para compra de medicamentos, deslocamento a hospitais e cl\u00ednicas de tratamento, dentre outras situa\u00e7\u00f5es que s\u00f3 se resolvem com o aux\u00edlio financeiro. Todas as doa\u00e7\u00f5es far\u00e3o jus a recibo fiscal<\/span> <span style=\"font-weight: 400;\">e ser\u00e3o aplicadas em fundo de apoio espec\u00edfico do projeto, podendo ser acompanhada e fiscalizada pelos doadores neste link.<\/span><\/span><\/p>\n<p style=\"text-align: justify;\"><span style=\"font-weight: 400; font-family: 'trebuchet ms', geneva, sans-serif;\">O projeto tamb\u00e9m prev\u00ea a ajuda de volunt\u00e1rios, pessoas que possam auxiliar com a doa\u00e7\u00e3o de seu tempo e conhecimento, promovendo um curso, treinamento, visitando as fam\u00edlias e ajudando nos deslocamentos e log\u00edstica de entrega das doa\u00e7\u00f5es.<\/span><\/p>\n<p>&nbsp;<\/p>\n<p style=\"text-align: justify;\"><span style=\"font-family: 'trebuchet ms', geneva, sans-serif;\"><b>Jantar Beneficente<\/b><\/span><\/p>\n<p style=\"text-align: justify;\"><span style=\"font-family: 'trebuchet ms', geneva, sans-serif;\"><span style=\"font-weight: 400;\">E tamb\u00e9m ser\u00e1 promovido um jantar beneficente para arrecadar fundos para o projeto. O jantar ocorrer\u00e1 no pr\u00f3ximo dia 14\/11 (quinta-feira v\u00e9spera de feriado), a partir das 19h, no sal\u00e3o de eventos da Par\u00f3quia Sta. Clara e S. Francisco no Jardim Bot\u00e2nico 3 e est\u00e1 sendo organizado pela sociedade civil organizada via\u00a0<strong><em>MCJB,<\/em><\/strong> junto com a comunidade cat\u00f3lica do Jardim Bot\u00e2nico, que doar\u00e1 a utiliza\u00e7\u00e3o do sal\u00e3o de eventos e da cozinha, com parte da comunidade evang\u00e9lica de S\u00e3o Sebasti\u00e3o que doar\u00e1 o jantar, com a comunidade budista do Jardim Bot\u00e2nico, que promover\u00e1 um bingo, al\u00e9m do apoio da comunidade esp\u00edrita de S\u00e3o Sebasti\u00e3o que ajudar\u00e1 na decora\u00e7\u00e3o do evento. Os convites podem ser comprados online no site do projeto, confira:<\/span><\/span><\/p>\n<p><a href=\"http:\/\/www.mcjb.org.br\/institucional\/sos-venezuelanos\/\" target=\"_blank\" rel=\"noopener\"><img loading=\"lazy\" decoding=\"async\" class=\"aligncenter wp-image-7109 size-full\" src=\"http:\/\/www.mcjb.org.br\/portal\/wp-content\/uploads\/2019\/11\/JANTAR-ECUM\u00caNICO-E-SOLID\u00c1RIO-14-11.jpg\" alt=\"\" width=\"1588\" height=\"2246\" srcset=\"https:\/\/www.mcjb.org.br\/portal\/wp-content\/uploads\/2019\/11\/JANTAR-ECUM\u00caNICO-E-SOLID\u00c1RIO-14-11.jpg 1588w, https:\/\/www.mcjb.org.br\/portal\/wp-content\/uploads\/2019\/11\/JANTAR-ECUM\u00caNICO-E-SOLID\u00c1RIO-14-11-212x300.jpg 212w, https:\/\/www.mcjb.org.br\/portal\/wp-content\/uploads\/2019\/11\/JANTAR-ECUM\u00caNICO-E-SOLID\u00c1RIO-14-11-768x1086.jpg 768w, https:\/\/www.mcjb.org.br\/portal\/wp-content\/uploads\/2019\/11\/JANTAR-ECUM\u00caNICO-E-SOLID\u00c1RIO-14-11-724x1024.jpg 724w, https:\/\/www.mcjb.org.br\/portal\/wp-content\/uploads\/2019\/11\/JANTAR-ECUM\u00caNICO-E-SOLID\u00c1RIO-14-11-103x146.jpg 103w, https:\/\/www.mcjb.org.br\/portal\/wp-content\/uploads\/2019\/11\/JANTAR-ECUM\u00caNICO-E-SOLID\u00c1RIO-14-11-35x50.jpg 35w, https:\/\/www.mcjb.org.br\/portal\/wp-content\/uploads\/2019\/11\/JANTAR-ECUM\u00caNICO-E-SOLID\u00c1RIO-14-11-53x75.jpg 53w, https:\/\/www.mcjb.org.br\/portal\/wp-content\/uploads\/2019\/11\/JANTAR-ECUM\u00caNICO-E-SOLID\u00c1RIO-14-11-600x849.jpg 600w\" sizes=\"(max-width: 1588px) 100vw, 1588px\" \/><\/a><\/p>\n<p style=\"text-align: center;\"><span style=\"font-family: 'trebuchet ms', geneva, sans-serif;\"><span style=\"font-weight: 400;\">Participe! Acesse\u00a0 <\/span><a href=\"http:\/\/www.mcjb.org.br\/sosvenezuelanos\"><span style=\"font-weight: 400;\">www.mcjb.org.br\/sosvenezuelanos<\/span><\/a><span style=\"font-weight: 400;\"> e inscreva-se.<\/span><\/span><\/p>\n","protected":false},"excerpt":{"rendered":"<p>Refugiados venezuelanos batem \u00e0 porta em busca de socorro. Saiba como ajudar \u00e0queles que est\u00e3o abrigados no entorno do Jardim Bot\u00e2nico.\u00a0<\/p>\n","protected":false},"author":1,"featured_media":6652,"comment_status":"open","ping_status":"open","sticky":false,"template":"","format":"standard","meta":{"_exactmetrics_skip_tracking":false,"_exactmetrics_sitenote_active":false,"_exactmetrics_sitenote_note":"","_exactmetrics_sitenote_category":0,"footnotes":"","jetpack_publicize_message":"","jetpack_publicize_feature_enabled":true,"jetpack_social_post_already_shared":true,"jetpack_social_options":{"image_generator_settings":{"template":"highway","default_image_id":0,"font":"","enabled":false},"version":2}},"categories":[46,36,16],"tags":[303,305,301,208,306,20,43,302,25,304,298,307,299,300],"class_list":["post-6651","post","type-post","status-publish","format-standard","has-post-thumbnail","hentry","category-agendajb","category-noticias","category-slider","tag-acao","tag-brasil","tag-caritas","tag-comunidade","tag-crise-financeira","tag-jardim-botanico","tag-mcjb","tag-refugiados","tag-sao-sebastiao","tag-social","tag-sos","tag-sos-venezuelanos","tag-venezuela","tag-venezuelanos"],"jetpack_publicize_connections":[],"jetpack_featured_media_url":"https:\/\/www.mcjb.org.br\/portal\/wp-content\/uploads\/2019\/08\/capa-sos-venezuelanos.jpg","_links":{"self":[{"href":"https:\/\/www.mcjb.org.br\/portal\/wp-json\/wp\/v2\/posts\/6651","targetHints":{"allow":["GET"]}}],"collection":[{"href":"https:\/\/www.mcjb.org.br\/portal\/wp-json\/wp\/v2\/posts"}],"about":[{"href":"https:\/\/www.mcjb.org.br\/portal\/wp-json\/wp\/v2\/types\/post"}],"author":[{"embeddable":true,"href":"https:\/\/www.mcjb.org.br\/portal\/wp-json\/wp\/v2\/users\/1"}],"replies":[{"embeddable":true,"href":"https:\/\/www.mcjb.org.br\/portal\/wp-json\/wp\/v2\/comments?post=6651"}],"version-history":[{"count":6,"href":"https:\/\/www.mcjb.org.br\/portal\/wp-json\/wp\/v2\/posts\/6651\/revisions"}],"predecessor-version":[{"id":7110,"href":"https:\/\/www.mcjb.org.br\/portal\/wp-json\/wp\/v2\/posts\/6651\/revisions\/7110"}],"wp:featuredmedia":[{"embeddable":true,"href":"https:\/\/www.mcjb.org.br\/portal\/wp-json\/wp\/v2\/media\/6652"}],"wp:attachment":[{"href":"https:\/\/www.mcjb.org.br\/portal\/wp-json\/wp\/v2\/media?parent=6651"}],"wp:term":[{"taxonomy":"category","embeddable":true,"href":"https:\/\/www.mcjb.org.br\/portal\/wp-json\/wp\/v2\/categories?post=6651"},{"taxonomy":"post_tag","embeddable":true,"href":"https:\/\/www.mcjb.org.br\/portal\/wp-json\/wp\/v2\/tags?post=6651"}],"curies":[{"name":"wp","href":"https:\/\/api.w.org\/{rel}","templated":true}]}}