{"id":5994,"date":"2019-05-03T18:37:55","date_gmt":"2019-05-03T18:37:55","guid":{"rendered":"http:\/\/www.mcjb.org.br\/portal\/?p=5994"},"modified":"2019-05-06T16:48:56","modified_gmt":"2019-05-06T16:48:56","slug":"campanha-de-vacinacao-contra-a-gripe-no-jb-sera-dia-04-de-maio","status":"publish","type":"post","link":"https:\/\/www.mcjb.org.br\/portal\/agendajb\/campanha-de-vacinacao-contra-a-gripe-no-jb-sera-dia-04-de-maio\/","title":{"rendered":"Campanha de vacina\u00e7\u00e3o contra a gripe no JB ser\u00e1 dia 04 de maio!"},"content":{"rendered":"<p>&nbsp;<\/p>\n<p><span style=\"font-family: 'trebuchet ms', geneva, sans-serif; font-size: 14pt;\"><img fetchpriority=\"high\" decoding=\"async\" class=\"alignleft wp-image-5995\" src=\"http:\/\/www.mcjb.org.br\/portal\/wp-content\/uploads\/2019\/05\/camonaha-de-vacina\u00e7\u00e3o-min.jpg\" alt=\"\" width=\"430\" height=\"430\" srcset=\"https:\/\/www.mcjb.org.br\/portal\/wp-content\/uploads\/2019\/05\/camonaha-de-vacina\u00e7\u00e3o-min.jpg 550w, https:\/\/www.mcjb.org.br\/portal\/wp-content\/uploads\/2019\/05\/camonaha-de-vacina\u00e7\u00e3o-min-150x150.jpg 150w, https:\/\/www.mcjb.org.br\/portal\/wp-content\/uploads\/2019\/05\/camonaha-de-vacina\u00e7\u00e3o-min-300x300.jpg 300w, https:\/\/www.mcjb.org.br\/portal\/wp-content\/uploads\/2019\/05\/camonaha-de-vacina\u00e7\u00e3o-min-146x146.jpg 146w, https:\/\/www.mcjb.org.br\/portal\/wp-content\/uploads\/2019\/05\/camonaha-de-vacina\u00e7\u00e3o-min-50x50.jpg 50w, https:\/\/www.mcjb.org.br\/portal\/wp-content\/uploads\/2019\/05\/camonaha-de-vacina\u00e7\u00e3o-min-75x75.jpg 75w, https:\/\/www.mcjb.org.br\/portal\/wp-content\/uploads\/2019\/05\/camonaha-de-vacina\u00e7\u00e3o-min-85x85.jpg 85w, https:\/\/www.mcjb.org.br\/portal\/wp-content\/uploads\/2019\/05\/camonaha-de-vacina\u00e7\u00e3o-min-80x80.jpg 80w, https:\/\/www.mcjb.org.br\/portal\/wp-content\/uploads\/2019\/05\/camonaha-de-vacina\u00e7\u00e3o-min-100x100.jpg 100w\" sizes=\"(max-width: 430px) 100vw, 430px\" \/><\/span><\/p>\n<p>&nbsp;<\/p>\n<p><strong><span style=\"font-family: 'trebuchet ms', geneva, sans-serif; font-size: 14pt;\">A campanha vacina\u00e7\u00e3o contra o v\u00edrus da gripe, tamb\u00e9m conhecido como Influenza, come\u00e7ou em todo o pa\u00eds no dia 10 de abril. O dia D da campanha nacional \u00e9 voltada principalmente para as pessoas que pertencem ao \u2018grupo de risco\u2019: crian\u00e7as de 6 meses at\u00e9 5 anos, idosos, gestantes e pu\u00e9rperas e os profissionais de grupos de risco.<\/span><\/strong><\/p>\n<p><span style=\"font-family: 'trebuchet ms', geneva, sans-serif; font-size: 14pt;\">No jardim Bot\u00e2nico, a <strong>Associa\u00e7\u00e3o dos Amigos do Jardins Mangueiral (AAJM)<\/strong> cedeu o espa\u00e7o a pedido da Secretaria de Estado de Sa\u00fade do DF para a realiza\u00e7\u00e3o da vacina\u00e7\u00e3o. Em todo o pa\u00eds a campanha come\u00e7ou no dia 10 de abril e vai at\u00e9 o dia 31 de maio, por\u00e9m na sede do Mangueiral a vacina\u00e7\u00e3o ocorrer\u00e1 em apenas um dia, s\u00e1bado 04 de Maio, de 08 \u00e0s 17 horas. N\u00e3o esque\u00e7a de levar o cart\u00e3o de vacina\u00e7\u00e3o!<\/span><\/p>\n<p>&nbsp;<\/p>\n<p style=\"text-align: left;\"><span style=\"font-family: 'trebuchet ms', geneva, sans-serif; font-size: 14pt;\"><div class=\"su-table su-table-responsive su-table-alternate\"><\/span><\/p>\n<table class=\" alignleft\">\n<tbody>\n<tr>\n<td>DATA<\/td>\n<td>04 de Maio<\/td>\n<\/tr>\n<tr>\n<td>HOR\u00c1RIO<\/td>\n<td>De 08 \u00e0s 17 hrs<\/td>\n<\/tr>\n<tr>\n<td>Local<\/td>\n<td>Sede AAJM &#8211; SHMA Av. Mangueiral, com\u00e9rcio Local 2 lote 6 em frente a QC 14 \u2013 Bras\u00edlia \u2013 DF.<\/td>\n<\/tr>\n<\/tbody>\n<\/table>\n<p>&nbsp;<\/p>\n<p>&nbsp;<\/p>\n<p>&nbsp;<\/p>\n<p style=\"text-align: left\"><span style=\"font-family: 'trebuchet ms', geneva, sans-serif;font-size: 14pt\"><\/div><\/span><\/p>\n<p style=\"text-align: center;\"><span style=\"font-family: 'trebuchet ms', geneva, sans-serif; font-size: 14pt;\">\u00a0<\/span><\/p>\n<p style=\"text-align: center;\">\n","protected":false},"excerpt":{"rendered":"<p>Na sede do Mangueiral a vacina\u00e7\u00e3o ocorrer\u00e1 em apenas um dia, s\u00e1bado 04 de Maio, de 08 \u00e0s 17 horas.<\/p>\n","protected":false},"author":1,"featured_media":0,"comment_status":"open","ping_status":"open","sticky":false,"template":"","format":"standard","meta":{"_exactmetrics_skip_tracking":false,"_exactmetrics_sitenote_active":false,"_exactmetrics_sitenote_note":"","_exactmetrics_sitenote_category":0,"footnotes":"","jetpack_publicize_message":"","jetpack_publicize_feature_enabled":true,"jetpack_social_post_already_shared":true,"jetpack_social_options":{"image_generator_settings":{"template":"highway","default_image_id":0,"font":"","enabled":false},"version":2}},"categories":[46,36],"tags":[49,18,21,43,48,155,242],"class_list":["post-5994","post","type-post","status-publish","format-standard","hentry","category-agendajb","category-noticias","tag-agenda","tag-condominios","tag-mangueiral","tag-mcjb","tag-noticias-comunitarias","tag-saude","tag-vacinacao"],"jetpack_publicize_connections":[],"jetpack_featured_media_url":"","_links":{"self":[{"href":"https:\/\/www.mcjb.org.br\/portal\/wp-json\/wp\/v2\/posts\/5994","targetHints":{"allow":["GET"]}}],"collection":[{"href":"https:\/\/www.mcjb.org.br\/portal\/wp-json\/wp\/v2\/posts"}],"about":[{"href":"https:\/\/www.mcjb.org.br\/portal\/wp-json\/wp\/v2\/types\/post"}],"author":[{"embeddable":true,"href":"https:\/\/www.mcjb.org.br\/portal\/wp-json\/wp\/v2\/users\/1"}],"replies":[{"embeddable":true,"href":"https:\/\/www.mcjb.org.br\/portal\/wp-json\/wp\/v2\/comments?post=5994"}],"version-history":[{"count":13,"href":"https:\/\/www.mcjb.org.br\/portal\/wp-json\/wp\/v2\/posts\/5994\/revisions"}],"predecessor-version":[{"id":6020,"href":"https:\/\/www.mcjb.org.br\/portal\/wp-json\/wp\/v2\/posts\/5994\/revisions\/6020"}],"wp:attachment":[{"href":"https:\/\/www.mcjb.org.br\/portal\/wp-json\/wp\/v2\/media?parent=5994"}],"wp:term":[{"taxonomy":"category","embeddable":true,"href":"https:\/\/www.mcjb.org.br\/portal\/wp-json\/wp\/v2\/categories?post=5994"},{"taxonomy":"post_tag","embeddable":true,"href":"https:\/\/www.mcjb.org.br\/portal\/wp-json\/wp\/v2\/tags?post=5994"}],"curies":[{"name":"wp","href":"https:\/\/api.w.org\/{rel}","templated":true}]}}