{"id":5651,"date":"2019-01-28T11:31:01","date_gmt":"2019-01-28T11:31:01","guid":{"rendered":"http:\/\/www.mcjb.org.br\/portal\/?p=5651"},"modified":"2019-09-05T14:05:35","modified_gmt":"2019-09-05T14:05:35","slug":"movimento-faz-nova-selecao-de-estagio-2","status":"publish","type":"post","link":"https:\/\/www.mcjb.org.br\/portal\/documentos-publicos\/movimento-faz-nova-selecao-de-estagio-2\/","title":{"rendered":"Movimento faz nova sele\u00e7\u00e3o de est\u00e1gio"},"content":{"rendered":"<p style=\"text-align: justify;\"><em><span style=\"font-family: 'trebuchet ms', geneva, sans-serif;\">S\u00e3o quatro vagas dispon\u00edveis para in\u00edcio imediato. O programa de est\u00e1gio tem como objetivo proporcionar aos estudantes da regi\u00e3o atividades complementares de extens\u00e3o universit\u00e1ria.<\/span><\/em><\/p>\n<p><span style=\"font-family: 'trebuchet ms', geneva, sans-serif;\">Aten\u00e7\u00e3o! Estudantes que moram no Jardim Bot\u00e2nico, Mangueiral, S\u00e3o Sebasti\u00e3o e regi\u00f5es vizinhas que precisam cumprir as chamadas horas ou atividades complementares! O <strong>Movimento Comunit\u00e1rio do Jardim Bot\u00e2nico<\/strong> abre programa de est\u00e1gio para 2019!<\/span><\/p>\n<p style=\"text-align: justify;\"><span style=\"font-family: 'trebuchet ms', geneva, sans-serif;\">As quatro vagas s\u00e3o para in\u00edcio imediato, duas para est\u00e1gio remunerado com bolsa e outras duas, para est\u00e1gio n\u00e3o remunerado, apenas com aux\u00edlio alimenta\u00e7\u00e3o e passagem.\u00a0<\/span><\/p>\n<p style=\"text-align: justify;\"><span style=\"font-family: 'trebuchet ms', geneva, sans-serif;\"><div class=\"su-box su-box-style-default\" id=\"\" style=\"border-color:#002900;border-radius:3px;\"><div class=\"su-box-title\" style=\"background-color:#175c1b;color:#FFFFFF;border-top-left-radius:1px;border-top-right-radius:1px\">Confira as vagas:<\/div><div class=\"su-box-content su-u-clearfix su-u-trim\" style=\"border-bottom-left-radius:1px;border-bottom-right-radius:1px\">&#8211; 01 (uma) vaga para est\u00e1gio de jornalismo, ou publicidade e marketing, ou qualquer curso relacionado a \u00e1rea de comunica\u00e7\u00e3o;<\/span><br \/>\n<span style=\"font-family: 'trebuchet ms', geneva, sans-serif;\">&#8211; 01 (uma) vaga para est\u00e1gio de engenharia ambiental, ou gest\u00e3o estrat\u00e9gica ou curso ligado \u00e0 economia sustent\u00e1vel;<\/span><br \/>\n<span style=\"font-family: 'trebuchet ms', geneva, sans-serif;\">&#8211; 02 (duas) vagas para est\u00e1gio em cursos na \u00e1rea administrativa (administra\u00e7\u00e3o, secretariado, gest\u00e3o, etc.).<\/div><\/div><\/span><\/p>\n<p style=\"text-align: justify;\"><span style=\"font-family: 'trebuchet ms', geneva, sans-serif;\">O estudante participar\u00e1 de atividades supervisionadas na sua \u00e1rea de gradua\u00e7\u00e3o, que poder\u00e3o ser contabilizadas como atividades de extens\u00e3o universit\u00e1ria e gerar certifica\u00e7\u00e3o.<\/span><\/p>\n<p style=\"text-align: justify;\"><span style=\"font-family: 'trebuchet ms', geneva, sans-serif;\">Para participar basta preencher o formul\u00e1rio abaixo. Para saber mais sobre o programa de est\u00e1gio clique\u00a0<a href=\"http:\/\/www.mcjb.org.br\/institucional\/institucional\/programa-de-estagio\/\" target=\"_blank\" rel=\"noopener\">aqui<\/a>, ou no link abaixo.<\/span><\/p>\n<p style=\"text-align: justify;\"><span style=\"font-family: 'trebuchet ms', geneva, sans-serif;\"><div class=\"su-button-center\"><a href=\"http:\/\/www.mcjb.org.br\/institucional\/institucional\/programa-de-estagio\/\" class=\"su-button su-button-style-default su-button-wide\" style=\"color:#FFFFFF;background-color:#175c1b;border-color:#134a16;border-radius:5px\" target=\"_self\"><span style=\"color:#FFFFFF;padding:6px 16px;font-size:13px;line-height:20px;border-color:#5d8d60;border-radius:5px;text-shadow:none\"><i class=\"sui sui-mortar-board\" style=\"font-size:13px;color:#FFFFFF\"><\/i> Programa de Est\u00e1gio &#8211; 2018<\/span><\/a><\/div><\/span><\/p>\n<p>&nbsp;<\/p>\n<p><iframe src=\"https:\/\/docs.google.com\/forms\/d\/e\/1FAIpQLSfixUHiEy-h28O1GsDhXowWuOv2tEjQkyth8msYsqspY4DetQ\/viewform?embedded=true\" width=\"100%\" height=\"5925\" frameborder=\"0\" marginwidth=\"0\" marginheight=\"0\">Carregando\u2026<\/iframe><\/p>\n","protected":false},"excerpt":{"rendered":"<p>S\u00e3o quatro vagas dispon\u00edveis para in\u00edcio imediato. O programa de est\u00e1gio tem como objetivo proporcionar aos estudantes da regi\u00e3o atividades complementares de extens\u00e3o universit\u00e1ria.<\/p>\n","protected":false},"author":1,"featured_media":5662,"comment_status":"open","ping_status":"open","sticky":false,"template":"","format":"standard","meta":{"_exactmetrics_skip_tracking":false,"_exactmetrics_sitenote_active":false,"_exactmetrics_sitenote_note":"","_exactmetrics_sitenote_category":0,"footnotes":"","jetpack_publicize_message":"","jetpack_publicize_feature_enabled":true,"jetpack_social_post_already_shared":true,"jetpack_social_options":{"image_generator_settings":{"template":"highway","default_image_id":0,"font":"","enabled":false},"version":2}},"categories":[59],"tags":[43,52,116,190],"class_list":["post-5651","post","type-post","status-publish","format-standard","has-post-thumbnail","hentry","category-documentos-publicos","tag-mcjb","tag-rh","tag-trabalhe-conosco","tag-vagas-de-estagio"],"jetpack_publicize_connections":[],"jetpack_featured_media_url":"https:\/\/www.mcjb.org.br\/portal\/wp-content\/uploads\/2019\/01\/Movimento_faz_nova_sele\u00e7\u00e3o_de_est\u00e1gio.jpg","_links":{"self":[{"href":"https:\/\/www.mcjb.org.br\/portal\/wp-json\/wp\/v2\/posts\/5651","targetHints":{"allow":["GET"]}}],"collection":[{"href":"https:\/\/www.mcjb.org.br\/portal\/wp-json\/wp\/v2\/posts"}],"about":[{"href":"https:\/\/www.mcjb.org.br\/portal\/wp-json\/wp\/v2\/types\/post"}],"author":[{"embeddable":true,"href":"https:\/\/www.mcjb.org.br\/portal\/wp-json\/wp\/v2\/users\/1"}],"replies":[{"embeddable":true,"href":"https:\/\/www.mcjb.org.br\/portal\/wp-json\/wp\/v2\/comments?post=5651"}],"version-history":[{"count":8,"href":"https:\/\/www.mcjb.org.br\/portal\/wp-json\/wp\/v2\/posts\/5651\/revisions"}],"predecessor-version":[{"id":5665,"href":"https:\/\/www.mcjb.org.br\/portal\/wp-json\/wp\/v2\/posts\/5651\/revisions\/5665"}],"wp:featuredmedia":[{"embeddable":true,"href":"https:\/\/www.mcjb.org.br\/portal\/wp-json\/wp\/v2\/media\/5662"}],"wp:attachment":[{"href":"https:\/\/www.mcjb.org.br\/portal\/wp-json\/wp\/v2\/media?parent=5651"}],"wp:term":[{"taxonomy":"category","embeddable":true,"href":"https:\/\/www.mcjb.org.br\/portal\/wp-json\/wp\/v2\/categories?post=5651"},{"taxonomy":"post_tag","embeddable":true,"href":"https:\/\/www.mcjb.org.br\/portal\/wp-json\/wp\/v2\/tags?post=5651"}],"curies":[{"name":"wp","href":"https:\/\/api.w.org\/{rel}","templated":true}]}}