{"id":56,"date":"2016-12-21T11:49:55","date_gmt":"2016-12-21T13:49:55","guid":{"rendered":"http:\/\/mcjbantigo.ibsweb.com.br\/site\/faq-perguntas-frequentess\/"},"modified":"2016-12-21T11:49:55","modified_gmt":"2016-12-21T13:49:55","slug":"faq-perguntas-frequentess","status":"publish","type":"post","link":"https:\/\/www.mcjb.org.br\/portal\/documentos-publicos\/faq-perguntas-frequentess\/","title":{"rendered":"FAQ \u2013 Perguntas Frequentess"},"content":{"rendered":"<p style=\"text-align: center;\"><img decoding=\"async\" class=\" size-full wp-image-55\" src=\"http:\/\/www.mcjb.org.br\/wp-content\/uploads\/2016\/12\/logo.png\" alt=\"\" style=\"display: block; margin-left: auto; margin-right: auto;\" width=\"214\" height=\"213\" \/><\/p>\n<p style=\"text-align: center;\"><strong><span style=\"text-decoration: underline;\">FAQ \u2013 PERGUNTAS E RESPOSTAS FREQUENTES<\/span><\/strong><\/p>\n<p style=\"text-align: left;\"><strong>O que \u00e9 o Movimento Comunit\u00e1rio do Jardim Bot\u00e2nico?<\/strong><br \/><strong>RESPOSTA:<\/strong> O Movimento Comunit\u00e1rio do Jardim Bot\u00e2nico, ou simplesmente <strong>Movimento<\/strong> como \u00e9 chamado, \u00e9 uma Organiza\u00e7\u00e3o da Sociedade Civil de Interesse P\u00fablico (OSCIP), sem fins econ\u00f4micos, de direito privado, com autonomia administrativa e financeira e apartid\u00e1rio. Al\u00e9m disso, seus associados est\u00e3o distribu\u00eddos em v\u00e1rias categorias, o que vai democratizar a participa\u00e7\u00e3o.<\/p>\n<p style=\"text-align: justify;\"><strong>Onde \u00e9 a sede do <em>Movimento<\/em>?<\/strong><br \/><strong>RESPOSTA<\/strong>: No SHJB Etapa III Qd.01 Lt.A sala 4 \u2013 Fundos \u2013 Par\u00f3quia Sta. Clara e S. Francisco \u2013 Jardim Bot\u00e2nico-DF.<\/p>\n<p style=\"text-align: justify;\"><strong>Quem pode se associar ao <em>Movimento<\/em>?<\/strong><br \/><strong>RESPOSTA:<\/strong> Podem se associar as pessoas jur\u00eddicas dos condom\u00ednios, associa\u00e7\u00f5es e cooperativas habitacionais. Tamb\u00e9m a pessoa jur\u00eddica do com\u00e9rcio. Mas a pessoa f\u00edsica do morador tamb\u00e9m pode participar. Importante frisar que o associado <strong><span style=\"text-decoration: underline;\">estar\u00e1 limitado<\/span> <span style=\"text-decoration: underline;\">geograficamente \u00e0 \u00e1rea do Jardim Bot\u00e2nico<\/span><\/strong>, servindo-se para essa delimita\u00e7\u00e3o a <a href=\"http:\/\/jardimbotanicodf.blogspot.com.br\/2015\/07\/novo-mapa-do-jardim-botanico-ra-xxvii.html#axzz4TTNGcaLF\" target=\"_blank\">Portaria n\u00ba 4<\/a>, publicada no Di\u00e1rio Oficial de 24 de junho de 2015, ou o PDOT\/DF que venha a atualizar as delimita\u00e7\u00f5es da presente portaria.<\/p>\n<p style=\"text-align: justify;\"><strong>Quais os objetivos do <em>Movimento<\/em>?<\/strong><br \/><strong>RESPOSTA:<\/strong> Os objetivos do <em><strong>Movimento<\/strong> <\/em>s\u00e3o diversos, mas abordam, como prioridade, a organiza\u00e7\u00e3o das demandas do bairro e a consequente busca de solu\u00e7\u00f5es. Devido a sua representatividade junto aos condom\u00ednios e Associa\u00e7\u00f5es da regi\u00e3o, objetiva tamb\u00e9m realizar a interlocu\u00e7\u00e3o com o Governo e outras entidades p\u00fablicas e privadas. Deve desenvolver a\u00e7\u00f5es sociais e comunit\u00e1rias, programa de prote\u00e7\u00e3o e preserva\u00e7\u00e3o ambiental e sustentabilidade; programas de assist\u00eancia social; promover o voluntariado; organizar exposi\u00e7\u00f5es, feiras, amostras, cursos e treinamentos; assessorar a regulariza\u00e7\u00e3o de terras e parcelamentos. Como valores fundamentais, promover\u00e1 a \u00e9tica, a paz, a cidadania, os direitos humanos, a democracia, bem como outros valores universais; e se dedicar\u00e1 a desenvolver programa de gera\u00e7\u00e3o de emprego e renda; dentre muitos outros.<\/p>\n<p style=\"text-align: justify;\"><strong>Quais s\u00e3o as categorias de associados do <em>Movimento<\/em>?<\/strong><br \/><strong>RESPOSTA:<\/strong> <br \/>I \u2013 <span style=\"text-decoration: underline;\"><strong>Associado MANTENEDOR:<\/strong><\/span> Pessoa jur\u00eddica de condom\u00ednio, associa\u00e7\u00f5es de moradores ou cooperativas habitacionais ou cong\u00eaneres. Tem voto nas assembleias e pode concorrer ao conselho de administra\u00e7\u00e3o e conselho fiscal.<br \/>II \u2013 <span style=\"text-decoration: underline;\"><strong>Associado EFETIVO:<\/strong><\/span> pessoa f\u00edsica, moradora do Jardim Bot\u00e2nico, tem voto nas assembleias e pode concorrer ao conselho de administra\u00e7\u00e3o e conselho fiscal.<br \/>III \u2013 <span style=\"text-decoration: underline;\"><strong>Associado COMERCIAL:<\/strong><\/span> pessoa jur\u00eddica ligada ao com\u00e9rcio do Jardim Bot\u00e2nico, pode concorrer a uma vaga no conselho de administra\u00e7\u00e3o e ao Conselho Fiscal.<br \/>Tamb\u00e9m existem outras categorias, o <span style=\"text-decoration: underline;\">volunt\u00e1rio<\/span>, o <span style=\"text-decoration: underline;\">benem\u00e9rito<\/span> e o <span style=\"text-decoration: underline;\">patrocinador<\/span>, que n\u00e3o pagam anuidades, portanto n\u00e3o tem direito a votar ou ser votado.<\/p>\n<p><strong>Quais as vantagens de participar do <em>Movimento<\/em>, al\u00e9m da for\u00e7a comunit\u00e1ria, para meu Condom\u00ednio ou Associa\u00e7\u00e3o?<br \/>RESPOSTA:<\/strong><\/p>\n<p style=\"text-align: justify;\">\u2022 Consultoria para melhoria da gest\u00e3o administrativa-financeira dos condom\u00ednios;<br \/>\u2022 Palestras e treinamentos de funcion\u00e1rios e para os pr\u00f3prios cond\u00f4minos e associados;<br \/>\u2022 Servi\u00e7o de fornecimento de m\u00e3o de obra, como diaristas, jardineiros e outros;<br \/>\u2022 Minicursos de cunho comunit\u00e1rio (adestramento de c\u00e3es, cultivos de hortas caseiros, etc.);<br \/>\u2022 Organiza\u00e7\u00e3o de contatos com a imprensa, para den\u00fancias e publica\u00e7\u00e3o de eventos;<br \/>\u2022 Consultoria e suporte para eventos do condom\u00ednio\/associa\u00e7\u00e3o, como loca\u00e7\u00e3o e, em muitos casos, empr\u00e9stimo de equipamentos como som, barracas, palcos, geradores, etc.;<br \/>\u2022 Acesso a conv\u00eanios com empresas tais como postos de gasolina, farm\u00e1cias, veterin\u00e1rios, pet shops, ag\u00eancias de turismo, prestadoras de servi\u00e7os, varejistas e outros;<br \/>\u2022 Conv\u00eanios educacionais, para cursos, treinamentos, universidades, etc.;<br \/>\u2022 Aux\u00edlio na gest\u00e3o profissional de condom\u00ednios e associa\u00e7\u00f5es;<br \/>\u2022 Dentre muitas outras vantagens.<\/p>\n<p style=\"text-align: justify;\"><strong>Como fa\u00e7o para me associar?<\/strong><br \/><strong>RESPOSTA:<\/strong> Presencialmente na sede do <em><strong>Movimento<\/strong><\/em>, ou diretamente pelo site, <a href=\"index.php?option=com_content&amp;view=article&amp;id=33:registro&amp;catid=20:registro&amp;Itemid=101\">clicando aqui.<\/a><\/p>\n<p style=\"text-align: justify;\">Caso ainda tenha alguma outra d\u00favida, <a href=\"index.php?option=com_contact&amp;view=contact&amp;id=1&amp;catid=4&amp;Itemid=112\">clique aqui<\/a> e envie seu questionamento, que reponderemos o mais r\u00e1pido poss\u00edvel.<\/p>\n","protected":false},"excerpt":{"rendered":"<p>FAQ \u2013 PERGUNTAS E RESPOSTAS FREQUENTES O que \u00e9 o Movimento Comunit\u00e1rio do Jardim Bot\u00e2nico?RESPOSTA: O Movimento Comunit\u00e1rio do Jardim Bot\u00e2nico, ou simplesmente Movimento como \u00e9<span class=\"excerpt-hellip\"> [\u2026]<\/span><\/p>\n","protected":false},"author":1,"featured_media":0,"comment_status":"open","ping_status":"open","sticky":false,"template":"","format":"standard","meta":{"_exactmetrics_skip_tracking":false,"_exactmetrics_sitenote_active":false,"_exactmetrics_sitenote_note":"","_exactmetrics_sitenote_category":0,"footnotes":"","jetpack_publicize_message":"","jetpack_publicize_feature_enabled":true,"jetpack_social_post_already_shared":true,"jetpack_social_options":{"image_generator_settings":{"template":"highway","default_image_id":0,"font":"","enabled":false},"version":2}},"categories":[59],"tags":[],"class_list":["post-56","post","type-post","status-publish","format-standard","hentry","category-documentos-publicos"],"jetpack_publicize_connections":[],"jetpack_featured_media_url":"","_links":{"self":[{"href":"https:\/\/www.mcjb.org.br\/portal\/wp-json\/wp\/v2\/posts\/56","targetHints":{"allow":["GET"]}}],"collection":[{"href":"https:\/\/www.mcjb.org.br\/portal\/wp-json\/wp\/v2\/posts"}],"about":[{"href":"https:\/\/www.mcjb.org.br\/portal\/wp-json\/wp\/v2\/types\/post"}],"author":[{"embeddable":true,"href":"https:\/\/www.mcjb.org.br\/portal\/wp-json\/wp\/v2\/users\/1"}],"replies":[{"embeddable":true,"href":"https:\/\/www.mcjb.org.br\/portal\/wp-json\/wp\/v2\/comments?post=56"}],"version-history":[{"count":0,"href":"https:\/\/www.mcjb.org.br\/portal\/wp-json\/wp\/v2\/posts\/56\/revisions"}],"wp:attachment":[{"href":"https:\/\/www.mcjb.org.br\/portal\/wp-json\/wp\/v2\/media?parent=56"}],"wp:term":[{"taxonomy":"category","embeddable":true,"href":"https:\/\/www.mcjb.org.br\/portal\/wp-json\/wp\/v2\/categories?post=56"},{"taxonomy":"post_tag","embeddable":true,"href":"https:\/\/www.mcjb.org.br\/portal\/wp-json\/wp\/v2\/tags?post=56"}],"curies":[{"name":"wp","href":"https:\/\/api.w.org\/{rel}","templated":true}]}}