{"id":5058,"date":"2018-09-17T20:49:52","date_gmt":"2018-09-17T20:49:52","guid":{"rendered":"http:\/\/www.mcjb.org.br\/portal\/?p=5058"},"modified":"2018-11-08T11:10:06","modified_gmt":"2018-11-08T11:10:06","slug":"consulta-publica-sobre-regulamentacao-da-legitimacao-fundiaria","status":"publish","type":"post","link":"https:\/\/www.mcjb.org.br\/portal\/agendajb\/consulta-publica-sobre-regulamentacao-da-legitimacao-fundiaria\/","title":{"rendered":"Consulta p\u00fablica sobre regulamenta\u00e7\u00e3o da legitima\u00e7\u00e3o fundi\u00e1ria"},"content":{"rendered":"<p><span style=\"font-family: 'trebuchet ms', geneva, sans-serif;\"><i><span style=\"font-weight: 400;\">Nesta ter\u00e7a-feira (18) haver\u00e1 consulta p\u00fablica sobre a regulamenta\u00e7\u00e3o da legitima\u00e7\u00e3o fundi\u00e1ria, important\u00edssima para o Jardim Bot\u00e2nico. A participa\u00e7\u00e3o da comunidade \u00e9 imprescind\u00edvel!<\/span><\/i><\/span><\/p>\n<p><span style=\"font-family: 'trebuchet ms', geneva, sans-serif;\"><span style=\"font-weight: 400;\">A consulta acontecer\u00e1 \u00e0s 19h, no pr\u00e9dio da SEGETH, e \u00e9 resultado das in\u00fameras intermedia\u00e7\u00f5es do N\u00facleo de Regulariza\u00e7\u00e3o do <\/span><i><span style=\"font-weight: 400;\">Movimento Comunit\u00e1rio do Jardim Bot\u00e2nico,<\/span><\/i><span style=\"font-weight: 400;\"> junto a esta secretaria que, finalmente, regulamenta o instituto da legitima\u00e7\u00e3o fundi\u00e1ria e traz para o \u00e2mbito administrativo a titula\u00e7\u00e3o dos propriet\u00e1rios benefici\u00e1rios do processo de regulariza\u00e7\u00e3o.<\/span><\/span><\/p>\n<p><span style=\"font-weight: 400; font-family: 'trebuchet ms', geneva, sans-serif;\">O decreto, instrumento que regulamenta a Lei Federal 13.465\/2017, possibilitar\u00e1 a regulariza\u00e7\u00e3o fundi\u00e1ria de cerca de 4.000 lotes, 70% dos lotes do Jardim Bot\u00e2nico, impasse legal at\u00e9 o momento intranspon\u00edvel para registro do loteamento em cart\u00f3rio. A regulamenta\u00e7\u00e3o inicialmente seria realizada via projeto de lei, mas dificilmente haveria tempo h\u00e1bil para sua concretiza\u00e7\u00e3o nesta legislatura da c\u00e2mara. Assim, ap\u00f3s diversas reuni\u00f5es na Casa Civil, que coordena a a\u00e7\u00e3o \u00a0dos diversos \u00f3rg\u00e3os do governo sobre a regulariza\u00e7\u00e3o de terras, com o n\u00facleo de regulariza\u00e7\u00e3o, chegou-se ao entendimento de que havia base legal s\u00f3lida para a regulamenta\u00e7\u00e3o ser feita via decreto, abreviando-se o processo.<\/span><\/p>\n<p><span style=\"font-weight: 400; font-family: 'trebuchet ms', geneva, sans-serif;\">A import\u00e2ncia do decreto para o Jardim Bot\u00e2nico reside no fato de que as escrituras p\u00fablicas dos loteamentos em terras particulares s\u00e3o, em sua maioria, na forma de condom\u00ednio, com in\u00fameros propriet\u00e1rios de fra\u00e7\u00f5es ideais, estrat\u00e9gia de registro dos loteamentos informais muito utilizada nas d\u00e9cadas de 80 e 90. A pr\u00e1tica foi \u00a0posteriormente proibida, resultando no congelamento desses titulares que vendiam suas posses por instrumentos particulares, mas continuam com seus nomes congelados nas matr\u00edculas, impedindo assim o registro atualizado.<\/span><\/p>\n<p><span style=\"font-weight: 400; font-family: 'trebuchet ms', geneva, sans-serif;\">Se voc\u00ea \u00e9 propriet\u00e1rio de lotes em \u00e1rea particular e n\u00e3o tem a sua escritura, venha participar da consulta p\u00fablica, entender a proposta e fazer suas contribui\u00e7\u00f5es!<\/span><\/p>\n<p>&nbsp;<\/p>\n<p><a href=\"http:\/\/www.mcjb.org.br\/portal\/wp-content\/uploads\/2018\/09\/Informa\u00e7\u00f5es-Cosulta-publica.jpg\"><img fetchpriority=\"high\" decoding=\"async\" class=\"aligncenter wp-image-5060 size-full\" src=\"http:\/\/www.mcjb.org.br\/portal\/wp-content\/uploads\/2018\/09\/Informa\u00e7\u00f5es-Cosulta-publica.jpg\" alt=\"\" width=\"550\" height=\"550\" srcset=\"https:\/\/www.mcjb.org.br\/portal\/wp-content\/uploads\/2018\/09\/Informa\u00e7\u00f5es-Cosulta-publica.jpg 550w, https:\/\/www.mcjb.org.br\/portal\/wp-content\/uploads\/2018\/09\/Informa\u00e7\u00f5es-Cosulta-publica-300x300.jpg 300w, https:\/\/www.mcjb.org.br\/portal\/wp-content\/uploads\/2018\/09\/Informa\u00e7\u00f5es-Cosulta-publica-100x100.jpg 100w, https:\/\/www.mcjb.org.br\/portal\/wp-content\/uploads\/2018\/09\/Informa\u00e7\u00f5es-Cosulta-publica-150x150.jpg 150w, https:\/\/www.mcjb.org.br\/portal\/wp-content\/uploads\/2018\/09\/Informa\u00e7\u00f5es-Cosulta-publica-146x146.jpg 146w, https:\/\/www.mcjb.org.br\/portal\/wp-content\/uploads\/2018\/09\/Informa\u00e7\u00f5es-Cosulta-publica-50x50.jpg 50w, https:\/\/www.mcjb.org.br\/portal\/wp-content\/uploads\/2018\/09\/Informa\u00e7\u00f5es-Cosulta-publica-75x75.jpg 75w, https:\/\/www.mcjb.org.br\/portal\/wp-content\/uploads\/2018\/09\/Informa\u00e7\u00f5es-Cosulta-publica-85x85.jpg 85w, https:\/\/www.mcjb.org.br\/portal\/wp-content\/uploads\/2018\/09\/Informa\u00e7\u00f5es-Cosulta-publica-80x80.jpg 80w\" sizes=\"(max-width: 550px) 100vw, 550px\" \/><\/a><\/p>\n","protected":false},"excerpt":{"rendered":"<p>Nesta ter\u00e7a-feira (18) haver\u00e1 consulta p\u00fablica sobre a regulamenta\u00e7\u00e3o da legitima\u00e7\u00e3o fundi\u00e1ria, important\u00edssima para o Jardim Bot\u00e2nico. A participa\u00e7\u00e3o da comunidade \u00e9 imprescind\u00edvel! A consulta acontecer\u00e1<span class=\"excerpt-hellip\"> [\u2026]<\/span><\/p>\n","protected":false},"author":1,"featured_media":5059,"comment_status":"open","ping_status":"open","sticky":false,"template":"","format":"standard","meta":{"_exactmetrics_skip_tracking":false,"_exactmetrics_sitenote_active":false,"_exactmetrics_sitenote_note":"","_exactmetrics_sitenote_category":0,"footnotes":"","jetpack_publicize_message":"","jetpack_publicize_feature_enabled":true,"jetpack_social_post_already_shared":true,"jetpack_social_options":{"image_generator_settings":{"template":"highway","default_image_id":0,"font":"","enabled":false},"version":2}},"categories":[46,36],"tags":[161,20,37],"class_list":["post-5058","post","type-post","status-publish","format-standard","has-post-thumbnail","hentry","category-agendajb","category-noticias","tag-consulta-publica","tag-jardim-botanico","tag-regularizacao"],"jetpack_publicize_connections":[],"jetpack_featured_media_url":"https:\/\/www.mcjb.org.br\/portal\/wp-content\/uploads\/2018\/09\/Capa-de-materia-consulta-publica-min.jpg","_links":{"self":[{"href":"https:\/\/www.mcjb.org.br\/portal\/wp-json\/wp\/v2\/posts\/5058","targetHints":{"allow":["GET"]}}],"collection":[{"href":"https:\/\/www.mcjb.org.br\/portal\/wp-json\/wp\/v2\/posts"}],"about":[{"href":"https:\/\/www.mcjb.org.br\/portal\/wp-json\/wp\/v2\/types\/post"}],"author":[{"embeddable":true,"href":"https:\/\/www.mcjb.org.br\/portal\/wp-json\/wp\/v2\/users\/1"}],"replies":[{"embeddable":true,"href":"https:\/\/www.mcjb.org.br\/portal\/wp-json\/wp\/v2\/comments?post=5058"}],"version-history":[{"count":3,"href":"https:\/\/www.mcjb.org.br\/portal\/wp-json\/wp\/v2\/posts\/5058\/revisions"}],"predecessor-version":[{"id":5302,"href":"https:\/\/www.mcjb.org.br\/portal\/wp-json\/wp\/v2\/posts\/5058\/revisions\/5302"}],"wp:featuredmedia":[{"embeddable":true,"href":"https:\/\/www.mcjb.org.br\/portal\/wp-json\/wp\/v2\/media\/5059"}],"wp:attachment":[{"href":"https:\/\/www.mcjb.org.br\/portal\/wp-json\/wp\/v2\/media?parent=5058"}],"wp:term":[{"taxonomy":"category","embeddable":true,"href":"https:\/\/www.mcjb.org.br\/portal\/wp-json\/wp\/v2\/categories?post=5058"},{"taxonomy":"post_tag","embeddable":true,"href":"https:\/\/www.mcjb.org.br\/portal\/wp-json\/wp\/v2\/tags?post=5058"}],"curies":[{"name":"wp","href":"https:\/\/api.w.org\/{rel}","templated":true}]}}