{"id":3853,"date":"2017-11-24T15:31:39","date_gmt":"2017-11-24T17:31:39","guid":{"rendered":"http:\/\/www.mcjb.org.br\/?p=3853"},"modified":"2017-11-24T15:31:39","modified_gmt":"2017-11-24T17:31:39","slug":"campanha-de-vacinacao-antirrabica-no-jb-sera-neste-sabado","status":"publish","type":"post","link":"https:\/\/www.mcjb.org.br\/portal\/noticias\/campanha-de-vacinacao-antirrabica-no-jb-sera-neste-sabado\/","title":{"rendered":"Campanha de Vacina\u00e7\u00e3o Antirr\u00e1bica no JB ser\u00e1 neste s\u00e1bado (25)"},"content":{"rendered":"<p style=\"text-align: right;\"><span style=\"font-size: 8pt; font-family: 'trebuchet ms', geneva, sans-serif;\"><strong><em>Leandro Cipriano, da Ag\u00eancia Sa\u00fade<\/em><\/strong><\/span><\/p>\n<p style=\"text-align: justify;\"><span style=\"font-family: 'trebuchet ms', geneva, sans-serif;\"><em>A Secretaria de Sa\u00fade promover\u00e1, neste s\u00e1bado (25), o Dia D da Campanha de Vacina\u00e7\u00e3o Antirr\u00e1bica deste ano. A meta \u00e9 vacinar, no m\u00ednimo, 100 mil c\u00e3es e gatos em todo o Distrito Federal. O objetivo \u00e9 prevenir a raiva animal para evitar a ocorr\u00eancia de casos da doen\u00e7a em humanos.<\/em><\/span><\/p>\n<p><span style=\"font-family: 'trebuchet ms', geneva, sans-serif;\"><img fetchpriority=\"high\" decoding=\"async\" class=\"size-medium wp-image-3855 alignleft\" src=\"http:\/\/www.mcjb.org.br\/wp-content\/uploads\/2017\/11\/29369430710_8f51151e42_z-300x206.jpg\" alt=\"\" width=\"300\" height=\"206\" \/><\/span><\/p>\n<p style=\"text-align: justify;\"><span style=\"font-family: 'trebuchet ms', geneva, sans-serif;\">&#8220;<em>A raiva \u00e9 uma zoonose viral, aguda, letal e pode atingir a todos os mam\u00edferos. Por isso \u00e9 uma a\u00e7\u00e3o muito importante de sa\u00fade p\u00fablica. Buscamos atingir 80% de toda a popula\u00e7\u00e3o de c\u00e3es e gatos do DF com a vacina\u00e7\u00e3o antirr\u00e1bica. A meta \u00e9 vacinar, ao longo do ano, 271.408 c\u00e3es e gatos<\/em>&#8220;, detalhou o diretor de Vigil\u00e2ncia Ambiental, Denilson Magalh\u00e3es, em coletiva de imprensa realizada nesta sexta-feira (24), no audit\u00f3rio da sede da Secretaria de Sa\u00fade.<\/span><\/p>\n<p style=\"text-align: justify;\"><span style=\"font-family: 'trebuchet ms', geneva, sans-serif;\">Ser\u00e3o 248 postos fixos de vacina\u00e7\u00e3o funcionando de 9h \u00e0s 17h, em frente a estabelecimentos como unidades b\u00e1sicas de sa\u00fade (UBSs), N\u00facleo de Inspe\u00e7\u00e3o Sanit\u00e1ria, com\u00e9rcios, pra\u00e7as, igrejas e escolas p\u00fablicas e particulares. A Secretaria de Sa\u00fade disponibilizou uma lista com os endere\u00e7os de todos os postos nas regi\u00f5es administrativas (<a href=\"http:\/\/www.saude.df.gov.br\/images\/Seguem_os_locais_dos_postos_de_vacina%C3%A7%C3%A3o_para_o_dia_25.pdf\" target=\"_blank\" rel=\"noopener\">clique aqui para visualizar<\/a>). <span style=\"text-decoration: underline;\">No Jardim Bot\u00e2nico ser\u00e3o dois postos de vacina\u00e7\u00e3o, um no Condom\u00ednio Ouro Vermelho I e outro na tenda da Associa\u00e7\u00e3o de Moradores do Jardins Mangueiral, na quadra 14<\/span>.\u00a0<\/span><\/p>\n<p style=\"text-align: justify;\"><span style=\"font-family: 'trebuchet ms', geneva, sans-serif;\">A imuniza\u00e7\u00e3o \u00e9 indicada para c\u00e3es e gatos saud\u00e1veis com mais de tr\u00eas meses de vida, al\u00e9m de f\u00eameas gestantes e parturientes. Os animais que receberem a primeira dose da vacina devem ser revacinados ap\u00f3s 30 dias (depois s\u00f3 \u00e9 necess\u00e1ria a vacina\u00e7\u00e3o anual).<\/span><\/p>\n<p style=\"text-align: justify;\"><span style=\"font-family: 'trebuchet ms', geneva, sans-serif;\">O diretor de Vigil\u00e2ncia Sanit\u00e1ria ressalta que a popula\u00e7\u00e3o deve conduzir seus c\u00e3es com coleira \u2013 e focinheira se forem mais agressivos \u2013, evitando qualquer problema. No caso dos gatos, devem estar em caixinhas ou saco de linhagem que facilitem a aplica\u00e7\u00e3o da vacina. &#8220;<em>Vale lembrar aos donos para n\u00e3o entregarem a condu\u00e7\u00e3o dos animais para as crian\u00e7as. Pedimos que os adultos fa\u00e7am isso. Assim, evitam-se problemas<\/em>&#8220;, destaca.<\/span><\/p>\n<p style=\"text-align: justify;\"><span style=\"font-family: 'trebuchet ms', geneva, sans-serif;\">Caso o p\u00fablico n\u00e3o consiga vacinar seus animais no Dia D da campanha, Magalh\u00e3es lembra que a Secretaria de Sa\u00fade possui 10 postos de vacina\u00e7\u00e3o distribu\u00eddos entre as regi\u00f5es administrativas do DF, localizados nos n\u00facleos regionais de Vigil\u00e2ncia Ambiental. &#8220;<em>Eles funcionam todo o ano, de segunda a sexta. Ent\u00e3o, a popula\u00e7\u00e3o n\u00e3o precisa aguardar este s\u00e1bado. Pode ir em qualquer dia da semana. A campanha \u00e9 apenas para ampliar a cobertura.<\/em> &#8220;<\/span><\/p>\n<p style=\"text-align: justify;\"><span style=\"font-family: 'trebuchet ms', geneva, sans-serif;\">A m\u00e9dia de vacina\u00e7\u00e3o anual \u00e9 de 150 mil a 200 mil c\u00e3es e gatos. Em 2012, o n\u00famero foi recorde, com 222.266 vacinados. Em 2016 foram vacinados 199.999 c\u00e3es e gatos.<\/span><\/p>\n<p style=\"text-align: justify;\"><span style=\"font-family: 'trebuchet ms', geneva, sans-serif;\"><strong>ETAPA RURAL<\/strong> \u2013 A segunda etapa da Campanha de Vacina\u00e7\u00e3o Antirr\u00e1bica de C\u00e3es e Gatos ocorrer\u00e1 em 2 de dezembro, na \u00e1rea rural, das 9h \u00e0s 17h, em postos volantes e fixos. A iniciativa contar\u00e1 com o apoio de <\/span><span style=\"font-family: 'trebuchet ms', geneva, sans-serif;\">colaboradores de institui\u00e7\u00f5es p\u00fablicas civis e militares.<\/span><\/p>\n<div class=\"su-box su-box-style-default\" id=\"\" style=\"border-color:#003109;border-radius:3px;\"><div class=\"su-box-title\" style=\"background-color:#32643c;color:#FFFFFF;border-top-left-radius:1px;border-top-right-radius:1px\"><b>Servi\u00e7o<\/b>:<\/div><div class=\"su-box-content su-u-clearfix su-u-trim\" style=\"border-bottom-left-radius:1px;border-bottom-right-radius:1px\">\n<strong>Dia D da Campanha de Vacina\u00e7\u00e3o Antirr\u00e1bica<\/strong><br \/>\n&#8211; <strong>Data<\/strong>: 25\/11\/2017<br \/>\n&#8211; <strong>Locais na RA-XXVII do Jardim Bot\u00e2nico<\/strong>:<br \/>\n&#8211; Condom\u00ednio Ouro Vermelho I: Estrada do Sol, km 8 &#8211; Jardim Bot\u00e2nico<br \/>\n&#8211; Tenda da Associa\u00e7\u00e3o dos Amigos do Jardim Mangueiral (AAJM): Av. Regional ao lado da QC 14<br \/>\n&#8211; Clique <a href=\"http:\/\/www.saude.df.gov.br\/images\/Seguem_os_locais_dos_postos_de_vacina%C3%A7%C3%A3o_para_o_dia_25.pdf\" target=\"_blank\" rel=\"noopener\">aqui<\/a> para ver os locais de todos os postos de vacina\u00e7\u00e3o para o dia 25\/11\/2017 no DF.<br \/>\n&#8211; <strong>Informa\u00e7\u00f5es &#8211; <\/strong>Diretoria de Vigil\u00e2ncia Ambiental em Sa\u00fade (Dival) &#8211; telefone (61) 33448527<\/div><\/div>\n<p>&nbsp;<\/p>\n<p><a href=\"http:\/\/www.mcjb.org.br\/wp-content\/uploads\/2017\/11\/WhatsApp-Image-2017-11-23-at-14.04.01.jpeg\"><img decoding=\"async\" class=\"aligncenter wp-image-3857 size-large\" src=\"http:\/\/www.mcjb.org.br\/wp-content\/uploads\/2017\/11\/WhatsApp-Image-2017-11-23-at-14.04.01-1024x538.jpeg\" alt=\"Campanha de Vacina\u00e7\u00e3o Antirr\u00e1bica - 25\/11\/2017\" width=\"800\" height=\"420\" \/><\/a><\/p>\n","protected":false},"excerpt":{"rendered":"<p>A Secretaria de Sa\u00fade promover\u00e1, neste s\u00e1bado (25), Campanha de Vacina\u00e7\u00e3o Antirr\u00e1bica deste ano. Saiba onde vacinar no Jardim Bot\u00e2nico.<\/p>\n","protected":false},"author":1,"featured_media":3859,"comment_status":"open","ping_status":"open","sticky":false,"template":"","format":"standard","meta":{"_exactmetrics_skip_tracking":false,"_exactmetrics_sitenote_active":false,"_exactmetrics_sitenote_note":"","_exactmetrics_sitenote_category":0,"footnotes":"","jetpack_publicize_message":"","jetpack_publicize_feature_enabled":true,"jetpack_social_post_already_shared":true,"jetpack_social_options":{"image_generator_settings":{"template":"highway","default_image_id":0,"font":"","enabled":false},"version":2}},"categories":[36],"tags":[39,62,21,43,78],"class_list":["post-3853","post","type-post","status-publish","format-standard","has-post-thumbnail","hentry","category-noticias","tag-gdf","tag-jb-sustentavel","tag-mangueiral","tag-mcjb","tag-ouro-vermelho-1"],"jetpack_publicize_connections":[],"jetpack_featured_media_url":"","_links":{"self":[{"href":"https:\/\/www.mcjb.org.br\/portal\/wp-json\/wp\/v2\/posts\/3853","targetHints":{"allow":["GET"]}}],"collection":[{"href":"https:\/\/www.mcjb.org.br\/portal\/wp-json\/wp\/v2\/posts"}],"about":[{"href":"https:\/\/www.mcjb.org.br\/portal\/wp-json\/wp\/v2\/types\/post"}],"author":[{"embeddable":true,"href":"https:\/\/www.mcjb.org.br\/portal\/wp-json\/wp\/v2\/users\/1"}],"replies":[{"embeddable":true,"href":"https:\/\/www.mcjb.org.br\/portal\/wp-json\/wp\/v2\/comments?post=3853"}],"version-history":[{"count":0,"href":"https:\/\/www.mcjb.org.br\/portal\/wp-json\/wp\/v2\/posts\/3853\/revisions"}],"wp:featuredmedia":[{"embeddable":true,"href":"https:\/\/www.mcjb.org.br\/portal\/wp-json\/"}],"wp:attachment":[{"href":"https:\/\/www.mcjb.org.br\/portal\/wp-json\/wp\/v2\/media?parent=3853"}],"wp:term":[{"taxonomy":"category","embeddable":true,"href":"https:\/\/www.mcjb.org.br\/portal\/wp-json\/wp\/v2\/categories?post=3853"},{"taxonomy":"post_tag","embeddable":true,"href":"https:\/\/www.mcjb.org.br\/portal\/wp-json\/wp\/v2\/tags?post=3853"}],"curies":[{"name":"wp","href":"https:\/\/api.w.org\/{rel}","templated":true}]}}