{"id":3754,"date":"2017-11-08T15:36:50","date_gmt":"2017-11-08T17:36:50","guid":{"rendered":"http:\/\/www.mcjb.org.br\/?p=3754"},"modified":"2017-11-08T15:36:50","modified_gmt":"2017-11-08T17:36:50","slug":"movimento-e-rodas-da-paz-renovam-campanha-doe-uma-bicicleta","status":"publish","type":"post","link":"https:\/\/www.mcjb.org.br\/portal\/noticias\/movimento-e-rodas-da-paz-renovam-campanha-doe-uma-bicicleta\/","title":{"rendered":"Movimento e Rodas da paz renovam campanha \u201cDoe uma bicicleta\u201d"},"content":{"rendered":"<p style=\"text-align: justify;\"><span style=\"font-family: 'trebuchet ms', geneva, sans-serif;\"><i><span style=\"font-weight: 400;\">O Movimento Comunit\u00e1rio do Jardim Bot\u00e2nico e a institui\u00e7\u00e3o Rodas da Paz renovam parceria e promovem a campanha \u201cDoe uma Bicicleta\u201d, parte do 2\u00ba Passeio Cicl\u00edstico do Jardim Bot\u00e2nico. As bicicletas doadas ser\u00e3o recuperadas e repassadas para entidades carentes de S\u00e3o Sebasti\u00e3o.<\/span><\/i><\/span><\/p>\n<p style=\"text-align: justify;\"><span style=\"font-family: 'trebuchet ms', geneva, sans-serif;\"><span style=\"font-weight: 400;\">Os moradores do Jardim Bot\u00e2nico ter\u00e3o a oportunidade de ajudar crian\u00e7as e pessoas carentes que n\u00e3o t\u00eam bicicleta, colaborando com a campanha \u201cDoe uma Bicicleta\u201d, promovida pela institui\u00e7\u00e3o Rodas da Paz, em conjunto com o <\/span><i><span style=\"font-weight: 400;\">Movimento<\/span><\/i><span style=\"font-weight: 400;\">. A a\u00e7\u00e3o ocorrer\u00e1 como atividade do 2\u00ba Passeio Cicl\u00edstico do <\/span><i><span style=\"font-weight: 400;\">Movimento Comunit\u00e1rio do Jardim Bot\u00e2nico<\/span><\/i><span style=\"font-weight: 400;\">, que ocorrer\u00e1 no pr\u00f3ximo dia 12\/11 (domingo). <\/span><\/span><\/p>\n<p style=\"text-align: justify;\"><span style=\"font-weight: 400; font-family: 'trebuchet ms', geneva, sans-serif;\">A campanha existe h\u00e1 mais de 10 anos e j\u00e1 recuperou cerca de 5 mil bicicletas. A Rodas da Paz coleta bicicletas doadas as quais, ap\u00f3s serem recuperadas, s\u00e3o destinadas \u00e0 pessoas e crian\u00e7as carentes, em uma s\u00e9rie de a\u00e7\u00f5es sociais. Uma dessas a\u00e7\u00f5es \u00e9 a cria\u00e7\u00e3o de bicicletas adaptadas a portadores de necessidades especiais, a partir das pe\u00e7as retiradas de bicicletas doadas. Outra est\u00e1 na gera\u00e7\u00e3o de renda, em cursos de mec\u00e2nica b\u00e1sica oferecidos junto \u00e0 comunidades carentes. A cada ano, cerca de 500 bicicletas t\u00eam sido arrecadadas, consertadas e distribu\u00eddas pela Rodas da Paz.<\/span><\/p>\n<p style=\"text-align: justify;\"><span style=\"font-family: 'trebuchet ms', geneva, sans-serif;\"><span style=\"font-weight: 400;\">O <\/span><b><i>Movimento<\/i><\/b><span style=\"font-weight: 400;\"> e os organizadores do passeio cicl\u00edstico esperam arrecadar n\u00famero suficiente de bicicletas para atender a maioria \u00a0dos projetos sociais de S\u00e3o Sebasti\u00e3o. <\/span><\/span><\/p>\n<p style=\"text-align: justify;\"><span style=\"font-family: 'trebuchet ms', geneva, sans-serif;\"><span style=\"font-weight: 400;\">Para participar da campanha basta levar sua bicicleta usada no dia do Passeio (12\/11) no estande da Rodas da Paz. Quem n\u00e3o puder levar sua bicicleta, basta enviar um e-mail para o <\/span><b><i>Movimento<\/i><\/b><span style=\"font-weight: 400;\"> no endere\u00e7o contato@mcjb.org.br, com nome, endere\u00e7o e telefone, para que seja feita a coleta. A bicicleta doada pode estar danificada, a institui\u00e7\u00e3o far\u00e1 o reparo. <\/span><\/span><\/p>\n<p style=\"text-align: justify;\"><span style=\"font-weight: 400; font-family: 'trebuchet ms', geneva, sans-serif;\">Outra a\u00e7\u00e3o social do passeio cicl\u00edstico ser\u00e1 a distribui\u00e7\u00e3o de alimentos arrecadados pelos participantes. Cada inscrito doar\u00e1 um quilo de alimento n\u00e3o perec\u00edvel, que tamb\u00e9m ser\u00e1 distribu\u00eddo para entidades carentes de S\u00e3o Sebasti\u00e3o. Para saber mais sobre o Passeio clique <a href=\"http:\/\/www.mcjb.org.br\/passeiociclisticojb\/\">aqui<\/a> e visite a p\u00e1gina do evento. Os organizadores lembram aos participantes da import\u00e2ncia do uso de capacete e equipamentos de seguran\u00e7a de ciclismo.<\/span><\/p>\n<p style=\"text-align: justify;\"><span style=\"text-decoration: underline; font-family: 'trebuchet ms', geneva, sans-serif; font-size: 14pt;\"><b>Servi\u00e7o<\/b><\/span><span style=\"font-family: 'trebuchet ms', geneva, sans-serif; font-size: 14pt;\"><span style=\"font-weight: 400;\">:<br \/>\n<\/span><\/span><span style=\"font-size: 14pt;\"><div class=\"su-box su-box-style-default\" id=\"\" style=\"border-color:#003109;border-radius:3px;\"><div class=\"su-box-title\" style=\"background-color:#32643c;color:#FFFFFF;border-top-left-radius:1px;border-top-right-radius:1px\"><strong>2\u00ba Passeio Cicl\u00edstico do Movimento Comunit\u00e1rio do Jardim Bot\u00e2nico<\/strong><\/div><div class=\"su-box-content su-u-clearfix su-u-trim\" style=\"border-bottom-left-radius:1px;border-bottom-right-radius:1px\"><\/span><br \/>\n<span style=\"font-size: 14pt;\"><span style=\"font-weight: 400; font-family: 'trebuchet ms', geneva, sans-serif;\">&#8211; <strong>Data<\/strong>: 12\/11\/2017<br \/>\n<\/span><span style=\"font-weight: 400; font-family: 'trebuchet ms', geneva, sans-serif;\">&#8211; <strong>Local<\/strong>: Parque Vivencial do Jardim Bot\u00e2nico 3<br \/>\n<\/span><span style=\"font-weight: 400; font-family: 'trebuchet ms', geneva, sans-serif;\">&#8211; <strong>Percurso<\/strong>: Clique <a href=\"http:\/\/www.mcjb.org.br\/confira-o-percurso-do-2o-passeio-ciclistico-do-jardim-botanico\/\">aqui<\/a> para ver todo percurso<br \/>\n<\/span><span style=\"font-weight: 400; font-family: 'trebuchet ms', geneva, sans-serif;\">&#8211; <strong>Regulamento<\/strong>: Clique <a href=\"http:\/\/www.mcjb.org.br\/regulamento-passeio-ciclistico-do-mcjb\/\">aqui<\/a> para ler o regulamento<br \/>\n<\/span><span style=\"font-weight: 400; font-family: 'trebuchet ms', geneva, sans-serif;\">&#8211; <strong>Inscri\u00e7\u00f5es<\/strong>: 1 Kg de alimento n\u00e3o perec\u00edvel &#8211; clique <a href=\"http:\/\/www.mcjb.org.br\/passeiociclisticojb\/\">aqui<\/a>, fa\u00e7a sua inscri\u00e7\u00e3o gratuitamente e concorra a 4 bicicletas e outros brindes no dia do Passeio. E se voc\u00ea n\u00e3o tiver bicicleta, adquira o kit bike e participe! Inscri\u00e7\u00f5es e mais informa\u00e7\u00f5es pelo site: <a href=\"http:\/\/www.mcjb.org.br\/passeiociclisticojb\" target=\"_blank\" rel=\"noopener\">http:\/\/www.mcjb.org.br\/passeiociclisticojb<\/a>.<br \/>\n<\/span><span style=\"font-weight: 400; font-family: 'trebuchet ms', geneva, sans-serif;\">&#8211; <strong>Informa\u00e7\u00f5es &#8211; \u00a0<\/strong>Telefone: (61) 3427-3038 | Whatsapp: (61) 99433-8517 | e-mail: contato@mcjb.org.br<\/div><\/div><\/span><\/span><\/p>\n<p>&nbsp;<\/p>\n<p style=\"text-align: justify;\"><span style=\"font-family: 'trebuchet ms', geneva, sans-serif; font-size: 14pt;\"><div class=\"su-box su-box-style-default\" id=\"\" style=\"border-color:#003109;border-radius:3px;\"><div class=\"su-box-title\" style=\"background-color:#32643c;color:#FFFFFF;border-top-left-radius:1px;border-top-right-radius:1px\">Confira toda programa\u00e7\u00e3o - 12\/11\/2017<\/div><div class=\"su-box-content su-u-clearfix su-u-trim\" style=\"border-bottom-left-radius:1px;border-bottom-right-radius:1px\"><\/span><\/p>\n<ul>\n<li style=\"text-align: justify;\"><span style=\"font-family: 'trebuchet ms', geneva, sans-serif; font-size: 14pt;\"><strong>8h00<\/strong>: Concentra\u00e7\u00e3o no Parque Vivencial do Jardim Bot\u00e2nico, com atividades f\u00edsicas de aquecimento, alongamento, dentre outros;<\/span><\/li>\n<li style=\"text-align: justify;\"><span style=\"font-family: 'trebuchet ms', geneva, sans-serif; font-size: 14pt;\"><strong>9h00<\/strong>: Sa\u00edda e in\u00edcio do Passeio<\/span><\/li>\n<li style=\"text-align: justify;\"><span style=\"font-family: 'trebuchet ms', geneva, sans-serif; font-size: 14pt;\"><strong>11h00<\/strong>: In\u00edcio sorteios dos brindes e das bicicletas (apenas para participantes inscritos pelo site www.mcjb.org.br)<\/span><\/li>\n<li style=\"text-align: justify;\"><span style=\"font-family: 'trebuchet ms', geneva, sans-serif; font-size: 14pt;\"><strong>12h00<\/strong>: Encerramento do Passeio Cicl\u00edstico<\/div><\/div><\/span><\/li>\n<\/ul>\n<p><strong><span style=\"text-decoration: underline;\">Patroc\u00ednio<\/span><\/strong>:<\/p>\nThe gallery was not found!\n<p><strong><span style=\"text-decoration: underline;\">Apoio e Realiza\u00e7\u00e3o<\/span><\/strong>:<\/p>\nThe gallery was not found!\n<p><a href=\"http:\/\/www.mcjb.org.br\/wp-content\/uploads\/2017\/11\/Cartaz-2.-Passeio-Cicl\u00edstico-do-Jardim-Bot\u00e2nico.jpeg\"><img fetchpriority=\"high\" decoding=\"async\" class=\"aligncenter wp-image-3759 size-large\" src=\"http:\/\/www.mcjb.org.br\/wp-content\/uploads\/2017\/11\/Cartaz-2.-Passeio-Cicl\u00edstico-do-Jardim-Bot\u00e2nico-683x1024.jpeg\" alt=\"\" width=\"683\" height=\"1024\" \/><\/a><\/p>\n","protected":false},"excerpt":{"rendered":"<p>O Movimento Comunit\u00e1rio do Jardim Bot\u00e2nico e a institui\u00e7\u00e3o Rodas da Paz renovam parceria e promovem a campanha \u201cDoe uma Bicicleta\u201d, parte do 2\u00ba Passeio Cicl\u00edstico do Jardim Bot\u00e2nico. As bicicletas doadas ser\u00e3o recuperadas e repassadas para entidades carentes de S\u00e3o Sebasti\u00e3o.<\/p>\n","protected":false},"author":1,"featured_media":3756,"comment_status":"open","ping_status":"open","sticky":false,"template":"","format":"standard","meta":{"_exactmetrics_skip_tracking":false,"_exactmetrics_sitenote_active":false,"_exactmetrics_sitenote_note":"","_exactmetrics_sitenote_category":0,"footnotes":"","jetpack_publicize_message":"","jetpack_publicize_feature_enabled":true,"jetpack_social_post_already_shared":true,"jetpack_social_options":{"image_generator_settings":{"template":"highway","default_image_id":0,"font":"","enabled":false},"version":2}},"categories":[36],"tags":[29,33,42,20,43,86],"class_list":["post-3754","post","type-post","status-publish","format-standard","has-post-thumbnail","hentry","category-noticias","tag-2o-passeio-ciclistico-do-mcjb","tag-esportes","tag-ibras","tag-jardim-botanico","tag-mcjb","tag-ong-rodas-da-paz"],"jetpack_publicize_connections":[],"jetpack_featured_media_url":"","_links":{"self":[{"href":"https:\/\/www.mcjb.org.br\/portal\/wp-json\/wp\/v2\/posts\/3754","targetHints":{"allow":["GET"]}}],"collection":[{"href":"https:\/\/www.mcjb.org.br\/portal\/wp-json\/wp\/v2\/posts"}],"about":[{"href":"https:\/\/www.mcjb.org.br\/portal\/wp-json\/wp\/v2\/types\/post"}],"author":[{"embeddable":true,"href":"https:\/\/www.mcjb.org.br\/portal\/wp-json\/wp\/v2\/users\/1"}],"replies":[{"embeddable":true,"href":"https:\/\/www.mcjb.org.br\/portal\/wp-json\/wp\/v2\/comments?post=3754"}],"version-history":[{"count":0,"href":"https:\/\/www.mcjb.org.br\/portal\/wp-json\/wp\/v2\/posts\/3754\/revisions"}],"wp:featuredmedia":[{"embeddable":true,"href":"https:\/\/www.mcjb.org.br\/portal\/wp-json\/"}],"wp:attachment":[{"href":"https:\/\/www.mcjb.org.br\/portal\/wp-json\/wp\/v2\/media?parent=3754"}],"wp:term":[{"taxonomy":"category","embeddable":true,"href":"https:\/\/www.mcjb.org.br\/portal\/wp-json\/wp\/v2\/categories?post=3754"},{"taxonomy":"post_tag","embeddable":true,"href":"https:\/\/www.mcjb.org.br\/portal\/wp-json\/wp\/v2\/tags?post=3754"}],"curies":[{"name":"wp","href":"https:\/\/api.w.org\/{rel}","templated":true}]}}