{"id":2643,"date":"2017-07-20T09:42:50","date_gmt":"2017-07-20T12:42:50","guid":{"rendered":"http:\/\/www.mcjb.org.br\/?p=2643"},"modified":"2017-07-20T09:42:50","modified_gmt":"2017-07-20T12:42:50","slug":"2o-casamento-comunitario-no-jardim-botanico","status":"publish","type":"post","link":"https:\/\/www.mcjb.org.br\/portal\/noticias\/2o-casamento-comunitario-no-jardim-botanico\/","title":{"rendered":"2\u00ba Casamento Comunit\u00e1rio no Jardim Bot\u00e2nico"},"content":{"rendered":"<p style=\"text-align: justify;\"><span style=\"font-size: 12pt;\"><em><span style=\"font-family: 'trebuchet ms', geneva, sans-serif;\">Pelo segundo ano consecutivo a Par\u00f3quia Santa Clara e S\u00e3o Francisco realiza casamento comunit\u00e1rio na regi\u00e3o do Jardim Bot\u00e2nico. No s\u00e1bado (8), 16 casais puderam realizar o sonho do matrim\u00f4nio com a ben\u00e7\u00e3o religiosa.<a href=\"http:\/\/www.mcjb.org.br\/wp-content\/uploads\/2017\/07\/casamento-comunit\u00e1rio3.jpg\"><img fetchpriority=\"high\" decoding=\"async\" class=\"alignright wp-image-2813 size-medium\" src=\"http:\/\/www.mcjb.org.br\/wp-content\/uploads\/2017\/07\/casamento-comunit\u00e1rio3-300x225.jpg\" alt=\"\" width=\"300\" height=\"225\" \/><\/a><\/span><\/em><\/span><\/p>\n<p style=\"text-align: justify;\"><span style=\"font-weight: 400; font-family: 'trebuchet ms', geneva, sans-serif;\">As inscri\u00e7\u00f5es come\u00e7aram em abril e foram 27 casais inscritos. Quem coordenou foi a Pastoral Familiar que realizou eventos para arrecadar recursos e fechou parcerias para vestidos, doces, decora\u00e7\u00e3o e fotografia. Todos os casais tiveram direito a um casamento de verdade, mas sem essas despesas.<\/span><\/p>\n<p style=\"text-align: justify;\"><span style=\"font-weight: 400; font-family: 'trebuchet ms', geneva, sans-serif;\">Mas nem todos os inscritos estariam aptos ao casamento. Era preciso entregar os documentos e passar pela triagem. Dezesseis casais ficaram em dia com os proclamas de casamento e puderam realizar o sonho. Quase o dobro de casais do ano passado.\u00a0<\/span><span style=\"font-weight: 400; font-family: 'trebuchet ms', geneva, sans-serif;\">O casamento foi realizado em dois per\u00edodos: 5 casais casaram no per\u00edodo da tarde, 10 casais, no per\u00edodo da noite, e uma noiva, que por raz\u00f5es de sa\u00fade, casou-se na quinta feira (6).<\/span><\/p>\n<p><a href=\"http:\/\/www.mcjb.org.br\/wp-content\/uploads\/2017\/07\/Casamento-Comunit\u00e1rio-do-JB-2.jpeg\"><img decoding=\"async\" class=\"aligncenter wp-image-2827 size-large\" src=\"http:\/\/www.mcjb.org.br\/wp-content\/uploads\/2017\/07\/Casamento-Comunit\u00e1rio-do-JB-2-1024x768.jpeg\" alt=\"\" width=\"800\" height=\"600\" \/><\/a><\/p>\n<p style=\"text-align: justify;\"><span style=\"font-family: 'trebuchet ms', geneva, sans-serif;\"><span style=\"font-weight: 400;\">Os primeiros a casar, Jos\u00e9 Luiz Garcia Sanches, 54 anos, e Lucilene Lima Almeida, 40 anos, estavam ansiosos. Depois de dois anos de uni\u00e3o, ele, por ser muito religioso, a convenceu de se casarem na igreja. Para Jos\u00e9, <\/span><i><span style=\"font-weight: 400;\">\u201cEssa ben\u00e7\u00e3o de Deus \u00e9 muito importante, pois o que se abre na terra se abre no c\u00e9u\u201d.<\/span><\/i><\/span><\/p>\n<p style=\"text-align: justify;\"><span style=\"font-family: 'trebuchet ms', geneva, sans-serif;\"><span style=\"font-weight: 400;\">Maria Arlene e Ant\u00f4nio Joaquim, depois de 12 anos de relacionamento, resolveram se casar no 1\u00ba casamento comunit\u00e1rio em 2016. Hoje, eles trabalham como volunt\u00e1rios junto \u00e0 Pastoral na realiza\u00e7\u00e3o do sonho de outros casais. \u00a0<\/span><i><span style=\"font-weight: 400;\">\u201c\u00c9 muito gratificante ver a alegria no rosto de cada um, n\u00f3s j\u00e1 vivenciamos isso.\u201d <\/span><\/i><span style=\"font-weight: 400;\">diz Maria.<\/span><\/span><\/p>\n<p style=\"text-align: justify;\"><span style=\"font-family: 'trebuchet ms', geneva, sans-serif;\"><span style=\"font-weight: 400;\"><a href=\"http:\/\/www.mcjb.org.br\/wp-content\/uploads\/2017\/07\/casamento-comunit\u00e1rio4.jpg\"><img decoding=\"async\" class=\"aligncenter wp-image-2815 size-full\" src=\"http:\/\/www.mcjb.org.br\/wp-content\/uploads\/2017\/07\/casamento-comunit\u00e1rio4.jpg\" alt=\"\" width=\"400\" height=\"300\" \/><\/a><\/span><\/span><\/p>\n<p>&nbsp;<\/p>\n<p style=\"text-align: justify;\"><span style=\"font-family: 'trebuchet ms', geneva, sans-serif;\">Em meio aos brasileiros, um casal se destacou: os nigerianos Paul e Maurem, que vieram para o Brasil h\u00e1 poucos meses por motivos profissionais de Paul e, mesmo longe da fam\u00edlia, tinham o sonho de casar na Igreja. O p\u00e1roco e Vig\u00e1rio Geral da Arquidiocese de Bras\u00edlia, Pe. Andr\u00e9 Lima, realizou o rito do casamento no idioma oficial da Nig\u00e9ria, o ingl\u00eas. A comunidade nigeriana de Bras\u00edlia compareceu para celebrar com eles, colorindo a cerim\u00f4nia com as vestimentas t\u00edpicas da cultura nigeriana. Paul deixou seu testemunho: &#8220;<em>Estou muito feliz e gratificado por ter essa oportunidade, me empenharei junto com minha esposa para ajudar outros casais a realizarem esse sonho, no pr\u00f3ximo ano<\/em>&#8220;.\u00a0<\/span><\/p>\n<p>&nbsp;<\/p>\n<p><a href=\"http:\/\/www.mcjb.org.br\/wp-content\/uploads\/2017\/07\/Casamento-Comunit\u00e1rio-do-JB1.jpeg\"><img loading=\"lazy\" decoding=\"async\" class=\"aligncenter wp-image-2830 size-large\" src=\"http:\/\/www.mcjb.org.br\/wp-content\/uploads\/2017\/07\/Casamento-Comunit\u00e1rio-do-JB1-1024x576.jpeg\" alt=\"\" width=\"800\" height=\"450\" \/><\/a><\/p>\n<p>&nbsp;<\/p>\n<p>&nbsp;<\/p>\n<p style=\"text-align: justify;\"><span style=\"font-family: 'trebuchet ms', geneva, sans-serif;\">A Par\u00f3quia Santa Clara informa que as inscri\u00e7\u00f5es para o casamento comunit\u00e1rio ocorrem sempre entre mar\u00e7o e abril de cada ano, \u00e9 voltado principalmente para casais que j\u00e1 vivem juntos e com dificuldades financeiras para arcar com os custos da cerim\u00f4nia.\u00a0Clique <a href=\"http:\/\/www.mcjb.org.br\/1-casamento-comunitario-do-jardi\/\">aqui<\/a> e relembre como foi o 1\u00ba Casamento Comunit\u00e1rio.\u00a0Para mais informa\u00e7\u00f5es acessar o site da par\u00f3quia <a href=\"http:\/\/www.paroquiasantaclaradf.com.br\" target=\"_blank\" rel=\"noopener\">www.paroquiasantaclaradf.com.br<\/a>.<\/span><\/p>\n","protected":false},"excerpt":{"rendered":"<p>Pelo segundo ano consecutivo a Par\u00f3quia Santa Clara e S\u00e3o Francisco realiza casamento comunit\u00e1rio na regi\u00e3o do Jardim Bot\u00e2nico. No \u00faltimo s\u00e1bado (8), 16 casais puderam realizar o sonho do matrim\u00f4nio com a ben\u00e7\u00e3o religiosa.<\/p>\n","protected":false},"author":1,"featured_media":2822,"comment_status":"open","ping_status":"open","sticky":false,"template":"","format":"standard","meta":{"_exactmetrics_skip_tracking":false,"_exactmetrics_sitenote_active":false,"_exactmetrics_sitenote_note":"","_exactmetrics_sitenote_category":0,"footnotes":"","jetpack_publicize_message":"","jetpack_publicize_feature_enabled":true,"jetpack_social_post_already_shared":true,"jetpack_social_options":{"image_generator_settings":{"template":"highway","default_image_id":0,"font":"","enabled":false},"version":2}},"categories":[36],"tags":[20,69],"class_list":["post-2643","post","type-post","status-publish","format-standard","has-post-thumbnail","hentry","category-noticias","tag-jardim-botanico","tag-paroquia-santa-clara-e-sao-francisco"],"jetpack_publicize_connections":[],"jetpack_featured_media_url":"","_links":{"self":[{"href":"https:\/\/www.mcjb.org.br\/portal\/wp-json\/wp\/v2\/posts\/2643","targetHints":{"allow":["GET"]}}],"collection":[{"href":"https:\/\/www.mcjb.org.br\/portal\/wp-json\/wp\/v2\/posts"}],"about":[{"href":"https:\/\/www.mcjb.org.br\/portal\/wp-json\/wp\/v2\/types\/post"}],"author":[{"embeddable":true,"href":"https:\/\/www.mcjb.org.br\/portal\/wp-json\/wp\/v2\/users\/1"}],"replies":[{"embeddable":true,"href":"https:\/\/www.mcjb.org.br\/portal\/wp-json\/wp\/v2\/comments?post=2643"}],"version-history":[{"count":0,"href":"https:\/\/www.mcjb.org.br\/portal\/wp-json\/wp\/v2\/posts\/2643\/revisions"}],"wp:featuredmedia":[{"embeddable":true,"href":"https:\/\/www.mcjb.org.br\/portal\/wp-json\/"}],"wp:attachment":[{"href":"https:\/\/www.mcjb.org.br\/portal\/wp-json\/wp\/v2\/media?parent=2643"}],"wp:term":[{"taxonomy":"category","embeddable":true,"href":"https:\/\/www.mcjb.org.br\/portal\/wp-json\/wp\/v2\/categories?post=2643"},{"taxonomy":"post_tag","embeddable":true,"href":"https:\/\/www.mcjb.org.br\/portal\/wp-json\/wp\/v2\/tags?post=2643"}],"curies":[{"name":"wp","href":"https:\/\/api.w.org\/{rel}","templated":true}]}}