{"id":13849,"date":"2026-09-01T16:49:31","date_gmt":"2026-09-01T19:49:31","guid":{"rendered":"https:\/\/www.mcjb.org.br\/portal\/?p=13849"},"modified":"2026-09-01T17:26:31","modified_gmt":"2026-09-01T20:26:31","slug":"22-anos-jardim-botanico","status":"publish","type":"post","link":"https:\/\/www.mcjb.org.br\/portal\/slider\/22-anos-jardim-botanico\/","title":{"rendered":"Jardim Bot\u00e2nico: 22 anos de uma hist\u00f3ria constru\u00edda por todos n\u00f3s"},"content":{"rendered":"<p style=\"text-align: right;\"><span style=\"font-family: helvetica, arial, sans-serif; font-size: 13px; color: #000000;\"><i><span style=\"font-weight: 400;\">Jardim Bot\u00e2nico, 01 de setembro de 2026<br \/>\n<\/span><\/i><i><span style=\"font-weight: 400;\">Editorial \u2013 Por Rose Marques, presidente do Movimento Comunit\u00e1rio do Jardim Bot\u00e2nico (MCJB)<\/span><\/i><br \/>\n<\/span><\/p>\n<p style=\"text-align: justify;\"><span style=\"font-weight: 400; font-family: helvetica, arial, sans-serif; font-size: 16px; color: #000000;\">Hoje \u00e9 dia de comemorar.<\/span><\/p>\n<p style=\"text-align: justify;\"><span style=\"font-family: helvetica, arial, sans-serif; font-size: 16px; color: #000000;\"><span style=\"font-weight: 400;\">O Jardim Bot\u00e2nico completa <\/span><b>22 anos<\/b><span style=\"font-weight: 400;\">, e o <\/span><span style=\"color: #0000ff;\"><a style=\"color: #0000ff;\" href=\"https:\/\/www.mcjb.org.br\/\" target=\"_blank\" rel=\"noopener\"><span style=\"font-weight: 400;\">Movimento Comunit\u00e1rio do Jardim Bot\u00e2nico \u2013 MCJB<\/span><\/a><\/span><span style=\"font-weight: 400;\"> celebra <\/span><b>11 anos de uma trajet\u00f3ria constru\u00edda ao lado da comunidade<\/b><span style=\"font-weight: 400;\">.<\/span><\/span><\/p>\n<p style=\"text-align: justify;\"><span style=\"font-weight: 400; font-family: helvetica, arial, sans-serif; font-size: 16px; color: #000000;\">S\u00e3o duas hist\u00f3rias que caminham juntas.<\/span><\/p>\n<div id=\"attachment_13010\" style=\"width: 1034px\" class=\"wp-caption aligncenter\"><a href=\"https:\/\/www.mcjb.org.br\/portal\/wp-content\/uploads\/2025\/09\/WhatsApp-Image-2025-09-01-at-07.44.04.jpeg-e1756730428880.jpg\"><img fetchpriority=\"high\" decoding=\"async\" aria-describedby=\"caption-attachment-13010\" class=\"size-large wp-image-13010\" src=\"https:\/\/www.mcjb.org.br\/portal\/wp-content\/uploads\/2025\/09\/WhatsApp-Image-2025-09-01-at-07.44.04.jpeg-e1756730428880-1024x483.jpg\" alt=\"\" width=\"1024\" height=\"483\" srcset=\"https:\/\/www.mcjb.org.br\/portal\/wp-content\/uploads\/2025\/09\/WhatsApp-Image-2025-09-01-at-07.44.04.jpeg-e1756730428880-1024x483.jpg 1024w, https:\/\/www.mcjb.org.br\/portal\/wp-content\/uploads\/2025\/09\/WhatsApp-Image-2025-09-01-at-07.44.04.jpeg-e1756730428880-300x142.jpg 300w, https:\/\/www.mcjb.org.br\/portal\/wp-content\/uploads\/2025\/09\/WhatsApp-Image-2025-09-01-at-07.44.04.jpeg-e1756730428880-768x362.jpg 768w, https:\/\/www.mcjb.org.br\/portal\/wp-content\/uploads\/2025\/09\/WhatsApp-Image-2025-09-01-at-07.44.04.jpeg-e1756730428880-260x123.jpg 260w, https:\/\/www.mcjb.org.br\/portal\/wp-content\/uploads\/2025\/09\/WhatsApp-Image-2025-09-01-at-07.44.04.jpeg-e1756730428880-50x24.jpg 50w, https:\/\/www.mcjb.org.br\/portal\/wp-content\/uploads\/2025\/09\/WhatsApp-Image-2025-09-01-at-07.44.04.jpeg-e1756730428880-150x71.jpg 150w, https:\/\/www.mcjb.org.br\/portal\/wp-content\/uploads\/2025\/09\/WhatsApp-Image-2025-09-01-at-07.44.04.jpeg-e1756730428880-600x283.jpg 600w, https:\/\/www.mcjb.org.br\/portal\/wp-content\/uploads\/2025\/09\/WhatsApp-Image-2025-09-01-at-07.44.04.jpeg-e1756730428880.jpg 1280w\" sizes=\"(max-width: 1024px) 100vw, 1024px\" \/><\/a><p id=\"caption-attachment-13010\" class=\"wp-caption-text\"><em><span style=\"font-family: helvetica, arial, sans-serif; font-size: 13px;\">Estrada do Sol em 1986, uma imagem da hist\u00f3ria da regi\u00e3o que hoje forma parte do Jardim Bot\u00e2nico. | Foto: Jos\u00e9 Luiz Garcia Sanchez<\/span><\/em><\/p><\/div>\n<p style=\"text-align: justify;\"><span style=\"font-weight: 400; font-family: helvetica, arial, sans-serif; font-size: 16px; color: #000000;\">Quem vive aqui sabe que o Jardim Bot\u00e2nico \u00e9 muito mais do que o lugar onde moramos. \u00c9 onde criamos nossos filhos, fazemos amizades, encontramos nossos vizinhos, empreendemos, cuidamos da natureza e constru\u00edmos, todos os dias, o sentimento de pertencimento que torna nossa regi\u00e3o t\u00e3o especial.<\/span><\/p>\n<p style=\"text-align: justify;\"><span style=\"font-weight: 400; font-family: helvetica, arial, sans-serif; font-size: 16px; color: #000000;\">Vivemos cercados pelo Cerrado, por \u00e1reas verdes, trilhas, parques e paisagens que fazem parte da nossa identidade. Ao mesmo tempo, somos uma comunidade que cresceu rapidamente e que aprendeu, ao longo dos anos, que preservar nossa qualidade de vida tamb\u00e9m depende de participa\u00e7\u00e3o, organiza\u00e7\u00e3o e uni\u00e3o.<\/span><\/p>\n<p style=\"text-align: justify;\"><span style=\"font-weight: 400; font-family: helvetica, arial, sans-serif; font-size: 16px; color: #000000;\">Foi justamente dessa vontade de participar que nasceu o MCJB, h\u00e1 11 anos.<\/span><\/p>\n<div id=\"attachment_5576\" style=\"width: 1034px\" class=\"wp-caption aligncenter\"><a href=\"https:\/\/www.mcjb.org.br\/portal\/wp-content\/uploads\/2018\/12\/20181207_211232.jpg\"><img decoding=\"async\" aria-describedby=\"caption-attachment-5576\" class=\"size-large wp-image-5576\" src=\"https:\/\/www.mcjb.org.br\/portal\/wp-content\/uploads\/2018\/12\/20181207_211232-1024x595.jpg\" alt=\"\" width=\"1024\" height=\"595\" srcset=\"https:\/\/www.mcjb.org.br\/portal\/wp-content\/uploads\/2018\/12\/20181207_211232.jpg 1024w, https:\/\/www.mcjb.org.br\/portal\/wp-content\/uploads\/2018\/12\/20181207_211232-300x174.jpg 300w, https:\/\/www.mcjb.org.br\/portal\/wp-content\/uploads\/2018\/12\/20181207_211232-768x446.jpg 768w, https:\/\/www.mcjb.org.br\/portal\/wp-content\/uploads\/2018\/12\/20181207_211232-251x146.jpg 251w, https:\/\/www.mcjb.org.br\/portal\/wp-content\/uploads\/2018\/12\/20181207_211232-50x29.jpg 50w, https:\/\/www.mcjb.org.br\/portal\/wp-content\/uploads\/2018\/12\/20181207_211232-129x75.jpg 129w, https:\/\/www.mcjb.org.br\/portal\/wp-content\/uploads\/2018\/12\/20181207_211232-600x349.jpg 600w\" sizes=\"(max-width: 1024px) 100vw, 1024px\" \/><\/a><p id=\"caption-attachment-5576\" class=\"wp-caption-text\"><em><span style=\"font-family: helvetica, arial, sans-serif; font-size: 13px;\">S\u00edndicos, presidentes de associa\u00e7\u00f5es e lideran\u00e7as comunit\u00e1rias participam das discuss\u00f5es promovidas pelo MCJB sobre os principais desafios da regi\u00e3o. | Foto: Arquivo MCJB<\/span><\/em><\/p><\/div>\n<p style=\"text-align: justify;\"><span style=\"font-family: helvetica, arial, sans-serif; font-size: 16px; color: #000000;\"><span style=\"font-weight: 400;\">Criado por s\u00edndicos e lideran\u00e7as comunit\u00e1rias, o Movimento cresceu junto com o Jardim Bot\u00e2nico. Desde ent\u00e3o, buscamos aproximar moradores, condom\u00ednios, associa\u00e7\u00f5es, empresas e poder p\u00fablico em torno de um objetivo comum: <\/span><b>construir uma regi\u00e3o cada vez melhor para todos<\/b><span style=\"font-weight: 400;\">.<\/span><\/span><\/p>\n<p style=\"text-align: justify;\"><span style=\"font-weight: 400; font-family: helvetica, arial, sans-serif; font-size: 16px; color: #000000;\">E muita coisa aconteceu nesse caminho.<\/span><\/p>\n<p style=\"text-align: justify;\"><span style=\"font-weight: 400; font-family: helvetica, arial, sans-serif; font-size: 16px; color: #000000;\">Nossa comunidade se mobilizou em defesa da seguran\u00e7a, da regulariza\u00e7\u00e3o, da mobilidade, do meio ambiente e de melhores servi\u00e7os p\u00fablicos. Criamos espa\u00e7os de di\u00e1logo, fortalecemos a representa\u00e7\u00e3o dos moradores e conquistamos novas formas de levar as necessidades do Jardim Bot\u00e2nico at\u00e9 quem toma as decis\u00f5es.<\/span><\/p>\n<p style=\"text-align: justify;\"><span style=\"font-weight: 400; font-family: helvetica, arial, sans-serif; font-size: 16px; color: #000000;\">Mas tamb\u00e9m aprendemos que construir uma comunidade melhor n\u00e3o acontece apenas em reuni\u00f5es ou reivindica\u00e7\u00f5es.<\/span><\/p>\n<p style=\"text-align: justify;\"><span style=\"font-weight: 400; font-family: helvetica, arial, sans-serif; font-size: 16px; color: #000000;\">Acontece quando uma crian\u00e7a participa de uma oficina ambiental. Quando um idoso encontra uma atividade gratuita perto de casa. Quando um pequeno empreendedor tem a oportunidade de aprender, expor e vender seus produtos. Quando fam\u00edlias se encontram em uma feira, em uma apresenta\u00e7\u00e3o cultural, em uma trilha ou em uma festa comunit\u00e1ria.<\/span><\/p>\n<div id=\"attachment_13851\" style=\"width: 1034px\" class=\"wp-caption aligncenter\"><a href=\"https:\/\/www.mcjb.org.br\/portal\/wp-content\/uploads\/2026\/09\/IMG-20260811-WA0007.jpg\"><img decoding=\"async\" aria-describedby=\"caption-attachment-13851\" class=\"size-large wp-image-13851\" src=\"https:\/\/www.mcjb.org.br\/portal\/wp-content\/uploads\/2026\/09\/IMG-20260811-WA0007-1024x768.jpg\" alt=\"\" width=\"1024\" height=\"768\" srcset=\"https:\/\/www.mcjb.org.br\/portal\/wp-content\/uploads\/2026\/09\/IMG-20260811-WA0007-1024x768.jpg 1024w, https:\/\/www.mcjb.org.br\/portal\/wp-content\/uploads\/2026\/09\/IMG-20260811-WA0007-300x225.jpg 300w, https:\/\/www.mcjb.org.br\/portal\/wp-content\/uploads\/2026\/09\/IMG-20260811-WA0007-768x576.jpg 768w, https:\/\/www.mcjb.org.br\/portal\/wp-content\/uploads\/2026\/09\/IMG-20260811-WA0007-1536x1152.jpg 1536w, https:\/\/www.mcjb.org.br\/portal\/wp-content\/uploads\/2026\/09\/IMG-20260811-WA0007-195x146.jpg 195w, https:\/\/www.mcjb.org.br\/portal\/wp-content\/uploads\/2026\/09\/IMG-20260811-WA0007-50x38.jpg 50w, https:\/\/www.mcjb.org.br\/portal\/wp-content\/uploads\/2026\/09\/IMG-20260811-WA0007-100x75.jpg 100w, https:\/\/www.mcjb.org.br\/portal\/wp-content\/uploads\/2026\/09\/IMG-20260811-WA0007-600x450.jpg 600w, https:\/\/www.mcjb.org.br\/portal\/wp-content\/uploads\/2026\/09\/IMG-20260811-WA0007.jpg 1600w\" sizes=\"(max-width: 1024px) 100vw, 1024px\" \/><\/a><p id=\"caption-attachment-13851\" class=\"wp-caption-text\"><em><span style=\"font-family: helvetica, arial, sans-serif; font-size: 13px;\">Atividades culturais, ambientais, educativas e de capacita\u00e7\u00e3o aproximam moradores e transformam projetos comunit\u00e1rios em oportunidades para diferentes p\u00fablicos. | Foto: Arquivo MCJB<\/span><\/em><\/p><\/div>\n<p style=\"text-align: justify;\"><span style=\"font-weight: 400; font-family: helvetica, arial, sans-serif; font-size: 16px; color: #000000;\">\u00c9 isso que buscamos fazer todos os dias.<\/span><\/p>\n<p style=\"text-align: justify;\"><span style=\"font-family: helvetica, arial, sans-serif; font-size: 16px; color: #000000;\"><span style=\"font-weight: 400;\">No <\/span><b>Centro de Pr\u00e1ticas Sustent\u00e1veis \u2013 CPS<\/b><span style=\"font-weight: 400;\">, nossa sede e um dos grandes pontos de encontro da comunidade, acontecem atividades culturais, ambientais, esportivas, educativas e sociais. Projetos como o <\/span><span style=\"color: #0000ff;\"><a style=\"color: #0000ff;\" href=\"https:\/\/www.mcjb.org.br\/acao-oikos\/\" target=\"_blank\" rel=\"noopener\"><span style=\"font-weight: 400;\">A\u00e7\u00e3o Oikos<\/span><\/a><\/span><span style=\"font-weight: 400;\">, <\/span><span style=\"color: #0000ff;\"><a style=\"color: #0000ff;\" href=\"https:\/\/www.mcjb.org.br\/oct\/\" target=\"_blank\" rel=\"noopener\"><span style=\"font-weight: 400;\">Oikos Cultura e Turismo<\/span><\/a><\/span><span style=\"font-weight: 400;\">, a <\/span><span style=\"color: #0000ff;\"><a style=\"color: #0000ff;\" href=\"https:\/\/www.mcjb.org.br\/oct\/\" target=\"_blank\" rel=\"noopener\"><span style=\"font-weight: 400;\">Ecofeira<\/span><\/a><\/span><span style=\"font-weight: 400;\">, as a\u00e7\u00f5es de educa\u00e7\u00e3o ambiental e tantas outras iniciativas ajudam a transformar o espa\u00e7o em um lugar vivo, aberto e cada vez mais presente na rotina da regi\u00e3o.<\/span><\/span><\/p>\n<div id=\"attachment_13852\" style=\"width: 1034px\" class=\"wp-caption aligncenter\"><a href=\"https:\/\/www.mcjb.org.br\/portal\/wp-content\/uploads\/2026\/09\/IMG_8940-scaled.jpg\"><img loading=\"lazy\" decoding=\"async\" aria-describedby=\"caption-attachment-13852\" class=\"size-large wp-image-13852\" src=\"https:\/\/www.mcjb.org.br\/portal\/wp-content\/uploads\/2026\/09\/IMG_8940-1024x768.jpg\" alt=\"\" width=\"1024\" height=\"768\" srcset=\"https:\/\/www.mcjb.org.br\/portal\/wp-content\/uploads\/2026\/09\/IMG_8940-1024x768.jpg 1024w, https:\/\/www.mcjb.org.br\/portal\/wp-content\/uploads\/2026\/09\/IMG_8940-300x225.jpg 300w, https:\/\/www.mcjb.org.br\/portal\/wp-content\/uploads\/2026\/09\/IMG_8940-768x576.jpg 768w, https:\/\/www.mcjb.org.br\/portal\/wp-content\/uploads\/2026\/09\/IMG_8940-1536x1152.jpg 1536w, https:\/\/www.mcjb.org.br\/portal\/wp-content\/uploads\/2026\/09\/IMG_8940-2048x1536.jpg 2048w, https:\/\/www.mcjb.org.br\/portal\/wp-content\/uploads\/2026\/09\/IMG_8940-195x146.jpg 195w, https:\/\/www.mcjb.org.br\/portal\/wp-content\/uploads\/2026\/09\/IMG_8940-50x38.jpg 50w, https:\/\/www.mcjb.org.br\/portal\/wp-content\/uploads\/2026\/09\/IMG_8940-100x75.jpg 100w, https:\/\/www.mcjb.org.br\/portal\/wp-content\/uploads\/2026\/09\/IMG_8940-600x450.jpg 600w\" sizes=\"(max-width: 1024px) 100vw, 1024px\" \/><\/a><p id=\"caption-attachment-13852\" class=\"wp-caption-text\"><em><span style=\"font-family: helvetica, arial, sans-serif; font-size: 13px;\">O Centro de Pr\u00e1ticas Sustent\u00e1veis (CPS) re\u00fane atividades ambientais, culturais, esportivas, educativas, sociais e de apoio ao empreendedorismo. | Foto: Arquivo MCJB<\/span><\/em><\/p><\/div>\n<p style=\"text-align: justify;\"><span style=\"font-weight: 400; font-family: helvetica, arial, sans-serif; font-size: 16px; color: #000000;\">Temos muito do que nos orgulhar.<\/span><\/p>\n<p style=\"text-align: justify;\"><span style=\"font-weight: 400; font-family: helvetica, arial, sans-serif; font-size: 16px; color: #000000;\">Mas tamb\u00e9m temos muito a fazer.<\/span><\/p>\n<p style=\"text-align: justify;\"><span style=\"font-weight: 400; font-family: helvetica, arial, sans-serif; font-size: 16px; color: #000000;\">O Jardim Bot\u00e2nico cresceu e, com esse crescimento, aumentaram os desafios. Precisamos de mais escolas, melhores servi\u00e7os de sa\u00fade, transporte p\u00fablico eficiente, mobilidade, infraestrutura, seguran\u00e7a e planejamento urbano compat\u00edveis com a realidade de uma das regi\u00f5es que mais se desenvolveram no Distrito Federal.<\/span><\/p>\n<p style=\"text-align: justify;\"><span style=\"font-weight: 400; font-family: helvetica, arial, sans-serif; font-size: 16px; color: #000000;\">A comunidade pode e deve participar dessa constru\u00e7\u00e3o, mas o poder p\u00fablico tamb\u00e9m precisa acompanhar esse crescimento.<\/span><\/p>\n<p style=\"text-align: justify;\"><span style=\"font-weight: 400; font-family: helvetica, arial, sans-serif; font-size: 16px; color: #000000;\">Por isso, continuaremos dialogando, propondo, cobrando e colaborando.<\/span><\/p>\n<p style=\"text-align: justify;\"><span style=\"font-family: helvetica, arial, sans-serif; font-size: 16px; color: #000000;\"><span style=\"font-weight: 400;\">Sempre de forma apartid\u00e1ria, democr\u00e1tica e olhando para aquilo que realmente importa: <\/span><b>a qualidade de vida de quem mora no Jardim Bot\u00e2nico<\/b><span style=\"font-weight: 400;\">.<\/span><\/span><\/p>\n<p style=\"text-align: justify;\"><span style=\"font-weight: 400; font-family: helvetica, arial, sans-serif; font-size: 16px; color: #000000;\">Neste anivers\u00e1rio, por\u00e9m, queremos sobretudo agradecer.<\/span><\/p>\n<p style=\"text-align: justify;\"><span style=\"font-weight: 400; font-family: helvetica, arial, sans-serif; font-size: 16px; color: #000000;\">Aos moradores que participam. Aos s\u00edndicos e presidentes de associa\u00e7\u00f5es que dedicam seu tempo \u00e0 vida comunit\u00e1ria. Aos volunt\u00e1rios, colaboradores, parceiros, empresas, institui\u00e7\u00f5es e servidores p\u00fablicos que acreditam que \u00e9 poss\u00edvel fazer mais quando trabalhamos juntos.<\/span><\/p>\n<p style=\"text-align: justify;\"><span style=\"font-weight: 400; font-family: helvetica, arial, sans-serif; font-size: 16px; color: #000000;\">O MCJB n\u00e3o \u00e9 feito apenas por uma diretoria.<\/span><\/p>\n<p style=\"text-align: justify;\"><span style=\"font-weight: 400; font-family: helvetica, arial, sans-serif; font-size: 16px; color: #000000;\">Ele \u00e9 resultado de centenas de pessoas que, ao longo desses 11 anos, decidiram contribuir de alguma forma para a nossa comunidade.<\/span><\/p>\n<p style=\"text-align: justify;\"><span style=\"font-weight: 400; font-family: helvetica, arial, sans-serif; font-size: 16px; color: #000000;\">E \u00e9 justamente isso que queremos celebrar neste m\u00eas de setembro.<\/span><\/p>\n<p style=\"text-align: justify;\"><span style=\"font-weight: 400; font-family: helvetica, arial, sans-serif; font-size: 16px; color: #000000;\">Teremos uma programa\u00e7\u00e3o especial com atividades culturais, ambientais, comunit\u00e1rias, cursos, oficinas, exposi\u00e7\u00f5es, trilhas, Ecofeira e muitas oportunidades de encontro.<\/span><\/p>\n<p style=\"text-align: justify;\"><span style=\"font-family: helvetica, arial, sans-serif; font-size: 16px; color: #000000;\"><span style=\"font-weight: 400;\">E teremos tamb\u00e9m o <\/span><b>JB Fest<\/b><span style=\"font-weight: 400;\">, uma grande celebra\u00e7\u00e3o para reunir fam\u00edlias, amigos e vizinhos em torno da m\u00fasica, da cultura, da gastronomia e da alegria de viver no Jardim Bot\u00e2nico.<\/span><\/span><\/p>\n<p><a href=\"https:\/\/www.mcjb.org.br\/aniversariojb\/\" target=\"_blank\" rel=\"noopener\"><img loading=\"lazy\" decoding=\"async\" class=\"aligncenter wp-image-13795 size-large\" src=\"https:\/\/www.mcjb.org.br\/portal\/wp-content\/uploads\/2026\/08\/Cartaz-Padrao-JB-Fest-2026-724x1024.png\" alt=\"\" width=\"724\" height=\"1024\" srcset=\"https:\/\/www.mcjb.org.br\/portal\/wp-content\/uploads\/2026\/08\/Cartaz-Padrao-JB-Fest-2026-724x1024.png 724w, https:\/\/www.mcjb.org.br\/portal\/wp-content\/uploads\/2026\/08\/Cartaz-Padrao-JB-Fest-2026-212x300.png 212w, https:\/\/www.mcjb.org.br\/portal\/wp-content\/uploads\/2026\/08\/Cartaz-Padrao-JB-Fest-2026-768x1086.png 768w, https:\/\/www.mcjb.org.br\/portal\/wp-content\/uploads\/2026\/08\/Cartaz-Padrao-JB-Fest-2026-1086x1536.png 1086w, https:\/\/www.mcjb.org.br\/portal\/wp-content\/uploads\/2026\/08\/Cartaz-Padrao-JB-Fest-2026-103x146.png 103w, https:\/\/www.mcjb.org.br\/portal\/wp-content\/uploads\/2026\/08\/Cartaz-Padrao-JB-Fest-2026-35x50.png 35w, https:\/\/www.mcjb.org.br\/portal\/wp-content\/uploads\/2026\/08\/Cartaz-Padrao-JB-Fest-2026-53x75.png 53w, https:\/\/www.mcjb.org.br\/portal\/wp-content\/uploads\/2026\/08\/Cartaz-Padrao-JB-Fest-2026-600x849.png 600w, https:\/\/www.mcjb.org.br\/portal\/wp-content\/uploads\/2026\/08\/Cartaz-Padrao-JB-Fest-2026.png 1414w\" sizes=\"(max-width: 724px) 100vw, 724px\" \/><\/a><\/p>\n<p style=\"text-align: justify;\"><span style=\"font-family: helvetica, arial, sans-serif; font-size: 16px; color: #000000;\"><span style=\"font-weight: 400;\">A programa\u00e7\u00e3o completa pode ser acompanhada em<\/span><span style=\"color: #0000ff;\"><a style=\"color: #0000ff;\" href=\"http:\/\/www.mcjb.org.br\/aniversariojb\" target=\"_blank\" rel=\"noopener\"> <b>www.mcjb.org.br\/aniversariojb<\/b><\/a><\/span><span style=\"font-weight: 400;\">.<\/span><\/span><\/p>\n<p style=\"text-align: justify;\"><span style=\"font-weight: 400; font-family: helvetica, arial, sans-serif; font-size: 16px; color: #000000;\">Mais do que comemorar uma data, queremos celebrar aquilo que constru\u00edmos juntos.<\/span><\/p>\n<p style=\"text-align: justify;\"><span style=\"font-weight: 400; font-family: helvetica, arial, sans-serif; font-size: 16px; color: #000000;\">Porque o Jardim Bot\u00e2nico \u00e9 feito de ruas, condom\u00ednios, bairros e paisagens. Mas, acima de tudo, \u00e9 feito de pessoas.<\/span><\/p>\n<p style=\"text-align: justify;\"><span style=\"font-weight: 400; font-family: helvetica, arial, sans-serif; font-size: 16px; color: #000000;\">Pessoas que cuidam.<\/span><\/p>\n<p style=\"text-align: justify;\"><span style=\"font-weight: 400; font-family: helvetica, arial, sans-serif; font-size: 16px; color: #000000;\">Pessoas que participam.<\/span><\/p>\n<p style=\"text-align: justify;\"><span style=\"font-weight: 400; font-family: helvetica, arial, sans-serif; font-size: 16px; color: #000000;\">Pessoas que acreditam que uma comunidade unida pode transformar a realidade ao seu redor.<\/span><\/p>\n<p style=\"text-align: justify;\"><span style=\"font-weight: 400; font-family: helvetica, arial, sans-serif; font-size: 16px; color: #000000;\">Que este novo ciclo fortale\u00e7a ainda mais nosso sentimento de pertencimento e nossa disposi\u00e7\u00e3o de construir juntos o Jardim Bot\u00e2nico que queremos para o futuro.<\/span><\/p>\n<p style=\"text-align: justify;\"><span style=\"font-family: helvetica, arial, sans-serif; font-size: 16px; color: #000000;\"><b>Parab\u00e9ns, Jardim Bot\u00e2nico, pelos seus 22 anos!<\/b><\/span><\/p>\n<p style=\"text-align: justify;\"><span style=\"font-family: helvetica, arial, sans-serif; font-size: 16px; color: #000000;\"><b>Parab\u00e9ns ao MCJB pelos seus 11 anos!<\/b><\/span><\/p>\n<p style=\"text-align: justify;\"><span style=\"font-family: helvetica, arial, sans-serif; font-size: 16px; color: #000000;\"><b>Viva o Jardim Bot\u00e2nico. Viva a nossa comunidade!<\/b><\/span><\/p>\n<p style=\"text-align: justify;\"><span style=\"font-family: helvetica, arial, sans-serif; font-size: 16px; color: #000000;\"><b>Rose Marques<\/b><b><br \/>\n<\/b><i><span style=\"font-weight: 400;\">Presidente do Movimento Comunit\u00e1rio do Jardim Bot\u00e2nico \u2013 MCJB<\/span><\/i><\/span><\/p>\n<p>&nbsp;<\/p>\n<p style=\"text-align: justify;\"><span style=\"font-family: helvetica, arial, sans-serif;\"><div class=\"su-box su-box-style-glass\" id=\"\" style=\"border-color:#002600;border-radius:4px;\"><div class=\"su-box-title\" style=\"background-color:#0e5929;color:#ffffff;border-top-left-radius:2px;border-top-right-radius:2px\">ACOMPANHE O MCJB<\/div><div class=\"su-box-content su-u-clearfix su-u-trim\" style=\"border-bottom-left-radius:2px;border-bottom-right-radius:2px\"><span style=\"color: #000000; font-size: 16px;\">Entre em contato:\u00a0<strong>(61) 3427-3038 | 99433-8517<\/strong><\/span><\/span><br \/>\n<span style=\"font-family: helvetica, arial, sans-serif; color: #000000; font-size: 16px;\"><img decoding=\"async\" class=\"emoji\" role=\"img\" draggable=\"false\" src=\"https:\/\/s.w.org\/images\/core\/emoji\/16.0.1\/svg\/2709.svg\" alt=\"\u2709\ufe0f\" \/>\u00a0E-mail: contato@mcjb.org.br<\/span><br \/>\n<span style=\"font-family: helvetica, arial, sans-serif; color: #000000; font-size: 16px;\"><img decoding=\"async\" class=\"emoji\" role=\"img\" draggable=\"false\" src=\"https:\/\/s.w.org\/images\/core\/emoji\/16.0.1\/svg\/1f310.svg\" alt=\"\ud83c\udf10\" \/>\u00a0Site:\u00a0<span style=\"color: #0000ff;\"><a style=\"color: #0000ff;\" href=\"http:\/\/www.mcjb.org.br\/\" target=\"_blank\" rel=\"noopener\">www.mcjb.org.br<\/a><\/span><\/span><\/p>\n<p style=\"text-align: justify;\"><span style=\"font-family: helvetica, arial, sans-serif; color: #000000; font-size: 16px;\"><img decoding=\"async\" class=\"emoji\" role=\"img\" draggable=\"false\" src=\"https:\/\/s.w.org\/images\/core\/emoji\/16.0.1\/svg\/1f517.svg\" alt=\"\ud83d\udd17\" \/><strong>Conecte-se \u00e0s nossas redes e canais:<\/strong><\/span><\/p>\n<p style=\"text-align: justify;\"><span style=\"font-family: helvetica, arial, sans-serif; color: #000000; font-size: 16px;\">Grupo de not\u00edcias no WhatsApp:\u00a0<span style=\"color: #0000ff;\"><a style=\"color: #0000ff;\" href=\"https:\/\/chat.whatsapp.com\/I997tZ4naGxGq6Sq9q4ZzF\" target=\"_blank\" rel=\"noopener\">clique aqui<\/a><\/span><\/span><br \/>\n<span style=\"font-family: helvetica, arial, sans-serif; color: #000000; font-size: 16px;\">YouTube:\u00a0<span style=\"color: #0000ff;\"><a style=\"color: #0000ff;\" href=\"https:\/\/www.youtube.com\/@movimentojb\" target=\"_blank\" rel=\"noopener\">@movimentojb<\/a><\/span><\/span><br \/>\n<span style=\"font-family: helvetica, arial, sans-serif; color: #000000; font-size: 16px;\">Instagram:\u00a0<span style=\"color: #0000ff;\"><a style=\"color: #0000ff;\" href=\"https:\/\/www.instagram.com\/movimentojb\/\" target=\"_blank\" rel=\"noopener\">@movimentojb<\/a><\/span><\/span><br \/>\n<span style=\"font-family: helvetica, arial, sans-serif; color: #000000; font-size: 16px;\">Facebook:\u00a0<span style=\"color: #0000ff;\"><a style=\"color: #0000ff;\" href=\"http:\/\/facebook.com\/movimentojb\" target=\"_blank\" rel=\"noopener\">facebook.com\/movimentojb<\/a><\/span><\/span><br \/>\n<span style=\"font-family: helvetica, arial, sans-serif;\"><span style=\"color: #000000; font-size: 16px;\"><img decoding=\"async\" class=\"emoji\" role=\"img\" draggable=\"false\" src=\"https:\/\/s.w.org\/images\/core\/emoji\/16.0.1\/svg\/1f49a.svg\" alt=\"\ud83d\udc9a\" \/><strong>Movimento Comunit\u00e1rio do Jardim Bot\u00e2nico \u2013 Construindo juntos uma cidade mais sustent\u00e1vel e unida!<\/strong><\/span><span style=\"color: #000000;\"><span class=\"selectable-text copyable-text\"><\/div><\/div>\n<\/span><\/span><\/span><\/p>\n","protected":false},"excerpt":{"rendered":"<p>O Jardim Bot\u00e2nico celebra 22 anos de hist\u00f3ria e o MCJB completa 11 anos de atua\u00e7\u00e3o comunit\u00e1ria. Em editorial, Rose Marques destaca a for\u00e7a dos moradores, as conquistas constru\u00eddas coletivamente, os desafios trazidos pelo crescimento da regi\u00e3o e a import\u00e2ncia da uni\u00e3o para o futuro da comunidade.<\/p>\n","protected":false},"author":1,"featured_media":13854,"comment_status":"open","ping_status":"open","sticky":false,"template":"","format":"standard","meta":{"_exactmetrics_skip_tracking":false,"_exactmetrics_sitenote_active":false,"_exactmetrics_sitenote_note":"","_exactmetrics_sitenote_category":0,"footnotes":"","jetpack_publicize_message":"","jetpack_publicize_feature_enabled":true,"jetpack_social_post_already_shared":true,"jetpack_social_options":{"image_generator_settings":{"template":"highway","default_image_id":0,"font":"","enabled":false},"version":2}},"categories":[88,58,36,16],"tags":[1629,1084,1635,127,1413,1636,20,1371,43,72,1376],"class_list":["post-13849","post","type-post","status-publish","format-standard","has-post-thumbnail","hentry","category-destaque","category-midia","category-noticias","category-slider","tag-22-anos-do-jardim-botanico","tag-aniversario-do-jardim-botanico","tag-aniversario-do-mcjb","tag-centro-de-praticas-sustentaveis","tag-comunidade-do-jardim-botanico","tag-desenvolvimento-do-jardim-botanico","tag-jardim-botanico","tag-jardim-botanico-df","tag-mcjb","tag-movimento-comunitario-do-jardim-botanico","tag-participacao-comunitaria"],"jetpack_publicize_connections":[],"jetpack_featured_media_url":"https:\/\/www.mcjb.org.br\/portal\/wp-content\/uploads\/2026\/09\/Editorial-niver-JB-2-capa.png","_links":{"self":[{"href":"https:\/\/www.mcjb.org.br\/portal\/wp-json\/wp\/v2\/posts\/13849","targetHints":{"allow":["GET"]}}],"collection":[{"href":"https:\/\/www.mcjb.org.br\/portal\/wp-json\/wp\/v2\/posts"}],"about":[{"href":"https:\/\/www.mcjb.org.br\/portal\/wp-json\/wp\/v2\/types\/post"}],"author":[{"embeddable":true,"href":"https:\/\/www.mcjb.org.br\/portal\/wp-json\/wp\/v2\/users\/1"}],"replies":[{"embeddable":true,"href":"https:\/\/www.mcjb.org.br\/portal\/wp-json\/wp\/v2\/comments?post=13849"}],"version-history":[{"count":1,"href":"https:\/\/www.mcjb.org.br\/portal\/wp-json\/wp\/v2\/posts\/13849\/revisions"}],"predecessor-version":[{"id":13853,"href":"https:\/\/www.mcjb.org.br\/portal\/wp-json\/wp\/v2\/posts\/13849\/revisions\/13853"}],"wp:featuredmedia":[{"embeddable":true,"href":"https:\/\/www.mcjb.org.br\/portal\/wp-json\/wp\/v2\/media\/13854"}],"wp:attachment":[{"href":"https:\/\/www.mcjb.org.br\/portal\/wp-json\/wp\/v2\/media?parent=13849"}],"wp:term":[{"taxonomy":"category","embeddable":true,"href":"https:\/\/www.mcjb.org.br\/portal\/wp-json\/wp\/v2\/categories?post=13849"},{"taxonomy":"post_tag","embeddable":true,"href":"https:\/\/www.mcjb.org.br\/portal\/wp-json\/wp\/v2\/tags?post=13849"}],"curies":[{"name":"wp","href":"https:\/\/api.w.org\/{rel}","templated":true}]}}