{"id":13838,"date":"2026-09-01T10:46:43","date_gmt":"2026-09-01T13:46:43","guid":{"rendered":"https:\/\/www.mcjb.org.br\/portal\/?p=13838"},"modified":"2026-09-01T17:30:39","modified_gmt":"2026-09-01T20:30:39","slug":"lei-de-acesso-controlado-df-grupo-trabalho","status":"publish","type":"post","link":"https:\/\/www.mcjb.org.br\/portal\/slider\/lei-de-acesso-controlado-df-grupo-trabalho\/","title":{"rendered":"Grupo de Trabalho abre nova etapa para revis\u00e3o da Lei de Acesso Controlado no DF"},"content":{"rendered":"<p style=\"text-align: right;\"><span style=\"font-family: helvetica, arial, sans-serif; font-size: 13px; color: #000000;\"><i><span style=\"font-weight: 400;\">Jardim Bot\u00e2nico, 01 de setembro de 2026<br \/>\n<\/span><\/i><i><span style=\"font-weight: 400;\">Por Reda\u00e7\u00e3o MCJB<\/span><\/i><\/span><\/p>\n<p style=\"text-align: justify;\"><span style=\"font-family: helvetica, arial, sans-serif; font-size: 13px; color: #000000;\"><i><span style=\"font-weight: 400;\">Apesar dos avan\u00e7os, quest\u00f5es preocupam: custos, prazos, exig\u00eancias documentais, procedimentos de regulariza\u00e7\u00e3o e impactos financeiros<\/span><\/i><span style=\"font-weight: 400;\">. <\/span><i><span style=\"font-weight: 400;\">O desafio agora ser\u00e1 transformar esse espa\u00e7o de di\u00e1logo em avan\u00e7os concretos. <\/span><\/i><\/span><\/p>\n<p style=\"text-align: justify;\"><span style=\"font-family: helvetica, arial, sans-serif; font-size: 16px; color: #000000;\"><span style=\"font-weight: 400;\">A mobiliza\u00e7\u00e3o de s\u00edndicos, condom\u00ednios horizontais, associa\u00e7\u00f5es e entidades representativas alcan\u00e7ou um importante avan\u00e7o no debate sobre a regulamenta\u00e7\u00e3o da chamada <\/span><b>Lei de Acesso Controlado no Distrito Federal<\/b><span style=\"font-weight: 400;\">.<\/span><\/span><\/p>\n<p style=\"text-align: justify;\"><span style=\"font-family: helvetica, arial, sans-serif; font-size: 16px; color: #000000;\"><span style=\"font-weight: 400;\">Por meio do <\/span><span style=\"color: #0000ff;\"><a style=\"color: #0000ff;\" href=\"https:\/\/www.sinj.df.gov.br\/sinj\/Norma\/42a20fbbfb5b456096bbaa59db73602c\/Decreto_48992_21_07_2026.html\" target=\"_blank\" rel=\"noopener\"><b>Decreto n\u00ba 48.992, de 21 de julho de 2026<\/b><\/a><\/span><span style=\"font-weight: 400;\">, foi criado oficialmente um <\/span><b>Grupo de Trabalho (GT)<\/b><span style=\"font-weight: 400;\"> para analisar a regulamenta\u00e7\u00e3o dos loteamentos de acesso controlado e loteamentos fechados e propor eventuais aperfei\u00e7oamentos \u00e0s regras atualmente vigentes.<\/span><\/span><\/p>\n<p style=\"text-align: justify;\"><span style=\"font-family: helvetica, arial, sans-serif; font-size: 16px; color: #000000;\"><span style=\"font-weight: 400;\">A iniciativa ocorre ap\u00f3s uma s\u00e9rie de reuni\u00f5es e articula\u00e7\u00f5es realizadas junto ao Governo do Distrito Federal e \u00e0 <\/span><b>Frente Parlamentar do Jardim Bot\u00e2nico<\/b><span style=\"font-weight: 400;\">, representada pelo seu presidente e vice-presidente, os deputados distritais Jo\u00e3o Cardoso e Thiago Manzoni, e cria um espa\u00e7o institucional para que as preocupa\u00e7\u00f5es apresentadas pelos condom\u00ednios sejam discutidas de forma t\u00e9cnica e participativa.<\/span><\/span><\/p>\n<p><a href=\"https:\/\/www.mcjb.org.br\/portal\/wp-content\/uploads\/2026\/09\/5f658fec36e8e7a18b9503d4e6446ea3658e3dbcc35d3988957880676fac90fa-e1788269249331.jpg\"><img fetchpriority=\"high\" decoding=\"async\" class=\"wp-image-13842 size-large\" src=\"https:\/\/www.mcjb.org.br\/portal\/wp-content\/uploads\/2026\/09\/5f658fec36e8e7a18b9503d4e6446ea3658e3dbcc35d3988957880676fac90fa-e1788269249331-1024x1007.jpg\" alt=\"\" width=\"1024\" height=\"1007\" srcset=\"https:\/\/www.mcjb.org.br\/portal\/wp-content\/uploads\/2026\/09\/5f658fec36e8e7a18b9503d4e6446ea3658e3dbcc35d3988957880676fac90fa-e1788269249331-1024x1007.jpg 1024w, https:\/\/www.mcjb.org.br\/portal\/wp-content\/uploads\/2026\/09\/5f658fec36e8e7a18b9503d4e6446ea3658e3dbcc35d3988957880676fac90fa-e1788269249331-300x295.jpg 300w, https:\/\/www.mcjb.org.br\/portal\/wp-content\/uploads\/2026\/09\/5f658fec36e8e7a18b9503d4e6446ea3658e3dbcc35d3988957880676fac90fa-e1788269249331-768x755.jpg 768w, https:\/\/www.mcjb.org.br\/portal\/wp-content\/uploads\/2026\/09\/5f658fec36e8e7a18b9503d4e6446ea3658e3dbcc35d3988957880676fac90fa-e1788269249331-149x146.jpg 149w, https:\/\/www.mcjb.org.br\/portal\/wp-content\/uploads\/2026\/09\/5f658fec36e8e7a18b9503d4e6446ea3658e3dbcc35d3988957880676fac90fa-e1788269249331-50x50.jpg 50w, https:\/\/www.mcjb.org.br\/portal\/wp-content\/uploads\/2026\/09\/5f658fec36e8e7a18b9503d4e6446ea3658e3dbcc35d3988957880676fac90fa-e1788269249331-76x75.jpg 76w, https:\/\/www.mcjb.org.br\/portal\/wp-content\/uploads\/2026\/09\/5f658fec36e8e7a18b9503d4e6446ea3658e3dbcc35d3988957880676fac90fa-e1788269249331-85x85.jpg 85w, https:\/\/www.mcjb.org.br\/portal\/wp-content\/uploads\/2026\/09\/5f658fec36e8e7a18b9503d4e6446ea3658e3dbcc35d3988957880676fac90fa-e1788269249331-80x80.jpg 80w, https:\/\/www.mcjb.org.br\/portal\/wp-content\/uploads\/2026\/09\/5f658fec36e8e7a18b9503d4e6446ea3658e3dbcc35d3988957880676fac90fa-e1788269249331-600x590.jpg 600w, https:\/\/www.mcjb.org.br\/portal\/wp-content\/uploads\/2026\/09\/5f658fec36e8e7a18b9503d4e6446ea3658e3dbcc35d3988957880676fac90fa-e1788269249331.jpg 1180w\" sizes=\"(max-width: 1024px) 100vw, 1024px\" \/><\/a><\/p>\n<h2 style=\"text-align: justify;\"><span style=\"font-family: helvetica, arial, sans-serif; font-size: 21px; color: #000000;\"><b>Mobiliza\u00e7\u00e3o dos condom\u00ednios<\/b><\/span><\/h2>\n<p style=\"text-align: justify;\"><span style=\"font-family: helvetica, arial, sans-serif; font-size: 16px; color: #000000;\"><span style=\"font-weight: 400;\">O debate ganhou for\u00e7a ap\u00f3s a publica\u00e7\u00e3o do <\/span><span style=\"color: #0000ff;\"><a style=\"color: #0000ff;\" href=\"https:\/\/www.sinj.df.gov.br\/sinj\/Norma\/80c099efcfa24f0a978e7e967c116d54\/exec_dec_48416_2026.html\" target=\"_blank\" rel=\"noopener\"><b>Decreto n\u00ba 48.416\/2026<\/b><\/a><\/span><span style=\"font-weight: 400;\">, que regulamentou a <\/span><a style=\"color: #000000;\" href=\"https:\/\/www.sinj.df.gov.br\/sinj\/Norma\/7156a6b887ae42d59e8d1c36af26e82a\/Lei_Complementar_1044_02_04_2025.html\"><span style=\"font-weight: 400;\">Lei Complementar n\u00ba 1.044\/2025<\/span><\/a><span style=\"font-weight: 400;\">. Apesar dos avan\u00e7os relacionados \u00e0 seguran\u00e7a jur\u00eddica, condom\u00ednios de diversas regi\u00f5es demonstraram preocupa\u00e7\u00e3o com quest\u00f5es envolvendo <\/span><b>custos, prazos, exig\u00eancias documentais, procedimentos de regulariza\u00e7\u00e3o e impactos financeiros<\/b><span style=\"font-weight: 400;\">.<\/span><\/span><\/p>\n<p style=\"text-align: justify;\"><span style=\"font-family: helvetica, arial, sans-serif; font-size: 16px; color: #000000;\"><span style=\"font-weight: 400;\">No Jardim Bot\u00e2nico, o <\/span><span style=\"color: #0000ff;\"><a style=\"color: #0000ff;\" href=\"https:\/\/www.mcjb.org.br\/\" target=\"_blank\" rel=\"noopener\"><b>Movimento Comunit\u00e1rio do Jardim Bot\u00e2nico (MCJB)<\/b><\/a><\/span><span style=\"font-weight: 400;\"> passou a reunir informa\u00e7\u00f5es, promover discuss\u00f5es com s\u00edndicos e associa\u00e7\u00f5es e buscar interlocu\u00e7\u00e3o com representantes do poder p\u00fablico (<\/span><span style=\"color: #0000ff;\"><a style=\"color: #0000ff;\" href=\"https:\/\/www.mcjb.org.br\/portal\/slider\/lei-acesso-controlado-df-condominios-impactos\/\" target=\"_blank\" rel=\"noopener\"><span style=\"font-weight: 400;\">relembre aqui<\/span><\/a><\/span><span style=\"font-weight: 400;\">).<\/span><\/span><\/p>\n<p style=\"text-align: justify;\"><span style=\"font-family: helvetica, arial, sans-serif; font-size: 16px; color: #000000;\"><span style=\"font-weight: 400;\">Entre as iniciativas desenvolvidas pelo Movimento est\u00e1 a <\/span><span style=\"color: #0000ff;\"><a style=\"color: #0000ff;\" href=\"https:\/\/www.mcjb.org.br\/portal\/slider\/lei-acesso-controlado-df-condominios-impactos\/\" target=\"_blank\" rel=\"noopener\"><b>Calculadora de Onerosidade<\/b><\/a><\/span><span style=\"font-weight: 400;\">, criada para auxiliar os condom\u00ednios a estimarem os poss\u00edveis custos decorrentes das alternativas previstas na regulamenta\u00e7\u00e3o.<\/span><\/span><\/p>\n<h2 style=\"text-align: justify;\"><span style=\"font-family: helvetica, arial, sans-serif; font-size: 21px; color: #000000;\"><b>O que muda com o Grupo de Trabalho<\/b><\/span><\/h2>\n<p style=\"text-align: justify;\"><span style=\"font-family: helvetica, arial, sans-serif; font-size: 16px; color: #000000;\"><span style=\"font-weight: 400;\">Coordenado pela <\/span><span style=\"color: #0000ff;\"><a style=\"color: #0000ff;\" href=\"https:\/\/www.seduh.df.gov.br\/\" target=\"_blank\" rel=\"noopener\"><b>Secretaria de Estado de Desenvolvimento Urbano e Habita\u00e7\u00e3o (Seduh)<\/b><\/a><\/span><span style=\"font-weight: 400;\">, o GT ter\u00e1 a miss\u00e3o de dialogar com condom\u00ednios e associa\u00e7\u00f5es, esclarecer dispositivos da regulamenta\u00e7\u00e3o, analisar problemas identificados em sua aplica\u00e7\u00e3o e apresentar propostas de aperfei\u00e7oamento normativo e procedimental.<\/span><\/span><\/p>\n<div id=\"attachment_13843\" style=\"width: 1034px\" class=\"wp-caption aligncenter\"><a href=\"https:\/\/www.mcjb.org.br\/portal\/wp-content\/uploads\/2026\/09\/5f658fec36e8e7a18b9503d4e6446ea3658e3dbcc35d3988957880676fac90fa-e1788269249331.jpg\"><img decoding=\"async\" aria-describedby=\"caption-attachment-13843\" class=\"wp-image-13843 size-large\" src=\"https:\/\/www.mcjb.org.br\/portal\/wp-content\/uploads\/2026\/09\/b3d2e9f8bb3b87a99122112bac20d989a4bdcd8dabaf253e417ebe9319d162291-1024x682.jpg\" alt=\"\" width=\"1024\" height=\"682\" srcset=\"https:\/\/www.mcjb.org.br\/portal\/wp-content\/uploads\/2026\/09\/b3d2e9f8bb3b87a99122112bac20d989a4bdcd8dabaf253e417ebe9319d162291-1024x682.jpg 1024w, https:\/\/www.mcjb.org.br\/portal\/wp-content\/uploads\/2026\/09\/b3d2e9f8bb3b87a99122112bac20d989a4bdcd8dabaf253e417ebe9319d162291-300x200.jpg 300w, https:\/\/www.mcjb.org.br\/portal\/wp-content\/uploads\/2026\/09\/b3d2e9f8bb3b87a99122112bac20d989a4bdcd8dabaf253e417ebe9319d162291-768x512.jpg 768w, https:\/\/www.mcjb.org.br\/portal\/wp-content\/uploads\/2026\/09\/b3d2e9f8bb3b87a99122112bac20d989a4bdcd8dabaf253e417ebe9319d162291-1536x1023.jpg 1536w, https:\/\/www.mcjb.org.br\/portal\/wp-content\/uploads\/2026\/09\/b3d2e9f8bb3b87a99122112bac20d989a4bdcd8dabaf253e417ebe9319d162291-219x146.jpg 219w, https:\/\/www.mcjb.org.br\/portal\/wp-content\/uploads\/2026\/09\/b3d2e9f8bb3b87a99122112bac20d989a4bdcd8dabaf253e417ebe9319d162291-50x33.jpg 50w, https:\/\/www.mcjb.org.br\/portal\/wp-content\/uploads\/2026\/09\/b3d2e9f8bb3b87a99122112bac20d989a4bdcd8dabaf253e417ebe9319d162291-113x75.jpg 113w, https:\/\/www.mcjb.org.br\/portal\/wp-content\/uploads\/2026\/09\/b3d2e9f8bb3b87a99122112bac20d989a4bdcd8dabaf253e417ebe9319d162291-600x400.jpg 600w, https:\/\/www.mcjb.org.br\/portal\/wp-content\/uploads\/2026\/09\/b3d2e9f8bb3b87a99122112bac20d989a4bdcd8dabaf253e417ebe9319d162291.jpg 1600w\" sizes=\"(max-width: 1024px) 100vw, 1024px\" \/><\/a><p id=\"caption-attachment-13843\" class=\"wp-caption-text\"><em><span style=\"font-family: helvetica, arial, sans-serif; font-size: 13px;\">Representantes do poder p\u00fablico, entidades e segmentos da sociedade civil durante reuni\u00e3o de articula\u00e7\u00e3o sobre a regulamenta\u00e7\u00e3o da Lei de Acesso Controlado no Distrito Federal. | Foto: Arquivo MCJB<\/span><\/em><\/p><\/div>\n<p style=\"text-align: justify;\"><span style=\"font-family: helvetica, arial, sans-serif; font-size: 16px; color: #000000;\"><span style=\"font-weight: 400;\">A composi\u00e7\u00e3o do grupo foi formalizada pela <\/span><b>Portaria n\u00ba 131, de 17 de agosto de 2026<\/b><span style=\"font-weight: 400;\">, incluindo representantes de diferentes segmentos envolvidos no tema. Entre os representantes relacionados \u00e0 Regi\u00e3o Administrativa do Jardim Bot\u00e2nico est\u00e3o <\/span><b>Rose Marques e Maria Jos\u00e9 Feitosa Andrade<\/b><span style=\"font-weight: 400;\">, ampliando a presen\u00e7a da comunidade local nas discuss\u00f5es.<\/span><\/span><\/p>\n<p style=\"text-align: justify;\"><span style=\"font-family: helvetica, arial, sans-serif; font-size: 16px; color: #000000;\"><span style=\"font-weight: 400;\">Outro ponto importante est\u00e1 no artigo 7\u00ba do <\/span><span style=\"color: #0000ff;\"><a style=\"color: #0000ff;\" href=\"https:\/\/www.sinj.df.gov.br\/sinj\/Norma\/42a20fbbfb5b456096bbaa59db73602c\/Decreto_48992_21_07_2026.html\" target=\"_blank\" rel=\"noopener\"><span style=\"font-weight: 400;\">Decreto n\u00ba 48.992\/2026<\/span><\/a><\/span><span style=\"font-weight: 400;\">: <\/span><b>o prazo para apresenta\u00e7\u00e3o dos requerimentos relacionados \u00e0 manuten\u00e7\u00e3o dos fechamentos existentes somente come\u00e7ar\u00e1 a ser contado ap\u00f3s a conclus\u00e3o dos trabalhos do GT<\/b><span style=\"font-weight: 400;\">.<\/span><\/span><\/p>\n<p style=\"text-align: justify;\"><span style=\"font-family: helvetica, arial, sans-serif; font-size: 16px; color: #000000;\"><span style=\"font-weight: 400;\">O grupo ter\u00e1 at\u00e9 <\/span><b>180 dias para concluir suas atividades<\/b><span style=\"font-weight: 400;\">, podendo haver prorroga\u00e7\u00e3o pelo mesmo per\u00edodo mediante justificativa.<\/span><\/span><\/p>\n<h2 style=\"text-align: justify;\"><span style=\"font-family: helvetica, arial, sans-serif; font-size: 21px; color: #000000;\"><b>Jardim Bot\u00e2nico se prepara para participar das discuss\u00f5es<\/b><\/span><\/h2>\n<p style=\"text-align: justify;\"><span style=\"font-family: helvetica, arial, sans-serif; font-size: 16px; color: #000000;\"><span style=\"font-weight: 400;\">A nova etapa dever\u00e1 contar com participa\u00e7\u00e3o ativa dos condom\u00ednios. O administrador regional do Jardim Bot\u00e2nico <\/span><b>Jo\u00e3o Carlos Lossio<\/b><span style=\"font-weight: 400;\"> tamb\u00e9m vem ampliando a interlocu\u00e7\u00e3o com s\u00edndicos e presidentes de associa\u00e7\u00f5es, fortalecendo o di\u00e1logo entre as comunidades, o poder p\u00fablico e as entidades envolvidas.<\/span><\/span><\/p>\n<p style=\"text-align: justify;\"><span style=\"font-family: helvetica, arial, sans-serif; font-size: 16px; color: #000000;\"><span style=\"font-weight: 400;\">Como forma de contribuir com os trabalhos do GT, ser\u00e3o promovidas reuni\u00f5es com <\/span><b>s\u00edndicos e presidentes de condom\u00ednios do Jardim Bot\u00e2nico<\/b><span style=\"font-weight: 400;\"> para identificar os principais desafios da regulamenta\u00e7\u00e3o e construir, de maneira conjunta, sugest\u00f5es e propostas que representem as necessidades das comunidades.<\/span><\/span><\/p>\n<p style=\"text-align: justify;\"><span style=\"font-weight: 400; font-family: helvetica, arial, sans-serif; font-size: 16px; color: #000000;\">Para o MCJB, a cria\u00e7\u00e3o do Grupo de Trabalho representa uma importante conquista da mobiliza\u00e7\u00e3o comunit\u00e1ria, mas tamb\u00e9m marca o in\u00edcio de uma nova fase.<\/span><\/p>\n<p style=\"text-align: justify;\"><span style=\"font-family: helvetica, arial, sans-serif; font-size: 16px; color: #000000;\"><span style=\"font-weight: 400;\">O desafio agora ser\u00e1 transformar esse espa\u00e7o de di\u00e1logo em avan\u00e7os concretos, buscando uma regulamenta\u00e7\u00e3o que concilie <\/span><b>seguran\u00e7a jur\u00eddica, viabilidade econ\u00f4mica, preserva\u00e7\u00e3o das estruturas de seguran\u00e7a existentes e qualidade de vida dos moradores<\/b><span style=\"font-weight: 400;\">.<\/span><\/span><\/p>\n<p style=\"text-align: justify;\"><span style=\"font-family: helvetica, arial, sans-serif; font-size: 16px; color: #000000;\"><b>A nova etapa come\u00e7a com di\u00e1logo, participa\u00e7\u00e3o e constru\u00e7\u00e3o conjunta.<\/b><\/span><\/p>\n<p>&nbsp;<\/p>\n<p style=\"text-align: justify;\"><span style=\"font-family: helvetica, arial, sans-serif;\"><div class=\"su-box su-box-style-glass\" id=\"\" style=\"border-color:#002600;border-radius:4px;\"><div class=\"su-box-title\" style=\"background-color:#0e5929;color:#ffffff;border-top-left-radius:2px;border-top-right-radius:2px\">ACOMPANHE O MCJB<\/div><div class=\"su-box-content su-u-clearfix su-u-trim\" style=\"border-bottom-left-radius:2px;border-bottom-right-radius:2px\"><span style=\"color: #000000; font-size: 16px;\">Entre em contato:\u00a0<strong>(61) 3427-3038 | 99433-8517<\/strong><\/span><\/span><br \/>\n<span style=\"font-family: helvetica, arial, sans-serif; color: #000000; font-size: 16px;\"><img decoding=\"async\" class=\"emoji\" role=\"img\" draggable=\"false\" src=\"https:\/\/s.w.org\/images\/core\/emoji\/16.0.1\/svg\/2709.svg\" alt=\"\u2709\ufe0f\" \/>\u00a0E-mail: contato@mcjb.org.br<\/span><br \/>\n<span style=\"font-family: helvetica, arial, sans-serif; color: #000000; font-size: 16px;\"><img decoding=\"async\" class=\"emoji\" role=\"img\" draggable=\"false\" src=\"https:\/\/s.w.org\/images\/core\/emoji\/16.0.1\/svg\/1f310.svg\" alt=\"\ud83c\udf10\" \/>\u00a0Site:\u00a0<span style=\"color: #0000ff;\"><a style=\"color: #0000ff;\" href=\"http:\/\/www.mcjb.org.br\/\" target=\"_blank\" rel=\"noopener\">www.mcjb.org.br<\/a><\/span><\/span><\/p>\n<p style=\"text-align: justify;\"><span style=\"font-family: helvetica, arial, sans-serif; color: #000000; font-size: 16px;\"><img decoding=\"async\" class=\"emoji\" role=\"img\" draggable=\"false\" src=\"https:\/\/s.w.org\/images\/core\/emoji\/16.0.1\/svg\/1f517.svg\" alt=\"\ud83d\udd17\" \/><strong>Conecte-se \u00e0s nossas redes e canais:<\/strong><\/span><\/p>\n<p style=\"text-align: justify;\"><span style=\"font-family: helvetica, arial, sans-serif; color: #000000; font-size: 16px;\">Grupo de not\u00edcias no WhatsApp:\u00a0<span style=\"color: #0000ff;\"><a style=\"color: #0000ff;\" href=\"https:\/\/chat.whatsapp.com\/I997tZ4naGxGq6Sq9q4ZzF\" target=\"_blank\" rel=\"noopener\">clique aqui<\/a><\/span><\/span><br \/>\n<span style=\"font-family: helvetica, arial, sans-serif; color: #000000; font-size: 16px;\">YouTube:\u00a0<span style=\"color: #0000ff;\"><a style=\"color: #0000ff;\" href=\"https:\/\/www.youtube.com\/@movimentojb\" target=\"_blank\" rel=\"noopener\">@movimentojb<\/a><\/span><\/span><br \/>\n<span style=\"font-family: helvetica, arial, sans-serif; color: #000000; font-size: 16px;\">Instagram:\u00a0<span style=\"color: #0000ff;\"><a style=\"color: #0000ff;\" href=\"https:\/\/www.instagram.com\/movimentojb\/\" target=\"_blank\" rel=\"noopener\">@movimentojb<\/a><\/span><\/span><br \/>\n<span style=\"font-family: helvetica, arial, sans-serif; color: #000000; font-size: 16px;\">Facebook:\u00a0<span style=\"color: #0000ff;\"><a style=\"color: #0000ff;\" href=\"http:\/\/facebook.com\/movimentojb\" target=\"_blank\" rel=\"noopener\">facebook.com\/movimentojb<\/a><\/span><\/span><br \/>\n<span style=\"font-family: helvetica, arial, sans-serif;\"><span style=\"color: #000000; font-size: 16px;\"><img decoding=\"async\" class=\"emoji\" role=\"img\" draggable=\"false\" src=\"https:\/\/s.w.org\/images\/core\/emoji\/16.0.1\/svg\/1f49a.svg\" alt=\"\ud83d\udc9a\" \/><strong>Movimento Comunit\u00e1rio do Jardim Bot\u00e2nico \u2013 Construindo juntos uma cidade mais sustent\u00e1vel e unida!<\/strong><\/span><span style=\"color: #000000;\"><span class=\"selectable-text copyable-text\"><\/div><\/div>\n<\/span><\/span><\/span><\/p>\n","protected":false},"excerpt":{"rendered":"<p>A cria\u00e7\u00e3o de um Grupo de Trabalho pelo Governo do Distrito Federal abre uma nova etapa na discuss\u00e3o da Lei de Acesso Controlado no DF. O colegiado analisar\u00e1 a regulamenta\u00e7\u00e3o dos loteamentos fechados e de acesso controlado, com participa\u00e7\u00e3o de representantes da sociedade e do Jardim Bot\u00e2nico. A mobiliza\u00e7\u00e3o busca aperfei\u00e7oar as regras, reduzir impactos aos condom\u00ednios e ampliar a seguran\u00e7a jur\u00eddica.<\/p>\n","protected":false},"author":1,"featured_media":13855,"comment_status":"open","ping_status":"open","sticky":false,"template":"","format":"standard","meta":{"_exactmetrics_skip_tracking":false,"_exactmetrics_sitenote_active":false,"_exactmetrics_sitenote_note":"","_exactmetrics_sitenote_category":0,"footnotes":"","jetpack_publicize_message":"","jetpack_publicize_feature_enabled":true,"jetpack_social_post_already_shared":true,"jetpack_social_options":{"image_generator_settings":{"template":"highway","default_image_id":0,"font":"","enabled":false},"version":2}},"categories":[88,58,36,16],"tags":[1630,1629,1084,127,1633,994,1634,20,1631,43,1632,1466],"class_list":["post-13838","post","type-post","status-publish","format-standard","has-post-thumbnail","hentry","category-destaque","category-midia","category-noticias","category-slider","tag-11-anos-do-mcjb","tag-22-anos-do-jardim-botanico","tag-aniversario-do-jardim-botanico","tag-centro-de-praticas-sustentaveis","tag-cultura-no-jardim-botanico","tag-ecofeira","tag-eventos-no-jardim-botanico","tag-jardim-botanico","tag-jb-fest-2026","tag-mcjb","tag-mes-do-cerrado","tag-oikos-cultura-e-turismo"],"jetpack_publicize_connections":[],"jetpack_featured_media_url":"https:\/\/www.mcjb.org.br\/portal\/wp-content\/uploads\/2026\/09\/GT-Lei-de-acesso-controlado-2-capa.png","_links":{"self":[{"href":"https:\/\/www.mcjb.org.br\/portal\/wp-json\/wp\/v2\/posts\/13838","targetHints":{"allow":["GET"]}}],"collection":[{"href":"https:\/\/www.mcjb.org.br\/portal\/wp-json\/wp\/v2\/posts"}],"about":[{"href":"https:\/\/www.mcjb.org.br\/portal\/wp-json\/wp\/v2\/types\/post"}],"author":[{"embeddable":true,"href":"https:\/\/www.mcjb.org.br\/portal\/wp-json\/wp\/v2\/users\/1"}],"replies":[{"embeddable":true,"href":"https:\/\/www.mcjb.org.br\/portal\/wp-json\/wp\/v2\/comments?post=13838"}],"version-history":[{"count":5,"href":"https:\/\/www.mcjb.org.br\/portal\/wp-json\/wp\/v2\/posts\/13838\/revisions"}],"predecessor-version":[{"id":13848,"href":"https:\/\/www.mcjb.org.br\/portal\/wp-json\/wp\/v2\/posts\/13838\/revisions\/13848"}],"wp:featuredmedia":[{"embeddable":true,"href":"https:\/\/www.mcjb.org.br\/portal\/wp-json\/wp\/v2\/media\/13855"}],"wp:attachment":[{"href":"https:\/\/www.mcjb.org.br\/portal\/wp-json\/wp\/v2\/media?parent=13838"}],"wp:term":[{"taxonomy":"category","embeddable":true,"href":"https:\/\/www.mcjb.org.br\/portal\/wp-json\/wp\/v2\/categories?post=13838"},{"taxonomy":"post_tag","embeddable":true,"href":"https:\/\/www.mcjb.org.br\/portal\/wp-json\/wp\/v2\/tags?post=13838"}],"curies":[{"name":"wp","href":"https:\/\/api.w.org\/{rel}","templated":true}]}}