{"id":13231,"date":"2025-10-24T14:57:39","date_gmt":"2025-10-24T17:57:39","guid":{"rendered":"https:\/\/www.mcjb.org.br\/portal\/?p=13231"},"modified":"2025-10-24T16:36:04","modified_gmt":"2025-10-24T19:36:04","slug":"governo-do-df-administracao-regional-e-mcjb-a-linham-retomada-de-parcerias","status":"publish","type":"post","link":"https:\/\/www.mcjb.org.br\/portal\/slider\/governo-do-df-administracao-regional-e-mcjb-a-linham-retomada-de-parcerias\/","title":{"rendered":"Governo do DF, Administra\u00e7\u00e3o Regional e MCJB alinham retomada de parcerias"},"content":{"rendered":"<p style=\"text-align: right;\"><span style=\"font-family: helvetica, arial, sans-serif; font-size: 13px; color: #000000;\"><i><span style=\"font-weight: 400;\">Jardim Bot\u00e2nico, 24 de outubro de 2025<\/span><\/i><i><span style=\"font-weight: 400;\"><br \/>\n<\/span><\/i>Por Reda\u00e7\u00e3o MCJB<br \/>\n<\/span><\/p>\n<p style=\"text-align: justify;\"><span style=\"font-size: 13px;\"><em><span style=\"font-family: helvetica, arial, sans-serif; color: #000000;\">Reuni\u00e3o na SEGOV marca a reaproxima\u00e7\u00e3o entre comunidade e GDF e prev\u00ea visita do secret\u00e1rio Jos\u00e9 Alberto ao Jardim Bot\u00e2nico no dia 31 de outubro.<\/span><\/em><\/span><\/p>\n<p style=\"text-align: justify;\"><span style=\"font-family: helvetica, arial, sans-serif; color: #000000;\"><span style=\"font-weight: 400;\">A reuni\u00e3o realizada na <\/span><span style=\"color: #0000ff;\"><a style=\"color: #0000ff;\" href=\"https:\/\/segov.df.gov.br\/\" target=\"_blank\" rel=\"noopener\"><b>Secretaria de Governo (SEGOV)<\/b><\/a><\/span><span style=\"font-weight: 400;\"> marcou a retomada e o fortalecimento das <\/span><b>parcerias entre o <\/b><span style=\"color: #0000ff;\"><a style=\"color: #0000ff;\" href=\"https:\/\/www.df.gov.br\/\" target=\"_blank\" rel=\"noopener\"><b>Governo do Distrito Federal (GDF)<\/b><\/a><\/span><b> e a comunidade do Jardim Bot\u00e2nico.<\/b><span style=\"font-weight: 400;\"> O encontro contou com a presen\u00e7a do <\/span><b>secret\u00e1rio de Governo, Jos\u00e9 Humberto, do administrador regional do Jardim Bot\u00e2nico, Aderivaldo Cardoso, da presidente do Movimento Comunit\u00e1rio Jardim Bot\u00e2nico (MCJB), Rose Marques, do presidente do Conselho Comunit\u00e1rio de Seguran\u00e7a do JB, Livino Silva, e da s\u00edndica do condom\u00ednio Est\u00e2ncia Jardim Bot\u00e2nico, Ygraine Hartmann.<\/b><\/span><\/p>\n<p style=\"text-align: justify;\"><span style=\"font-family: helvetica, arial, sans-serif; color: #000000;\"><span style=\"font-weight: 400;\">O principal objetivo da reuni\u00e3o foi ampliar e consolidar as parcerias comunit\u00e1rias, especialmente entre o <\/span><span style=\"color: #0000ff;\"><a style=\"color: #0000ff;\" href=\"https:\/\/www.mcjb.org.br\/\" target=\"_blank\" rel=\"noopener\"><span style=\"font-weight: 400;\">MCJB<\/span><\/a> <\/span><span style=\"font-weight: 400;\">e a <\/span><span style=\"color: #0000ff;\"><a style=\"color: #0000ff;\" href=\"https:\/\/www.admjardimbotanico.df.gov.br\/\" target=\"_blank\" rel=\"noopener\"><span style=\"font-weight: 400;\">Administra\u00e7\u00e3o Regional do Jardim Bot\u00e2nico<\/span><\/a><\/span><span style=\"font-weight: 400;\">, por meio de projetos que beneficiam diretamente a popula\u00e7\u00e3o local.<\/span><\/span><\/p>\n<p style=\"text-align: justify;\"><span style=\"font-family: helvetica, arial, sans-serif; color: #000000;\"><span style=\"font-weight: 400;\">Durante o encontro, a presidente <\/span><b>Rose Marques<\/b><span style=\"font-weight: 400;\"> destacou a import\u00e2ncia da coopera\u00e7\u00e3o entre governo e comunidade para o desenvolvimento de iniciativas que geram impacto positivo e melhoram a qualidade de vida dos moradores. O secret\u00e1rio Jos\u00e9 Humberto refor\u00e7ou o compromisso da SEGOV em apoiar e incentivar projetos comunit\u00e1rios conduzidos pelo MCJB com apoio da Administra\u00e7\u00e3o Regional.<\/span><\/span><\/p>\n<p style=\"text-align: justify;\"><span style=\"font-family: helvetica, arial, sans-serif; color: #000000;\"><span style=\"font-weight: 400;\">Entre as iniciativas citadas, est\u00e3o o programa <\/span><b>\u201cAdote uma Pra\u00e7a\u201d, <\/b><span style=\"font-weight: 400;\">fruto da parceria MCJB, AAJM e SEPE (Secretaria de Projetos Especiais-DF), e o projeto <\/span><b>\u201cEscola de Empreendedorismo\u201d<\/b><span style=\"font-weight: 400;\">, desenvolvido em parceria com o <\/span><span style=\"color: #0000ff;\"><a style=\"color: #0000ff;\" href=\"https:\/\/sebrae.com.br\/sites\/PortalSebrae\/\" target=\"_blank\" rel=\"noopener\"><b>SEBRAE<\/b><\/a><\/span><span style=\"font-weight: 400;\">. Essas a\u00e7\u00f5es representam pilares fundamentais para o fortalecimento da gest\u00e3o comunit\u00e1ria, a promo\u00e7\u00e3o de pr\u00e1ticas sustent\u00e1veis e o est\u00edmulo ao empreendedorismo local.<\/span><\/span><\/p>\n<p style=\"text-align: justify;\"><span style=\"font-family: helvetica, arial, sans-serif; color: #000000;\"><span style=\"font-weight: 400;\">Como encaminhamento, o secret\u00e1rio Jos\u00e9 Humberto <\/span><b>agendou uma visita ao Jardim Bot\u00e2nico no dia 31 de outubro<\/b><span style=\"font-weight: 400;\">, e dever\u00e1 ser acompanhado por <\/span><b>s\u00edndicos e outras lideran\u00e7as locais<\/b><span style=\"font-weight: 400;\">. O encontro ser\u00e1 realizado no <\/span><b>Centro de Pr\u00e1ticas Sustent\u00e1veis (CPS)<\/b><span style=\"font-weight: 400;\"> e ter\u00e1 como foco <\/span><b>ouvir as demandas da comunidade, conhecer de perto os projetos em andamento e refor\u00e7ar o di\u00e1logo entre o governo e a sociedade civil organizada.<\/b><\/span><\/p>\n<p style=\"text-align: justify;\"><span style=\"font-family: helvetica, arial, sans-serif; color: #000000;\"><span style=\"font-weight: 400;\">\u201c<\/span><i><span style=\"font-weight: 400;\">Nosso objetivo \u00e9 aproximar o Governo do Distrito Federal das comunidades, ouvindo de perto suas demandas e fortalecendo as parcerias que geram resultados concretos para os moradores<\/span><\/i><span style=\"font-weight: 400;\">\u201d, destacou o secret\u00e1rio <\/span><b>Jos\u00e9 Humberto<\/b><span style=\"font-weight: 400;\">.<\/span><\/span><\/p>\n<p style=\"text-align: justify;\"><span style=\"font-weight: 400; font-family: helvetica, arial, sans-serif; color: #000000;\">A iniciativa deve refor\u00e7ar o papel da participa\u00e7\u00e3o comunit\u00e1ria na constru\u00e7\u00e3o de pol\u00edticas p\u00fablicas locais e na continuidade de a\u00e7\u00f5es que beneficiam toda a popula\u00e7\u00e3o do Jardim Bot\u00e2nico.<\/span><\/p>\n<p style=\"text-align: justify;\"><span style=\"font-family: helvetica, arial, sans-serif; color: #000000;\"><span style=\"font-weight: 400;\">\ud83d\udcc5 <\/span><b>Visita programada:<\/b><span style=\"font-weight: 400;\"> 31 de outubro (sexta-feira), hor\u00e1rio ainda ser\u00e1 confirmado.<\/span><span style=\"font-weight: 400;\"><br \/>\n<\/span><span style=\"font-weight: 400;\"> \ud83d\udccd <\/span><b>Local:<\/b><span style=\"font-weight: 400;\"> Centro de Pr\u00e1ticas Sustent\u00e1veis \u2013 Jardim Bot\u00e2nico<\/span><\/span><\/p>\n<p style=\"text-align: justify;\"><span style=\"font-family: helvetica, arial, sans-serif; color: #000000;\"><span style=\"font-weight: 400;\">\ud83d\udd17 <\/span><i><span style=\"font-weight: 400;\">Em abril, o MCJB j\u00e1 havia tratado do tema em reuni\u00e3o anterior com a SEGOV. Veja o registro em v\u00eddeo:<\/span><\/i><span style=\"color: #0000ff;\"> <a style=\"color: #0000ff;\" href=\"https:\/\/www.instagram.com\/reel\/DI4ONotpoQC\/\" target=\"_blank\" rel=\"noopener\"><span style=\"font-weight: 400;\">Reels no Instagram \u2013 23\/04\/2025<\/span><\/a><\/span><\/span><\/p>\n<p style=\"text-align: justify;\"><span style=\"font-family: helvetica, arial, sans-serif;\"><div class=\"su-box su-box-style-glass\" id=\"\" style=\"border-color:#002600;border-radius:4px;\"><div class=\"su-box-title\" style=\"background-color:#0e5929;color:#ffffff;border-top-left-radius:2px;border-top-right-radius:2px\">ACOMPANHE O MCJB<\/div><div class=\"su-box-content su-u-clearfix su-u-trim\" style=\"border-bottom-left-radius:2px;border-bottom-right-radius:2px\"><span style=\"color: #000000; font-size: 16px;\">Entre em contato:\u00a0<strong>(61) 3427-3038 | 99433-8517<\/strong><\/span><\/span><br \/>\n<span style=\"font-family: helvetica, arial, sans-serif; color: #000000; font-size: 16px;\"><img decoding=\"async\" class=\"emoji\" role=\"img\" draggable=\"false\" src=\"https:\/\/s.w.org\/images\/core\/emoji\/16.0.1\/svg\/2709.svg\" alt=\"\u2709\ufe0f\" \/>\u00a0E-mail: contato@mcjb.org.br<\/span><br \/>\n<span style=\"font-family: helvetica, arial, sans-serif; color: #000000; font-size: 16px;\"><img decoding=\"async\" class=\"emoji\" role=\"img\" draggable=\"false\" src=\"https:\/\/s.w.org\/images\/core\/emoji\/16.0.1\/svg\/1f310.svg\" alt=\"\ud83c\udf10\" \/>\u00a0Site:\u00a0<span style=\"color: #0000ff;\"><a style=\"color: #0000ff;\" href=\"http:\/\/www.mcjb.org.br\/\" target=\"_blank\" rel=\"noopener\">www.mcjb.org.br<\/a><\/span><\/span><\/p>\n<p style=\"text-align: justify;\"><span style=\"font-family: helvetica, arial, sans-serif; color: #000000; font-size: 16px;\"><img decoding=\"async\" class=\"emoji\" role=\"img\" draggable=\"false\" src=\"https:\/\/s.w.org\/images\/core\/emoji\/16.0.1\/svg\/1f517.svg\" alt=\"\ud83d\udd17\" \/><strong>Conecte-se \u00e0s nossas redes e canais:<\/strong><\/span><\/p>\n<p style=\"text-align: justify;\"><span style=\"font-family: helvetica, arial, sans-serif; color: #000000; font-size: 16px;\">Grupo de not\u00edcias no WhatsApp:\u00a0<span style=\"color: #0000ff;\"><a style=\"color: #0000ff;\" href=\"https:\/\/chat.whatsapp.com\/I997tZ4naGxGq6Sq9q4ZzF\" target=\"_blank\" rel=\"noopener\">clique aqui<\/a><\/span><\/span><br \/>\n<span style=\"font-family: helvetica, arial, sans-serif; color: #000000; font-size: 16px;\">YouTube:\u00a0<span style=\"color: #0000ff;\"><a style=\"color: #0000ff;\" href=\"https:\/\/www.youtube.com\/@movimentojb\" target=\"_blank\" rel=\"noopener\">@movimentojb<\/a><\/span><\/span><br \/>\n<span style=\"font-family: helvetica, arial, sans-serif; color: #000000; font-size: 16px;\">Instagram:\u00a0<span style=\"color: #0000ff;\"><a style=\"color: #0000ff;\" href=\"https:\/\/www.instagram.com\/movimentojb\/\" target=\"_blank\" rel=\"noopener\">@movimentojb<\/a><\/span><\/span><br \/>\n<span style=\"font-family: helvetica, arial, sans-serif; color: #000000; font-size: 16px;\">Facebook:\u00a0<span style=\"color: #0000ff;\"><a style=\"color: #0000ff;\" href=\"http:\/\/facebook.com\/movimentojb\" target=\"_blank\" rel=\"noopener\">facebook.com\/movimentojb<\/a><\/span><\/span><br \/>\n<span style=\"font-family: helvetica, arial, sans-serif;\"><span style=\"color: #000000; font-size: 16px;\"><img decoding=\"async\" class=\"emoji\" role=\"img\" draggable=\"false\" src=\"https:\/\/s.w.org\/images\/core\/emoji\/16.0.1\/svg\/1f49a.svg\" alt=\"\ud83d\udc9a\" \/><strong>Movimento Comunit\u00e1rio do Jardim Bot\u00e2nico \u2013 Construindo juntos uma cidade mais sustent\u00e1vel e unida!<\/strong><\/span><span style=\"color: #000000;\"><span class=\"selectable-text copyable-text\"><\/div><\/div>\n<\/span><\/span><\/span><\/p>\n","protected":false},"excerpt":{"rendered":"<p>Reuni\u00e3o na Secretaria de Governo (SEGOV) marcou a retomada das parcerias entre o Governo do Distrito Federal (GDF), a Administra\u00e7\u00e3o Regional e o Movimento Comunit\u00e1rio do Jardim Bot\u00e2nico (MCJB). O encontro contou com o secret\u00e1rio Jos\u00e9 Humberto, o administrador regional Aderivaldo Cardoso e a presidente do MCJB, Rose Marques, e resultou no agendamento de visita ao Centro de Pr\u00e1ticas Sustent\u00e1veis (CPS) no dia 31 de outubro, fortalecendo o di\u00e1logo entre governo e comunidade.<\/p>\n","protected":false},"author":1,"featured_media":13238,"comment_status":"open","ping_status":"open","sticky":false,"template":"","format":"standard","meta":{"_exactmetrics_skip_tracking":false,"_exactmetrics_sitenote_active":false,"_exactmetrics_sitenote_note":"","_exactmetrics_sitenote_category":0,"footnotes":"","jetpack_publicize_message":"","jetpack_publicize_feature_enabled":true,"jetpack_social_post_already_shared":true,"jetpack_social_options":{"image_generator_settings":{"template":"highway","default_image_id":0,"font":"","enabled":false},"version":2}},"categories":[88,58,36,16],"tags":[111,1373,127,1375,1374,39,1371,43,1372,1376,1370,67],"class_list":["post-13231","post","type-post","status-publish","format-standard","has-post-thumbnail","hentry","category-destaque","category-midia","category-noticias","category-slider","tag-administracao-regional-do-jardim-botanico","tag-adote-uma-praca","tag-centro-de-praticas-sustentaveis","tag-empreendedorismo-local","tag-escola-de-empreendedorismo","tag-gdf","tag-jardim-botanico-df","tag-mcjb","tag-parcerias-comunitarias","tag-participacao-comunitaria","tag-segov","tag-sustentabilidade"],"jetpack_publicize_connections":[],"jetpack_featured_media_url":"https:\/\/www.mcjb.org.br\/portal\/wp-content\/uploads\/2025\/10\/Reunbiao-SEGOV-2.png","_links":{"self":[{"href":"https:\/\/www.mcjb.org.br\/portal\/wp-json\/wp\/v2\/posts\/13231","targetHints":{"allow":["GET"]}}],"collection":[{"href":"https:\/\/www.mcjb.org.br\/portal\/wp-json\/wp\/v2\/posts"}],"about":[{"href":"https:\/\/www.mcjb.org.br\/portal\/wp-json\/wp\/v2\/types\/post"}],"author":[{"embeddable":true,"href":"https:\/\/www.mcjb.org.br\/portal\/wp-json\/wp\/v2\/users\/1"}],"replies":[{"embeddable":true,"href":"https:\/\/www.mcjb.org.br\/portal\/wp-json\/wp\/v2\/comments?post=13231"}],"version-history":[{"count":7,"href":"https:\/\/www.mcjb.org.br\/portal\/wp-json\/wp\/v2\/posts\/13231\/revisions"}],"predecessor-version":[{"id":13241,"href":"https:\/\/www.mcjb.org.br\/portal\/wp-json\/wp\/v2\/posts\/13231\/revisions\/13241"}],"wp:featuredmedia":[{"embeddable":true,"href":"https:\/\/www.mcjb.org.br\/portal\/wp-json\/wp\/v2\/media\/13238"}],"wp:attachment":[{"href":"https:\/\/www.mcjb.org.br\/portal\/wp-json\/wp\/v2\/media?parent=13231"}],"wp:term":[{"taxonomy":"category","embeddable":true,"href":"https:\/\/www.mcjb.org.br\/portal\/wp-json\/wp\/v2\/categories?post=13231"},{"taxonomy":"post_tag","embeddable":true,"href":"https:\/\/www.mcjb.org.br\/portal\/wp-json\/wp\/v2\/tags?post=13231"}],"curies":[{"name":"wp","href":"https:\/\/api.w.org\/{rel}","templated":true}]}}