{"id":13106,"date":"2025-09-24T15:50:19","date_gmt":"2025-09-24T18:50:19","guid":{"rendered":"https:\/\/www.mcjb.org.br\/portal\/?p=13106"},"modified":"2025-09-26T15:04:14","modified_gmt":"2025-09-26T18:04:14","slug":"editorial-pressao-12-por-8","status":"publish","type":"post","link":"https:\/\/www.mcjb.org.br\/portal\/slider\/editorial-pressao-12-por-8\/","title":{"rendered":"Editorial | Press\u00e3o 12 por 8: al\u00edvio na mobilidade e oportunidade de futuro sustent\u00e1vel"},"content":{"rendered":"<p style=\"text-align: right;\"><span style=\"font-family: helvetica, arial, sans-serif; font-size: 13px; color: #000000;\"><i><span style=\"font-weight: 400;\">Jardim Bot\u00e2nico, 25 de setembro de 2025<\/span><\/i><i><span style=\"font-weight: 400;\"><br \/>\n<\/span><\/i><i><span style=\"font-weight: 400;\">Editorial &#8211; Larissa Schmidt, presidente da Comiss\u00e3o de Defesa do Meio Ambiente do Jardim Bot\u00e2nico (COMDEMA-JB) <\/span><\/i><\/span><span style=\"font-family: helvetica, arial, sans-serif; font-size: 13px; color: #000000;\"><i><span style=\"font-weight: 400;\">e Livino Silva Neto, presidente do Conselho Comunit\u00e1rio de Seguran\u00e7a do Jardim Bot\u00e2nico (CONSEG-JB).<\/span><\/i><\/span><\/p>\n<p><span style=\"font-family: helvetica, arial, sans-serif; font-size: 13px; color: #000000;\"><i><span style=\"font-weight: 400;\">A decis\u00e3o do Governo do Distrito Federal (GDF) de suspender a Faixa Exclusiva para \u00d4nibus na DF-001, nas proximidades do Jardim Bot\u00e2nico, representa um gesto de sensibilidade e estadismo.<\/span><\/i><\/span><\/p>\n<div class=\"text-content\" style=\"text-align: justify;\">\n<p><span style=\"font-weight: 400; font-family: helvetica, arial, sans-serif; color: #000000; font-size: 16px;\">A crise de Mobilidade causada pela Faixa Exclusiva para \u00d4nibus foi resolvida por um ato, ainda que dif\u00edcil, extremamente assertivo e republicano do Governador do Distrito Federal, revendo uma decis\u00e3o. Parab\u00e9ns ao Governador pela prontid\u00e3o, sensibilidade e estadismo. O Jardim Bot\u00e2nico (JB) est\u00e1 crescendo muito rapidamente e no final, acreditem, estaremos todos aqui, GDF e Cidad\u00e3os, de p\u00e9 e ombreados, enfrentando os desafios de momento e os que vierem.<\/span><\/p>\n<p><span style=\"font-weight: 400; font-family: helvetica, arial, sans-serif; color: #000000; font-size: 16px;\">Qualquer modelo de mobilidade, operando em cidades eficientes, somente \u00e9 exitoso quando a maioria dos cidad\u00e3os o escolhem como melhor op\u00e7\u00e3o, em detrimento dos autom\u00f3veis.<\/span><\/p>\n<p><span style=\"font-weight: 400; font-family: helvetica, arial, sans-serif; color: #000000; font-size: 16px;\">Est\u00e1 na hora de olhar para o futuro e colocar, de volta na prancheta, outros modais mais eficientes e sustent\u00e1veis, como: metr\u00f4, Ve\u00edculos Leves sobre Trilhos (VLT) e Monotrilho.<\/span><\/p>\n<div id=\"attachment_13115\" style=\"width: 1034px\" class=\"wp-caption aligncenter\"><a href=\"https:\/\/www.mcjb.org.br\/portal\/wp-content\/uploads\/2025\/09\/51101720719_b9f491719d_o-scaled.jpg\"><img fetchpriority=\"high\" decoding=\"async\" aria-describedby=\"caption-attachment-13115\" class=\"wp-image-13115 size-large\" src=\"https:\/\/www.mcjb.org.br\/portal\/wp-content\/uploads\/2025\/09\/51101720719_b9f491719d_o-1024x683.jpg\" alt=\"\" width=\"1024\" height=\"683\" srcset=\"https:\/\/www.mcjb.org.br\/portal\/wp-content\/uploads\/2025\/09\/51101720719_b9f491719d_o-1024x683.jpg 1024w, https:\/\/www.mcjb.org.br\/portal\/wp-content\/uploads\/2025\/09\/51101720719_b9f491719d_o-300x200.jpg 300w, https:\/\/www.mcjb.org.br\/portal\/wp-content\/uploads\/2025\/09\/51101720719_b9f491719d_o-768x512.jpg 768w, https:\/\/www.mcjb.org.br\/portal\/wp-content\/uploads\/2025\/09\/51101720719_b9f491719d_o-1536x1024.jpg 1536w, https:\/\/www.mcjb.org.br\/portal\/wp-content\/uploads\/2025\/09\/51101720719_b9f491719d_o-2048x1365.jpg 2048w, https:\/\/www.mcjb.org.br\/portal\/wp-content\/uploads\/2025\/09\/51101720719_b9f491719d_o-219x146.jpg 219w, https:\/\/www.mcjb.org.br\/portal\/wp-content\/uploads\/2025\/09\/51101720719_b9f491719d_o-50x33.jpg 50w, https:\/\/www.mcjb.org.br\/portal\/wp-content\/uploads\/2025\/09\/51101720719_b9f491719d_o-113x75.jpg 113w, https:\/\/www.mcjb.org.br\/portal\/wp-content\/uploads\/2025\/09\/51101720719_b9f491719d_o-600x400.jpg 600w\" sizes=\"(max-width: 1024px) 100vw, 1024px\" \/><\/a><p id=\"caption-attachment-13115\" class=\"wp-caption-text\"><span style=\"font-family: helvetica, arial, sans-serif; font-size: 13px;\"><em>Metr\u00f4 de Bras\u00edlia. | Foto: Divulga\u00e7\u00e3o Ag\u00eancia Bras\u00edlia.<\/em><\/span><\/p><\/div>\n<p><span style=\"font-weight: 400; font-family: helvetica, arial, sans-serif; color: #000000; font-size: 16px;\">O crescimento urbano precisa ser sustent\u00e1vel, necessita de infraestrutura pr\u00e9via.<\/span><\/p>\n<p><span style=\"font-weight: 400; font-family: helvetica, arial, sans-serif; color: #000000; font-size: 16px;\"><em>&#8220;Juntos podemos pensar uma cidade melhor ambiental, social e economicamente. Um bom planejamento ajuda a resolver todos os problemas, os atuais e os futuros.&#8221;<\/em> (Livino Silva)<\/span><\/p>\n<p><span style=\"font-weight: 400; font-family: helvetica, arial, sans-serif; color: #000000; font-size: 16px;\">A comunidade do JB tem dezenas de \u00e1vidos volunt\u00e1rios nas suas organiza\u00e7\u00f5es da sociedade civil e nos conselhos comunit\u00e1rios. Isso mesmo, somos a Regi\u00e3o Administrativa (RA) com o maior n\u00famero de Conselhos constitu\u00eddos, pelo GDF (Comiss\u00e3o de Meio Ambiente do Jardim Bot\u00e2nico &#8211; COMDEMA JB, Conselho de Seguran\u00e7a &#8211; CONSEG JB\/Toror\u00f3, Frente Parlamentar do Jardim Bot\u00e2nico &#8211; FPJB, Grande Conselho Comunit\u00e1rio do Jardim Bot\u00e2nico &#8211; CGJB, Conselho de Cultura do Jardim Bot\u00e2nico &#8211; CRC-JB e Conselho Local de Planejamento do Jardim Bot\u00e2nico &#8211; CLP-JB). Que nos usem, nos ou\u00e7am. Levaremos a voz da comunidade \u00e0s mesas de debate, legitimando decis\u00f5es e proposi\u00e7\u00f5es necess\u00e1rias para o crescimento da nossa Cidade.<\/span><\/p>\n<p><span style=\"font-weight: 400; font-family: helvetica, arial, sans-serif; color: #000000; font-size: 16px;\">Somos organizados e propositivos, em nossas reuni\u00f5es e eventos, como o <span style=\"color: #0000ff;\"><a style=\"color: #0000ff;\" href=\"https:\/\/www.mcjb.org.br\/portal\/slider\/comunidade-organizada-impulsiona-avancos-no-jardim-botanico-durante-o-5o-workshop-de-urbanizacao\/\" target=\"_blank\" rel=\"noopener\">Workshop de Urbaniza\u00e7\u00e3o<\/a><\/span>\u00a0e o Planejamento Estrat\u00e9gico Comunit\u00e1rio, pautamos nossas demandas e prioridades, as avaliamos e categorizamos, tudo para apoiar o processo decis\u00f3rio do Estado ou de quem mais precisar.<\/span><\/p>\n<div id=\"attachment_13113\" style=\"width: 1034px\" class=\"wp-caption aligncenter\"><a href=\"https:\/\/www.mcjb.org.br\/portal\/wp-content\/uploads\/2025\/09\/Faixa-exclusiva-Agencia-Brasilia.png\"><img decoding=\"async\" aria-describedby=\"caption-attachment-13113\" class=\"wp-image-13113 size-large\" src=\"https:\/\/www.mcjb.org.br\/portal\/wp-content\/uploads\/2025\/09\/Faixa-exclusiva-Agencia-Brasilia-1024x577.png\" alt=\"\" width=\"1024\" height=\"577\" srcset=\"https:\/\/www.mcjb.org.br\/portal\/wp-content\/uploads\/2025\/09\/Faixa-exclusiva-Agencia-Brasilia-1024x577.png 1024w, https:\/\/www.mcjb.org.br\/portal\/wp-content\/uploads\/2025\/09\/Faixa-exclusiva-Agencia-Brasilia-300x169.png 300w, https:\/\/www.mcjb.org.br\/portal\/wp-content\/uploads\/2025\/09\/Faixa-exclusiva-Agencia-Brasilia-768x433.png 768w, https:\/\/www.mcjb.org.br\/portal\/wp-content\/uploads\/2025\/09\/Faixa-exclusiva-Agencia-Brasilia-260x146.png 260w, https:\/\/www.mcjb.org.br\/portal\/wp-content\/uploads\/2025\/09\/Faixa-exclusiva-Agencia-Brasilia-50x28.png 50w, https:\/\/www.mcjb.org.br\/portal\/wp-content\/uploads\/2025\/09\/Faixa-exclusiva-Agencia-Brasilia-133x75.png 133w, https:\/\/www.mcjb.org.br\/portal\/wp-content\/uploads\/2025\/09\/Faixa-exclusiva-Agencia-Brasilia-600x338.png 600w, https:\/\/www.mcjb.org.br\/portal\/wp-content\/uploads\/2025\/09\/Faixa-exclusiva-Agencia-Brasilia.png 1440w\" sizes=\"(max-width: 1024px) 100vw, 1024px\" \/><\/a><p id=\"caption-attachment-13113\" class=\"wp-caption-text\"><em><span style=\"font-family: helvetica, arial, sans-serif; font-size: 13px;\">Faixa exclusiva do Jardim Bot\u00e2nico. | Foto: Divulga\u00e7\u00e3o Ag\u00eancia Bras\u00edlia. <\/span><\/em><\/p><\/div>\n<p><span style=\"font-family: helvetica, arial, sans-serif; font-size: 16px;\"><span style=\"font-weight: 400; color: #000000;\">Estamos ansiosos pelo futuro pois al\u00e9m das obras j\u00e1 realizadas (escolas, UBS, duplica\u00e7\u00e3o, viadutos da ESD) temos outras vindo por a\u00ed: <\/span><span style=\"color: #0000ff;\"><a style=\"color: #0000ff; text-decoration: underline;\" href=\"https:\/\/www.mcjb.org.br\/portal\/slider\/viaduto-do-mangueiral-der-publica-novo-aviso-de-licitacao\/\" target=\"_blank\" rel=\"noopener\"><span style=\"font-weight: 400;\">o viaduto do Mangueiral<\/span><\/a><\/span><span style=\"font-weight: 400;\"><span style=\"color: #000000;\"> e<\/span> <\/span><span style=\"color: #0000ff;\"><a style=\"color: #0000ff; text-decoration: underline;\" href=\"https:\/\/www.mcjb.org.br\/portal\/slider\/governador-ordena-ligacao-da-avenida-do-sol-ao-novo-viaduto-da-jk-e-anuncia-licitacao-ate-dezembro\/\" target=\"_blank\" rel=\"noopener\"><span style=\"font-weight: 400;\">Solar de Bras\u00edlia<\/span><\/a><\/span><span style=\"font-weight: 400;\">, <span style=\"color: #000000;\">a<\/span> <\/span><span style=\"color: #0000ff;\"><a style=\"color: #0000ff; text-decoration: underline;\" href=\"https:\/\/www.mcjb.org.br\/portal\/slider\/governador-ibaneis-rocha-anuncia-construcao-de-duas-novas-pontes-no-lago-sul\/\" target=\"_blank\" rel=\"noopener\"><span style=\"font-weight: 400;\">quarta ponte<\/span><\/a><\/span><span style=\"font-weight: 400;\">, <span style=\"color: #000000;\">o<\/span> <\/span><span style=\"color: #0000ff;\"><a style=\"color: #0000ff; text-decoration: underline;\" href=\"https:\/\/www.mcjb.org.br\/portal\/slider\/jardim-botanico-conquista-area-para-construcao-do-tao-aguardado-terminal-rodoviario\/\" target=\"_blank\" rel=\"noopener\"><span style=\"font-weight: 400;\">terminal rodovi\u00e1rio<\/span><\/a><\/span><span style=\"font-weight: 400;\">, <span style=\"color: #000000;\">a<\/span> <\/span><span style=\"color: #0000ff;\"><a style=\"color: #0000ff; text-decoration: underline;\" href=\"https:\/\/www.mcjb.org.br\/portal\/slider\/reuniao-do-mcjb-com-tecnicos-do-der-e-capitao-da-policia-militar-busca-solucoes-para-transito-no-jardim-botanico\/\" target=\"_blank\" rel=\"noopener\"><span style=\"font-weight: 400;\">faixa reversa<\/span><\/a><\/span><span style=\"font-weight: 400;\"><span style=\"color: #000000;\"> e a<\/span> <\/span><span style=\"color: #0000ff;\"><a style=\"color: #0000ff; text-decoration: underline;\" href=\"https:\/\/www.mcjb.org.br\/portal\/slider\/termo-de-cooperacao-tecnica-entre-mcjb-e-der-df-marca-avanco-na-mobilidade-do-jb\/\" target=\"_blank\" rel=\"noopener\"><span style=\"font-weight: 400;\">via alternativa da Avenida do Sol<\/span><\/a><\/span><span style=\"font-weight: 400;\">. <span style=\"color: #000000;\">E n\u00e3o menos importante, temos conquistas regulat\u00f3rias tamb\u00e9m na mesa como Plano Diretor de Ordenamento Territorial (PDOT), Plano Diretor de Transporte Urbano e Mobilidade (PDTU), Projeto de Decreto Legislativo (PDL), a important\u00edssima Regulariza\u00e7\u00e3o dos Condom\u00ednios e o &#8220;Imposto sobre a Propriedade Predial e Territorial Urbana (IPTU) Verde&#8221;<\/span><\/span><\/span><\/p>\n<p><span style=\"color: #000000; font-family: helvetica, arial, sans-serif; font-size: 16px;\">Verde, isso mesmo. Somos uma comunidade que trabalha por uma cidade sustent\u00e1vel, eficiente. Queremos uma cidade Jardim (Bot\u00e2nico, j\u00e1 est\u00e1 at\u00e9 no nome). Parques, corredores ecol\u00f3gicos, efici\u00eancia energ\u00e9tica, mobilidade ativa, seguran\u00e7a h\u00eddrica, cintur\u00f5es verdes etc.<\/span><\/p>\n<p><span style=\"font-weight: 400; font-family: helvetica, arial, sans-serif; color: #000000; font-size: 16px;\"><em>&#8220;Defendemos um urbanismo sustent\u00e1vel, que reduza as emiss\u00f5es de gases de efeito estufa da mobilidade, melhore a seguran\u00e7a h\u00eddrica, preserve os espa\u00e7os verdes e promova o uso eficiente do solo.&#8221;<\/em> (Larissa Schmidt)<\/span><\/p>\n<p><span style=\"font-weight: 400; font-family: helvetica, arial, sans-serif; color: #000000; font-size: 16px;\">Tamb\u00e9m trabalhamos pela implanta\u00e7\u00e3o de outros equipamentos p\u00fablicos como: os de seguran\u00e7a, de sa\u00fade e a nossa feira.<\/span><\/p>\n<p><span style=\"font-family: helvetica, arial, sans-serif; font-size: 16px; color: #000000;\">Acreditamos que assim que se faz uma cidade, com muito planejamento e trabalho. Ainda bem que somos muitas cabe\u00e7as e m\u00e3os.<\/span><\/p>\n<p>&nbsp;<\/p>\n<p><span style=\"font-family: helvetica, arial, sans-serif; font-size: 16px;\"><span style=\"color: #000000;\"><span style=\"font-weight: 400;\">\ud83d\udce3 <\/span><b>Participe<\/b><span style=\"font-weight: 400;\"> das atividades do Movimento Comunit\u00e1rio do Jardim Bot\u00e2nico e leve suas ideias aos conselhos regionais. Acesse<\/span><\/span><span style=\"color: #0000ff;\"><a style=\"color: #0000ff;\" href=\"https:\/\/www.mcjb.org.br\/portal\" target=\"_blank\" rel=\"noopener\"> <span style=\"font-weight: 400;\">www.mcjb.org.br\/portal<\/span><\/a><\/span><span style=\"font-weight: 400; color: #000000;\"> e acompanhe nossas a\u00e7\u00f5es.<\/span><\/span><\/p>\n<p><span style=\"font-weight: 400; font-family: helvetica, arial, sans-serif; color: #000000; font-size: 16px;\">Leia o informativo do MCJB para saber mais: <\/span><span style=\"color: #0000ff;\"><a style=\"color: #0000ff;\" href=\"https:\/\/www.mcjb.org.br\/portal\/wp-content\/uploads\/2025\/09\/Informativo-015-25-Esclarecimentos-relacionados-a-faixa-exclusiva-de-onibus-no-JB.pdf\" target=\"_blank\" rel=\"noopener\"><span style=\"font-weight: 400;\"><span style=\"font-family: helvetica, arial, sans-serif; font-size: 16px;\">Informativo 015-25 \u2013 Esclarecimentos relacionados \u00e0 faixa exclusiva de \u00f4nibus no JB<\/span><\/span><\/a><\/span><\/p>\n<\/div>\n<p><span style=\"font-family: helvetica, arial, sans-serif;\"><div class=\"su-box su-box-style-glass\" id=\"\" style=\"border-color:#002600;border-radius:4px;\"><div class=\"su-box-title\" style=\"background-color:#0e5929;color:#ffffff;border-top-left-radius:2px;border-top-right-radius:2px\">ACOMPANHE O MCJB<\/div><div class=\"su-box-content su-u-clearfix su-u-trim\" style=\"border-bottom-left-radius:2px;border-bottom-right-radius:2px\"><\/span><\/p>\n<p style=\"text-align: justify;\"><span style=\"font-family: helvetica, arial, sans-serif; color: #000000; font-size: 16px;\">Entre em contato: <strong>(61) 3427-3038 | 99433-8517<\/strong><\/span><br \/>\n<span style=\"font-family: helvetica, arial, sans-serif; color: #000000; font-size: 16px;\"><img decoding=\"async\" class=\"emoji\" role=\"img\" draggable=\"false\" src=\"https:\/\/s.w.org\/images\/core\/emoji\/16.0.1\/svg\/2709.svg\" alt=\"\u2709\ufe0f\" \/>\u00a0E-mail: contato@mcjb.org.br<\/span><br \/>\n<span style=\"font-family: helvetica, arial, sans-serif; color: #000000; font-size: 16px;\"><img decoding=\"async\" class=\"emoji\" role=\"img\" draggable=\"false\" src=\"https:\/\/s.w.org\/images\/core\/emoji\/16.0.1\/svg\/1f310.svg\" alt=\"\ud83c\udf10\" \/>\u00a0Site:\u00a0<span style=\"color: #0000ff;\"><a style=\"color: #0000ff;\" href=\"http:\/\/www.mcjb.org.br\/\" target=\"_blank\" rel=\"noopener\">www.mcjb.org.br<\/a><\/span><\/span><\/p>\n<p><span style=\"font-family: helvetica, arial, sans-serif; color: #000000; font-size: 16px;\"><img decoding=\"async\" class=\"emoji\" role=\"img\" draggable=\"false\" src=\"https:\/\/s.w.org\/images\/core\/emoji\/16.0.1\/svg\/1f517.svg\" alt=\"\ud83d\udd17\" \/>\u00a0<strong>Conecte-se \u00e0s nossas redes e canais:<\/strong><\/span><\/p>\n<p><span style=\"font-family: helvetica, arial, sans-serif; color: #000000; font-size: 16px;\">Grupo de not\u00edcias no WhatsApp:\u00a0<span style=\"color: #0000ff;\"><a style=\"color: #0000ff;\" href=\"https:\/\/chat.whatsapp.com\/I997tZ4naGxGq6Sq9q4ZzF\" target=\"_blank\" rel=\"noopener\">clique aqui<\/a><\/span><\/span><br \/>\n<span style=\"font-family: helvetica, arial, sans-serif; color: #000000; font-size: 16px;\">YouTube:\u00a0<span style=\"color: #0000ff;\"><a style=\"color: #0000ff;\" href=\"https:\/\/www.youtube.com\/@movimentojb\" target=\"_blank\" rel=\"noopener\">@movimentojb<\/a><\/span><\/span><br \/>\n<span style=\"font-family: helvetica, arial, sans-serif; color: #000000; font-size: 16px;\">Instagram:\u00a0<span style=\"color: #0000ff;\"><a style=\"color: #0000ff;\" href=\"https:\/\/www.instagram.com\/movimentojb\/\" target=\"_blank\" rel=\"noopener\">@movimentojb<\/a><\/span><\/span><br \/>\n<span style=\"font-family: helvetica, arial, sans-serif; color: #000000; font-size: 16px;\">Facebook:\u00a0<span style=\"color: #0000ff;\"><a style=\"color: #0000ff;\" href=\"http:\/\/facebook.com\/movimentojb\" target=\"_blank\" rel=\"noopener\">facebook.com\/movimentojb<\/a><\/span><\/span><br \/>\n<span style=\"font-family: helvetica, arial, sans-serif; color: #000000; font-size: 16px;\"><img decoding=\"async\" class=\"emoji\" role=\"img\" draggable=\"false\" src=\"https:\/\/s.w.org\/images\/core\/emoji\/16.0.1\/svg\/1f49a.svg\" alt=\"\ud83d\udc9a\" \/>\u00a0<strong>Movimento Comunit\u00e1rio do Jardim Bot\u00e2nico \u2013 Construindo juntos uma cidade mais sustent\u00e1vel e unida!<\/strong><\/span><\/p>\n<p><span style=\"font-family: helvetica, arial, sans-serif;\"><\/div><\/div><\/span><\/p>\n","protected":false},"excerpt":{"rendered":"<p>Ap\u00f3s a suspens\u00e3o da Faixa Exclusiva de \u00d4nibus na DF-001, a comunidade do Jardim Bot\u00e2nico refor\u00e7a seu papel participativo e prop\u00f5e modais sustent\u00e1veis como solu\u00e7\u00e3o definitiva para a mobilidade urbana.<\/p>\n","protected":false},"author":1,"featured_media":13151,"comment_status":"open","ping_status":"open","sticky":false,"template":"","format":"standard","meta":{"_exactmetrics_skip_tracking":false,"_exactmetrics_sitenote_active":false,"_exactmetrics_sitenote_note":"","_exactmetrics_sitenote_category":0,"footnotes":"","jetpack_publicize_message":"","jetpack_publicize_feature_enabled":true,"jetpack_social_post_already_shared":true,"jetpack_social_options":{"image_generator_settings":{"template":"highway","default_image_id":0,"font":"","enabled":false},"version":2}},"categories":[88,58,36,16],"tags":[1357,701,1360,91,1359,1358,39,1356,408,43,397,386],"class_list":["post-13106","post","type-post","status-publish","format-standard","has-post-thumbnail","hentry","category-destaque","category-midia","category-noticias","category-slider","tag-comdema","tag-conseg","tag-crc","tag-df-001","tag-faixa-exclusiva","tag-fpjb","tag-gdf","tag-implementacao","tag-jardins-mangueiral","tag-mcjb","tag-obras","tag-transito"],"jetpack_publicize_connections":[],"jetpack_featured_media_url":"https:\/\/www.mcjb.org.br\/portal\/wp-content\/uploads\/2025\/09\/12-por-8-1.png","_links":{"self":[{"href":"https:\/\/www.mcjb.org.br\/portal\/wp-json\/wp\/v2\/posts\/13106","targetHints":{"allow":["GET"]}}],"collection":[{"href":"https:\/\/www.mcjb.org.br\/portal\/wp-json\/wp\/v2\/posts"}],"about":[{"href":"https:\/\/www.mcjb.org.br\/portal\/wp-json\/wp\/v2\/types\/post"}],"author":[{"embeddable":true,"href":"https:\/\/www.mcjb.org.br\/portal\/wp-json\/wp\/v2\/users\/1"}],"replies":[{"embeddable":true,"href":"https:\/\/www.mcjb.org.br\/portal\/wp-json\/wp\/v2\/comments?post=13106"}],"version-history":[{"count":24,"href":"https:\/\/www.mcjb.org.br\/portal\/wp-json\/wp\/v2\/posts\/13106\/revisions"}],"predecessor-version":[{"id":13143,"href":"https:\/\/www.mcjb.org.br\/portal\/wp-json\/wp\/v2\/posts\/13106\/revisions\/13143"}],"wp:featuredmedia":[{"embeddable":true,"href":"https:\/\/www.mcjb.org.br\/portal\/wp-json\/wp\/v2\/media\/13151"}],"wp:attachment":[{"href":"https:\/\/www.mcjb.org.br\/portal\/wp-json\/wp\/v2\/media?parent=13106"}],"wp:term":[{"taxonomy":"category","embeddable":true,"href":"https:\/\/www.mcjb.org.br\/portal\/wp-json\/wp\/v2\/categories?post=13106"},{"taxonomy":"post_tag","embeddable":true,"href":"https:\/\/www.mcjb.org.br\/portal\/wp-json\/wp\/v2\/tags?post=13106"}],"curies":[{"name":"wp","href":"https:\/\/api.w.org\/{rel}","templated":true}]}}