{"id":128,"date":"2016-10-03T12:24:08","date_gmt":"2016-10-03T15:24:08","guid":{"rendered":"http:\/\/mcjbantigo.ibsweb.com.br\/site\/1-corrida-e-caminhada-do-jb-encerra-comemoracoes-de-aniversario-do-bairro-2\/"},"modified":"2016-10-03T12:24:08","modified_gmt":"2016-10-03T15:24:08","slug":"1-corrida-e-caminhada-do-jb-encerra-comemoracoes-de-aniversario-do-bairro-2","status":"publish","type":"post","link":"https:\/\/www.mcjb.org.br\/portal\/noticias\/1-corrida-e-caminhada-do-jb-encerra-comemoracoes-de-aniversario-do-bairro-2\/","title":{"rendered":"1\u00aa Corrida e Caminhada do JB encerra comemora\u00e7\u00f5es de anivers\u00e1rio do bairro"},"content":{"rendered":"<p style=\"text-align: right;\"><span style=\"font-size: 8pt;\"><strong><em>Da Reda\u00e7\u00e3o do MCJB &#8211; 03\/10\/2016<\/em><\/strong><\/span><\/p>\n<p style=\"text-align: justify;\"><span style=\"font-size: 18pt;\"><em>No \u00faltimo domingo (2), caminhantes e corredores fecharam as comemora\u00e7\u00f5es pelos 12 anos do Jardim Bot\u00e2nico e 1\u00ba ano do Movimento, participando da 1\u00aa Corrida e Caminhada do Jardim Bot\u00e2nico.<\/em><\/span><\/p>\n<p>  <!--more-->  <\/p>\n<p><img fetchpriority=\"high\" decoding=\"async\" src=\"http:\/\/mcjbantigo.ibsweb.com.br\/site\/wp-content\/uploads\/2016\/10\/13438858_1327450203933135_6186053500899690372_n-300x226.jpg\" alt=\"13438858_1327450203933135_6186053500899690372_n\" width=\"300\" height=\"226\" class=\"size-medium wp-image-346 alignleft\" style=\"margin-right: 10px; float: left;\" \/><span style=\"font-size: 24px;\"><\/span><\/p>\n<p style=\"text-align: justify;\"><span style=\"font-size: 18pt;\">Um domingo ensolarado e com temperatura amena recebeu os participantes da 1\u00aa Corrida e Caminhada do Jardim Bot\u00e2nico. Contavam-se \u00e0s centenas as pessoas que foram fazer a festa, competir, caminhar, correr. A estrutura foi montada na Feira do Produtor. Dali come\u00e7aram os 5 quil\u00f4metros do percurso.<\/span><\/p>\n<p style=\"text-align: justify;\"><span style=\"font-size: 18pt;\">Os corredores chegaram cedo para pegar seu chip de cronometragem e se credenciarem. Volunt\u00e1rios da <a href=\"http:\/\/www.pronto10.com.br\/\">Cl\u00ednica Pronto 10<\/a> e do <a href=\"http:\/\/www.labdiag.com.br\/\">Laborat\u00f3rio Diagn\u00f3stico<\/a> disponibilizaram exames gratuitos de press\u00e3o e o pessoal da CAESB serviu \u00e1gua geladinha para todos. Brinquedos do espa\u00e7o Kids e jogos trazidos pela Secretaria de Esportes fizeram a cabe\u00e7a da crian\u00e7ada.<\/span><\/p>\n<p><img decoding=\"async\" src=\"http:\/\/mcjbantigo.ibsweb.com.br\/site\/wp-content\/uploads\/2016\/10\/foto-1.jpg\" alt=\"foto-1\" width=\"1024\" height=\"525\" class=\"wp-image-341 size-full\" \/><\/p>\n<p style=\"text-align: justify;\"><span style=\"font-size: 18pt;\">O aquecimento e o alongamento foram feitos com professores da academia <a href=\"http:\/\/www.22gymbox.com.br\/\">22GymBox<\/a>, que se encarregaram da orienta\u00e7\u00e3o aos participantes por todo evento. <img decoding=\"async\" src=\"http:\/\/mcjbantigo.ibsweb.com.br\/site\/wp-content\/uploads\/2016\/10\/14520423_1327450123933143_548815949108121048_n-300x225.jpg\" alt=\"14520423_1327450123933143_548815949108121048_n\" width=\"300\" height=\"225\" class=\"wp-image-344 size-medium\" style=\"margin: 10px; float: right;\" \/>\u00c0s 9h10, foi dada a largada. Um pequeno grupo de atletas profissionais logo tomou a dianteira, garantindo uma chegada emocionante na categoria masculina, com os primeiros colocados disputando cada segundo. Melhor para o atleta Adelmo dos Santos, que completou o percurso em primeiro lugar, apenas 30 segundos \u00e0 frente do segundo colocado, Otoniel Batista.<\/span><\/p>\n<p style=\"text-align: justify;\"><span style=\"font-size: 18pt;\">Alexsandro Machado completou o p\u00f3dio em terceiro. Na categoria feminina a disputa n\u00e3o deixou por menos. Maria do Socorro Laurindo completou o percurso em apenas 18 minutos, seguida de perto por Patr\u00edcia Lima e Liliane Brito, segunda e terceira coloca\u00e7\u00e3o, respectivamente.<\/span><\/p>\n<p style=\"text-align: center;\"><a href=\"http:\/\/mcjbantigo.ibsweb.com.br\/site\/wp-content\/uploads\/2016\/10\/foto-5.jpg\"><img loading=\"lazy\" decoding=\"async\" src=\"http:\/\/mcjbantigo.ibsweb.com.br\/site\/wp-content\/uploads\/2016\/10\/foto-5-1024x557.jpg\" alt=\"foto-5\" width=\"800\" height=\"435\" class=\"wp-image-345 size-large\" style=\"display: block; margin-left: auto; margin-right: auto;\" \/><\/a> <em>Coffe break completo para os atletas ap\u00f3s a competi\u00e7\u00e3o.<\/em><\/p>\n<p style=\"text-align: justify;\"><span style=\"font-size: 18pt;\">Depois da emo\u00e7\u00e3o, uma pausa para repor as energias, oferta da Secretaria de Esportes. Um farto coffe break, com frutas, p\u00e3es e sucos, foi servido aos atletas, que ainda receberam gratuitamente sacolinhas com p\u00e3es de sal, oferecidos pela <a href=\"http:\/\/www.paopiloto.com.br\/\">P\u00e3o Piloto<\/a>, empresa parceira do <strong><em>Movimento<\/em><\/strong> que entrega p\u00e3es nas casas dos moradores do Jardim Bot\u00e2nico.<\/span><\/p>\n<p><span style=\"font-size: 18pt;\"><img loading=\"lazy\" decoding=\"async\" src=\"http:\/\/mcjbantigo.ibsweb.com.br\/site\/wp-content\/uploads\/2016\/10\/14520354_1327450247266464_6578870316430636148_n-245x300.jpg\" alt=\"14520354_1327450247266464_6578870316430636148_n\" width=\"245\" height=\"300\" class=\"size-medium wp-image-348 alignleft\" style=\"margin: 10px; float: left;\" \/>Logo em seguida, o administrador regional interino do Jardim Bot\u00e2nico, Alessandro Paiva, deu in\u00edcio a cerim\u00f4nia de premia\u00e7\u00e3o e sorteio dos pr\u00eamios. Foram mais de 20 brindes, al\u00e9m do sorteio de uma bicicleta novinha. Os vencedores das categorias masculina e feminina tamb\u00e9m ganharam uma bicicleta, al\u00e9m dos trof\u00e9us. Os participantes que se inscreveram no Kit Corredor tamb\u00e9m ganharam medalhas, al\u00e9m de uma blusa do evento e mini mochila.<\/span><\/p>\n<p style=\"text-align: justify;\"><strong><span style=\"font-size: 18pt;\">Volunt\u00e1rios e trabalho comunit\u00e1rio<\/span><\/strong><\/p>\n<p style=\"text-align: justify;\"><span style=\"font-size: 18pt;\">Quase 60 volunt\u00e1rios ajudaram no evento, distribuindo \u00e1gua, fazendo credenciamento, ajudando na sinaliza\u00e7\u00e3o. Destaque para os volunt\u00e1rios do IBRAS que, al\u00e9m de ajudarem na Corrida, tamb\u00e9m organizaram todos os alimentos doados que ser\u00e3o entregues para crian\u00e7as carentes de S\u00e3o Sebasti\u00e3o.<\/span><\/p>\n<p style=\"text-align: left;\"><img loading=\"lazy\" decoding=\"async\" src=\"http:\/\/mcjbantigo.ibsweb.com.br\/site\/wp-content\/uploads\/2016\/10\/20161002_105453.jpg\" alt=\"Volunt\u00e1rios do Movimento Comunit\u00e1rio do Jardim Bot\u00e2nico\" width=\"796\" height=\"495\" class=\"wp-image-350 size-full\" \/> Time de volunt\u00e1rios do Movimento Comunit\u00e1rio do Jardim Bot\u00e2nico, na 1\u00aa Corrida e Caminhada do MCJB<\/p>\n<p style=\"text-align: justify;\"><span style=\"font-size: 18pt;\">Os atletas volunt\u00e1rios do <a href=\"http:\/\/circuitomangueiral.com.br\/\">Circuito Mangueiral<\/a>, grupo de caminhadas comunit\u00e1rias do Jardins Mangueiral, cuidaram dos caminhantes durante o trajeto, orientando e dando dicas de como melhorar o desempenho nas caminhadas.<\/span><\/p>\n<p style=\"text-align: justify;\"><span style=\"font-size: 18pt;\">Para quem quiser ser volunt\u00e1rio nos eventos e projetos do <strong><em>Movimento<\/em><\/strong>, basta clicar <a href=\"http:\/\/www.mcjb.org.br\/index.php\/quem-somos\/projetos\/jb-voluntario\">aqui<\/a> e se inscrever. O <strong><em>Movimento<\/em><\/strong> tamb\u00e9m criou parceria com o instituto Nova Acr\u00f3pole e promover\u00e1 palestras sobre voluntariado, sendo a pr\u00f3xima no dia 08\/10, \u00e0s 15h, no audit\u00f3rio do instituto Cerratense, parque do Jardim Bot\u00e2nico de Bras\u00edlia.&nbsp;<\/span><\/p>\n<p style=\"text-align: justify;\"><span style=\"font-size: 18pt;\">A 1\u00aa Corrida e Caminhada do Movimento Comunit\u00e1rio do Jardim Bot\u00e2nico foi promovida pelo <strong><em>Movimento<\/em><\/strong>, em parceria com a Administra\u00e7\u00e3o Regional do Jardim Bot\u00e2nico e Secretaria de Esportes do DF. Este foi o terceiro evento esportivo promovido pelo Movimento em 2016. Os primeiros foram a <a href=\"http:\/\/jardimbotanicodf.blogspot.com\/2016\/06\/jardim-botanico-3-e-master-fc-sao-os.html\" data-blogger-escaped-target=\"_blank\">1\u00aa Copa de Futsal do MCJB <\/a>e o <a href=\"http:\/\/jardimbotanicodf.blogspot.com\/2016\/08\/domingo-de-ciclismo-no-jardim-botanico.html\" data-blogger-escaped-target=\"_blank\">1\u00ba Passeio Cicl\u00edstico<\/a>, que tiveram ampla participa\u00e7\u00e3o da comunidade.<\/span><\/p>\n<p><img loading=\"lazy\" decoding=\"async\" src=\"http:\/\/mcjbantigo.ibsweb.com.br\/site\/wp-content\/uploads\/2016\/09\/Banner_wordpress2-2.jpg\" alt=\"banner_wordpress2\" width=\"801\" height=\"446\" class=\"aligncenter wp-image-336 size-full\" style=\"display: block; margin-left: auto; margin-right: auto;\" \/><\/p>\n","protected":false},"excerpt":{"rendered":"<p>Da Reda\u00e7\u00e3o do MCJB &#8211; 03\/10\/2016 No \u00faltimo domingo (2), caminhantes e corredores fecharam as comemora\u00e7\u00f5es pelos 12 anos do Jardim Bot\u00e2nico e 1\u00ba ano do<span class=\"excerpt-hellip\"> [\u2026]<\/span><\/p>\n","protected":false},"author":1,"featured_media":0,"comment_status":"open","ping_status":"open","sticky":false,"template":"","format":"standard","meta":{"_exactmetrics_skip_tracking":false,"_exactmetrics_sitenote_active":false,"_exactmetrics_sitenote_note":"","_exactmetrics_sitenote_category":0,"footnotes":"","jetpack_publicize_message":"","jetpack_publicize_feature_enabled":true,"jetpack_social_post_already_shared":true,"jetpack_social_options":{"image_generator_settings":{"template":"highway","default_image_id":0,"font":"","enabled":false},"version":2}},"categories":[36],"tags":[],"class_list":["post-128","post","type-post","status-publish","format-standard","hentry","category-noticias"],"jetpack_publicize_connections":[],"jetpack_featured_media_url":"","_links":{"self":[{"href":"https:\/\/www.mcjb.org.br\/portal\/wp-json\/wp\/v2\/posts\/128","targetHints":{"allow":["GET"]}}],"collection":[{"href":"https:\/\/www.mcjb.org.br\/portal\/wp-json\/wp\/v2\/posts"}],"about":[{"href":"https:\/\/www.mcjb.org.br\/portal\/wp-json\/wp\/v2\/types\/post"}],"author":[{"embeddable":true,"href":"https:\/\/www.mcjb.org.br\/portal\/wp-json\/wp\/v2\/users\/1"}],"replies":[{"embeddable":true,"href":"https:\/\/www.mcjb.org.br\/portal\/wp-json\/wp\/v2\/comments?post=128"}],"version-history":[{"count":0,"href":"https:\/\/www.mcjb.org.br\/portal\/wp-json\/wp\/v2\/posts\/128\/revisions"}],"wp:attachment":[{"href":"https:\/\/www.mcjb.org.br\/portal\/wp-json\/wp\/v2\/media?parent=128"}],"wp:term":[{"taxonomy":"category","embeddable":true,"href":"https:\/\/www.mcjb.org.br\/portal\/wp-json\/wp\/v2\/categories?post=128"},{"taxonomy":"post_tag","embeddable":true,"href":"https:\/\/www.mcjb.org.br\/portal\/wp-json\/wp\/v2\/tags?post=128"}],"curies":[{"name":"wp","href":"https:\/\/api.w.org\/{rel}","templated":true}]}}