{"id":12593,"date":"2025-05-28T16:36:03","date_gmt":"2025-05-28T19:36:03","guid":{"rendered":"https:\/\/www.mcjb.org.br\/portal\/?p=12593"},"modified":"2025-05-28T17:22:36","modified_gmt":"2025-05-28T20:22:36","slug":"aniversario-de-18-anos-do-brasilia-ambiental-e-marcado-por-doacao-de-duas-mil-mudas","status":"publish","type":"post","link":"https:\/\/www.mcjb.org.br\/portal\/slider\/aniversario-de-18-anos-do-brasilia-ambiental-e-marcado-por-doacao-de-duas-mil-mudas\/","title":{"rendered":"Anivers\u00e1rio de 18 anos do Bras\u00edlia Ambiental \u00e9 marcado por doa\u00e7\u00e3o de duas mil mudas"},"content":{"rendered":"<p style=\"text-align: right;\"><span style=\"color: #000000;\"><em><span style=\"font-family: helvetica, arial, sans-serif; font-size: 13px;\">Jardim Bot\u00e2nico, 28 de Maio de 2025<\/span><\/em><\/span><br \/>\n<span style=\"color: #000000;\"><em><span style=\"font-family: helvetica, arial, sans-serif; font-size: 13px;\">Por Ag\u00eancia Bras\u00edlia<\/span><\/em><\/span><\/p>\n<p style=\"text-align: justify;\"><span style=\"color: #000000; font-size: 12px;\"><em><span style=\"font-family: helvetica, arial, sans-serif;\">A\u00e7\u00e3o come\u00e7a nesta quinta-feira (29) e se estende at\u00e9 s\u00e1bado, em festa junina no Centro de Pr\u00e1ticas Sustent\u00e1veis (CPS)<\/span><\/em><\/span><\/p>\n<div class=\"text-content\">\n<p style=\"text-align: justify;\"><span style=\"font-family: helvetica, arial, sans-serif;\">Em comemora\u00e7\u00e3o aos 18 anos e \u00e0 abertura do M\u00eas do Meio Ambiente, o Instituto Bras\u00edlia Ambiental inicia sua programa\u00e7\u00e3o com a doa\u00e7\u00e3o de duas mil mudas de plantas medicinais e nativas do Cerrado. A a\u00e7\u00e3o, que come\u00e7a nesta quinta-feira (29), se estende at\u00e9 s\u00e1bado (31) e ser\u00e1 realizada durante a <a href=\"https:\/\/www.instagram.com\/reel\/DKC9l-Xp5Df\/?utm_source=ig_web_copy_link&amp;igsh=MzRlODBiNWFlZA==\" target=\"_blank\" rel=\"noopener\">festa junina do Movimento Comunit\u00e1rio do Jardim Bot\u00e2nico (MCJB)<\/a>, no Centro de Pr\u00e1ticas Sustent\u00e1veis (CPS). A doa\u00e7\u00e3o marca o in\u00edcio de uma s\u00e9rie de atividades de educa\u00e7\u00e3o ambiental, promovidas pela autarquia em todo o Distrito Federal ao longo do m\u00eas de junho.<\/span><\/p>\n<p style=\"text-align: justify;\"><span style=\"font-family: helvetica, arial, sans-serif;\">A entrega simb\u00f3lica abre oficialmente a programa\u00e7\u00e3o do M\u00eas do Meio Ambiente, celebrado anualmente em junho, e tem como objetivo ampliar o envolvimento da popula\u00e7\u00e3o com pr\u00e1ticas sustent\u00e1veis e a\u00e7\u00f5es de reflorestamento urbano. O acesso \u00e0s mudas ser\u00e1 gratuito e limitado a at\u00e9 tr\u00eas unidades por CPF. N\u00e3o \u00e9 necess\u00e1rio agendamento pr\u00e9vio, bastando comparecer ao local e retirar as esp\u00e9cies durante os hor\u00e1rios da festa.<\/span><\/p>\n<div id=\"attachment_12600\" style=\"width: 1034px\" class=\"wp-caption aligncenter\"><a href=\"https:\/\/www.mcjb.org.br\/portal\/wp-content\/uploads\/2025\/05\/IMG_1243.jpg\"><img fetchpriority=\"high\" decoding=\"async\" aria-describedby=\"caption-attachment-12600\" class=\"wp-image-12600 size-large\" src=\"https:\/\/www.mcjb.org.br\/portal\/wp-content\/uploads\/2025\/05\/IMG_1243-1024x768.jpg\" alt=\"\" width=\"1024\" height=\"768\" srcset=\"https:\/\/www.mcjb.org.br\/portal\/wp-content\/uploads\/2025\/05\/IMG_1243-1024x768.jpg 1024w, https:\/\/www.mcjb.org.br\/portal\/wp-content\/uploads\/2025\/05\/IMG_1243-300x225.jpg 300w, https:\/\/www.mcjb.org.br\/portal\/wp-content\/uploads\/2025\/05\/IMG_1243-768x576.jpg 768w, https:\/\/www.mcjb.org.br\/portal\/wp-content\/uploads\/2025\/05\/IMG_1243-195x146.jpg 195w, https:\/\/www.mcjb.org.br\/portal\/wp-content\/uploads\/2025\/05\/IMG_1243-50x37.jpg 50w, https:\/\/www.mcjb.org.br\/portal\/wp-content\/uploads\/2025\/05\/IMG_1243-100x75.jpg 100w, https:\/\/www.mcjb.org.br\/portal\/wp-content\/uploads\/2025\/05\/IMG_1243-600x450.jpg 600w, https:\/\/www.mcjb.org.br\/portal\/wp-content\/uploads\/2025\/05\/IMG_1243.jpg 1151w\" sizes=\"(max-width: 1024px) 100vw, 1024px\" \/><\/a><p id=\"caption-attachment-12600\" class=\"wp-caption-text\"><span style=\"font-size: 13px;\"><em>Arrai\u00e1 do Movimento Comunit\u00e1rio do Jardim Bot\u00e2nico ocorrer\u00e1 nos dias 29, 30 e 31 de maio das 18:00 \u00e0s 23:00<\/em><\/span><\/p><\/div>\n<p>&nbsp;<\/p>\n<p style=\"text-align: justify;\"><span style=\"font-family: helvetica, arial, sans-serif;\">A vice-governadora Celina Le\u00e3o destaca a import\u00e2ncia do trabalho do Bras\u00edlia Ambiental para o meio ambiente: <em>\u201cA atua\u00e7\u00e3o do Bras\u00edlia Ambiental \u00e9 fundamental para garantir a preserva\u00e7\u00e3o dos recursos naturais, a sustentabilidade e a qualidade de vida da nossa popula\u00e7\u00e3o. Celebrar essa importante data distribuindo mudas \u00e9 um convite para refletirmos sobre a necessidade de estarmos todos juntos na prote\u00e7\u00e3o do nosso Cerrado\u201d.<\/em><\/span><\/p>\n<p style=\"text-align: justify;\"><span style=\"font-family: helvetica, arial, sans-serif;\">Segundo o presidente do instituto, Roney Nemer, a iniciativa busca aproximar o \u00f3rg\u00e3o ambiental da comunidade, por meio de a\u00e7\u00f5es pr\u00e1ticas e educativas. <em>\u201cIniciar as comemora\u00e7\u00f5es de 18 anos do Bras\u00edlia Ambiental com a entrega de mudas, em um evento popular como esse, \u00e9 uma forma simb\u00f3lica de refor\u00e7ar nosso compromisso com a sustentabilidade. Queremos transformar a rela\u00e7\u00e3o das pessoas com o Cerrado, promovendo o plantio e o cuidado com as esp\u00e9cies nativas\u201d<\/em>, enfatiza.<\/span><\/p>\n<p style=\"text-align: justify;\"><span style=\"font-family: helvetica, arial, sans-serif;\"><strong>Sustentabilidade<\/strong><\/span><\/p>\n<p style=\"text-align: justify;\"><span style=\"font-family: helvetica, arial, sans-serif;\">Al\u00e9m da doa\u00e7\u00e3o de mudas, o <a href=\"https:\/\/www.instagram.com\/reel\/DKC9l-Xp5Df\/?utm_source=ig_web_copy_link&amp;igsh=MzRlODBiNWFlZA==\" target=\"_blank\" rel=\"noopener\">Arrai\u00e1 do MCJB<\/a> j\u00e1 se tornou uma tradi\u00e7\u00e3o local e incorpora pr\u00e1ticas sustent\u00e1veis \u00e0 celebra\u00e7\u00e3o cultural. Durante os tr\u00eas dias de festa, a Barraquinha da Sustentabilidade, organizada em parceria com a Cooperativa Ecolimpo, promove a conscientiza\u00e7\u00e3o sobre a separa\u00e7\u00e3o correta do lixo. Os catadores v\u00e3o distribuir materiais educativos e garantir que todos os res\u00edduos recicl\u00e1veis coletados sejam corretamente destinados.<\/span><\/p>\n<\/div>\n<div class=\"text-content\" style=\"text-align: justify;\">\n<p><span style=\"font-family: helvetica, arial, sans-serif;\">A a\u00e7\u00e3o \u00e9 parte de uma campanha de sensibiliza\u00e7\u00e3o promovida pelo Bras\u00edlia Ambiental e o MCJB para fomentar pr\u00e1ticas de economia circular e reduzir o impacto ambiental em eventos comunit\u00e1rios. <em>\u201cO objetivo \u00e9 mostrar que \u00e9 poss\u00edvel unir cultura, lazer e educa\u00e7\u00e3o ambiental em um mesmo espa\u00e7o. Al\u00e9m de celebrar a tradi\u00e7\u00e3o junina, queremos incentivar h\u00e1bitos conscientes e contribuir para a preserva\u00e7\u00e3o do Cerrado\u201d<\/em>, destaca a presidente do MCJB, Rose Marques.<\/span><\/p>\n<p><span style=\"font-family: helvetica, arial, sans-serif;\">Com programa\u00e7\u00e3o voltada para toda a fam\u00edlia, o evento que tem entrada gratuita e tamb\u00e9m conta com shows musicais, quadrilhas juninas, barraquinhas de comidas t\u00edpicas, touro mec\u00e2nico e um espa\u00e7o kids com brinquedos infl\u00e1veis.<\/span><\/p>\n<div id=\"attachment_12601\" style=\"width: 1034px\" class=\"wp-caption aligncenter\"><a href=\"https:\/\/www.instagram.com\/p\/DKLWw8esfVh\/?utm_source=ig_web_copy_link&amp;igsh=MzRlODBiNWFlZA==\"><img decoding=\"async\" aria-describedby=\"caption-attachment-12601\" class=\"wp-image-12601 size-large\" src=\"https:\/\/www.mcjb.org.br\/portal\/wp-content\/uploads\/2025\/05\/EscoSust-Educacao-Ambiental-1024x664.png\" alt=\"\" width=\"1024\" height=\"664\" srcset=\"https:\/\/www.mcjb.org.br\/portal\/wp-content\/uploads\/2025\/05\/EscoSust-Educacao-Ambiental-1024x664.png 1024w, https:\/\/www.mcjb.org.br\/portal\/wp-content\/uploads\/2025\/05\/EscoSust-Educacao-Ambiental-300x194.png 300w, https:\/\/www.mcjb.org.br\/portal\/wp-content\/uploads\/2025\/05\/EscoSust-Educacao-Ambiental-768x498.png 768w, https:\/\/www.mcjb.org.br\/portal\/wp-content\/uploads\/2025\/05\/EscoSust-Educacao-Ambiental-225x146.png 225w, https:\/\/www.mcjb.org.br\/portal\/wp-content\/uploads\/2025\/05\/EscoSust-Educacao-Ambiental-50x32.png 50w, https:\/\/www.mcjb.org.br\/portal\/wp-content\/uploads\/2025\/05\/EscoSust-Educacao-Ambiental-116x75.png 116w, https:\/\/www.mcjb.org.br\/portal\/wp-content\/uploads\/2025\/05\/EscoSust-Educacao-Ambiental-600x389.png 600w, https:\/\/www.mcjb.org.br\/portal\/wp-content\/uploads\/2025\/05\/EscoSust-Educacao-Ambiental.png 1080w\" sizes=\"(max-width: 1024px) 100vw, 1024px\" \/><\/a><p id=\"caption-attachment-12601\" class=\"wp-caption-text\"><span style=\"font-size: 13px;\"><em>Com diversas comidas t\u00edpicas, atra\u00e7\u00f5es art\u00edsticas e espa\u00e7o kids a festa junina do MCJB promete unir e agitar o bairro <\/em><\/span><\/p><\/div>\n<p><span style=\"font-family: helvetica, arial, sans-serif;\"><strong>Programa\u00e7\u00e3o gratuita<\/strong><\/span><\/p>\n<p><span style=\"font-family: helvetica, arial, sans-serif;\">O CPS \u00e9 um espa\u00e7o gerido em parceria entre o Bras\u00edlia Ambiental e o MCJB, e tem se consolidado como polo de educa\u00e7\u00e3o ambiental na regi\u00e3o do Jardim Bot\u00e2nico. Durante o M\u00eas do Meio Ambiente o local receber\u00e1 diversas outras a\u00e7\u00f5es, como oficinas, trilhas, rodas de bate-papo, cursos e o <a href=\"https:\/\/www.mcjb.org.br\/portal\/slider\/1o-festival-de-artes-marciais-do-cerrado-vai-agitar-o-jardim-botanico-em-junho\/\" target=\"_blank\" rel=\"noopener\">Festival de Artes Marciais do Cerrado (Famc)<\/a>,. Confira a programa\u00e7\u00e3o completa\u00a0<a href=\"https:\/\/www.mcjb.org.br\/cronograma-atividades-mcjb\/\">aqui<\/a>.<\/span><\/p>\n<p><span style=\"font-family: helvetica, arial, sans-serif;\">As atividades do M\u00eas do Meio Ambiente promovidas pelo Bras\u00edlia Ambiental t\u00eam como foco a conscientiza\u00e7\u00e3o da popula\u00e7\u00e3o sobre os impactos ambientais e a import\u00e2ncia da preserva\u00e7\u00e3o do segundo maior bioma do Brasil, o Cerrado.<\/span><\/p>\n<p><span style=\"font-family: helvetica, arial, sans-serif;\"><em>*Com informa\u00e7\u00f5es do Instituto Bras\u00edlia Ambiental<\/em><\/span><\/p>\n<\/div>\n<p style=\"text-align: justify;\"><span style=\"font-family: helvetica, arial, sans-serif; color: #000000;\"><div class=\"su-box su-box-style-default\" id=\"\" style=\"border-color:#002a00;border-radius:3px;\"><div class=\"su-box-title\" style=\"background-color:#235d32;color:#ffffff;border-top-left-radius:1px;border-top-right-radius:1px\">CONTATO MCJB<\/div><div class=\"su-box-content su-u-clearfix su-u-trim\" style=\"border-bottom-left-radius:1px;border-bottom-right-radius:1px\"> <span class=\"selectable-text copyable-text\">Quer ficar por dentro de tudo o que acontece no Jardim Bot\u00e2nico? Entre no nosso grupo de not\u00edcias do whatsapp<br \/>\n\u27a1\ufe0f<\/span>\u00a0<strong><a style=\"color: #000000;\" href=\"https:\/\/chat.whatsapp.com\/I997tZ4naGxGq6Sq9q4ZzF\">Portal de Not\u00edcias &#8211; MCJB<\/a><\/strong><\/span><\/p>\n<p style=\"text-align: justify;\"><span style=\"font-family: helvetica, arial, sans-serif; color: #000000;\"><span style=\"vertical-align: inherit;\"><span style=\"vertical-align: inherit;\">\u27a1\ufe0f <\/span><\/span><span style=\"vertical-align: inherit;\"><span style=\"vertical-align: inherit;\">Siga-nos no Instagram<\/span><\/span><span style=\"vertical-align: inherit;\"><span style=\"vertical-align: inherit;\"> \ud83d\udcf7 <\/span><\/span><span style=\"vertical-align: inherit;\"><span style=\"vertical-align: inherit;\">ou no Facebook: <\/span><\/span><\/span><br \/>\n<span style=\"font-family: helvetica, arial, sans-serif; color: #000000;\"><strong><a style=\"color: #000000;\" href=\"http:\/\/instagram.com\/movimentojb\"><span style=\"vertical-align: inherit;\"><span style=\"vertical-align: inherit;\">Instagram <\/span><\/span><\/a><\/strong><\/span><br \/>\n<span style=\"font-family: helvetica, arial, sans-serif; color: #000000;\"><strong><a style=\"color: #000000;\" href=\"https:\/\/pt-br.facebook.com\/movimentojb\/\"><span style=\"vertical-align: inherit;\"><span style=\"vertical-align: inherit;\">Facebook\u00a0<\/span><\/span><\/a><\/strong><\/span><\/p>\n<p style=\"text-align: justify;\"><span style=\"font-family: helvetica, arial, sans-serif; color: #000000;\">\u27a1\ufe0f Ou acesse o nosso site para saber mais informa\u00e7\u00f5es: <a style=\"color: #000000;\" href=\"http:\/\/mcjb.org.br\/portal\"><strong>www.mcjb.org.br<\/strong><\/a><\/div><\/div><\/span><\/p>\n","protected":false},"excerpt":{"rendered":"<p>A\u00e7\u00e3o come\u00e7a nesta quinta-feira (29) e se estende at\u00e9 s\u00e1bado, em festa junina no Centro de Pr\u00e1ticas Sustent\u00e1veis (CPS)<\/p>\n","protected":false},"author":1,"featured_media":12599,"comment_status":"open","ping_status":"open","sticky":false,"template":"","format":"standard","meta":{"_exactmetrics_skip_tracking":false,"_exactmetrics_sitenote_active":false,"_exactmetrics_sitenote_note":"","_exactmetrics_sitenote_category":0,"footnotes":"","jetpack_publicize_message":"","jetpack_publicize_feature_enabled":true,"jetpack_social_post_already_shared":true,"jetpack_social_options":{"image_generator_settings":{"template":"highway","default_image_id":0,"font":"","enabled":false},"version":2}},"categories":[88,36,16],"tags":[1242,1124,157,40,20,1319,317],"class_list":["post-12593","post","type-post","status-publish","format-standard","has-post-thumbnail","hentry","category-destaque","category-noticias","category-slider","tag-arraia","tag-brasilia","tag-cps","tag-ibram","tag-jardim-botanico","tag-mes-do-meio-ambiente","tag-mudas"],"jetpack_publicize_connections":[],"jetpack_featured_media_url":"https:\/\/www.mcjb.org.br\/portal\/wp-content\/uploads\/2025\/05\/DF-140-1-1.png","_links":{"self":[{"href":"https:\/\/www.mcjb.org.br\/portal\/wp-json\/wp\/v2\/posts\/12593","targetHints":{"allow":["GET"]}}],"collection":[{"href":"https:\/\/www.mcjb.org.br\/portal\/wp-json\/wp\/v2\/posts"}],"about":[{"href":"https:\/\/www.mcjb.org.br\/portal\/wp-json\/wp\/v2\/types\/post"}],"author":[{"embeddable":true,"href":"https:\/\/www.mcjb.org.br\/portal\/wp-json\/wp\/v2\/users\/1"}],"replies":[{"embeddable":true,"href":"https:\/\/www.mcjb.org.br\/portal\/wp-json\/wp\/v2\/comments?post=12593"}],"version-history":[{"count":4,"href":"https:\/\/www.mcjb.org.br\/portal\/wp-json\/wp\/v2\/posts\/12593\/revisions"}],"predecessor-version":[{"id":12604,"href":"https:\/\/www.mcjb.org.br\/portal\/wp-json\/wp\/v2\/posts\/12593\/revisions\/12604"}],"wp:featuredmedia":[{"embeddable":true,"href":"https:\/\/www.mcjb.org.br\/portal\/wp-json\/wp\/v2\/media\/12599"}],"wp:attachment":[{"href":"https:\/\/www.mcjb.org.br\/portal\/wp-json\/wp\/v2\/media?parent=12593"}],"wp:term":[{"taxonomy":"category","embeddable":true,"href":"https:\/\/www.mcjb.org.br\/portal\/wp-json\/wp\/v2\/categories?post=12593"},{"taxonomy":"post_tag","embeddable":true,"href":"https:\/\/www.mcjb.org.br\/portal\/wp-json\/wp\/v2\/tags?post=12593"}],"curies":[{"name":"wp","href":"https:\/\/api.w.org\/{rel}","templated":true}]}}