{"id":12508,"date":"2025-05-08T12:27:52","date_gmt":"2025-05-08T15:27:52","guid":{"rendered":"https:\/\/www.mcjb.org.br\/portal\/?p=12508"},"modified":"2025-05-08T15:42:36","modified_gmt":"2025-05-08T18:42:36","slug":"seis-meses-do-viaduto-do-jardim-botanico-pesquisa-revela-impactos-da-obra-na-comunidade","status":"publish","type":"post","link":"https:\/\/www.mcjb.org.br\/portal\/slider\/seis-meses-do-viaduto-do-jardim-botanico-pesquisa-revela-impactos-da-obra-na-comunidade\/","title":{"rendered":"Seis Meses do Viaduto do Jardim Bot\u00e2nico: Pesquisa revela impactos da obra na comunidade"},"content":{"rendered":"<p style=\"text-align: right;\"><span style=\"font-size: 13px;\"><span style=\"font-family: helvetica, arial, sans-serif; color: #000000;\"><i><span style=\"font-weight: 400;\">Jardim Bot\u00e2nico, 08 de Maio de 2025<br \/>\n<\/span><\/i><\/span><span style=\"font-family: helvetica, arial, sans-serif; color: #000000;\"><i><span style=\"font-weight: 400;\">Por Reda\u00e7\u00e3o MCJB<\/span><\/i><\/span><\/span><\/p>\n<p><span style=\"font-family: helvetica, arial, sans-serif; color: #000000;\"><i><span style=\"font-weight: 400;\">Levantamento do MCJB realizado seis meses ap\u00f3s a inaugura\u00e7\u00e3o, destaca melhorias no tr\u00e2nsito e redu\u00e7\u00e3o de congestionamentos, mas alerta para problemas de seguran\u00e7a e refor\u00e7a demandas hist\u00f3ricas por passarelas, ciclovias integradas, transporte p\u00fablico e mais infraestrutura vi\u00e1ria.<\/span><\/i><\/span><\/p>\n<p style=\"text-align: justify;\"><span style=\"font-weight: 400; font-family: helvetica, arial, sans-serif; color: #000000;\">Seis meses ap\u00f3s a entrega do Viaduto do Jardim Bot\u00e2nico, a comunidade local vive uma realidade amb\u00edgua: se por um lado o tr\u00e2nsito flui com mais agilidade, por outro, persistem gargalos estruturais, baixa seguran\u00e7a vi\u00e1ria e falta de solu\u00e7\u00f5es para pedestres e ciclistas. \u00c9 o que mostra a pesquisa comunit\u00e1ria realizada pelo Movimento Comunit\u00e1rio do Jardim Bot\u00e2nico (MCJB), entre os dias 5 e 7 de maio de 2025, com 762 moradores e usu\u00e1rios do novo complexo vi\u00e1rio.<\/span><\/p>\n<p style=\"text-align: justify;\"><span style=\"font-family: helvetica, arial, sans-serif; color: #000000;\"><span style=\"font-weight: 400;\">A obra, inaugurada em 08 novembro de 2024 (relembre <\/span><span style=\"color: #0000ff;\"><a style=\"color: #0000ff;\" href=\"https:\/\/www.mcjb.org.br\/portal\/slider\/comunidade-do-jb-celebra-a-entrega-do-viaduto-e-a-promessa-de-mais-obras\/\" target=\"_blank\" rel=\"noopener\"><span style=\"font-weight: 400;\">aqui<\/span><\/a><\/span><span style=\"font-weight: 400;\">), era esperada h\u00e1 mais de duas d\u00e9cadas e enfrentou quatro adiamentos desde que teve in\u00edcio em janeiro de 2023. Durante o per\u00edodo de constru\u00e7\u00e3o, o tr\u00e1fego na regi\u00e3o foi bastante impactado, com fechamento de faixas e acessos importantes, agravando o caos na mobilidade local. Segundo os dados da pesquisa, <\/span><b>muitos dos resultados positivos observados atualmente representam uma melhora em rela\u00e7\u00e3o ao cen\u00e1rio gerado pelas obras, e n\u00e3o necessariamente \u00e0 realidade pr\u00e9-existente<\/b><span style=\"font-weight: 400;\">.<\/span><\/span><\/p>\n<p style=\"text-align: justify;\"><span style=\"font-family: helvetica, arial, sans-serif; color: #000000;\"><b>Redu\u00e7\u00e3o no tempo de deslocamento<\/b><\/span><\/p>\n<p style=\"text-align: justify;\"><span style=\"font-weight: 400; font-family: helvetica, arial, sans-serif; color: #000000;\">A principal conquista apontada pela comunidade foi a redu\u00e7\u00e3o do tempo de deslocamento. Antes da obra, metade dos usu\u00e1rios gastava mais de 30 minutos para cruzar a regi\u00e3o. Ap\u00f3s a entrega do viaduto, esse n\u00famero caiu para 13,5%, e 63% dos trajetos passaram a ser realizados em at\u00e9 20 minutos.\u00a0<\/span><\/p>\n<div id=\"attachment_12525\" style=\"width: 568px\" class=\"wp-caption aligncenter\"><a href=\"https:\/\/www.mcjb.org.br\/portal\/wp-content\/uploads\/2025\/05\/Tempo-Medio-de-Deslocamento-Pesquisa-6-meses-inauguracao-do-Viaduto-do-Jardim-Botanico-Movimento-Comunitario-do-Jardim-Botanico-MCJB-www.mcjb_.org_.br_-1.png\"><img fetchpriority=\"high\" decoding=\"async\" aria-describedby=\"caption-attachment-12525\" class=\"wp-image-12525\" src=\"https:\/\/www.mcjb.org.br\/portal\/wp-content\/uploads\/2025\/05\/Tempo-Medio-de-Deslocamento-Pesquisa-6-meses-inauguracao-do-Viaduto-do-Jardim-Botanico-Movimento-Comunitario-do-Jardim-Botanico-MCJB-www.mcjb_.org_.br_-1-300x186.png\" alt=\"\" width=\"558\" height=\"346\" srcset=\"https:\/\/www.mcjb.org.br\/portal\/wp-content\/uploads\/2025\/05\/Tempo-Medio-de-Deslocamento-Pesquisa-6-meses-inauguracao-do-Viaduto-do-Jardim-Botanico-Movimento-Comunitario-do-Jardim-Botanico-MCJB-www.mcjb_.org_.br_-1-300x186.png 300w, https:\/\/www.mcjb.org.br\/portal\/wp-content\/uploads\/2025\/05\/Tempo-Medio-de-Deslocamento-Pesquisa-6-meses-inauguracao-do-Viaduto-do-Jardim-Botanico-Movimento-Comunitario-do-Jardim-Botanico-MCJB-www.mcjb_.org_.br_-1-1024x635.png 1024w, https:\/\/www.mcjb.org.br\/portal\/wp-content\/uploads\/2025\/05\/Tempo-Medio-de-Deslocamento-Pesquisa-6-meses-inauguracao-do-Viaduto-do-Jardim-Botanico-Movimento-Comunitario-do-Jardim-Botanico-MCJB-www.mcjb_.org_.br_-1-768x476.png 768w, https:\/\/www.mcjb.org.br\/portal\/wp-content\/uploads\/2025\/05\/Tempo-Medio-de-Deslocamento-Pesquisa-6-meses-inauguracao-do-Viaduto-do-Jardim-Botanico-Movimento-Comunitario-do-Jardim-Botanico-MCJB-www.mcjb_.org_.br_-1-1536x953.png 1536w, https:\/\/www.mcjb.org.br\/portal\/wp-content\/uploads\/2025\/05\/Tempo-Medio-de-Deslocamento-Pesquisa-6-meses-inauguracao-do-Viaduto-do-Jardim-Botanico-Movimento-Comunitario-do-Jardim-Botanico-MCJB-www.mcjb_.org_.br_-1-235x146.png 235w, https:\/\/www.mcjb.org.br\/portal\/wp-content\/uploads\/2025\/05\/Tempo-Medio-de-Deslocamento-Pesquisa-6-meses-inauguracao-do-Viaduto-do-Jardim-Botanico-Movimento-Comunitario-do-Jardim-Botanico-MCJB-www.mcjb_.org_.br_-1-50x31.png 50w, https:\/\/www.mcjb.org.br\/portal\/wp-content\/uploads\/2025\/05\/Tempo-Medio-de-Deslocamento-Pesquisa-6-meses-inauguracao-do-Viaduto-do-Jardim-Botanico-Movimento-Comunitario-do-Jardim-Botanico-MCJB-www.mcjb_.org_.br_-1-121x75.png 121w, https:\/\/www.mcjb.org.br\/portal\/wp-content\/uploads\/2025\/05\/Tempo-Medio-de-Deslocamento-Pesquisa-6-meses-inauguracao-do-Viaduto-do-Jardim-Botanico-Movimento-Comunitario-do-Jardim-Botanico-MCJB-www.mcjb_.org_.br_-1-600x372.png 600w, https:\/\/www.mcjb.org.br\/portal\/wp-content\/uploads\/2025\/05\/Tempo-Medio-de-Deslocamento-Pesquisa-6-meses-inauguracao-do-Viaduto-do-Jardim-Botanico-Movimento-Comunitario-do-Jardim-Botanico-MCJB-www.mcjb_.org_.br_-1.png 1580w\" sizes=\"(max-width: 558px) 100vw, 558px\" \/><\/a><p id=\"caption-attachment-12525\" class=\"wp-caption-text\"><em><span style=\"font-family: helvetica, arial, sans-serif; font-size: 12px;\"><strong>Gr\u00e1fico<\/strong><\/span><span style=\"font-family: helvetica, arial, sans-serif; font-size: 12px;\"><strong> 01:<\/strong><\/span><span style=\"font-family: helvetica, arial, sans-serif; font-size: 12px;\"> \u00a0A maioria absoluta indica melhora da fluidez do tr\u00e2nsito.<\/span><\/em><\/p><\/div>\n<p style=\"text-align: justify;\"><span style=\"font-weight: 400; font-family: helvetica, arial, sans-serif; color: #000000;\">No entanto, a melhora foi classificada como parcial pela maioria dos participantes. Para 50,8% dos entrevistados, o tr\u00e2nsito \u201cmelhorou um pouco\u201d, enquanto apenas 33,9% consideraram que \u201cmelhorou muito\u201d. A avalia\u00e7\u00e3o m\u00e9dia de fluidez ficou em 3,17 (em uma escala de 1 a 5), pois ainda h\u00e1 grave lentid\u00e3o nos hor\u00e1rios de pico.<\/span><\/p>\n<p style=\"text-align: justify;\"><span style=\"font-family: helvetica, arial, sans-serif; color: #000000;\"><b>Satisfa\u00e7\u00e3o com a obra e perfil dos usu\u00e1rios<\/b><\/span><\/p>\n<p style=\"text-align: justify;\"><span style=\"font-weight: 400; font-family: helvetica, arial, sans-serif; color: #000000;\">Setenta e nove por cento dos respondentes declararam-se satisfeitos com a obra \u2013 sendo 27% muito satisfeitos e 52% satisfeitos parcialmente. Ainda assim, 21% afirmaram estar insatisfeitos ou indiferentes. A pesquisa mostrou que 50% dos usu\u00e1rios s\u00e3o motoristas de carro particular e que 40% utilizam o viaduto diariamente. As regi\u00f5es mais representadas foram o Jardim Bot\u00e2nico (25%) e S\u00e3o Sebasti\u00e3o (20%).\u00a0<\/span><\/p>\n<div id=\"attachment_12521\" style=\"width: 500px\" class=\"wp-caption aligncenter\"><a href=\"https:\/\/www.mcjb.org.br\/portal\/wp-content\/uploads\/2025\/05\/Percepcao-Geral-sobre-o-Transito-apos-o-Viaduto.png\"><img decoding=\"async\" aria-describedby=\"caption-attachment-12521\" class=\"wp-image-12521\" src=\"https:\/\/www.mcjb.org.br\/portal\/wp-content\/uploads\/2025\/05\/Percepcao-Geral-sobre-o-Transito-apos-o-Viaduto-300x186.png\" alt=\"\" width=\"490\" height=\"304\" srcset=\"https:\/\/www.mcjb.org.br\/portal\/wp-content\/uploads\/2025\/05\/Percepcao-Geral-sobre-o-Transito-apos-o-Viaduto-300x186.png 300w, https:\/\/www.mcjb.org.br\/portal\/wp-content\/uploads\/2025\/05\/Percepcao-Geral-sobre-o-Transito-apos-o-Viaduto-1024x635.png 1024w, https:\/\/www.mcjb.org.br\/portal\/wp-content\/uploads\/2025\/05\/Percepcao-Geral-sobre-o-Transito-apos-o-Viaduto-768x476.png 768w, https:\/\/www.mcjb.org.br\/portal\/wp-content\/uploads\/2025\/05\/Percepcao-Geral-sobre-o-Transito-apos-o-Viaduto-1536x953.png 1536w, https:\/\/www.mcjb.org.br\/portal\/wp-content\/uploads\/2025\/05\/Percepcao-Geral-sobre-o-Transito-apos-o-Viaduto-235x146.png 235w, https:\/\/www.mcjb.org.br\/portal\/wp-content\/uploads\/2025\/05\/Percepcao-Geral-sobre-o-Transito-apos-o-Viaduto-50x31.png 50w, https:\/\/www.mcjb.org.br\/portal\/wp-content\/uploads\/2025\/05\/Percepcao-Geral-sobre-o-Transito-apos-o-Viaduto-121x75.png 121w, https:\/\/www.mcjb.org.br\/portal\/wp-content\/uploads\/2025\/05\/Percepcao-Geral-sobre-o-Transito-apos-o-Viaduto-600x372.png 600w, https:\/\/www.mcjb.org.br\/portal\/wp-content\/uploads\/2025\/05\/Percepcao-Geral-sobre-o-Transito-apos-o-Viaduto.png 1580w\" sizes=\"(max-width: 490px) 100vw, 490px\" \/><\/a><p id=\"caption-attachment-12521\" class=\"wp-caption-text\"><span style=\"font-size: 12px; font-family: helvetica, arial, sans-serif;\"><em><strong>Gr\u00e1fico 02:<\/strong> Maior parte indica melhora, por\u00e9m com possibilidade para aperfei\u00e7oamentos.<\/em><\/span><\/p><\/div>\n<p style=\"text-align: justify;\"><span style=\"font-family: helvetica, arial, sans-serif; color: #000000;\"><b>Seguran\u00e7a: o ponto mais cr\u00edtico<\/b><\/span><\/p>\n<p style=\"text-align: justify;\"><span style=\"font-weight: 400; font-family: helvetica, arial, sans-serif; color: #000000;\">A pouca infraestrutura para pedestres e ciclistas foi uma das reclama\u00e7\u00f5es mais recorrentes. A maioria (66%) apontou a falta de passarelas como um dos principais problemas, e 31,5% mencionaram a inexist\u00eancia de ciclovias ou acostamentos adequados. Apesar da percep\u00e7\u00e3o de melhora da fluidez, a seguran\u00e7a vi\u00e1ria foi avaliada com nota m\u00e9dia de 2,94 (em uma escala de 1 a 5, sendo 5 \u201cexcelente\u201d). Relatos sobre acidentes \u2013 alguns fatais \u2013 aumentaram a sensa\u00e7\u00e3o de inseguran\u00e7a na regi\u00e3o, que ainda depende de travessias em faixas de pedestres e sem\u00e1foros mal localizados.<\/span><\/p>\n<div id=\"attachment_12527\" style=\"width: 555px\" class=\"wp-caption aligncenter\"><a href=\"https:\/\/www.mcjb.org.br\/portal\/wp-content\/uploads\/2025\/05\/Principais-Problemas-Apontados-pelos-Usuarios-1.png\"><img decoding=\"async\" aria-describedby=\"caption-attachment-12527\" class=\"wp-image-12527\" src=\"https:\/\/www.mcjb.org.br\/portal\/wp-content\/uploads\/2025\/05\/Principais-Problemas-Apontados-pelos-Usuarios-1-300x186.png\" alt=\"\" width=\"545\" height=\"338\" srcset=\"https:\/\/www.mcjb.org.br\/portal\/wp-content\/uploads\/2025\/05\/Principais-Problemas-Apontados-pelos-Usuarios-1-300x186.png 300w, https:\/\/www.mcjb.org.br\/portal\/wp-content\/uploads\/2025\/05\/Principais-Problemas-Apontados-pelos-Usuarios-1-1024x635.png 1024w, https:\/\/www.mcjb.org.br\/portal\/wp-content\/uploads\/2025\/05\/Principais-Problemas-Apontados-pelos-Usuarios-1-768x476.png 768w, https:\/\/www.mcjb.org.br\/portal\/wp-content\/uploads\/2025\/05\/Principais-Problemas-Apontados-pelos-Usuarios-1-1536x953.png 1536w, https:\/\/www.mcjb.org.br\/portal\/wp-content\/uploads\/2025\/05\/Principais-Problemas-Apontados-pelos-Usuarios-1-235x146.png 235w, https:\/\/www.mcjb.org.br\/portal\/wp-content\/uploads\/2025\/05\/Principais-Problemas-Apontados-pelos-Usuarios-1-50x31.png 50w, https:\/\/www.mcjb.org.br\/portal\/wp-content\/uploads\/2025\/05\/Principais-Problemas-Apontados-pelos-Usuarios-1-121x75.png 121w, https:\/\/www.mcjb.org.br\/portal\/wp-content\/uploads\/2025\/05\/Principais-Problemas-Apontados-pelos-Usuarios-1-600x372.png 600w, https:\/\/www.mcjb.org.br\/portal\/wp-content\/uploads\/2025\/05\/Principais-Problemas-Apontados-pelos-Usuarios-1.png 1580w\" sizes=\"(max-width: 545px) 100vw, 545px\" \/><\/a><p id=\"caption-attachment-12527\" class=\"wp-caption-text\"><em><span style=\"font-family: helvetica, arial, sans-serif; font-size: 12px;\"><strong>Gr\u00e1fico 03:<\/strong> \u00a0Uma das piores avalia\u00e7\u00f5es da pesquisa, v\u00e1rios acidentes j\u00e1 ocorreram ap\u00f3s a inaugura\u00e7\u00e3o do Viaduto.<\/span><\/em><\/p><\/div>\n<div id=\"attachment_12515\" style=\"width: 463px\" class=\"wp-caption aligncenter\"><a href=\"https:\/\/www.mcjb.org.br\/portal\/wp-content\/uploads\/2025\/05\/WhatsApp-Image-2025-05-08-at-12.19.58.jpeg\"><img loading=\"lazy\" decoding=\"async\" aria-describedby=\"caption-attachment-12515\" class=\"wp-image-12515\" src=\"https:\/\/www.mcjb.org.br\/portal\/wp-content\/uploads\/2025\/05\/WhatsApp-Image-2025-05-08-at-12.19.58-300x191.jpeg\" alt=\"\" width=\"453\" height=\"288\" srcset=\"https:\/\/www.mcjb.org.br\/portal\/wp-content\/uploads\/2025\/05\/WhatsApp-Image-2025-05-08-at-12.19.58-300x191.jpeg 300w, https:\/\/www.mcjb.org.br\/portal\/wp-content\/uploads\/2025\/05\/WhatsApp-Image-2025-05-08-at-12.19.58-230x146.jpeg 230w, https:\/\/www.mcjb.org.br\/portal\/wp-content\/uploads\/2025\/05\/WhatsApp-Image-2025-05-08-at-12.19.58-50x32.jpeg 50w, https:\/\/www.mcjb.org.br\/portal\/wp-content\/uploads\/2025\/05\/WhatsApp-Image-2025-05-08-at-12.19.58-118x75.jpeg 118w, https:\/\/www.mcjb.org.br\/portal\/wp-content\/uploads\/2025\/05\/WhatsApp-Image-2025-05-08-at-12.19.58-600x381.jpeg 600w, https:\/\/www.mcjb.org.br\/portal\/wp-content\/uploads\/2025\/05\/WhatsApp-Image-2025-05-08-at-12.19.58.jpeg 622w\" sizes=\"(max-width: 453px) 100vw, 453px\" \/><\/a><p id=\"caption-attachment-12515\" class=\"wp-caption-text\"><span style=\"font-family: helvetica, arial, sans-serif; font-size: 12px;\"><em>Acidente no Viaduto do JB, ap\u00f3s sua inaugura\u00e7\u00e3o. <strong>Foto:<\/strong> Enviada pela comunidade.<\/em><\/span><\/p><\/div>\n<p style=\"text-align: justify;\"><span style=\"font-family: helvetica, arial, sans-serif; color: #000000;\"><b>Hist\u00f3rico e mobiliza\u00e7\u00e3o comunit\u00e1ria<\/b><\/span><\/p>\n<p style=\"text-align: justify;\"><span style=\"font-weight: 400; font-family: helvetica, arial, sans-serif; color: #000000;\">O Jardim Bot\u00e2nico foi formalmente institu\u00eddo como Regi\u00e3o Administrativa em 2004, mas j\u00e1 enfrentava problemas de mobilidade desde o in\u00edcio dos anos 2000. A inaugura\u00e7\u00e3o da Ponte JK e a expans\u00e3o habitacional da regi\u00e3o \u2013 com destaque para o Jardins Mangueiral, Crix\u00e1s e Alto Mangueiral \u2013 impulsionaram a demanda vi\u00e1ria. A popula\u00e7\u00e3o triplicou de 2018 at\u00e9 2024 e pode duplicar novamente com os novos empreendimentos imobili\u00e1rios. O viaduto foi projetado como uma solu\u00e7\u00e3o para o cruzamento da DF-001, que era feito por uma rotat\u00f3ria em n\u00edvel e n\u00e3o suportava mais o fluxo estimado de 50 mil ve\u00edculos por dia. O investimento de R$ 33,5 milh\u00f5es, realizado pelo GDF e executado pelo DER-DF, contou com recursos da Terracap e do Banco do Brasil.<\/span><\/p>\n<p style=\"text-align: justify;\"><span style=\"font-weight: 400; font-family: helvetica, arial, sans-serif; color: #000000;\">Apesar da conquista, a obra foi entregue ap\u00f3s forte press\u00e3o popular, mobiliza\u00e7\u00f5es, reuni\u00f5es p\u00fablicas e envio de dezenas de of\u00edcios por parte do MCJB. O projeto contemplou apenas uma passarela de pedestre, longe do fluxo das pessoas, apesar dos in\u00fameros alertas feitos pela comunidade desde 2015.<\/span><\/p>\n<p style=\"text-align: justify;\"><span style=\"font-family: helvetica, arial, sans-serif; color: #000000;\"><b>Mais do que asfalto: a urg\u00eancia de um plano de mobilidade<\/b><\/span><\/p>\n<p style=\"text-align: justify;\"><span style=\"font-family: helvetica, arial, sans-serif; color: #000000;\"><span style=\"font-weight: 400;\">A pesquisa tamb\u00e9m comprova uma certeza antiga: o viaduto, por si s\u00f3, n\u00e3o resolver\u00e1 os problemas de mobilidade da regi\u00e3o. O MCJB j\u00e1 havia apontado, em estudo realizado em 2024 (relembre <\/span><span style=\"color: #0000ff;\"><a style=\"color: #0000ff;\" href=\"https:\/\/www.mcjb.org.br\/portal\/slider\/pesquisa-mostra-que-comunidade-do-jardim-botanico-esta-insatisfeita-com-o-transporte-publico\/\" target=\"_blank\" rel=\"noopener\"><span style=\"font-weight: 400;\">aqui<\/span><\/a><\/span><span style=\"font-weight: 400;\">), que mais da metade dos moradores trocaria o carro pelo transporte p\u00fablico se houvesse uma rede eficiente, segura e acess\u00edvel. A demanda por um Plano de Mobilidade Integrado \u00e9, portanto, urgente e estrat\u00e9gica para o futuro do Jardim Bot\u00e2nico e das regi\u00f5es vizinhas, como S\u00e3o Sebasti\u00e3o, Parano\u00e1, Toror\u00f3 e Jardim ABC.<\/span><\/span><\/p>\n<div id=\"attachment_12513\" style=\"width: 464px\" class=\"wp-caption aligncenter\"><a href=\"https:\/\/www.mcjb.org.br\/portal\/wp-content\/uploads\/2025\/05\/20250430_175427-scaled.jpg\"><img loading=\"lazy\" decoding=\"async\" aria-describedby=\"caption-attachment-12513\" class=\"wp-image-12513\" src=\"https:\/\/www.mcjb.org.br\/portal\/wp-content\/uploads\/2025\/05\/20250430_175427-300x169.jpg\" alt=\"\" width=\"454\" height=\"256\" srcset=\"https:\/\/www.mcjb.org.br\/portal\/wp-content\/uploads\/2025\/05\/20250430_175427-300x169.jpg 300w, https:\/\/www.mcjb.org.br\/portal\/wp-content\/uploads\/2025\/05\/20250430_175427-1024x577.jpg 1024w, https:\/\/www.mcjb.org.br\/portal\/wp-content\/uploads\/2025\/05\/20250430_175427-768x432.jpg 768w, https:\/\/www.mcjb.org.br\/portal\/wp-content\/uploads\/2025\/05\/20250430_175427-1536x865.jpg 1536w, https:\/\/www.mcjb.org.br\/portal\/wp-content\/uploads\/2025\/05\/20250430_175427-2048x1153.jpg 2048w, https:\/\/www.mcjb.org.br\/portal\/wp-content\/uploads\/2025\/05\/20250430_175427-260x146.jpg 260w, https:\/\/www.mcjb.org.br\/portal\/wp-content\/uploads\/2025\/05\/20250430_175427-50x28.jpg 50w, https:\/\/www.mcjb.org.br\/portal\/wp-content\/uploads\/2025\/05\/20250430_175427-133x75.jpg 133w, https:\/\/www.mcjb.org.br\/portal\/wp-content\/uploads\/2025\/05\/20250430_175427-600x338.jpg 600w\" sizes=\"(max-width: 454px) 100vw, 454px\" \/><\/a><p id=\"caption-attachment-12513\" class=\"wp-caption-text\"><span style=\"font-family: helvetica, arial, sans-serif; font-size: 12px;\"><em>Engarrafamento registrado no Viaduto do Jardim Bot\u00e2nico, no dia 30\/04\/2025, sentido JB. A foto foi tirada no hor\u00e1rio de pico da noite e n\u00e3o tinha acidente na via.<\/em><\/span><\/p><\/div>\n<p style=\"text-align: justify;\"><span style=\"font-family: helvetica, arial, sans-serif; color: #000000;\"><b>Caminhos apontados pela pesquisa<\/b><\/span><\/p>\n<p style=\"text-align: justify;\"><span style=\"font-weight: 400; font-family: helvetica, arial, sans-serif; color: #000000;\">O relat\u00f3rio final prop\u00f5e solu\u00e7\u00f5es imediatas, como a instala\u00e7\u00e3o de passarelas entre o viaduto e o bal\u00e3o do Mangueiral e no com\u00e9rcio do Solar de Bras\u00edlia, interliga\u00e7\u00e3o e constru\u00e7\u00e3o de ciclovias ao longo da DF-001, reprograma\u00e7\u00e3o dos sem\u00e1foros e campanhas de seguran\u00e7a no tr\u00e2nsito. H\u00e1 ainda sugest\u00f5es de m\u00e9dio prazo, como o incentivo \u00e0 mobilidade ativa e o monitoramento cont\u00ednuo de acidentes na \u00e1rea.\u00a0<\/span><\/p>\n<div id=\"attachment_12523\" style=\"width: 518px\" class=\"wp-caption aligncenter\"><a href=\"https:\/\/www.mcjb.org.br\/portal\/wp-content\/uploads\/2025\/05\/Seguranca-do-Viaduto.png\"><img loading=\"lazy\" decoding=\"async\" aria-describedby=\"caption-attachment-12523\" class=\"wp-image-12523\" src=\"https:\/\/www.mcjb.org.br\/portal\/wp-content\/uploads\/2025\/05\/Seguranca-do-Viaduto-300x186.png\" alt=\"\" width=\"508\" height=\"315\" srcset=\"https:\/\/www.mcjb.org.br\/portal\/wp-content\/uploads\/2025\/05\/Seguranca-do-Viaduto-300x186.png 300w, https:\/\/www.mcjb.org.br\/portal\/wp-content\/uploads\/2025\/05\/Seguranca-do-Viaduto-1024x635.png 1024w, https:\/\/www.mcjb.org.br\/portal\/wp-content\/uploads\/2025\/05\/Seguranca-do-Viaduto-768x476.png 768w, https:\/\/www.mcjb.org.br\/portal\/wp-content\/uploads\/2025\/05\/Seguranca-do-Viaduto-1536x953.png 1536w, https:\/\/www.mcjb.org.br\/portal\/wp-content\/uploads\/2025\/05\/Seguranca-do-Viaduto-235x146.png 235w, https:\/\/www.mcjb.org.br\/portal\/wp-content\/uploads\/2025\/05\/Seguranca-do-Viaduto-50x31.png 50w, https:\/\/www.mcjb.org.br\/portal\/wp-content\/uploads\/2025\/05\/Seguranca-do-Viaduto-121x75.png 121w, https:\/\/www.mcjb.org.br\/portal\/wp-content\/uploads\/2025\/05\/Seguranca-do-Viaduto-600x372.png 600w, https:\/\/www.mcjb.org.br\/portal\/wp-content\/uploads\/2025\/05\/Seguranca-do-Viaduto.png 1580w\" sizes=\"(max-width: 508px) 100vw, 508px\" \/><\/a><p id=\"caption-attachment-12523\" class=\"wp-caption-text\"><span style=\"font-family: helvetica, arial, sans-serif; font-size: 12px;\"><em><strong>Gr\u00e1fico 04:<\/strong> \u00a0Dificuldades em pontos cruciais perduram, inclusive com a transfer\u00eancia do congestionamento.<\/em><\/span><\/p><\/div>\n<p style=\"text-align: justify;\"><span style=\"font-family: helvetica, arial, sans-serif; color: #000000;\"><b>Pr\u00f3ximos passos<\/b><\/span><\/p>\n<p style=\"text-align: justify;\"><span style=\"font-family: helvetica, arial, sans-serif; color: #000000;\"><span style=\"font-weight: 400;\">O relat\u00f3rio j\u00e1 foi encaminhado ao DER-DF, e \u00e0 Administra\u00e7\u00e3o Regional do Jardim Bot\u00e2nico e para a Frente Parlamentar do Jardim Bot\u00e2nico. Tamb\u00e9m ser\u00e1 distribu\u00eddo \u00e1 imprensa. A nova rodada da pesquisa est\u00e1 prevista para novembro de 2025, no anivers\u00e1rio de um ano da obra, e deve avaliar o andamento das a\u00e7\u00f5es propostas. Para ter acesso ao relat\u00f3rio completo, clicar <\/span><span style=\"color: #0000ff;\"><a style=\"color: #0000ff;\" href=\"https:\/\/docs.google.com\/document\/d\/1iZfNbHLnxOJPpLFp-ubmvp0TWuyMGZsvjLu61MPc270\/edit?usp=sharing\" target=\"_blank\" rel=\"noopener\"><span style=\"font-weight: 400;\">aqui<\/span><\/a><\/span><span style=\"font-weight: 400;\">.<\/span><\/span><\/p>\n<p style=\"text-align: justify;\"><div class=\"su-box su-box-style-default\" id=\"\" style=\"border-color:#002a00;border-radius:3px;\"><div class=\"su-box-title\" style=\"background-color:#235d32;color:#ffffff;border-top-left-radius:1px;border-top-right-radius:1px\">CONTATO MCJB<\/div><div class=\"su-box-content su-u-clearfix su-u-trim\" style=\"border-bottom-left-radius:1px;border-bottom-right-radius:1px\"> <span class=\"selectable-text copyable-text\" style=\"font-family: helvetica, arial, sans-serif; color: #000000;\">Quer ficar por dentro de tudo o que acontece no Jardim Bot\u00e2nico? Entre no nosso grupo de not\u00edcias do whatsapp <span style=\"font-family: helvetica, arial, sans-serif;\">\u27a1\ufe0f<\/span><\/span><span style=\"font-family: helvetica, arial, sans-serif;\">\u00a0<span style=\"color: #008000;\"><strong><a style=\"color: #008000;\" href=\"https:\/\/chat.whatsapp.com\/I997tZ4naGxGq6Sq9q4ZzF\" target=\"_blank\" rel=\"noopener\">Portal de Not\u00edcias &#8211; MCJB<\/a><\/strong><\/span><\/span><\/p>\n<p style=\"text-align: justify;\"><span style=\"font-family: helvetica, arial, sans-serif;\">\u27a1\ufe0f <span style=\"color: #000000;\">Siga-nos no Instagram<\/span> \ud83d\udcf7 <span style=\"color: #000000;\">ou no Facebook:<\/span><\/span><br \/>\n<span style=\"font-family: helvetica, arial, sans-serif; color: #008000;\"><strong><a style=\"color: #008000;\" href=\"http:\/\/instagram.com\/movimentojb\">Instagram<\/a><\/strong><\/span><br \/>\n<span style=\"font-family: helvetica, arial, sans-serif; color: #008000;\"><strong><a style=\"color: #008000;\" href=\"https:\/\/pt-br.facebook.com\/movimentojb\/\">Facebook\u00a0<\/a><\/strong><\/span><\/p>\n<p style=\"text-align: justify;\"><span style=\"font-family: helvetica, arial, sans-serif;\">\u27a1\ufe0f <span style=\"color: #000000;\">Ou acesse o nosso site para saber mais informa\u00e7\u00f5es:<\/span> <a href=\"http:\/\/mcjb.org.br\/portal\"><strong><span style=\"color: #008000;\">www.mcjb.org.br<\/span><\/strong><\/a><\/span><\/div><\/div>\n","protected":false},"excerpt":{"rendered":"<p>Seis meses ap\u00f3s a inaugura\u00e7\u00e3o, levantamento do MCJB destaca melhorias no tr\u00e2nsito e redu\u00e7\u00e3o de congestionamentos, mas alerta para problemas de seguran\u00e7a e refor\u00e7a demandas hist\u00f3ricas por passarelas, ciclovias integradas, transporte p\u00fablico e mais infraestrutura vi\u00e1ria.<\/p>\n","protected":false},"author":1,"featured_media":12514,"comment_status":"open","ping_status":"open","sticky":false,"template":"","format":"standard","meta":{"_exactmetrics_skip_tracking":false,"_exactmetrics_sitenote_active":false,"_exactmetrics_sitenote_note":"","_exactmetrics_sitenote_category":0,"footnotes":"","jetpack_publicize_message":"","jetpack_publicize_feature_enabled":true,"jetpack_social_post_already_shared":true,"jetpack_social_options":{"image_generator_settings":{"template":"highway","default_image_id":0,"font":"","enabled":false},"version":2}},"categories":[88,36,16],"tags":[1305,18,20,408,43,47,1214,48,1213,920,41,217,966,193,1306,1225],"class_list":["post-12508","post","type-post","status-publish","format-standard","has-post-thumbnail","hentry","category-destaque","category-noticias","category-slider","tag-complexo-viario-jb","tag-condominios","tag-jardim-botanico","tag-jardins-mangueiral","tag-mcjb","tag-meio-ambiente","tag-movimento","tag-noticias-comunitarias","tag-portal-de-noticias","tag-ra","tag-setor-habitacional-tororo","tag-tororo","tag-viaduto","tag-viaduto-do-jardim-botanico","tag-viaduto-jardins-mangueiral","tag-viadutojb"],"jetpack_publicize_connections":[],"jetpack_featured_media_url":"https:\/\/www.mcjb.org.br\/portal\/wp-content\/uploads\/2025\/05\/Viaduto-JB.png","_links":{"self":[{"href":"https:\/\/www.mcjb.org.br\/portal\/wp-json\/wp\/v2\/posts\/12508","targetHints":{"allow":["GET"]}}],"collection":[{"href":"https:\/\/www.mcjb.org.br\/portal\/wp-json\/wp\/v2\/posts"}],"about":[{"href":"https:\/\/www.mcjb.org.br\/portal\/wp-json\/wp\/v2\/types\/post"}],"author":[{"embeddable":true,"href":"https:\/\/www.mcjb.org.br\/portal\/wp-json\/wp\/v2\/users\/1"}],"replies":[{"embeddable":true,"href":"https:\/\/www.mcjb.org.br\/portal\/wp-json\/wp\/v2\/comments?post=12508"}],"version-history":[{"count":13,"href":"https:\/\/www.mcjb.org.br\/portal\/wp-json\/wp\/v2\/posts\/12508\/revisions"}],"predecessor-version":[{"id":12535,"href":"https:\/\/www.mcjb.org.br\/portal\/wp-json\/wp\/v2\/posts\/12508\/revisions\/12535"}],"wp:featuredmedia":[{"embeddable":true,"href":"https:\/\/www.mcjb.org.br\/portal\/wp-json\/wp\/v2\/media\/12514"}],"wp:attachment":[{"href":"https:\/\/www.mcjb.org.br\/portal\/wp-json\/wp\/v2\/media?parent=12508"}],"wp:term":[{"taxonomy":"category","embeddable":true,"href":"https:\/\/www.mcjb.org.br\/portal\/wp-json\/wp\/v2\/categories?post=12508"},{"taxonomy":"post_tag","embeddable":true,"href":"https:\/\/www.mcjb.org.br\/portal\/wp-json\/wp\/v2\/tags?post=12508"}],"curies":[{"name":"wp","href":"https:\/\/api.w.org\/{rel}","templated":true}]}}