{"id":11940,"date":"2024-11-28T10:53:39","date_gmt":"2024-11-28T13:53:39","guid":{"rendered":"https:\/\/www.mcjb.org.br\/portal\/?p=11940"},"modified":"2024-11-28T15:16:25","modified_gmt":"2024-11-28T18:16:25","slug":"jardim-botanico-registra-um-ano-sem-homicidios","status":"publish","type":"post","link":"https:\/\/www.mcjb.org.br\/portal\/slider\/jardim-botanico-registra-um-ano-sem-homicidios\/","title":{"rendered":"Jardim Bot\u00e2nico registra um ano sem homic\u00eddios"},"content":{"rendered":"<p style=\"text-align: right;\"><span style=\"font-family: helvetica, arial, sans-serif; color: #000000; font-size: 13px;\"><i><span style=\"font-weight: 400;\">Jardim Bot\u00e2nico, 22 de Novembro de 2024<br \/>\n<\/span><\/i><i><span style=\"font-weight: 400;\">Por Camila Fleury<\/span><\/i><\/span><\/p>\n<p style=\"text-align: justify;\"><span style=\"font-family: helvetica, arial, sans-serif; color: #000000;\"><i><span style=\"font-weight: 400;\">Em novembro de 2024, a Regi\u00e3o Administrativa do Jardim Bot\u00e2nico (RA-JB) alcan\u00e7ou um marco importante: um ano completo sem registros de homic\u00eddios. O dado estat\u00edstico preserva o status de qualidade de vida no quesito seguran\u00e7a, fruto do esfor\u00e7o dos condom\u00ednios em investir em seguran\u00e7a privada, do sistema de monitoramento instalado pela SSP-DF e do apoio das for\u00e7as p\u00fablicas de localidades vizinhas, uma vez que o JB n\u00e3o disp\u00f5e de equipamento p\u00fablico de seguran\u00e7a pr\u00f3prio.<\/span><\/i><\/span><\/p>\n<p style=\"text-align: justify;\"><span style=\"font-weight: 400; font-family: helvetica, arial, sans-serif; color: #000000;\">De acordo com a Secretaria de Seguran\u00e7a P\u00fablica do DF (SSP\/DF), o Jardim Bot\u00e2nico est\u00e1 entre as sete regi\u00f5es administrativas que n\u00e3o registraram homic\u00eddios nos \u00faltimos 12 meses. Livino Silva, presidente do Conselho Comunit\u00e1rio de Seguran\u00e7a do Jardim Bot\u00e2nico (Conseg-JB), atribui o resultado a uma estrat\u00e9gia de integra\u00e7\u00e3o e coopera\u00e7\u00e3o entre os condom\u00ednios com seguran\u00e7a privada e o suporte das for\u00e7as p\u00fablicas de seguran\u00e7a de localidades vizinhas, como S\u00e3o Sebasti\u00e3o.<\/span><\/p>\n<p style=\"text-align: justify;\"><span style=\"font-family: helvetica, arial, sans-serif; color: #000000;\"><span style=\"font-weight: 400;\">\u201c<\/span><i><span style=\"font-weight: 400;\">Ao mesmo tempo em que a seguran\u00e7a privada desempenha um papel essencial, a parceria com as for\u00e7as p\u00fablicas de cidades vizinhas tem sido determinante para alcan\u00e7armos esse marco<\/span><\/i><span style=\"font-weight: 400;\">\u201d, destacou Livino. Ele tamb\u00e9m ressalta a contribui\u00e7\u00e3o das c\u00e2meras de videomonitoramento instaladas h\u00e1 um ano pela SSP\/DF <\/span><a style=\"color: #000000;\" href=\"https:\/\/www.mcjb.org.br\/portal\/slider\/jardim-botanico-mais-seguro-gdf-inicia-implantacao-de-cameras-de-videomonitoramento\/\"><span style=\"font-weight: 400;\">(<span style=\"color: #99cc00;\">relembre aqui<\/span>)<\/span><\/a><span style=\"font-weight: 400;\">, que fortaleceram o combate \u00e0 criminalidade e complementaram o trabalho integrado.<\/span><\/span><\/p>\n<p style=\"text-align: justify;\"><span style=\"font-weight: 400; font-family: helvetica, arial, sans-serif; color: #000000;\">A regi\u00e3o, composta majoritariamente por condom\u00ednios fechados, investe fortemente em medidas de prote\u00e7\u00e3o privada, como controle rigoroso de acesso, c\u00e2meras de monitoramento, rondas constantes e vigilantes pr\u00f3prios. Esses esfor\u00e7os, somados \u00e0 atua\u00e7\u00e3o da seguran\u00e7a p\u00fablica de S\u00e3o Sebasti\u00e3o, criam uma rede de prote\u00e7\u00e3o eficiente, garantindo a tranquilidade dos moradores.<\/span><\/p>\n<p>&nbsp;<\/p>\n<div id=\"attachment_11943\" style=\"width: 627px\" class=\"wp-caption aligncenter\"><img fetchpriority=\"high\" decoding=\"async\" aria-describedby=\"caption-attachment-11943\" class=\"wp-image-11943\" src=\"https:\/\/www.mcjb.org.br\/portal\/wp-content\/uploads\/2024\/11\/WhatsApp-Image-2024-11-28-at-15.13.15-300x198.jpeg\" alt=\"\" width=\"617\" height=\"407\" srcset=\"https:\/\/www.mcjb.org.br\/portal\/wp-content\/uploads\/2024\/11\/WhatsApp-Image-2024-11-28-at-15.13.15-300x198.jpeg 300w, https:\/\/www.mcjb.org.br\/portal\/wp-content\/uploads\/2024\/11\/WhatsApp-Image-2024-11-28-at-15.13.15-768x506.jpeg 768w, https:\/\/www.mcjb.org.br\/portal\/wp-content\/uploads\/2024\/11\/WhatsApp-Image-2024-11-28-at-15.13.15-221x146.jpeg 221w, https:\/\/www.mcjb.org.br\/portal\/wp-content\/uploads\/2024\/11\/WhatsApp-Image-2024-11-28-at-15.13.15-50x33.jpeg 50w, https:\/\/www.mcjb.org.br\/portal\/wp-content\/uploads\/2024\/11\/WhatsApp-Image-2024-11-28-at-15.13.15-114x75.jpeg 114w, https:\/\/www.mcjb.org.br\/portal\/wp-content\/uploads\/2024\/11\/WhatsApp-Image-2024-11-28-at-15.13.15-600x396.jpeg 600w, https:\/\/www.mcjb.org.br\/portal\/wp-content\/uploads\/2024\/11\/WhatsApp-Image-2024-11-28-at-15.13.15.jpeg 913w\" sizes=\"(max-width: 617px) 100vw, 617px\" \/><p id=\"caption-attachment-11943\" class=\"wp-caption-text\"><span style=\"font-size: 10px; font-family: helvetica, arial, sans-serif; color: #000000;\">Condom\u00ednio Mirantes das Paineiras no Toror\u00f3 com portaria, acesso controlado e vigil\u00e2ncia 24h. Foto: Ag\u00eancia Bras\u00edlia<\/span><\/p><\/div>\n<h3 style=\"text-align: justify;\"><span style=\"font-family: helvetica, arial, sans-serif; color: #000000;\"><b>Uma regi\u00e3o em destaque<\/b><\/span><\/h3>\n<p style=\"text-align: justify;\"><span style=\"font-weight: 400; font-family: helvetica, arial, sans-serif; color: #000000;\">O Jardim Bot\u00e2nico \u00e9 uma das regi\u00f5es que mais cresce no Distrito Federal, mas ainda enfrenta a falta de equipamentos p\u00fablicos, como batalh\u00f5es ou postos policiais pr\u00f3prios. Atualmente, a seguran\u00e7a p\u00fablica da regi\u00e3o \u00e9 apoiada por for\u00e7as vindas de localidades vizinhas. Entre as sete regi\u00f5es administrativas sem registros de homic\u00eddios h\u00e1 mais de um ano \u2014 incluindo Cruzeiro, Riacho Fundo e Candangol\u00e2ndia \u2014, o Jardim Bot\u00e2nico tornou-se a \u00fanica que n\u00e3o conta com estruturas p\u00fablicas de seguran\u00e7a.\u00a0<\/span><\/p>\n<p style=\"text-align: justify;\"><span style=\"font-weight: 400; font-family: helvetica, arial, sans-serif; color: #000000;\">A seguran\u00e7a alcan\u00e7ada no Jardim Bot\u00e2nico evidencia a import\u00e2ncia de a\u00e7\u00f5es conjuntas entre a comunidade e o poder p\u00fablico, mesmo diante das limita\u00e7\u00f5es estruturais da regi\u00e3o. Esse modelo, baseado no envolvimento comunit\u00e1rio e em investimentos privados, tem garantido \u00edndices de viol\u00eancia baixos e refor\u00e7ado a qualidade de vida dos moradores. No entanto, o crescimento acelerado da cidade traz \u00e0 tona a necessidade de maior aten\u00e7\u00e3o \u00e0s demandas por equipamentos p\u00fablicos, essenciais para acompanhar o desenvolvimento local e garantir a sustentabilidade dessa tranquilidade.<\/span><\/p>\n<p style=\"text-align: justify;\"><span style=\"font-family: helvetica, arial, sans-serif; color: #000000;\"><div class=\"su-box su-box-style-default\" id=\"\" style=\"border-color:#002a00;border-radius:3px;\"><div class=\"su-box-title\" style=\"background-color:#235d32;color:#ffffff;border-top-left-radius:1px;border-top-right-radius:1px\">CONTATO MCJB<\/div><div class=\"su-box-content su-u-clearfix su-u-trim\" style=\"border-bottom-left-radius:1px;border-bottom-right-radius:1px\"> <span class=\"selectable-text copyable-text\">Quer ficar por dentro de tudo o que acontece no Jardim Bot\u00e2nico? Entre no nosso grupo de not\u00edcias do whatsapp<br \/>\n\u27a1\ufe0f<\/span>\u00a0<strong><a style=\"color: #000000;\" href=\"https:\/\/chat.whatsapp.com\/I997tZ4naGxGq6Sq9q4ZzF\">Portal de Not\u00edcias &#8211; MCJB<\/a><\/strong><\/span><\/p>\n<p style=\"text-align: justify;\"><span style=\"font-family: helvetica, arial, sans-serif; color: #000000;\"><span style=\"vertical-align: inherit;\"><span style=\"vertical-align: inherit;\">\u27a1\ufe0f <\/span><\/span><span style=\"vertical-align: inherit;\"><span style=\"vertical-align: inherit;\">Siga-nos no Instagram<\/span><\/span><span style=\"vertical-align: inherit;\"><span style=\"vertical-align: inherit;\"> \ud83d\udcf7 <\/span><\/span><span style=\"vertical-align: inherit;\"><span style=\"vertical-align: inherit;\">ou no Facebook: <\/span><\/span><\/span><br \/>\n<span style=\"font-family: helvetica, arial, sans-serif; color: #000000;\"><strong><a style=\"color: #000000;\" href=\"http:\/\/instagram.com\/movimentojb\"><span style=\"vertical-align: inherit;\"><span style=\"vertical-align: inherit;\">Instagram <\/span><\/span><\/a><\/strong><\/span><br \/>\n<span style=\"font-family: helvetica, arial, sans-serif; color: #000000;\"><strong><a style=\"color: #000000;\" href=\"https:\/\/pt-br.facebook.com\/movimentojb\/\"><span style=\"vertical-align: inherit;\"><span style=\"vertical-align: inherit;\">Facebook\u00a0<\/span><\/span><\/a><\/strong><\/span><\/p>\n<p style=\"text-align: justify;\"><span style=\"font-family: helvetica, arial, sans-serif; color: #000000;\">\u27a1\ufe0f Ou acesse o nosso site para saber mais informa\u00e7\u00f5es: <a style=\"color: #000000;\" href=\"http:\/\/mcjb.org.br\/portal\"><strong>www.mcjb.org.br<\/strong><\/a><\/div><\/div><\/span><\/p>\n<p style=\"text-align: justify;\">\n","protected":false},"excerpt":{"rendered":"<p>Em novembro de 2024, a Regi\u00e3o Administrativa do Jardim Bot\u00e2nico (RA-JB) alcan\u00e7ou um marco importante: um ano completo sem registros de homic\u00eddios. O dado estat\u00edstico preserva o status de qualidade de vida no quesito seguran\u00e7a, fruto do esfor\u00e7o dos condom\u00ednios em investir em seguran\u00e7a privada, do sistema de monitoramento instalado pela SSP-DF e do apoio das for\u00e7as p\u00fablicas de localidades vizinhas, uma vez que o JB n\u00e3o disp\u00f5e de equipamento p\u00fablico de seguran\u00e7a pr\u00f3prio.<\/p>\n","protected":false},"author":1,"featured_media":11941,"comment_status":"open","ping_status":"open","sticky":false,"template":"","format":"standard","meta":{"_exactmetrics_skip_tracking":false,"_exactmetrics_sitenote_active":false,"_exactmetrics_sitenote_note":"","_exactmetrics_sitenote_category":0,"footnotes":"","jetpack_publicize_message":"","jetpack_publicize_feature_enabled":true,"jetpack_social_post_already_shared":true,"jetpack_social_options":{"image_generator_settings":{"template":"highway","default_image_id":0,"font":"","enabled":false},"version":2}},"categories":[88,36,16],"tags":[1124,208,701,19,275,20,408,21,43,671,48,702,162,194],"class_list":["post-11940","post","type-post","status-publish","format-standard","has-post-thumbnail","hentry","category-destaque","category-noticias","category-slider","tag-brasilia","tag-comunidade","tag-conseg","tag-conseg-jb","tag-conselho-de-seguranca","tag-jardim-botanico","tag-jardins-mangueiral","tag-mangueiral","tag-mcjb","tag-movimento-comunitario","tag-noticias-comunitarias","tag-secretaria-de-seguranca","tag-seguranca","tag-seguranca-publica"],"jetpack_publicize_connections":[],"jetpack_featured_media_url":"https:\/\/www.mcjb.org.br\/portal\/wp-content\/uploads\/2024\/11\/Seguranca.png","_links":{"self":[{"href":"https:\/\/www.mcjb.org.br\/portal\/wp-json\/wp\/v2\/posts\/11940","targetHints":{"allow":["GET"]}}],"collection":[{"href":"https:\/\/www.mcjb.org.br\/portal\/wp-json\/wp\/v2\/posts"}],"about":[{"href":"https:\/\/www.mcjb.org.br\/portal\/wp-json\/wp\/v2\/types\/post"}],"author":[{"embeddable":true,"href":"https:\/\/www.mcjb.org.br\/portal\/wp-json\/wp\/v2\/users\/1"}],"replies":[{"embeddable":true,"href":"https:\/\/www.mcjb.org.br\/portal\/wp-json\/wp\/v2\/comments?post=11940"}],"version-history":[{"count":3,"href":"https:\/\/www.mcjb.org.br\/portal\/wp-json\/wp\/v2\/posts\/11940\/revisions"}],"predecessor-version":[{"id":11945,"href":"https:\/\/www.mcjb.org.br\/portal\/wp-json\/wp\/v2\/posts\/11940\/revisions\/11945"}],"wp:featuredmedia":[{"embeddable":true,"href":"https:\/\/www.mcjb.org.br\/portal\/wp-json\/wp\/v2\/media\/11941"}],"wp:attachment":[{"href":"https:\/\/www.mcjb.org.br\/portal\/wp-json\/wp\/v2\/media?parent=11940"}],"wp:term":[{"taxonomy":"category","embeddable":true,"href":"https:\/\/www.mcjb.org.br\/portal\/wp-json\/wp\/v2\/categories?post=11940"},{"taxonomy":"post_tag","embeddable":true,"href":"https:\/\/www.mcjb.org.br\/portal\/wp-json\/wp\/v2\/tags?post=11940"}],"curies":[{"name":"wp","href":"https:\/\/api.w.org\/{rel}","templated":true}]}}