{"id":11648,"date":"2024-10-15T10:07:50","date_gmt":"2024-10-15T13:07:50","guid":{"rendered":"https:\/\/www.mcjb.org.br\/portal\/?p=11648"},"modified":"2024-10-15T12:01:52","modified_gmt":"2024-10-15T15:01:52","slug":"inauguracao-de-viaduto-e-passarela-no-jb-levanta-preocupacoes-da-comunidade","status":"publish","type":"post","link":"https:\/\/www.mcjb.org.br\/portal\/slider\/inauguracao-de-viaduto-e-passarela-no-jb-levanta-preocupacoes-da-comunidade\/","title":{"rendered":"Inaugura\u00e7\u00e3o de viaduto e passarela no JB levanta preocupa\u00e7\u00f5es da comunidade"},"content":{"rendered":"<p style=\"text-align: right;\"><span style=\"font-size: 12px; color: #000000;\"><span style=\"font-family: helvetica, arial, sans-serif;\"><i><span style=\"font-weight: 400;\">Jardim Bot\u00e2nico, 15<\/span><\/i><i><span style=\"font-weight: 400;\">\u00a0de Outubro de 2024<br \/>\n<\/span><\/i><\/span><span style=\"font-family: helvetica, arial, sans-serif;\"><i><span style=\"font-weight: 400;\">Por Camila Fleury &#8211; Reda\u00e7\u00e3o MCJB<\/span><\/i><\/span><\/span><\/p>\n<p style=\"text-align: justify;\"><span style=\"font-family: helvetica, arial, sans-serif; font-size: 14px; color: #000000;\"><i><span style=\"font-weight: 400;\">A comunidade do Jardim Bot\u00e2nico se prepara para a entrega do primeiro viaduto da regi\u00e3o, localizado na interliga\u00e7\u00e3o entre a DF-035 e a DF-001, pr\u00f3ximo \u00e0 QI 23 do Lago Sul e \u00e0 ESG (Escola Superior de Guerra). Embora a obra tenha sido vista inicialmente como uma solu\u00e7\u00e3o para os crescentes problemas de tr\u00e2nsito da \u00e1rea, a inaugura\u00e7\u00e3o da passarela, que faz parte desse projeto, est\u00e1 gerando cr\u00edticas entre os moradores.<\/span><\/i><\/span><\/p>\n<p style=\"text-align: justify;\"><span style=\"color: #000000;\"><img fetchpriority=\"high\" decoding=\"async\" class=\"wp-image-11649 alignnone\" src=\"https:\/\/www.mcjb.org.br\/portal\/wp-content\/uploads\/2024\/10\/Mapa-300x167.jpeg\" alt=\"\" width=\"668\" height=\"372\" srcset=\"https:\/\/www.mcjb.org.br\/portal\/wp-content\/uploads\/2024\/10\/Mapa-300x167.jpeg 300w, https:\/\/www.mcjb.org.br\/portal\/wp-content\/uploads\/2024\/10\/Mapa-260x144.jpeg 260w, https:\/\/www.mcjb.org.br\/portal\/wp-content\/uploads\/2024\/10\/Mapa-50x28.jpeg 50w, https:\/\/www.mcjb.org.br\/portal\/wp-content\/uploads\/2024\/10\/Mapa-135x75.jpeg 135w, https:\/\/www.mcjb.org.br\/portal\/wp-content\/uploads\/2024\/10\/Mapa-600x333.jpeg 600w, https:\/\/www.mcjb.org.br\/portal\/wp-content\/uploads\/2024\/10\/Mapa.jpeg 715w\" sizes=\"(max-width: 668px) 100vw, 668px\" \/><\/span><br \/>\n<span style=\"font-family: helvetica, arial, sans-serif; font-size: 12px; color: #000000;\"><i><span style=\"font-weight: 400;\">Dist\u00e2ncia do com\u00e9rcio do JB para passarela do viaduto. &#8211; Fonte: Google Maps<\/span><\/i><\/span><\/p>\n<p style=\"text-align: justify;\"><span style=\"font-weight: 400; font-family: helvetica, arial, sans-serif; font-size: 14px; color: #000000;\">A passarela, planejada para oferecer mais seguran\u00e7a aos pedestres ao cruzar a DF-001, acabou sendo instalada a cerca de 500 metros do principal fluxo de pessoas, especialmente aquelas que circulam pelo com\u00e9rcio do Jardim Bot\u00e2nico. Segundo moradores do Jardim Bot\u00e2nico, a localiza\u00e7\u00e3o dessa passarela t\u00eam gerado preocupa\u00e7\u00f5es, pois, para muitos, o caminho at\u00e9 a passarela \u00e9 longo e desconfort\u00e1vel, o que pode desencorajar seu uso.<\/span><\/p>\n<p style=\"text-align: justify;\"><span style=\"font-family: helvetica, arial, sans-serif; font-size: 14px; color: #000000;\"><span style=\"font-weight: 400;\">Moradora do Jardim Bot\u00e2nico h\u00e1 mais de 10 anos, Silvia Alc\u00e2ntara compartilha sua frustra\u00e7\u00e3o: <\/span><i><span style=\"font-weight: 400;\">\u201cA ideia de uma passarela parecia excelente, mas coloc\u00e1-la t\u00e3o distante dos pedestres torna dif\u00edcil o acesso. Al\u00e9m de ser invi\u00e1vel para muitos, pode se tornar um risco ainda maior, j\u00e1 que muitos podem preferir atravessar a via diretamente.<\/span><\/i><span style=\"font-weight: 400;\">\u201d<\/span><\/span><\/p>\n<h3 style=\"text-align: justify;\"><span style=\"font-family: helvetica, arial, sans-serif; font-size: 14px; color: #000000;\"><b>Impacto no Tr\u00e2nsito e na Seguran\u00e7a<\/b><\/span><\/h3>\n<p style=\"text-align: justify;\"><span style=\"font-weight: 400; font-family: helvetica, arial, sans-serif; font-size: 14px; color: #000000;\">O Departamento de Estradas de Rodagem do Distrito Federal (DER-DF), respons\u00e1vel pelo projeto do viaduto e da passarela, afirma que a instala\u00e7\u00e3o visa garantir a seguran\u00e7a dos pedestres. No entanto, a comunidade questiona se essa seguran\u00e7a ser\u00e1 realmente obtida. Al\u00e9m da grande dist\u00e2ncia a ser percorrida pelos pedestres para acessar a passarela, ainda h\u00e1 necessidade de instalar faixas de pedestres ou sem\u00e1foros nas marginais do viaduto, o que pode comprometer a fluidez do tr\u00e2nsito.<\/span><\/p>\n<p><span style=\"color: #000000;\"><img decoding=\"async\" class=\"alignnone wp-image-11650\" src=\"https:\/\/www.mcjb.org.br\/portal\/wp-content\/uploads\/2024\/10\/Mapa-2-300x167.png\" alt=\"\" width=\"661\" height=\"368\" srcset=\"https:\/\/www.mcjb.org.br\/portal\/wp-content\/uploads\/2024\/10\/Mapa-2-300x167.png 300w, https:\/\/www.mcjb.org.br\/portal\/wp-content\/uploads\/2024\/10\/Mapa-2-768x427.png 768w, https:\/\/www.mcjb.org.br\/portal\/wp-content\/uploads\/2024\/10\/Mapa-2-260x144.png 260w, https:\/\/www.mcjb.org.br\/portal\/wp-content\/uploads\/2024\/10\/Mapa-2-50x28.png 50w, https:\/\/www.mcjb.org.br\/portal\/wp-content\/uploads\/2024\/10\/Mapa-2-135x75.png 135w, https:\/\/www.mcjb.org.br\/portal\/wp-content\/uploads\/2024\/10\/Mapa-2-600x333.png 600w, https:\/\/www.mcjb.org.br\/portal\/wp-content\/uploads\/2024\/10\/Mapa-2.png 900w\" sizes=\"(max-width: 661px) 100vw, 661px\" \/><\/span><br \/>\n<span style=\"font-family: helvetica, arial, sans-serif; font-size: 12px; color: #000000;\"><i><span style=\"font-weight: 400;\">Projeto original\u00a0 divulgado pelo DER do chamado Viaduto do Jardim Bot\u00e2nico. &#8211; Fonte: DER-DF<\/span><\/i><\/span><\/p>\n<p style=\"text-align: justify;\"><span style=\"font-weight: 400; font-family: helvetica, arial, sans-serif; font-size: 14px; color: #000000;\">Com a instala\u00e7\u00e3o desses sem\u00e1foros, motoristas que trafegam da QI 23 para o Jardim Bot\u00e2nico pela DF-035, e tamb\u00e9m na DF-001 em dire\u00e7\u00e3o ao Plano Piloto ou S\u00e3o Sebasti\u00e3o, a possibilidade de congestionamentos cresce significativamente. Em hor\u00e1rios de pico, o fluxo de ve\u00edculos, que j\u00e1 foi bastante impactado durante os dois anos de obras, pode voltar a ser um problema cr\u00f4nico, frustrando as expectativas de melhora com o novo viaduto.<\/span><\/p>\n<p style=\"text-align: justify;\"><span style=\"font-family: helvetica, arial, sans-serif; font-size: 14px; color: #000000;\"><span style=\"font-weight: 400;\">Pedro Santana, morador de S\u00e3o Sebasti\u00e3o e usu\u00e1rio di\u00e1rio da DF-035, compartilha sua apreens\u00e3o: \u201c<\/span><i><span style=\"font-weight: 400;\">N\u00f3s enfrentamos esses transtornos por quase dois anos com a expectativa de que o viaduto melhoraria o tr\u00e2nsito. Agora, com essa passarela e a necessidade de mais sem\u00e1foros, parece que o problema vai continuar ou at\u00e9 piorar.<\/span><\/i><span style=\"font-weight: 400;\">\u201d<\/span><\/span><\/p>\n<p style=\"text-align: justify;\"><span style=\"font-weight: 400; font-family: helvetica, arial, sans-serif; font-size: 14px; color: #000000;\">As preocupa\u00e7\u00f5es n\u00e3o se limitam apenas ao fluxo de ve\u00edculos. A seguran\u00e7a dos pedestres continua sendo uma prioridade e a comunidade questiona se a dist\u00e2ncia e a dificuldade de acesso \u00e0 passarela n\u00e3o acabar\u00e3o incentivando travessias irregulares e perigosas. Em um ponto t\u00e3o movimentado como o cruzamento entre a DF-035 e a DF-001, qualquer erro de planejamento pode resultar em riscos consider\u00e1veis para a vida dos moradores e trabalhadores que utilizam essas vias.<\/span><\/p>\n<p style=\"text-align: justify;\"><span style=\"font-family: helvetica, arial, sans-serif; font-size: 14px;\"><span style=\"font-weight: 400;\"><span style=\"color: #000000;\">O Movimento Comunit\u00e1rio do Jardim Bot\u00e2nico (MCJB) chegou a sinalizar aos engenheiros e respons\u00e1veis pela obra sobre o problema na localiza\u00e7\u00e3o da passarela. Desde 2015, of\u00edcios s\u00e3o reiteradamente enviados ao \u00f3rg\u00e3o solicitando a instala\u00e7\u00e3o de passarelas subterr\u00e2neas entre a obra do viaduto e o bal\u00e3o do Mangueiral como alternativa mais eficaz para eliminar sem\u00e1foros e faixas de pedestres, que atualmente s\u00e3o a principal causa de congestionamentos na DF-001<\/span> (<\/span><a href=\"https:\/\/www.mcjb.org.br\/portal\/slider\/nota-de-esclarecimento-sobre-as-acoes-do-mcjb-para-a-mobilidade-no-jardim-botanico\/\"><span style=\"font-weight: 400;\">relembre aqui<\/span><\/a><span style=\"font-weight: 400;\">).<\/span><\/span><\/p>\n<p style=\"text-align: justify;\"><span style=\"font-weight: 400; font-family: helvetica, arial, sans-serif; font-size: 14px; color: #000000;\">A comunidade vive a expectativa de receber a obra que, embora atrasada desde janeiro deste ano, agora est\u00e1 em ritmo acelerado para conclus\u00e3o. A situa\u00e7\u00e3o envolvendo a passarela e o viaduto no Jardim Bot\u00e2nico ilustra os desafios enfrentados pela comunidade em busca de melhorias vi\u00e1rias que atendam \u00e0s suas reais necessidades. Apesar de a obra ter sido planejada para trazer mais seguran\u00e7a aos pedestres e melhorar a fluidez do tr\u00e2nsito, a localiza\u00e7\u00e3o inadequada da passarela levanta quest\u00f5es sobre sua efic\u00e1cia e impacto no tr\u00e1fego local. <\/span><\/p>\n<p style=\"text-align: justify;\"><span style=\"font-family: helvetica, arial, sans-serif; color: #000000;\"><div class=\"su-box su-box-style-default\" id=\"\" style=\"border-color:#002a00;border-radius:3px;\"><div class=\"su-box-title\" style=\"background-color:#235d32;color:#ffffff;border-top-left-radius:1px;border-top-right-radius:1px\">CONTATO MCJB<\/div><div class=\"su-box-content su-u-clearfix su-u-trim\" style=\"border-bottom-left-radius:1px;border-bottom-right-radius:1px\"> <span class=\"selectable-text copyable-text\">Quer ficar por dentro de tudo o que acontece no Jardim Bot\u00e2nico? Entre no nosso grupo de not\u00edcias do whatsapp<br \/>\n\u27a1\ufe0f<\/span>\u00a0<strong><a style=\"color: #000000;\" href=\"https:\/\/chat.whatsapp.com\/I997tZ4naGxGq6Sq9q4ZzF\">Portal de Not\u00edcias &#8211; MCJB<\/a><\/strong><\/span><\/p>\n<p style=\"text-align: justify;\"><span style=\"font-family: helvetica, arial, sans-serif; color: #000000;\"><span style=\"vertical-align: inherit;\"><span style=\"vertical-align: inherit;\">\u27a1\ufe0f <\/span><\/span><span style=\"vertical-align: inherit;\"><span style=\"vertical-align: inherit;\">Siga-nos no Instagram<\/span><\/span><span style=\"vertical-align: inherit;\"><span style=\"vertical-align: inherit;\"> \ud83d\udcf7 <\/span><\/span><span style=\"vertical-align: inherit;\"><span style=\"vertical-align: inherit;\">ou no Facebook: <\/span><\/span><\/span><br \/>\n<span style=\"font-family: helvetica, arial, sans-serif; color: #000000;\"><strong><a style=\"color: #000000;\" href=\"http:\/\/instagram.com\/movimentojb\"><span style=\"vertical-align: inherit;\"><span style=\"vertical-align: inherit;\">Instagram <\/span><\/span><\/a><\/strong><\/span><br \/>\n<span style=\"font-family: helvetica, arial, sans-serif; color: #000000;\"><strong><a style=\"color: #000000;\" href=\"https:\/\/pt-br.facebook.com\/movimentojb\/\"><span style=\"vertical-align: inherit;\"><span style=\"vertical-align: inherit;\">Facebook\u00a0<\/span><\/span><\/a><\/strong><\/span><\/p>\n<p style=\"text-align: justify;\"><span style=\"font-family: helvetica, arial, sans-serif; color: #000000;\">\u27a1\ufe0f Ou acesse o nosso site para saber mais informa\u00e7\u00f5es: <a style=\"color: #000000;\" href=\"http:\/\/mcjb.org.br\/portal\"><strong>www.mcjb.org.br<\/strong><\/a><\/div><\/div><\/span><\/p>\n<p style=\"text-align: justify;\">\n","protected":false},"excerpt":{"rendered":"<p>A comunidade do Jardim Bot\u00e2nico se prepara para a entrega do primeiro viaduto da regi\u00e3o, localizado na interliga\u00e7\u00e3o entre a DF-035 e a DF-001, pr\u00f3ximo \u00e0 QI 23 do Lago Sul e \u00e0 ESG (Escola Superior de Guerra). Embora a obra tenha sido vista inicialmente como uma solu\u00e7\u00e3o para os crescentes problemas de tr\u00e2nsito da \u00e1rea, a inaugura\u00e7\u00e3o da passarela, que faz parte desse projeto, est\u00e1 gerando cr\u00edticas entre os moradores.<\/p>\n","protected":false},"author":1,"featured_media":11653,"comment_status":"open","ping_status":"open","sticky":false,"template":"","format":"standard","meta":{"_exactmetrics_skip_tracking":false,"_exactmetrics_sitenote_active":false,"_exactmetrics_sitenote_note":"","_exactmetrics_sitenote_category":0,"footnotes":"","jetpack_publicize_message":"","jetpack_publicize_feature_enabled":true,"jetpack_social_post_already_shared":true,"jetpack_social_options":{"image_generator_settings":{"template":"highway","default_image_id":0,"font":"","enabled":false},"version":2}},"categories":[88,36,16],"tags":[1124,208,20,408,21,43,671,48,966,193,1225,875],"class_list":["post-11648","post","type-post","status-publish","format-standard","has-post-thumbnail","hentry","category-destaque","category-noticias","category-slider","tag-brasilia","tag-comunidade","tag-jardim-botanico","tag-jardins-mangueiral","tag-mangueiral","tag-mcjb","tag-movimento-comunitario","tag-noticias-comunitarias","tag-viaduto","tag-viaduto-do-jardim-botanico","tag-viadutojb","tag-viadutos"],"jetpack_publicize_connections":[],"jetpack_featured_media_url":"https:\/\/www.mcjb.org.br\/portal\/wp-content\/uploads\/2024\/10\/Falta-dagua-1.png","_links":{"self":[{"href":"https:\/\/www.mcjb.org.br\/portal\/wp-json\/wp\/v2\/posts\/11648","targetHints":{"allow":["GET"]}}],"collection":[{"href":"https:\/\/www.mcjb.org.br\/portal\/wp-json\/wp\/v2\/posts"}],"about":[{"href":"https:\/\/www.mcjb.org.br\/portal\/wp-json\/wp\/v2\/types\/post"}],"author":[{"embeddable":true,"href":"https:\/\/www.mcjb.org.br\/portal\/wp-json\/wp\/v2\/users\/1"}],"replies":[{"embeddable":true,"href":"https:\/\/www.mcjb.org.br\/portal\/wp-json\/wp\/v2\/comments?post=11648"}],"version-history":[{"count":2,"href":"https:\/\/www.mcjb.org.br\/portal\/wp-json\/wp\/v2\/posts\/11648\/revisions"}],"predecessor-version":[{"id":11652,"href":"https:\/\/www.mcjb.org.br\/portal\/wp-json\/wp\/v2\/posts\/11648\/revisions\/11652"}],"wp:featuredmedia":[{"embeddable":true,"href":"https:\/\/www.mcjb.org.br\/portal\/wp-json\/wp\/v2\/media\/11653"}],"wp:attachment":[{"href":"https:\/\/www.mcjb.org.br\/portal\/wp-json\/wp\/v2\/media?parent=11648"}],"wp:term":[{"taxonomy":"category","embeddable":true,"href":"https:\/\/www.mcjb.org.br\/portal\/wp-json\/wp\/v2\/categories?post=11648"},{"taxonomy":"post_tag","embeddable":true,"href":"https:\/\/www.mcjb.org.br\/portal\/wp-json\/wp\/v2\/tags?post=11648"}],"curies":[{"name":"wp","href":"https:\/\/api.w.org\/{rel}","templated":true}]}}