{"id":11391,"date":"2024-07-23T15:04:19","date_gmt":"2024-07-23T18:04:19","guid":{"rendered":"https:\/\/www.mcjb.org.br\/portal\/?p=11391"},"modified":"2024-07-23T15:58:22","modified_gmt":"2024-07-23T18:58:22","slug":"gdf-ganha-processo-contra-o-parque-do-mangueiral","status":"publish","type":"post","link":"https:\/\/www.mcjb.org.br\/portal\/slider\/gdf-ganha-processo-contra-o-parque-do-mangueiral\/","title":{"rendered":"GDF Ganha Processo Contra o Parque do Mangueiral"},"content":{"rendered":"<p style=\"text-align: right;\"><span style=\"font-family: helvetica, arial, sans-serif; color: #000000;\"><i><span style=\"font-weight: 400;\">Jardim Bot\u00e2nico, 23 de Julho de 2024<br \/>\n<\/span><\/i><i><span style=\"font-weight: 400;\">Por Camila Fleury &#8211; Reda\u00e7\u00e3o MCJB<\/span><\/i><\/span><\/p>\n<p style=\"text-align: justify;\"><span style=\"color: #000000;\"><em><span style=\"font-family: helvetica, arial, sans-serif;\">A comunidade, que h\u00e1 anos luta pela pela cria\u00e7\u00e3o do parque e preserva\u00e7\u00e3o da \u00e1rea verde, se sente decepcionada com o rev\u00e9s judicial, mas reitera seu compromisso com a causa ambiental.<br \/>\n<\/span><\/em><\/span><br \/>\n<span style=\"font-family: helvetica, arial, sans-serif; color: #000000;\">A comunidade do Jardim Bot\u00e2nico, principalmente do bairro Jardins Mangueiral, recebeu com tristeza a not\u00edcia da decis\u00e3o do Tribunal de Justi\u00e7a do Distrito Federal e Territ\u00f3rios (TJDFT) que derrubou a lei que criava o Parque Ecol\u00f3gico do Mangueiral, declarando-a \u201cinconstitucional\u201d, ou seja, sem validade e nula de princ\u00edpio. A lei, proposta pelo Deputado Distrital Jo\u00e3o Cardoso e com grande apoio popular na regi\u00e3o, previa a cria\u00e7\u00e3o de um parque na \u00e1rea entre o atual Jardins Mangueiral e a Penitenci\u00e1ria da Papuda. Na \u00e1rea do parque o GDF tem projeto de constru\u00e7\u00e3o para expans\u00e3o do atual bairro Jardins Mangueiral.<br \/>\n<\/span><br \/>\n<span style=\"font-family: helvetica, arial, sans-serif; color: #000000;\">Em janeiro de 2024, a comunidade havia celebrado uma vit\u00f3ria parcial, quando o TJDFT acolheu solicita\u00e7\u00e3o judicial feita pela Associa\u00e7\u00e3o dos Amigos dos Jardins Mangueiral (AAJM) e pela ex-deputada distrital J\u00falia Lucy, que impedia o GDF de construir unidades habitacionais na \u00e1rea em quest\u00e3o, por ser pr\u00f3ximo a uma Penitenci\u00e1ria Federal, reconhecendo a legisla\u00e7\u00e3o federal que protege tais \u00e1reas <a href=\"https:\/\/www.mcjb.org.br\/portal\/noticias\/camara-legislativa-do-df-derruba-veto-do-governo-a-criacao-do-parque-mangueiral\/\">(<span style=\"color: #339966;\">lembre aqui<\/span>)<\/a>. Essa decis\u00e3o refor\u00e7ava a cren\u00e7a na viabilidade do projeto do parque para a preserva\u00e7\u00e3o ambiental.<br \/>\n<\/span><br \/>\n<span style=\"font-family: helvetica, arial, sans-serif; color: #000000;\">A recente vit\u00f3ria do GDF, em barrar judicialmente a cria\u00e7\u00e3o do Parque do Mangueiral para expans\u00e3o urbana, serve como indicativo de tend\u00eancias que parecem n\u00e3o se equilibrar. Por um lado, existe uma car\u00eancia cr\u00f4nica de servi\u00e7os p\u00fablicos e infraestrutura urbana, reflexo da aus\u00eancia de equipamentos p\u00fablicos e planejamento urbano. Os moradores vivem rotina de congestionamentos, transporte p\u00fablico prec\u00e1rio e inseguran\u00e7a. Por outro lado, a previs\u00e3o de dobrar a popula\u00e7\u00e3o de S\u00e3o Sebasti\u00e3o at\u00e9 o final de 2026 promete anos de inferno astral para todos os moradores do JB.<\/span><\/p>\n<p>&nbsp;<\/p>\n<div id=\"attachment_11396\" style=\"width: 556px\" class=\"wp-caption aligncenter\"><a href=\"https:\/\/www.mcjb.org.br\/portal\/wp-content\/uploads\/2024\/07\/Oeco_JB-do-Distrito-Federal_Denio-Simoes_Agencia-Brasilia.webp\"><img fetchpriority=\"high\" decoding=\"async\" aria-describedby=\"caption-attachment-11396\" class=\"wp-image-11396\" src=\"https:\/\/www.mcjb.org.br\/portal\/wp-content\/uploads\/2024\/07\/Oeco_JB-do-Distrito-Federal_Denio-Simoes_Agencia-Brasilia-300x200.webp\" alt=\"\" width=\"546\" height=\"364\" srcset=\"https:\/\/www.mcjb.org.br\/portal\/wp-content\/uploads\/2024\/07\/Oeco_JB-do-Distrito-Federal_Denio-Simoes_Agencia-Brasilia-300x200.webp 300w, https:\/\/www.mcjb.org.br\/portal\/wp-content\/uploads\/2024\/07\/Oeco_JB-do-Distrito-Federal_Denio-Simoes_Agencia-Brasilia-1024x683.webp 1024w, https:\/\/www.mcjb.org.br\/portal\/wp-content\/uploads\/2024\/07\/Oeco_JB-do-Distrito-Federal_Denio-Simoes_Agencia-Brasilia-768x512.webp 768w, https:\/\/www.mcjb.org.br\/portal\/wp-content\/uploads\/2024\/07\/Oeco_JB-do-Distrito-Federal_Denio-Simoes_Agencia-Brasilia-219x146.webp 219w, https:\/\/www.mcjb.org.br\/portal\/wp-content\/uploads\/2024\/07\/Oeco_JB-do-Distrito-Federal_Denio-Simoes_Agencia-Brasilia-50x33.webp 50w, https:\/\/www.mcjb.org.br\/portal\/wp-content\/uploads\/2024\/07\/Oeco_JB-do-Distrito-Federal_Denio-Simoes_Agencia-Brasilia-113x75.webp 113w, https:\/\/www.mcjb.org.br\/portal\/wp-content\/uploads\/2024\/07\/Oeco_JB-do-Distrito-Federal_Denio-Simoes_Agencia-Brasilia-600x400.webp 600w, https:\/\/www.mcjb.org.br\/portal\/wp-content\/uploads\/2024\/07\/Oeco_JB-do-Distrito-Federal_Denio-Simoes_Agencia-Brasilia.webp 1152w\" sizes=\"(max-width: 546px) 100vw, 546px\" \/><\/a><p id=\"caption-attachment-11396\" class=\"wp-caption-text\">Novo parque ecol\u00f3gico fica na regi\u00e3o administrativa do Jardim Bot\u00e2nico, no Distrito Federal. Foto: D\u00eanio Sim\u00f5es\/Ag\u00eancia Bras\u00edlia<\/p><\/div>\n<p style=\"text-align: justify;\"><span style=\"font-family: helvetica, arial, sans-serif; color: #000000;\">Ao impedir o projeto do parque para substituir por novos setores habitacionais &#8211; Alto Mangueiral e Crix\u00e1s &#8211; , o GDF sinaliza que esses anos de inferno astral s\u00e3o inevit\u00e1veis e longos.<br \/>\n<\/span><br \/>\n<span style=\"font-family: helvetica, arial, sans-serif; color: #000000;\">A pol\u00edtica do GDF de expans\u00e3o imobili\u00e1ria desenfreada sem investir em infraestrutura sinaliza um cen\u00e1rio que se desenha ca\u00f3tico: um aumento exponencial da demanda por servi\u00e7os p\u00fablicos que n\u00e3o ser\u00e3o supridos, colapso do sistema de transporte, degrada\u00e7\u00e3o da qualidade de vida e intensifica\u00e7\u00e3o da degrada\u00e7\u00e3o ambiental.<br \/>\n<\/span><br \/>\n<span style=\"font-family: helvetica, arial, sans-serif; color: #000000;\">A presidente da Associa\u00e7\u00e3o de Amigos do Jardins Mangueiral (AAJM), Caci Sassi, uma das institui\u00e7\u00f5es que mais vem lutando pela implementa\u00e7\u00e3o do Parque, afirma: \u201c<em>Ainda existe esperan\u00e7a! J\u00e1 havia uma previs\u00e3o dessa negativa, mas a comunidade n\u00e3o vai desistir. \u00c9 \u00f3bvio que essa briga tem a ver com quest\u00f5es legais, mas precisamos que o governo dialogue melhor e olhe com carinho para essa proposta, esse projeto do Parque do Mangueiral<\/em>\u201d.<br \/>\n<\/span><br \/>\n<span style=\"font-family: helvetica, arial, sans-serif; color: #000000;\">O Parque previa trilhas para caminhadas e ciclismo, al\u00e9m de espa\u00e7o para esportes ao ar livre. Mas o mais importante era proteger mananciais e nascentes, flora e fauna locais.<\/span><\/p>\n<p style=\"text-align: justify;\"><span style=\"font-family: helvetica, arial, sans-serif; color: #000000;\"><div class=\"su-box su-box-style-default\" id=\"\" style=\"border-color:#002a00;border-radius:3px;\"><div class=\"su-box-title\" style=\"background-color:#235d32;color:#ffffff;border-top-left-radius:1px;border-top-right-radius:1px\">CONTATO MCJB<\/div><div class=\"su-box-content su-u-clearfix su-u-trim\" style=\"border-bottom-left-radius:1px;border-bottom-right-radius:1px\"> <span class=\"selectable-text copyable-text\">Quer ficar por dentro de tudo o que acontece no Jardim Bot\u00e2nico? Entre no nosso grupo de not\u00edcias do whatsapp<br \/>\n\u27a1\ufe0f<\/span>\u00a0<strong><a style=\"color: #000000;\" href=\"https:\/\/chat.whatsapp.com\/I997tZ4naGxGq6Sq9q4ZzF\">Portal de Not\u00edcias &#8211; MCJB<\/a><\/strong><\/span><\/p>\n<p style=\"text-align: justify;\"><span style=\"font-family: helvetica, arial, sans-serif; color: #000000;\"><span style=\"vertical-align: inherit;\"><span style=\"vertical-align: inherit;\">\u27a1\ufe0f <\/span><\/span><span style=\"vertical-align: inherit;\"><span style=\"vertical-align: inherit;\">Siga-nos no Instagram<\/span><\/span><span style=\"vertical-align: inherit;\"><span style=\"vertical-align: inherit;\"> \ud83d\udcf7 <\/span><\/span><span style=\"vertical-align: inherit;\"><span style=\"vertical-align: inherit;\">ou no Facebook: <\/span><\/span><\/span><br \/>\n<span style=\"font-family: helvetica, arial, sans-serif; color: #000000;\"><strong><a style=\"color: #000000;\" href=\"http:\/\/instagram.com\/movimentojb\"><span style=\"vertical-align: inherit;\"><span style=\"vertical-align: inherit;\">Instagram <\/span><\/span><\/a><\/strong><\/span><br \/>\n<span style=\"font-family: helvetica, arial, sans-serif; color: #000000;\"><strong><a style=\"color: #000000;\" href=\"https:\/\/pt-br.facebook.com\/movimentojb\/\"><span style=\"vertical-align: inherit;\"><span style=\"vertical-align: inherit;\">Facebook\u00a0<\/span><\/span><\/a><\/strong><\/span><\/p>\n<p style=\"text-align: justify;\"><span style=\"font-family: helvetica, arial, sans-serif; color: #000000;\">\u27a1\ufe0f Ou acesse o nosso site para saber mais informa\u00e7\u00f5es: <a style=\"color: #000000;\" href=\"http:\/\/mcjb.org.br\/portal\"><strong>www.mcjb.org.br<\/strong><\/a><\/div><\/div><\/span><\/p>\n<p style=\"text-align: justify;\">\n","protected":false},"excerpt":{"rendered":"<p>A comunidade, que h\u00e1 anos luta pela pela cria\u00e7\u00e3o do parque e preserva\u00e7\u00e3o da \u00e1rea verde,  se sente decepcionada com o rev\u00e9s judicial, mas reitera seu compromisso com a causa ambiental. <\/p>\n","protected":false},"author":1,"featured_media":11392,"comment_status":"open","ping_status":"open","sticky":false,"template":"","format":"standard","meta":{"_exactmetrics_skip_tracking":false,"_exactmetrics_sitenote_active":false,"_exactmetrics_sitenote_note":"","_exactmetrics_sitenote_category":0,"footnotes":"","jetpack_publicize_message":"","jetpack_publicize_feature_enabled":true,"jetpack_social_post_already_shared":true,"jetpack_social_options":{"image_generator_settings":{"template":"highway","default_image_id":0,"font":"","enabled":false},"version":2}},"categories":[88,36,16],"tags":[1096,1124,208,91,20,408,21,43,47,671,48,826,990,41,217],"class_list":["post-11391","post","type-post","status-publish","format-standard","has-post-thumbnail","hentry","category-destaque","category-noticias","category-slider","tag-associacao-dos-amigos-do-jardins-mangueiral","tag-brasilia","tag-comunidade","tag-df-001","tag-jardim-botanico","tag-jardins-mangueiral","tag-mangueiral","tag-mcjb","tag-meio-ambiente","tag-movimento-comunitario","tag-noticias-comunitarias","tag-parque-ecologico-do-mangueiral","tag-parque-mangueiral","tag-setor-habitacional-tororo","tag-tororo"],"jetpack_publicize_connections":[],"jetpack_featured_media_url":"https:\/\/www.mcjb.org.br\/portal\/wp-content\/uploads\/2024\/07\/Parque.png","_links":{"self":[{"href":"https:\/\/www.mcjb.org.br\/portal\/wp-json\/wp\/v2\/posts\/11391","targetHints":{"allow":["GET"]}}],"collection":[{"href":"https:\/\/www.mcjb.org.br\/portal\/wp-json\/wp\/v2\/posts"}],"about":[{"href":"https:\/\/www.mcjb.org.br\/portal\/wp-json\/wp\/v2\/types\/post"}],"author":[{"embeddable":true,"href":"https:\/\/www.mcjb.org.br\/portal\/wp-json\/wp\/v2\/users\/1"}],"replies":[{"embeddable":true,"href":"https:\/\/www.mcjb.org.br\/portal\/wp-json\/wp\/v2\/comments?post=11391"}],"version-history":[{"count":6,"href":"https:\/\/www.mcjb.org.br\/portal\/wp-json\/wp\/v2\/posts\/11391\/revisions"}],"predecessor-version":[{"id":11399,"href":"https:\/\/www.mcjb.org.br\/portal\/wp-json\/wp\/v2\/posts\/11391\/revisions\/11399"}],"wp:featuredmedia":[{"embeddable":true,"href":"https:\/\/www.mcjb.org.br\/portal\/wp-json\/wp\/v2\/media\/11392"}],"wp:attachment":[{"href":"https:\/\/www.mcjb.org.br\/portal\/wp-json\/wp\/v2\/media?parent=11391"}],"wp:term":[{"taxonomy":"category","embeddable":true,"href":"https:\/\/www.mcjb.org.br\/portal\/wp-json\/wp\/v2\/categories?post=11391"},{"taxonomy":"post_tag","embeddable":true,"href":"https:\/\/www.mcjb.org.br\/portal\/wp-json\/wp\/v2\/tags?post=11391"}],"curies":[{"name":"wp","href":"https:\/\/api.w.org\/{rel}","templated":true}]}}