{"id":11181,"date":"2024-05-15T09:53:55","date_gmt":"2024-05-15T12:53:55","guid":{"rendered":"https:\/\/www.mcjb.org.br\/portal\/?p=11181"},"modified":"2024-05-15T11:41:51","modified_gmt":"2024-05-15T14:41:51","slug":"a-mobilidade-urbana-do-jardim-botanico-em-pauta-novas-acoes-podem-trazer-melhorias","status":"publish","type":"post","link":"https:\/\/www.mcjb.org.br\/portal\/slider\/a-mobilidade-urbana-do-jardim-botanico-em-pauta-novas-acoes-podem-trazer-melhorias\/","title":{"rendered":"A mobilidade urbana do Jardim Bot\u00e2nico em pauta: novas a\u00e7\u00f5es podem trazer melhorias"},"content":{"rendered":"<p style=\"text-align: right;\"><span style=\"font-family: helvetica, arial, sans-serif; color: #000000;\"><i><span style=\"font-weight: 400;\">Jardim Bot\u00e2nico, 14 de Maio de 2024<br \/>\n<\/span><\/i><\/span><span style=\"font-family: helvetica, arial, sans-serif; color: #000000;\"><i><span style=\"font-weight: 400;\">Por Camila Fleury &#8211; Reda\u00e7\u00e3o MCJB<\/span><\/i><\/span><\/p>\n<p style=\"text-align: justify;\"><span style=\"font-family: helvetica, arial, sans-serif; color: #000000;\"><i><span style=\"font-weight: 400;\">Na \u00faltima sexta-feira (10 de Maio), o Movimento Comunit\u00e1rio do Jardim Bot\u00e2nico (MCJB) reuniu-se com a Administra\u00e7\u00e3o Regional do Jardim Bot\u00e2nico (AdmJB) e a Secretaria de Transporte e Mobilidade do Distrito Federal (SEMOB). Na pauta, a melhoria da mobilidade urbana do Jardim Bot\u00e2nico.\u00a0\u00a0<\/span><\/i><\/span><\/p>\n<p style=\"text-align: justify;\"><span style=\"font-weight: 400; font-family: helvetica, arial, sans-serif; color: #000000;\">O secret\u00e1rio Zeno Jos\u00e9 e sua equipe, representantes da AdmJB e diretores do MCJB estiveram reunidos na sede da SEMOB para debater demandas importantes de interesse da comunidade do Jardim Bot\u00e2nico: o Plano de Mobilidade da regi\u00e3o, o t\u00e3o aguardado Terminal de \u00d4nibus do Jardim Bot\u00e2nico, mais linhas de\u00a0 transporte p\u00fablico para ampliar o atendimento e op\u00e7\u00f5es de vias alternativas de acessibilidade.<\/span><\/p>\n<div id=\"attachment_11184\" style=\"width: 433px\" class=\"wp-caption alignright\"><a href=\"https:\/\/www.mcjb.org.br\/portal\/wp-content\/uploads\/2024\/05\/20240510_112939-scaled.jpg\"><img fetchpriority=\"high\" decoding=\"async\" aria-describedby=\"caption-attachment-11184\" class=\"wp-image-11184 \" src=\"https:\/\/www.mcjb.org.br\/portal\/wp-content\/uploads\/2024\/05\/20240510_112939-300x225.jpg\" alt=\"\" width=\"423\" height=\"317\" srcset=\"https:\/\/www.mcjb.org.br\/portal\/wp-content\/uploads\/2024\/05\/20240510_112939-300x225.jpg 300w, https:\/\/www.mcjb.org.br\/portal\/wp-content\/uploads\/2024\/05\/20240510_112939-1024x768.jpg 1024w, https:\/\/www.mcjb.org.br\/portal\/wp-content\/uploads\/2024\/05\/20240510_112939-768x576.jpg 768w, https:\/\/www.mcjb.org.br\/portal\/wp-content\/uploads\/2024\/05\/20240510_112939-1536x1152.jpg 1536w, https:\/\/www.mcjb.org.br\/portal\/wp-content\/uploads\/2024\/05\/20240510_112939-2048x1536.jpg 2048w, https:\/\/www.mcjb.org.br\/portal\/wp-content\/uploads\/2024\/05\/20240510_112939-195x146.jpg 195w, https:\/\/www.mcjb.org.br\/portal\/wp-content\/uploads\/2024\/05\/20240510_112939-50x38.jpg 50w, https:\/\/www.mcjb.org.br\/portal\/wp-content\/uploads\/2024\/05\/20240510_112939-100x75.jpg 100w, https:\/\/www.mcjb.org.br\/portal\/wp-content\/uploads\/2024\/05\/20240510_112939-600x450.jpg 600w\" sizes=\"(max-width: 423px) 100vw, 423px\" \/><\/a><p id=\"caption-attachment-11184\" class=\"wp-caption-text\"><span style=\"color: #000000;\"><em><span style=\"font-size: 8pt; font-family: helvetica, arial, sans-serif;\">O secret\u00e1rio Zeno Jos\u00e9 e sua equipe, representantes da AdmJB e diretores do MCJB reunidos na sede da SEMOB.<\/span><\/em><\/span><\/p><\/div>\n<p style=\"text-align: justify;\"><span style=\"font-weight: 400; font-family: helvetica, arial, sans-serif; color: #000000;\">Segundo o secret\u00e1rio, j\u00e1 est\u00e1 em andamento a elabora\u00e7\u00e3o de um Plano Diretor de Transporte Urbano e Mobilidade do Distrito Federal (PDTU\/DF), que desta vez inclui a regi\u00e3o do Jardim Bot\u00e2nico. Em 2011 o bairro ficou de fora do\u00a0 plano original.\u00a0<\/span><\/p>\n<p style=\"text-align: justify;\"><span style=\"font-family: helvetica, arial, sans-serif; color: #000000;\"><span style=\"font-weight: 400;\">O novo PDTU tem um prazo de 16 meses para implementa\u00e7\u00e3o e, durante esse per\u00edodo, a SEMOB realizar\u00e1 debates p\u00fablicos com a comunidade para garantir que as necessidades de mobilidade local sejam atendidas. Al\u00e9m disso, a SEMOB solicitou apoio do MCJB para organizar as demandas da comunidade. O Movimento produziu junto com a Secretaria um formul\u00e1rio para que a comunidade possa participar desse debate sobre a mobilidade na regi\u00e3o. Para participar basta acessar o link <\/span><a style=\"color: #000000;\" href=\"https:\/\/forms.gle\/a2TkVFsjZbx3uVzE7\"><span style=\"font-weight: 400;\"><span style=\"color: #0000ff;\">https:\/\/forms.gle\/a2TkVFsjZbx3uVzE7<\/span><\/span><\/a><span style=\"font-weight: 400;\"> e responder as perguntas. Todas as respostas recebidas ser\u00e3o compiladas e compor\u00e3o um relat\u00f3rio de demandas comunit\u00e1rias a ser utilizado na formata\u00e7\u00e3o do\u00a0 PDTU para a regi\u00e3o.<\/span><\/span><\/p>\n<p style=\"text-align: justify;\"><span style=\"font-family: helvetica, arial, sans-serif; color: #000000;\"><span style=\"font-weight: 400;\">Sobre o impasse na constru\u00e7\u00e3o do terminal de \u00f4nibus da cidade, a SEMOB diz que est\u00e1 buscando junto com a AdmJB uma \u00e1rea adequada para a constru\u00e7\u00e3o do terminal e se comprometeu a apresentar uma resposta mais concreta sobre o local em at\u00e9 30 dias. <\/span><a style=\"color: #000000;\" href=\"https:\/\/www.mcjb.org.br\/portal\/slider\/jardim-botanico-sem-terminal-de-onibus-e-sem-plano-de-mobilidade\/\"><span style=\"font-weight: 400;\"><span style=\"color: #0000ff;\">Clique aqui e veja mat\u00e9ria sobre o terminal.<\/span><\/span><\/a><\/span><\/p>\n<p style=\"text-align: justify;\"><span style=\"font-weight: 400; font-family: helvetica, arial, sans-serif; color: #000000;\">Outra demanda importante da comunidade \u00e9 a reestrutura\u00e7\u00e3o das ciclovias da RA Jardim Bot\u00e2nico. Os moradores do JB utilizam as bicicletas para fazer pequenos trajetos dentro da cidade e muitos trechos das ciclovias da regi\u00e3o est\u00e3o em situa\u00e7\u00e3o prec\u00e1ria ou sem interliga\u00e7\u00e3o. Segundo a SEMOB, um plano de a\u00e7\u00e3o para a regi\u00e3o ser\u00e1 realizado em 60 dias. Outras solicita\u00e7\u00f5es que foquem melhorias nas ciclovias da regi\u00e3o podem ser encaminhadas \u00e0 SEMOB pelo formul\u00e1rio mencionado acima.<\/span><\/p>\n<div id=\"attachment_11192\" style=\"width: 294px\" class=\"wp-caption aligncenter\"><a href=\"https:\/\/www.mcjb.org.br\/portal\/wp-content\/uploads\/2024\/05\/ciclovia-jb-768x1024-1.jpeg\"><img decoding=\"async\" aria-describedby=\"caption-attachment-11192\" class=\" wp-image-11192\" src=\"https:\/\/www.mcjb.org.br\/portal\/wp-content\/uploads\/2024\/05\/ciclovia-jb-768x1024-1-225x300.jpeg\" alt=\"\" width=\"284\" height=\"379\" srcset=\"https:\/\/www.mcjb.org.br\/portal\/wp-content\/uploads\/2024\/05\/ciclovia-jb-768x1024-1-225x300.jpeg 225w, https:\/\/www.mcjb.org.br\/portal\/wp-content\/uploads\/2024\/05\/ciclovia-jb-768x1024-1-110x146.jpeg 110w, https:\/\/www.mcjb.org.br\/portal\/wp-content\/uploads\/2024\/05\/ciclovia-jb-768x1024-1-38x50.jpeg 38w, https:\/\/www.mcjb.org.br\/portal\/wp-content\/uploads\/2024\/05\/ciclovia-jb-768x1024-1-56x75.jpeg 56w, https:\/\/www.mcjb.org.br\/portal\/wp-content\/uploads\/2024\/05\/ciclovia-jb-768x1024-1-600x800.jpeg 600w, https:\/\/www.mcjb.org.br\/portal\/wp-content\/uploads\/2024\/05\/ciclovia-jb-768x1024-1.jpeg 768w\" sizes=\"(max-width: 284px) 100vw, 284px\" \/><\/a><p id=\"caption-attachment-11192\" class=\"wp-caption-text\"><span style=\"font-family: helvetica, arial, sans-serif; color: #000000;\"><em><span style=\"font-size: 8pt;\">Ciclovia entregue no Jardim Bot\u00e2nico, no ano de 2023. Foto: Poliana Costa &#8211; Jornal Daqui.<\/span><\/em><\/span><\/p><\/div>\n<p style=\"text-align: justify;\"><span style=\"font-weight: 400; font-family: helvetica, arial, sans-serif; color: #000000;\">A Secretaria tamb\u00e9m est\u00e1 planejando a implementa\u00e7\u00e3o de uma faixa exclusiva para \u00f4nibus na regi\u00e3o do Jardim Bot\u00e2nico, o que deve facilitar o deslocamento dos \u00f4nibus e melhorar a agilidade em meio ao tr\u00e2nsito.\u00a0<\/span><\/p>\n<p style=\"text-align: justify;\"><span style=\"font-family: helvetica, arial, sans-serif; color: #000000;\"><span style=\"font-weight: 400;\">Rose Marques, presidente do Movimento Comunit\u00e1rio do Jardim Bot\u00e2nico, argumentou sobre a real prioridade: \u201c<\/span><i><span style=\"font-weight: 400;\">n\u00e3o faz sentido termos uma faixa exclusiva de \u00f4nibus se n\u00e3o temos \u00f4nibus. Atualmente s\u00e3o apenas 7 linhas exclusivas para a comunidade do Jardim Bot\u00e2nico, n\u00e3o temos terminal, ou seja, essa faixa vai piorar a j\u00e1 ruim fluidez do nosso tr\u00e2nsito, prejudicando nossa comunidade e vai beneficiar comunidades vizinhas que t\u00eam Terminais e linhas de \u00f4nibus ativas. A prioridade \u00e9 o Terminal e mais linhas de \u00f4nibus para o Jardim Bot\u00e2nico, da\u00ed, sim, poderemos debater sobre faixa exclusiva na regi\u00e3o<\/span><\/i><span style=\"font-weight: 400;\">\u201d.<\/span><\/span><\/p>\n<p style=\"text-align: justify;\"><span style=\"font-family: helvetica, arial, sans-serif;\"><div class=\"su-box su-box-style-default\" id=\"\" style=\"border-color:#523800;border-radius:3px;\"><div class=\"su-box-title\" style=\"background-color:#856b03;color:#ffffff;border-top-left-radius:1px;border-top-right-radius:1px\">\ud83d\udcccParticipe da consulta p\u00fablica da SEMOB e do MCJB e ajude a melhorar a mobilidade no Jardim Bot\u00e2nico!<\/div><div class=\"su-box-content su-u-clearfix su-u-trim\" style=\"border-bottom-left-radius:1px;border-bottom-right-radius:1px\"> <span style=\"color: #000000;\">A Secretaria de Mobilidade Urbana (SEMOB), em parceria com o Movimento Comunit\u00e1rio do Jardim Bot\u00e2nico (MCJB), est\u00e1 abrindo uma pesquisa para que voc\u00ea possa compartilhar suas demandas, sugest\u00f5es e\/ou problemas acerca dos temas: mobilidade transporte p\u00fablico e ciclovias na cidade do Jardim Bot\u00e2nico.<\/span><\/span><\/p>\n<p style=\"text-align: justify;\"><span style=\"font-family: helvetica, arial, sans-serif;\"><span style=\"color: #000000;\">\ud83d\udcdd <strong>Acesse o formul\u00e1rio e deixe a sua sugest\u00e3o:<\/strong> <\/span><span style=\"color: #0000ff;\"><a style=\"color: #0000ff;\" href=\"https:\/\/forms.gle\/a2TkVFsjZbx3uVzE7\" target=\"_blank\" rel=\"noopener\">https:\/\/forms.gle\/a2TkVFsjZbx3uVzE7<\/a><\/span> <span style=\"color: #000000;\">A pesquisa \u00e9 r\u00e1pida, pr\u00e1tica e intuitiva, leva em torno de 2 minutos. <\/span><\/span><\/p>\n<p style=\"text-align: justify;\"><span style=\"font-family: helvetica, arial, sans-serif;\"><span style=\"color: #000000;\">Sua opini\u00e3o \u00e9 essencial para melhorar a mobilidade urbana do JB!<\/span> \ud83d\ude97<\/span><\/div><\/div>\n<p style=\"text-align: justify;\"><div class=\"su-box su-box-style-default\" id=\"\" style=\"border-color:#002a00;border-radius:3px;\"><div class=\"su-box-title\" style=\"background-color:#235d32;color:#ffffff;border-top-left-radius:1px;border-top-right-radius:1px\">CONTATO MCJB<\/div><div class=\"su-box-content su-u-clearfix su-u-trim\" style=\"border-bottom-left-radius:1px;border-bottom-right-radius:1px\"> <span class=\"selectable-text copyable-text\" style=\"font-family: helvetica, arial, sans-serif; color: #000000;\">Quer ficar por dentro de tudo o que acontece no Jardim Bot\u00e2nico? Entre no nosso grupo de not\u00edcias do whatsapp <span style=\"font-family: helvetica, arial, sans-serif;\">\u27a1\ufe0f<\/span><\/span><span style=\"font-family: helvetica, arial, sans-serif;\">\u00a0<span style=\"color: #008000;\"><strong><a style=\"color: #008000;\" href=\"https:\/\/chat.whatsapp.com\/I997tZ4naGxGq6Sq9q4ZzF\">Portal de Not\u00edcias &#8211; MCJB<\/a><\/strong><\/span><\/span><\/p>\n<p style=\"text-align: justify;\"><span style=\"font-family: helvetica, arial, sans-serif;\">\u27a1\ufe0f <span style=\"color: #000000;\">Siga-nos no Instagram<\/span> \ud83d\udcf7 <span style=\"color: #000000;\">ou no Facebook:<\/span><\/span><br \/>\n<span style=\"font-family: helvetica, arial, sans-serif; color: #008000;\"><strong><a style=\"color: #008000;\" href=\"http:\/\/instagram.com\/movimentojb\">Instagram<\/a><\/strong><\/span><br \/>\n<span style=\"font-family: helvetica, arial, sans-serif; color: #008000;\"><strong><a style=\"color: #008000;\" href=\"https:\/\/pt-br.facebook.com\/movimentojb\/\">Facebook\u00a0<\/a><\/strong><\/span><\/p>\n<p style=\"text-align: justify;\"><span style=\"font-family: helvetica, arial, sans-serif;\">\u27a1\ufe0f <span style=\"color: #000000;\">Ou acesse o nosso site para saber mais informa\u00e7\u00f5es:<\/span> <a href=\"http:\/\/mcjb.org.br\/portal\"><strong><span style=\"color: #008000;\">www.mcjb.org.br<\/span><\/strong><\/a><\/span><\/div><\/div>\n<p>&nbsp;<\/p>\n","protected":false},"excerpt":{"rendered":"<p>Na \u00faltima sexta-feira (10 de maio), o Movimento Comunit\u00e1rio do Jardim Bot\u00e2nico (MCJB) reuniu-se com a Administra\u00e7\u00e3o Regional do Jardim Bot\u00e2nico (AdmJB) e a Secretaria de Transporte e Mobilidade do Distrito Federal (SEMOB). Na pauta, a melhoria da mobilidade urbana do Jardim Bot\u00e2nico.<\/p>\n","protected":false},"author":1,"featured_media":11199,"comment_status":"open","ping_status":"open","sticky":false,"template":"","format":"standard","meta":{"_exactmetrics_skip_tracking":false,"_exactmetrics_sitenote_active":false,"_exactmetrics_sitenote_note":"","_exactmetrics_sitenote_category":0,"footnotes":"","jetpack_publicize_message":"","jetpack_publicize_feature_enabled":true,"jetpack_social_post_already_shared":true,"jetpack_social_options":{"image_generator_settings":{"template":"highway","default_image_id":0,"font":"","enabled":false},"version":2}},"categories":[88,36,16],"tags":[198,728,208,157,1119,40,1238,989,43,45,874,1253,1113,1114],"class_list":["post-11181","post","type-post","status-publish","format-standard","has-post-thumbnail","hentry","category-destaque","category-noticias","category-slider","tag-admjb","tag-ciclovia","tag-comunidade","tag-cps","tag-demandas-comunitarias","tag-ibram","tag-jaridm-botanico","tag-linhas-de-onibus","tag-mcjb","tag-mobilidade","tag-semob","tag-terminal-de-onibus","tag-terminal-rodoviario","tag-terminal-rodoviario-do-jb"],"jetpack_publicize_connections":[],"jetpack_featured_media_url":"https:\/\/www.mcjb.org.br\/portal\/wp-content\/uploads\/2024\/05\/terminal-de-onibus-site-2.png","_links":{"self":[{"href":"https:\/\/www.mcjb.org.br\/portal\/wp-json\/wp\/v2\/posts\/11181","targetHints":{"allow":["GET"]}}],"collection":[{"href":"https:\/\/www.mcjb.org.br\/portal\/wp-json\/wp\/v2\/posts"}],"about":[{"href":"https:\/\/www.mcjb.org.br\/portal\/wp-json\/wp\/v2\/types\/post"}],"author":[{"embeddable":true,"href":"https:\/\/www.mcjb.org.br\/portal\/wp-json\/wp\/v2\/users\/1"}],"replies":[{"embeddable":true,"href":"https:\/\/www.mcjb.org.br\/portal\/wp-json\/wp\/v2\/comments?post=11181"}],"version-history":[{"count":13,"href":"https:\/\/www.mcjb.org.br\/portal\/wp-json\/wp\/v2\/posts\/11181\/revisions"}],"predecessor-version":[{"id":11198,"href":"https:\/\/www.mcjb.org.br\/portal\/wp-json\/wp\/v2\/posts\/11181\/revisions\/11198"}],"wp:featuredmedia":[{"embeddable":true,"href":"https:\/\/www.mcjb.org.br\/portal\/wp-json\/wp\/v2\/media\/11199"}],"wp:attachment":[{"href":"https:\/\/www.mcjb.org.br\/portal\/wp-json\/wp\/v2\/media?parent=11181"}],"wp:term":[{"taxonomy":"category","embeddable":true,"href":"https:\/\/www.mcjb.org.br\/portal\/wp-json\/wp\/v2\/categories?post=11181"},{"taxonomy":"post_tag","embeddable":true,"href":"https:\/\/www.mcjb.org.br\/portal\/wp-json\/wp\/v2\/tags?post=11181"}],"curies":[{"name":"wp","href":"https:\/\/api.w.org\/{rel}","templated":true}]}}