{"id":11081,"date":"2024-03-28T11:19:43","date_gmt":"2024-03-28T14:19:43","guid":{"rendered":"https:\/\/www.mcjb.org.br\/portal\/?p=11081"},"modified":"2024-04-03T15:34:13","modified_gmt":"2024-04-03T18:34:13","slug":"censo-2022-jardim-botanico-e-a-regiao-que-mais-cresce-e-a-que-mais-sofre-com-a-falta-de-infraestrutura","status":"publish","type":"post","link":"https:\/\/www.mcjb.org.br\/portal\/slider\/censo-2022-jardim-botanico-e-a-regiao-que-mais-cresce-e-a-que-mais-sofre-com-a-falta-de-infraestrutura\/","title":{"rendered":"CENSO 2022: Jardim Bot\u00e2nico \u00e9 a regi\u00e3o que mais cresce e a que mais sofre com a falta de infraestrutura."},"content":{"rendered":"<p style=\"text-align: justify;\"><em><span style=\"font-weight: 400; font-family: helvetica, arial, sans-serif; color: #000000;\">O Jardim Bot\u00e2nico, uma das cidades de Bras\u00edlia, vive um momento de crescimento populacional e urbano acelerado. O ranking do CENSO de 2022, divulgado em Mar\u00e7o de 2024 pelo IBGE, coloca o Jardim Bot\u00e2nico como a 16\u00aa Regi\u00e3o Administrativa, dentre as trinta e tr\u00eas RAs, com popula\u00e7\u00e3o de 77.767 pessoas. <\/span><\/em><\/p>\n<p style=\"text-align: right;\"><span style=\"font-family: helvetica, arial, sans-serif; color: #000000;\"><em>Por Camila Fleury &#8211;\u00a0 Reda\u00e7\u00e3o MCJB &#8211; 27\/03\/2024.<\/em>\u00a0<\/span><\/p>\n<p style=\"text-align: justify;\"><span style=\"font-weight: 400; font-family: helvetica, arial, sans-serif; color: #000000;\">No entanto, esse desenvolvimento n\u00e3o \u00e9 equiparado \u00e0 oferta de servi\u00e7os b\u00e1sicos. O Governo do Distrito Federal (GDF) n\u00e3o supre a regi\u00e3o com equipamentos p\u00fablicos, de forma a atender a comunidade. Apesar de ser a 5\u00aa maior RA em territ\u00f3rio, o Jardim Bot\u00e2nico \u00e9 uma das comunidades mais carentes de equipamentos p\u00fablicos do DF e que depende completamente de outras regi\u00f5es, como a de S\u00e3o Sebasti\u00e3o, principalmente na seguran\u00e7a p\u00fablica, educa\u00e7\u00e3o e sa\u00fade.\u00a0<\/span><\/p>\n<p style=\"text-align: justify;\"><span style=\"font-weight: 400; font-family: helvetica, arial, sans-serif; color: #000000;\">A cidade n\u00e3o possui delegacia de pol\u00edcia pr\u00f3pria, obrigando os moradores a se deslocarem para outras regi\u00f5es para registrar boletim de ocorr\u00eancia ou buscar atendimento policial. O policiamento ostensivo continua ausente para uma regi\u00e3o que tamb\u00e9m tem relatos de crimes,\u00a0 como roubos e furtos.\u00a0<\/span><\/p>\n<p style=\"text-align: justify;\"><span style=\"font-weight: 400; font-family: helvetica, arial, sans-serif; color: #000000;\">Mas as \u2018inexist\u00eancias\u2019 continuam existindo em outras \u00e1reas cruciais, como a sa\u00fade. N\u00e3o h\u00e1 hospital ou UPA na regi\u00e3o.\u00a0 A \u00fanica unidade de sa\u00fade p\u00fablica dispon\u00edvel \u00e9 do Jardins Mangueiral, que se encontra\u00a0 superlotada com a demanda.<\/span><\/p>\n<p style=\"text-align: justify;\"><span style=\"font-weight: 400; font-family: helvetica, arial, sans-serif; color: #000000;\">O transporte p\u00fablico prec\u00e1rio dificulta a locomo\u00e7\u00e3o dos moradores. Viver sem carro no Jardim Bot\u00e2nico beira o pesadelo. Mas, para quem tem carro a afli\u00e7\u00e3o \u00e9 cotidiana, pois o tr\u00e2nsito \u00e9 um fator de estresse. (Veja na mat\u00e9ria publicada &#8211; <span style=\"color: #008000;\"><strong><a style=\"color: #008000;\" href=\"https:\/\/www.mcjb.org.br\/portal\/slider\/reuniao-do-mcjb-com-tecnicos-do-der-e-capitao-da-policia-militar-busca-solucoes-para-transito-no-jardim-botanico\/\" target=\"_blank\" rel=\"noopener\">Mat\u00e9ria sobre tr\u00e2nsito<\/a><\/strong><\/span>)<\/span><\/p>\n<p style=\"text-align: justify;\"><span style=\"font-weight: 400; font-family: helvetica, arial, sans-serif; color: #000000;\">Tudo isso deveria levar o\u00a0 GDF a desenvolver um novo olhar para a cidade do Jardim Bot\u00e2nico. Bairros menores e com menos tempo de exist\u00eancia, como Varj\u00e3o, Sia, Fercal e Candangol\u00e2ndia, j\u00e1 possuem equipamentos p\u00fablicos b\u00e1sicos, como batalh\u00e3o de pol\u00edcia militar, escolas e unidades de sa\u00fade. Essa realidade contrasta de forma ir\u00f4nica com a situa\u00e7\u00e3o do Jardim Bot\u00e2nico que, apesar de ser a 16\u00aa regi\u00e3o administrativa que mais cresce no Distrito Federal, ainda carece de infraestrutura b\u00e1sica e servi\u00e7os essenciais.<\/span><\/p>\n<p style=\"text-align: justify;\"><span style=\"font-weight: 400; font-family: helvetica, arial, sans-serif; color: #000000;\">\u00c9 importante ressaltar que o crescimento acelerado da cidade do Jardim Bot\u00e2nico j\u00e1 havia sido anunciado. Em 2019 avisamos que, ap\u00f3s uma reuni\u00e3o da PLC das poligonais, o redesenho proposto tornaria a RA-XXVII do Jardim Bot\u00e2nico a quinta maior do DF em extens\u00e3o geogr\u00e1fica e a 11\u00aa no ranking populacional. A proposta tinha como m\u00e9rito acertar os dados geogr\u00e1ficos. (Leia a mat\u00e9ria &#8211; <span style=\"color: #008000;\"><strong><a style=\"color: #008000;\" href=\"https:\/\/www.mcjb.org.br\/portal\/noticias\/jardim-botanico-podera-ser-5a-maior-ra-do-df\/\" target=\"_blank\" rel=\"noopener\">Jardim Bot\u00e2nico poder\u00e1 ser a 5\u00aa maior RA do DF<\/a><\/strong><\/span>)<\/span><\/p>\n<p style=\"text-align: justify;\"><span style=\"font-family: helvetica, arial, sans-serif; color: #000000;\"><b>Dados populacionais\u00a0<\/b><\/span><\/p>\n<p style=\"text-align: justify;\"><span style=\"font-weight: 400; font-family: helvetica, arial, sans-serif; color: #000000;\">Os dados do Censo 2022 revelam apenas a popula\u00e7\u00e3o das regi\u00f5es administrativas. Para um retrato mais completo da realidade do Jardim Bot\u00e2nico, \u00e9 preciso aguardar os dados da Pesquisa Domiciliar Amostral (PDAD) realizada pelo Instituto de Pesquisa e Estat\u00edstica do Distrito Federal (IPEDF Codeplan).<\/span><\/p>\n<p style=\"text-align: justify;\"><div class=\"su-box su-box-style-default\" id=\"\" style=\"border-color:#002a00;border-radius:3px;\"><div class=\"su-box-title\" style=\"background-color:#235d32;color:#ffffff;border-top-left-radius:1px;border-top-right-radius:1px\">CONTATO MCJB<\/div><div class=\"su-box-content su-u-clearfix su-u-trim\" style=\"border-bottom-left-radius:1px;border-bottom-right-radius:1px\"> <span class=\"selectable-text copyable-text\" style=\"font-family: helvetica, arial, sans-serif; color: #000000;\">Quer ficar por dentro de tudo o que acontece no Jardim Bot\u00e2nico? Entre no nosso grupo de not\u00edcias do whatsapp <span style=\"font-family: helvetica, arial, sans-serif;\">\u27a1\ufe0f<\/span><\/span><span style=\"font-family: helvetica, arial, sans-serif;\">\u00a0<span style=\"color: #008000;\"><strong><a style=\"color: #008000;\" href=\"https:\/\/chat.whatsapp.com\/I997tZ4naGxGq6Sq9q4ZzF\">Portal de Not\u00edcias &#8211; MCJB<\/a><\/strong><\/span><\/span><\/p>\n<p style=\"text-align: justify;\"><span style=\"font-family: helvetica, arial, sans-serif;\">\u27a1\ufe0f <span style=\"color: #000000;\">Siga-nos no Instagram<\/span> \ud83d\udcf7 <span style=\"color: #000000;\">ou no Facebook:<\/span><\/span><br \/>\n<span style=\"font-family: helvetica, arial, sans-serif; color: #008000;\"><strong><a style=\"color: #008000;\" href=\"http:\/\/instagram.com\/movimentojb\">Instagram<\/a><\/strong><\/span><br \/>\n<span style=\"font-family: helvetica, arial, sans-serif; color: #008000;\"><strong><a style=\"color: #008000;\" href=\"https:\/\/pt-br.facebook.com\/movimentojb\/\">Facebook\u00a0<\/a><\/strong><\/span><\/p>\n<p style=\"text-align: justify;\"><span style=\"font-family: helvetica, arial, sans-serif;\">\u27a1\ufe0f <span style=\"color: #000000;\">Ou acesse o nosso site para saber mais informa\u00e7\u00f5es:<\/span> <a href=\"http:\/\/mcjb.org.br\/portal\"><strong><span style=\"color: #008000;\">www.mcjb.org.br<\/span><\/strong><\/a><\/span><\/div><\/div>\n<p style=\"text-align: justify;\">\n","protected":false},"excerpt":{"rendered":"<p>O Jardim Bot\u00e2nico, uma das cidades sat\u00e9lites de Bras\u00edlia, vive um momento de crescimento populacional e urbano acelerado. O ranking do CENSO de 2022, divulgado em Mar\u00e7o de 2024 pelo IBGE, coloca o Jardim Bot\u00e2nico como a 16\u00aa Regi\u00e3o Administrativa, dentre as trinta e tr\u00eas RAs, com popula\u00e7\u00e3o de 77.767 pessoas. <\/p>\n","protected":false},"author":1,"featured_media":11082,"comment_status":"open","ping_status":"open","sticky":false,"template":"","format":"standard","meta":{"_exactmetrics_skip_tracking":false,"_exactmetrics_sitenote_active":false,"_exactmetrics_sitenote_note":"","_exactmetrics_sitenote_category":0,"footnotes":"","jetpack_publicize_message":"","jetpack_publicize_feature_enabled":true,"jetpack_social_post_already_shared":true,"jetpack_social_options":{"image_generator_settings":{"template":"highway","default_image_id":0,"font":"","enabled":false},"version":2}},"categories":[88,36,16],"tags":[1231,1232,813,1234,39,259,1233,20,1216,43,1214,904,1213,920,155],"class_list":["post-11081","post","type-post","status-publish","format-standard","has-post-thumbnail","hentry","category-destaque","category-noticias","category-slider","tag-censo","tag-dadospopulacionais","tag-equipamentos-publicos","tag-extensao-geografica","tag-gdf","tag-infraestrutura","tag-ipedf-codeplan","tag-jardim-botanico","tag-jardimbotanico","tag-mcjb","tag-movimento","tag-pdad","tag-portal-de-noticias","tag-ra","tag-saude"],"jetpack_publicize_connections":[],"jetpack_featured_media_url":"https:\/\/www.mcjb.org.br\/portal\/wp-content\/uploads\/2024\/03\/Site-CENSO-2022-.png","_links":{"self":[{"href":"https:\/\/www.mcjb.org.br\/portal\/wp-json\/wp\/v2\/posts\/11081","targetHints":{"allow":["GET"]}}],"collection":[{"href":"https:\/\/www.mcjb.org.br\/portal\/wp-json\/wp\/v2\/posts"}],"about":[{"href":"https:\/\/www.mcjb.org.br\/portal\/wp-json\/wp\/v2\/types\/post"}],"author":[{"embeddable":true,"href":"https:\/\/www.mcjb.org.br\/portal\/wp-json\/wp\/v2\/users\/1"}],"replies":[{"embeddable":true,"href":"https:\/\/www.mcjb.org.br\/portal\/wp-json\/wp\/v2\/comments?post=11081"}],"version-history":[{"count":2,"href":"https:\/\/www.mcjb.org.br\/portal\/wp-json\/wp\/v2\/posts\/11081\/revisions"}],"predecessor-version":[{"id":11086,"href":"https:\/\/www.mcjb.org.br\/portal\/wp-json\/wp\/v2\/posts\/11081\/revisions\/11086"}],"wp:featuredmedia":[{"embeddable":true,"href":"https:\/\/www.mcjb.org.br\/portal\/wp-json\/wp\/v2\/media\/11082"}],"wp:attachment":[{"href":"https:\/\/www.mcjb.org.br\/portal\/wp-json\/wp\/v2\/media?parent=11081"}],"wp:term":[{"taxonomy":"category","embeddable":true,"href":"https:\/\/www.mcjb.org.br\/portal\/wp-json\/wp\/v2\/categories?post=11081"},{"taxonomy":"post_tag","embeddable":true,"href":"https:\/\/www.mcjb.org.br\/portal\/wp-json\/wp\/v2\/tags?post=11081"}],"curies":[{"name":"wp","href":"https:\/\/api.w.org\/{rel}","templated":true}]}}