{"id":10965,"date":"2024-03-01T21:44:03","date_gmt":"2024-03-02T00:44:03","guid":{"rendered":"https:\/\/www.mcjb.org.br\/portal\/?p=10965"},"modified":"2024-03-01T21:51:32","modified_gmt":"2024-03-02T00:51:32","slug":"jardim-botanico-de-brasilia-divulga-trilhas-especiais-para-celebrar-seu-39o-aniversario","status":"publish","type":"post","link":"https:\/\/www.mcjb.org.br\/portal\/slider\/jardim-botanico-de-brasilia-divulga-trilhas-especiais-para-celebrar-seu-39o-aniversario\/","title":{"rendered":"Jardim Bot\u00e2nico de Bras\u00edlia divulga trilhas especiais para celebrar seu 39\u00ba anivers\u00e1rio"},"content":{"rendered":"<p style=\"text-align: justify;\"><em><span style=\"font-family: helvetica, arial, sans-serif; color: #000000;\">A programa\u00e7\u00e3o acontecer\u00e1 entre os dias 05 e 10 de mar\u00e7o, no Jardim Bot\u00e2nico de Bras\u00edlia, com a\u00e7\u00f5es culturais, ambientais e trilhas ecol\u00f3gicas especiais para a data. As vagas para participar das trilhas s\u00e3o limitadas!\u00a0<\/span><\/em><\/p>\n<p style=\"text-align: right;\"><span style=\"font-family: helvetica, arial, sans-serif; color: #000000;\"><em>Por Camila Fleury &#8211;\u00a0 Reda\u00e7\u00e3o MCJB &#8211; 01\/03\/2024.<\/em>\u00a0<\/span><\/p>\n<p style=\"text-align: justify;\"><span style=\"font-family: helvetica, arial, sans-serif; color: #000000;\">O Jardim Bot\u00e2nico de Bras\u00edlia est\u00e1 completando 39 anos com uma programa\u00e7\u00e3o imperd\u00edvel para quem ama a natureza. Entre os dias 05 e 10 de mar\u00e7o, a popula\u00e7\u00e3o de Bras\u00edlia poder\u00e1 desbravar as belezas naturais da esta\u00e7\u00e3o ecol\u00f3gica do Jardim Bot\u00e2nico que possui um toque de hist\u00f3ria, com constru\u00e7\u00f5es antigas e s\u00edtios arqueol\u00f3gicos que revelam um passado rico e intrigante. Al\u00e9m disso, na programa\u00e7\u00e3o do evento constam oficinas artesanato, educa\u00e7\u00e3o ambiental, shows culturais e espet\u00e1culos de teatro.<\/span><\/p>\n<p style=\"text-align: justify;\"><span style=\"font-family: helvetica, arial, sans-serif; color: #000000;\">Ser\u00e3o oferecidas duas trilhas especiais para a data que envolvem exerc\u00edcios f\u00edsicos com conhecimento e podem ser realizadas em fam\u00edlia. As inscri\u00e7\u00f5es para as atividades precisam ser realizadas com anteced\u00eancia pelo formul\u00e1rio de inscri\u00e7\u00e3o dispon\u00edvel no site do JBB\u00a0<a style=\"color: #000000;\" href=\"https:\/\/forms.gle\/Zb3jPpt3XdaDXYDHA\"><span style=\"color: #008000;\"><strong>(clique aqui).<\/strong><\/span><\/a><\/span><\/p>\n<p><a href=\"https:\/\/www.mcjb.org.br\/portal\/wp-content\/uploads\/2024\/03\/SITEeeee-Jardim-Botanico-de-Brasilia-divulga-trilhas-especiais-para-celebrar-seu-39o-aniversario.png\"><img fetchpriority=\"high\" decoding=\"async\" class=\"alignnone wp-image-10975 size-full\" src=\"https:\/\/www.mcjb.org.br\/portal\/wp-content\/uploads\/2024\/03\/SITEeeee-Jardim-Botanico-de-Brasilia-divulga-trilhas-especiais-para-celebrar-seu-39o-aniversario.png\" alt=\"\" width=\"900\" height=\"500\" srcset=\"https:\/\/www.mcjb.org.br\/portal\/wp-content\/uploads\/2024\/03\/SITEeeee-Jardim-Botanico-de-Brasilia-divulga-trilhas-especiais-para-celebrar-seu-39o-aniversario.png 900w, https:\/\/www.mcjb.org.br\/portal\/wp-content\/uploads\/2024\/03\/SITEeeee-Jardim-Botanico-de-Brasilia-divulga-trilhas-especiais-para-celebrar-seu-39o-aniversario-300x167.png 300w, https:\/\/www.mcjb.org.br\/portal\/wp-content\/uploads\/2024\/03\/SITEeeee-Jardim-Botanico-de-Brasilia-divulga-trilhas-especiais-para-celebrar-seu-39o-aniversario-768x427.png 768w, https:\/\/www.mcjb.org.br\/portal\/wp-content\/uploads\/2024\/03\/SITEeeee-Jardim-Botanico-de-Brasilia-divulga-trilhas-especiais-para-celebrar-seu-39o-aniversario-260x144.png 260w, https:\/\/www.mcjb.org.br\/portal\/wp-content\/uploads\/2024\/03\/SITEeeee-Jardim-Botanico-de-Brasilia-divulga-trilhas-especiais-para-celebrar-seu-39o-aniversario-50x28.png 50w, https:\/\/www.mcjb.org.br\/portal\/wp-content\/uploads\/2024\/03\/SITEeeee-Jardim-Botanico-de-Brasilia-divulga-trilhas-especiais-para-celebrar-seu-39o-aniversario-135x75.png 135w, https:\/\/www.mcjb.org.br\/portal\/wp-content\/uploads\/2024\/03\/SITEeeee-Jardim-Botanico-de-Brasilia-divulga-trilhas-especiais-para-celebrar-seu-39o-aniversario-600x333.png 600w\" sizes=\"(max-width: 900px) 100vw, 900px\" \/><\/a><\/p>\n<p style=\"font-weight: 300; text-align: justify;\"><span style=\"font-family: helvetica, arial, sans-serif; color: #000000;\"><b><strong>Trilha de Imers\u00e3o no Cerrado<\/strong><\/b><\/span><br \/>\n<span style=\"font-family: helvetica, arial, sans-serif; color: #000000;\">A Trilha de Imers\u00e3o no Cerrado percorrer\u00e1, nos dias 06 e 07 de mar\u00e7o, a tradicional Trilha Krah\u00f4 do Jardim Bot\u00e2nico de Bras\u00edlia. Esse caminho usa o nome para homenagear os povos ind\u00edgenas krah\u00f4s que j\u00e1 viveram na regi\u00e3o do JBB e hoje vivem ao norte do Tocantins. A trilha, que tem cerca de 2 quil\u00f4metros, percorre duas fitofisionomias do Cerrado: o cerrado t\u00edpico, caracterizado pelas \u00e1rvores baixas, inclinadas e tortuosas, com ramifica\u00e7\u00f5es irregulares e retorcidas, e a mata de galeria, com uma das 25 nascentes j\u00e1 catalogadas no JBB.<\/span><\/p>\n<p style=\"font-weight: 300; text-align: justify;\"><span style=\"font-family: helvetica, arial, sans-serif; color: #000000;\">O passeio ser\u00e1 guiado por educadores ambientais do Jardim Bot\u00e2nico de Bras\u00edlia e mediado com temas ligados ao cerrado e a hist\u00f3ria do JBB, com dura\u00e7\u00e3o de 1h30 a 2h.<\/span><br \/>\n<span style=\"font-family: helvetica, arial, sans-serif; color: #000000;\">Para esta a\u00e7\u00e3o, as inscri\u00e7\u00f5es s\u00e3o limitadas e poder\u00e3o ser realizadas com anteced\u00eancia pelo formul\u00e1rio de inscri\u00e7\u00e3o dispon\u00edvel no site do JBB\u00a0<a style=\"color: #000000;\" href=\"https:\/\/forms.gle\/Zb3jPpt3XdaDXYDHA\">(<strong><span style=\"color: #008000;\">clique aqui para se inscrever<\/span><\/strong>)<\/a>.<\/span><\/p>\n<p style=\"font-weight: 300; text-align: justify;\"><span style=\"font-family: helvetica, arial, sans-serif; color: #000000;\"><b><strong>Caminhada Sensorial<\/strong><\/b><\/span><br \/>\n<span style=\"font-family: helvetica, arial, sans-serif; color: #000000;\">A Caminhada Sensorial permite aos participantes uma percep\u00e7\u00e3o mais agu\u00e7ada do Jardim Bot\u00e2nico de Bras\u00edlia. A ideia da caminhada \u00e9 oferecer aos participantes uma experi\u00eancia sensorial, com os cinco sentidos:\u00a0<b><strong>vis\u00e3o<\/strong><\/b>\u00a0com visita\u00e7\u00e3o ao Jardim Evolutivo, a\u00a0<b><strong>audi\u00e7\u00e3o<\/strong><\/b>\u00a0no Orquid\u00e1rio, o\u00a0<b><strong>olfato<\/strong><\/b>\u00a0no Jardim de Cheiros, o\u00a0<b><strong>tato<\/strong><\/b>\u00a0no plantio de mudas do cerrado e o\u00a0<b><strong>paladar<\/strong><\/b>\u00a0na degusta\u00e7\u00e3o de quitutes feitos com frutos do cerrado no Jardim Japon\u00eas. O passeio acontecer\u00e1 no dia 10 de mar\u00e7o, domingo, com credenciamento \u00e0s 09h para inscritos com anteced\u00eancia no formul\u00e1rio do projeto\u00a0<a style=\"color: #000000;\" href=\"https:\/\/forms.gle\/Zb3jPpt3XdaDXYDHA\">(<span style=\"color: #008000;\"><strong>clique aqui para se inscrever<\/strong><\/span>).<\/a><\/span><br \/>\n<span style=\"font-family: helvetica, arial, sans-serif; color: #000000;\">\u00a0<\/span><\/p>\n<p style=\"font-weight: 300; text-align: justify;\"><span style=\"font-family: helvetica, arial, sans-serif; color: #000000;\"><em>\u201cA Caminhada Sensorial vai ser uma experi\u00eancia muito rica de reconex\u00e3o com a natureza. Nossos visitantes ter\u00e3o novas percep\u00e7\u00f5es sobre as belezas presentes no JBB\u201d, <\/em>disse a educadora ambiental Ana Beatriz que estar\u00e1 na equipe de guias das a\u00e7\u00f5es.<\/span><\/p>\n<p style=\"font-weight: 300;\"><span style=\"font-family: helvetica, arial, sans-serif; color: #000000;\">Confira o mapa oficial de trilhas:<\/span><\/p>\n<p><a href=\"https:\/\/www.mcjb.org.br\/portal\/wp-content\/uploads\/2024\/03\/pasted-image-0.png\"><img decoding=\"async\" class=\"alignnone wp-image-10967 size-full\" src=\"https:\/\/www.mcjb.org.br\/portal\/wp-content\/uploads\/2024\/03\/pasted-image-0.png\" alt=\"\" width=\"630\" height=\"446\" srcset=\"https:\/\/www.mcjb.org.br\/portal\/wp-content\/uploads\/2024\/03\/pasted-image-0.png 630w, https:\/\/www.mcjb.org.br\/portal\/wp-content\/uploads\/2024\/03\/pasted-image-0-300x212.png 300w, https:\/\/www.mcjb.org.br\/portal\/wp-content\/uploads\/2024\/03\/pasted-image-0-206x146.png 206w, https:\/\/www.mcjb.org.br\/portal\/wp-content\/uploads\/2024\/03\/pasted-image-0-50x35.png 50w, https:\/\/www.mcjb.org.br\/portal\/wp-content\/uploads\/2024\/03\/pasted-image-0-106x75.png 106w, https:\/\/www.mcjb.org.br\/portal\/wp-content\/uploads\/2024\/03\/pasted-image-0-600x425.png 600w\" sizes=\"(max-width: 630px) 100vw, 630px\" \/><\/a><\/p>\n<p style=\"font-weight: 300; text-align: justify;\"><strong><span style=\"font-family: helvetica, arial, sans-serif; color: #000000;\">Participe das a\u00e7\u00f5es do 39\u00ba anivers\u00e1rio do Jardim Bot\u00e2nico de Bras\u00edlia.<\/span><\/strong><\/p>\n<p style=\"font-weight: 300; text-align: justify;\"><span style=\"font-family: helvetica, arial, sans-serif; color: #000000;\">05 a 10 de mar\u00e7o, com a\u00e7\u00f5es culturais, ambientais e trilhas ecol\u00f3gicas especiais para a data com formul\u00e1rio de inscri\u00e7\u00e3o dispon\u00edvel no site do JBB. Atividades com hor\u00e1rios distintos que podem ser conferidas no site:<span style=\"color: #008000;\"><strong><a style=\"color: #008000;\" href=\"https:\/\/www.jardimbotanico.df.gov.br\/\">\u00a0https:\/\/www.jardimbotanico.df.gov.br\/<\/a><\/strong><\/span><\/span><\/p>\n<p><strong><span style=\"font-family: helvetica, arial, sans-serif; color: #000000;\">Trilha de Imers\u00e3o no Cerrado \u2013 vagas limitadas:\u00a0<\/span><\/strong><\/p>\n<p style=\"font-weight: 300; text-align: justify;\"><span style=\"font-family: helvetica, arial, sans-serif; color: #000000;\">06\/03 \u2013 09h \u2013 Abertura e acolhimento dos participantes<\/span><\/p>\n<p style=\"font-weight: 300; text-align: justify;\"><span style=\"font-family: helvetica, arial, sans-serif; color: #000000;\">07\/03 \u2013 09h \u2013 Abertura e acolhimento dos participantes<\/span><\/p>\n<p style=\"font-weight: 300; text-align: justify;\"><strong><span style=\"font-family: helvetica, arial, sans-serif; color: #000000;\">Caminhada Sensorial \u2013 vagas limitadas:<\/span><\/strong><\/p>\n<p style=\"font-weight: 300; text-align: justify;\"><span style=\"font-family: helvetica, arial, sans-serif; color: #000000;\">10\/03 \u2013 09h \u2013 Abertura e acolhimento dos participantes<\/span><\/p>\n<p>&nbsp;<\/p>\n<p style=\"text-align: center;\"><strong><span style=\"font-family: helvetica, arial, sans-serif; color: #000000; font-size: 14pt;\">Esperamos por voc\u00ea!\u00a0<\/span><\/strong><\/p>\n<p><a href=\"https:\/\/www.mcjb.org.br\/portal\/wp-content\/uploads\/2024\/03\/Footer-39a-Aniversario-do-Jardim-Botanico-de-Brasilia.png\"><img decoding=\"async\" class=\"wp-image-10968 size-full aligncenter\" src=\"https:\/\/www.mcjb.org.br\/portal\/wp-content\/uploads\/2024\/03\/Footer-39a-Aniversario-do-Jardim-Botanico-de-Brasilia.png\" alt=\"\" width=\"871\" height=\"148\" srcset=\"https:\/\/www.mcjb.org.br\/portal\/wp-content\/uploads\/2024\/03\/Footer-39a-Aniversario-do-Jardim-Botanico-de-Brasilia.png 871w, https:\/\/www.mcjb.org.br\/portal\/wp-content\/uploads\/2024\/03\/Footer-39a-Aniversario-do-Jardim-Botanico-de-Brasilia-300x51.png 300w, https:\/\/www.mcjb.org.br\/portal\/wp-content\/uploads\/2024\/03\/Footer-39a-Aniversario-do-Jardim-Botanico-de-Brasilia-768x130.png 768w, https:\/\/www.mcjb.org.br\/portal\/wp-content\/uploads\/2024\/03\/Footer-39a-Aniversario-do-Jardim-Botanico-de-Brasilia-260x44.png 260w, https:\/\/www.mcjb.org.br\/portal\/wp-content\/uploads\/2024\/03\/Footer-39a-Aniversario-do-Jardim-Botanico-de-Brasilia-50x8.png 50w, https:\/\/www.mcjb.org.br\/portal\/wp-content\/uploads\/2024\/03\/Footer-39a-Aniversario-do-Jardim-Botanico-de-Brasilia-150x25.png 150w, https:\/\/www.mcjb.org.br\/portal\/wp-content\/uploads\/2024\/03\/Footer-39a-Aniversario-do-Jardim-Botanico-de-Brasilia-600x102.png 600w\" sizes=\"(max-width: 871px) 100vw, 871px\" \/><\/a><\/p>\n<p>&nbsp;<\/p>\n<p style=\"text-align: justify;\"><div class=\"su-box su-box-style-default\" id=\"\" style=\"border-color:#002a00;border-radius:3px;\"><div class=\"su-box-title\" style=\"background-color:#235d32;color:#ffffff;border-top-left-radius:1px;border-top-right-radius:1px\">CONTATO MCJB<\/div><div class=\"su-box-content su-u-clearfix su-u-trim\" style=\"border-bottom-left-radius:1px;border-bottom-right-radius:1px\"> <span class=\"selectable-text copyable-text\" style=\"font-family: helvetica, arial, sans-serif; color: #000000;\">Quer ficar por dentro de tudo o que acontece no Jardim Bot\u00e2nico? Entre no nosso grupo de not\u00edcias do whatsapp <span style=\"font-family: helvetica, arial, sans-serif;\">\u27a1\ufe0f<\/span><\/span><span style=\"font-family: helvetica, arial, sans-serif;\">\u00a0<span style=\"color: #008000;\"><strong><a style=\"color: #008000;\" href=\"https:\/\/chat.whatsapp.com\/K4yrni5pTtm019gzeGxHTL\">Portal de Not\u00edcias &#8211; MCJB<\/a><\/strong><\/span><\/span><\/p>\n<p style=\"text-align: justify;\"><span style=\"font-family: helvetica, arial, sans-serif;\">\u27a1\ufe0f <span style=\"color: #000000;\">Siga-nos no Instagram<\/span> \ud83d\udcf7 <span style=\"color: #000000;\">ou no Facebook:<\/span><\/span><br \/>\n<span style=\"font-family: helvetica, arial, sans-serif; color: #008000;\"><strong><a style=\"color: #008000;\" href=\"http:\/\/instagram.com\/movimentojb\">Instagram<\/a><\/strong><\/span><br \/>\n<span style=\"font-family: helvetica, arial, sans-serif; color: #008000;\"><strong><a style=\"color: #008000;\" href=\"https:\/\/pt-br.facebook.com\/movimentojb\/\">Facebook\u00a0<\/a><\/strong><\/span><\/p>\n<p style=\"text-align: justify;\"><span style=\"font-family: helvetica, arial, sans-serif;\">\u27a1\ufe0f <span style=\"color: #000000;\">Ou acesse o nosso site para saber mais informa\u00e7\u00f5es:<\/span> <a href=\"http:\/\/mcjb.org.br\/portal\"><strong><span style=\"color: #008000;\">www.mcjb.org.br<\/span><\/strong><\/a><\/span><\/div><\/div>\n<p style=\"text-align: justify;\">\n","protected":false},"excerpt":{"rendered":"<p>A programa\u00e7\u00e3o acontecer\u00e1 entre os dias 05 e 10 de mar\u00e7o, no Jardim Bot\u00e2nico de Bras\u00edlia, com a\u00e7\u00f5es culturais, ambientais e trilhas ecol\u00f3gicas especiais para a data. As vagas para participar das trilhas s\u00e3o limitadas! <\/p>\n","protected":false},"author":1,"featured_media":10973,"comment_status":"open","ping_status":"open","sticky":false,"template":"","format":"standard","meta":{"_exactmetrics_skip_tracking":false,"_exactmetrics_sitenote_active":false,"_exactmetrics_sitenote_note":"","_exactmetrics_sitenote_category":0,"footnotes":"","jetpack_publicize_message":"","jetpack_publicize_feature_enabled":true,"jetpack_social_post_already_shared":true,"jetpack_social_options":{"image_generator_settings":{"template":"highway","default_image_id":0,"font":"","enabled":false},"version":2}},"categories":[88,36,16],"tags":[1218,1217,1221,1131,1211,20,1216,43,1214,279,1213,1220,1222,1219],"class_list":["post-10965","post","type-post","status-publish","format-standard","has-post-thumbnail","hentry","category-destaque","category-noticias","category-slider","tag-39anosjbb","tag-aniversariojbb","tag-artistico","tag-cerrado","tag-institucional","tag-jardim-botanico","tag-jardimbotanico","tag-mcjb","tag-movimento","tag-natureza","tag-portal-de-noticias","tag-sensorial","tag-setur","tag-trilha"],"jetpack_publicize_connections":[],"jetpack_featured_media_url":"https:\/\/www.mcjb.org.br\/portal\/wp-content\/uploads\/2024\/03\/SITE-Jardim-Botanico-de-Brasilia-divulga-trilhas-especiais-para-celebrar-seu-39o-aniversario.png","_links":{"self":[{"href":"https:\/\/www.mcjb.org.br\/portal\/wp-json\/wp\/v2\/posts\/10965","targetHints":{"allow":["GET"]}}],"collection":[{"href":"https:\/\/www.mcjb.org.br\/portal\/wp-json\/wp\/v2\/posts"}],"about":[{"href":"https:\/\/www.mcjb.org.br\/portal\/wp-json\/wp\/v2\/types\/post"}],"author":[{"embeddable":true,"href":"https:\/\/www.mcjb.org.br\/portal\/wp-json\/wp\/v2\/users\/1"}],"replies":[{"embeddable":true,"href":"https:\/\/www.mcjb.org.br\/portal\/wp-json\/wp\/v2\/comments?post=10965"}],"version-history":[{"count":4,"href":"https:\/\/www.mcjb.org.br\/portal\/wp-json\/wp\/v2\/posts\/10965\/revisions"}],"predecessor-version":[{"id":10976,"href":"https:\/\/www.mcjb.org.br\/portal\/wp-json\/wp\/v2\/posts\/10965\/revisions\/10976"}],"wp:featuredmedia":[{"embeddable":true,"href":"https:\/\/www.mcjb.org.br\/portal\/wp-json\/wp\/v2\/media\/10973"}],"wp:attachment":[{"href":"https:\/\/www.mcjb.org.br\/portal\/wp-json\/wp\/v2\/media?parent=10965"}],"wp:term":[{"taxonomy":"category","embeddable":true,"href":"https:\/\/www.mcjb.org.br\/portal\/wp-json\/wp\/v2\/categories?post=10965"},{"taxonomy":"post_tag","embeddable":true,"href":"https:\/\/www.mcjb.org.br\/portal\/wp-json\/wp\/v2\/tags?post=10965"}],"curies":[{"name":"wp","href":"https:\/\/api.w.org\/{rel}","templated":true}]}}