{"id":10961,"date":"2024-03-01T17:06:17","date_gmt":"2024-03-01T20:06:17","guid":{"rendered":"https:\/\/www.mcjb.org.br\/portal\/?p=10961"},"modified":"2024-03-01T17:06:17","modified_gmt":"2024-03-01T20:06:17","slug":"comunidade-do-jb-quer-decidir-seu-futuro","status":"publish","type":"post","link":"https:\/\/www.mcjb.org.br\/portal\/slider\/comunidade-do-jb-quer-decidir-seu-futuro\/","title":{"rendered":"Comunidade do JB quer decidir seu futuro!"},"content":{"rendered":"<p style=\"text-align: justify;\"><span style=\"font-family: helvetica, arial, sans-serif; color: #000000;\"><i><span style=\"font-weight: 400;\">Em reuni\u00e3o com a administra\u00e7\u00e3o regional, s\u00edndicos locais enfatizam ser fundamental que a comunidade seja protagonista das decis\u00f5es de seu futuro.<\/span><\/i><\/span><\/p>\n<p style=\"text-align: right;\"><em><span style=\"font-family: helvetica, arial, sans-serif; color: #000000;\">Por Camila Fleury &#8211; Reda\u00e7\u00e3o MC JB &#8211; 01\/03\/2024.<\/span><\/em><\/p>\n<p style=\"text-align: justify;\"><span style=\"font-weight: 400; font-family: helvetica, arial, sans-serif; color: #000000;\">Nesta quinta-feira (29\/02) aconteceu mais uma reuni\u00e3o decisiva para o futuro da cidade do Jardim Bot\u00e2nico. S\u00edndicos e lideran\u00e7as de condom\u00ednios e associa\u00e7\u00f5es vinculados ao Movimento Comunit\u00e1rio do Jardim Bot\u00e2nico estiveram na Administra\u00e7\u00e3o do JB para encaminhar e firmar o compromisso da cria\u00e7\u00e3o do Conselho Local de Planejamento do Jardim Bot\u00e2nico (CLPJB), muito esperado e solicitado pela comunidade.<\/span><\/p>\n<p style=\"text-align: justify;\"><span style=\"font-weight: 400; font-family: helvetica, arial, sans-serif; color: #000000;\">Na Administra\u00e7\u00e3o foram informados que a publica\u00e7\u00e3o do Edital\u00a0 para candidatura dos membros da sociedade civil para o Conselho j\u00e1 foi solicitada.\u00a0<\/span><\/p>\n<p style=\"text-align: justify;\"><span style=\"font-family: helvetica, arial, sans-serif; color: #000000;\"><i><span style=\"font-weight: 400;\">\u201cEsperamos que se cumpram os prazos de, no m\u00e1ximo em 40 ou 50 dias,. Neste prazo j\u00e1 teremos membros eleitos\u201d, <\/span><\/i><span style=\"font-weight: 400;\">disse Livino Silva, presidente do Conselho Comunit\u00e1rio de Seguran\u00e7a do Jardim Bot\u00e2nico (CONSEG).<\/span><\/span><\/p>\n<p style=\"text-align: justify;\"><span style=\"font-weight: 400; font-family: helvetica, arial, sans-serif; color: #000000;\">O CLP-JB integrar\u00e1 o sistema dos \u00f3rg\u00e3os colegiados que amparam o governo do Distrito Federal na tomada de decis\u00f5es. Os conselheiros atuam como agentes multiplicadores, auxiliando no encaminhamento das demandas comunit\u00e1rias, que subsidiam a escolha e o desenvolvimento de projetos do GDF. O Conselho tem car\u00e1ter consultivo, mas pode propor sugest\u00f5es aos \u00f3rg\u00e3os de planejamento do governo. Os conselhos de planejamento (CLPs) indicam os integrantes da CUP (Conselhos das Unidades de Planejamento).<\/span><\/p>\n<p style=\"text-align: justify;\"><span style=\"font-family: helvetica, arial, sans-serif; color: #000000;\"><i><span style=\"font-weight: 400;\">\u201cA cria\u00e7\u00e3o do conselho \u00e9 extremamente importante porque ele empodera a comunidade com acesso ao planejamento da cidade, o que vir\u00e1 nos demais anos, como ser\u00e1 constru\u00edda as melhorias desta cidade. \u00c9 importante que a comunidade participe do conselho de maneira consciente e efetiva para que a cidade do Jardim Bot\u00e2nico avance\u201d, <\/span><\/i><span style=\"font-weight: 400;\">comenta Rose Marques, presidente do Movimento Comunit\u00e1rio do Jardim Bot\u00e2nico (MCJB).<\/span><\/span><\/p>\n<p><a href=\"https:\/\/www.mcjb.org.br\/portal\/wp-content\/uploads\/2024\/03\/Comunidade-do-JB-quer-decidir-seu-futuro.png\"><img fetchpriority=\"high\" decoding=\"async\" class=\"alignnone wp-image-10962 size-full\" src=\"https:\/\/www.mcjb.org.br\/portal\/wp-content\/uploads\/2024\/03\/Comunidade-do-JB-quer-decidir-seu-futuro.png\" alt=\"\" width=\"900\" height=\"500\" srcset=\"https:\/\/www.mcjb.org.br\/portal\/wp-content\/uploads\/2024\/03\/Comunidade-do-JB-quer-decidir-seu-futuro.png 900w, https:\/\/www.mcjb.org.br\/portal\/wp-content\/uploads\/2024\/03\/Comunidade-do-JB-quer-decidir-seu-futuro-300x167.png 300w, https:\/\/www.mcjb.org.br\/portal\/wp-content\/uploads\/2024\/03\/Comunidade-do-JB-quer-decidir-seu-futuro-768x427.png 768w, https:\/\/www.mcjb.org.br\/portal\/wp-content\/uploads\/2024\/03\/Comunidade-do-JB-quer-decidir-seu-futuro-260x144.png 260w, https:\/\/www.mcjb.org.br\/portal\/wp-content\/uploads\/2024\/03\/Comunidade-do-JB-quer-decidir-seu-futuro-50x28.png 50w, https:\/\/www.mcjb.org.br\/portal\/wp-content\/uploads\/2024\/03\/Comunidade-do-JB-quer-decidir-seu-futuro-135x75.png 135w, https:\/\/www.mcjb.org.br\/portal\/wp-content\/uploads\/2024\/03\/Comunidade-do-JB-quer-decidir-seu-futuro-600x333.png 600w\" sizes=\"(max-width: 900px) 100vw, 900px\" \/><\/a><\/p>\n<p style=\"text-align: justify;\"><span style=\"font-weight: 400; font-family: helvetica, arial, sans-serif; color: #000000;\">Vale lembrar que na \u00e9poca do Plano Diretor de Ordenamento Territorial do Distrito Federal (PDOT), o Minist\u00e9rio P\u00fablico solicitou a imediata instaura\u00e7\u00e3o dos conselhos de planejamento. A Secretaria das Cidades notificou, na sequ\u00eancia, a Administra\u00e7\u00e3o Regional do JB,\u00a0 dando o prazo de 30 dias para cumprimento. Isso aconteceu em 05 de dezembro de 2023 e at\u00e9 hoje o Conselho n\u00e3o foi instaurado.\u00a0<\/span><\/p>\n<p style=\"text-align: justify;\"><span style=\"font-family: helvetica, arial, sans-serif; color: #000000;\"><i><span style=\"font-weight: 400;\">\u201cO MCJB vem trabalhando desde 2015 para instituir esse conselho. Encaminhamos v\u00e1rios of\u00edcios e fizemos reuni\u00f5es comunit\u00e1rias para mostrar a import\u00e2ncia da cria\u00e7\u00e3o desse conselho. Estamos felizes em ver que muitos condom\u00ednios participaram desta reuni\u00e3o de maneira engajada e efetiva para tornar a cidade do Jardim Bot\u00e2nico a primeira R.A que tenha um conselho comunit\u00e1rio de planejamento\u201d<\/span><\/i><span style=\"font-weight: 400;\">, diz Rose Marques.<\/span><\/span><\/p>\n<p style=\"text-align: justify;\"><span style=\"font-family: helvetica, arial, sans-serif; color: #000000;\"><span style=\"font-weight: 400;\">Maria Jos\u00e9, s\u00edndica do Condom\u00ednio Parque do Mirante e presidente da AETOR, Associa\u00e7\u00e3o de Empreendedores do Toror\u00f3, comenta a import\u00e2ncia do conselho para cidade<\/span><i><span style=\"font-weight: 400;\">: \u201cEsse conselho nos mostra uma outra forma de administra\u00e7\u00e3o p\u00fablica. Quando a comunidade tem abertura para interagir diretamente com o poder p\u00fablico, no nosso caso para trabalhar juntamente com a administra\u00e7\u00e3o da cidade do Jardim Bot\u00e2nico, os resultados mudam. A participa\u00e7\u00e3o das comunidades do JB muda completamente o peso das decis\u00f5es que precisam ser tomadas em prol da cidade.\u201d<\/span><\/i><\/span><\/p>\n<p style=\"text-align: justify;\"><span style=\"font-weight: 400; font-family: helvetica, arial, sans-serif; color: #000000;\">O MCJB continuar\u00e1 cobrando de forma incisiva os respons\u00e1veis pela cria\u00e7\u00e3o deste conselho comunit\u00e1rio e dando \u00eanfase \u00e0s demandas que s\u00e3o fundamentais para o crescimento e desenvolvimento da cidade do Jardim Bot\u00e2nico.<\/span><\/p>\n<p>&nbsp;<\/p>\n<p style=\"text-align: justify;\"><div class=\"su-box su-box-style-default\" id=\"\" style=\"border-color:#002a00;border-radius:3px;\"><div class=\"su-box-title\" style=\"background-color:#235d32;color:#ffffff;border-top-left-radius:1px;border-top-right-radius:1px\">CONTATO MCJB<\/div><div class=\"su-box-content su-u-clearfix su-u-trim\" style=\"border-bottom-left-radius:1px;border-bottom-right-radius:1px\"> <span class=\"selectable-text copyable-text\" style=\"font-family: helvetica, arial, sans-serif; color: #000000;\">Quer ficar por dentro de tudo o que acontece no Jardim Bot\u00e2nico? Entre no nosso grupo de not\u00edcias do whatsapp <span style=\"font-family: helvetica, arial, sans-serif;\">\u27a1\ufe0f<\/span><\/span><span style=\"font-family: helvetica, arial, sans-serif;\">\u00a0<span style=\"color: #008000;\"><strong><a style=\"color: #008000;\" href=\"https:\/\/chat.whatsapp.com\/K4yrni5pTtm019gzeGxHTL\">Portal de Not\u00edcias &#8211; MCJB<\/a><\/strong><\/span><\/span><\/p>\n<p style=\"text-align: justify;\"><span style=\"font-family: helvetica, arial, sans-serif;\">\u27a1\ufe0f <span style=\"color: #000000;\">Siga-nos no Instagram<\/span> \ud83d\udcf7 <span style=\"color: #000000;\">ou no Facebook:<\/span><\/span><br \/>\n<span style=\"font-family: helvetica, arial, sans-serif; color: #008000;\"><strong><a style=\"color: #008000;\" href=\"http:\/\/instagram.com\/movimentojb\">Instagram<\/a><\/strong><\/span><br \/>\n<span style=\"font-family: helvetica, arial, sans-serif; color: #008000;\"><strong><a style=\"color: #008000;\" href=\"https:\/\/pt-br.facebook.com\/movimentojb\/\">Facebook\u00a0<\/a><\/strong><\/span><\/p>\n<p style=\"text-align: justify;\"><span style=\"font-family: helvetica, arial, sans-serif;\">\u27a1\ufe0f <span style=\"color: #000000;\">Ou acesse o nosso site para saber mais informa\u00e7\u00f5es:<\/span> <a href=\"http:\/\/mcjb.org.br\/portal\"><strong><span style=\"color: #008000;\">www.mcjb.org.br<\/span><\/strong><\/a><\/span><\/div><\/div>\n<p style=\"text-align: justify;\">\n","protected":false},"excerpt":{"rendered":"<p>Em reuni\u00e3o com a administra\u00e7\u00e3o regional, s\u00edndicos locais enfatizam ser fundamental que a comunidade seja protagonista das decis\u00f5es de seu futuro.<\/p>\n","protected":false},"author":1,"featured_media":10963,"comment_status":"open","ping_status":"open","sticky":false,"template":"","format":"standard","meta":{"_exactmetrics_skip_tracking":false,"_exactmetrics_sitenote_active":false,"_exactmetrics_sitenote_note":"","_exactmetrics_sitenote_category":0,"footnotes":"","jetpack_publicize_message":"","jetpack_publicize_feature_enabled":true,"jetpack_social_post_already_shared":true,"jetpack_social_options":{"image_generator_settings":{"template":"highway","default_image_id":0,"font":"","enabled":false},"version":2}},"categories":[88,36,16],"tags":[1212,701,1215,1211,20,43,1214,1213],"class_list":["post-10961","post","type-post","status-publish","format-standard","has-post-thumbnail","hentry","category-destaque","category-noticias","category-slider","tag-admregional","tag-conseg","tag-conselho-local","tag-institucional","tag-jardim-botanico","tag-mcjb","tag-movimento","tag-portal-de-noticias"],"jetpack_publicize_connections":[],"jetpack_featured_media_url":"https:\/\/www.mcjb.org.br\/portal\/wp-content\/uploads\/2024\/03\/Comunidade-do-JB-quer-decidir-seu-futuro-1.png","_links":{"self":[{"href":"https:\/\/www.mcjb.org.br\/portal\/wp-json\/wp\/v2\/posts\/10961","targetHints":{"allow":["GET"]}}],"collection":[{"href":"https:\/\/www.mcjb.org.br\/portal\/wp-json\/wp\/v2\/posts"}],"about":[{"href":"https:\/\/www.mcjb.org.br\/portal\/wp-json\/wp\/v2\/types\/post"}],"author":[{"embeddable":true,"href":"https:\/\/www.mcjb.org.br\/portal\/wp-json\/wp\/v2\/users\/1"}],"replies":[{"embeddable":true,"href":"https:\/\/www.mcjb.org.br\/portal\/wp-json\/wp\/v2\/comments?post=10961"}],"version-history":[{"count":1,"href":"https:\/\/www.mcjb.org.br\/portal\/wp-json\/wp\/v2\/posts\/10961\/revisions"}],"predecessor-version":[{"id":10964,"href":"https:\/\/www.mcjb.org.br\/portal\/wp-json\/wp\/v2\/posts\/10961\/revisions\/10964"}],"wp:featuredmedia":[{"embeddable":true,"href":"https:\/\/www.mcjb.org.br\/portal\/wp-json\/wp\/v2\/media\/10963"}],"wp:attachment":[{"href":"https:\/\/www.mcjb.org.br\/portal\/wp-json\/wp\/v2\/media?parent=10961"}],"wp:term":[{"taxonomy":"category","embeddable":true,"href":"https:\/\/www.mcjb.org.br\/portal\/wp-json\/wp\/v2\/categories?post=10961"},{"taxonomy":"post_tag","embeddable":true,"href":"https:\/\/www.mcjb.org.br\/portal\/wp-json\/wp\/v2\/tags?post=10961"}],"curies":[{"name":"wp","href":"https:\/\/api.w.org\/{rel}","templated":true}]}}