{"id":10362,"date":"2023-08-05T10:47:21","date_gmt":"2023-08-05T13:47:21","guid":{"rendered":"https:\/\/www.mcjb.org.br\/portal\/?p=10362"},"modified":"2023-08-05T11:25:24","modified_gmt":"2023-08-05T14:25:24","slug":"balao-da-esaf-sera-parcialmente-bloqueado-a-partir-deste-sabado","status":"publish","type":"post","link":"https:\/\/www.mcjb.org.br\/portal\/noticias\/balao-da-esaf-sera-parcialmente-bloqueado-a-partir-deste-sabado\/","title":{"rendered":"Bal\u00e3o da Esaf ser\u00e1 parcialmente bloqueado a partir deste s\u00e1bado 05"},"content":{"rendered":"<p style=\"text-align: justify;\"><span style=\"color: #000000; font-family: helvetica, arial, sans-serif;\"><em>A partir de amanh\u00e3 (5), os moradores do Jardim Bot\u00e2nico, do Jardins Mangueiral, de S\u00e3o Sebasti\u00e3o, do Parano\u00e1, do Toror\u00f3, do Jardins ABC e de regi\u00f5es administrativas vizinhas ter\u00e3o uma nova din\u00e2mica no tr\u00e2nsito do conhecido \u201cBal\u00e3o da Esaf\u201d, onde est\u00e1 em constru\u00e7\u00e3o o novo viaduto da regi\u00e3o.<\/em><\/span><\/p>\n<p style=\"text-align: right;\"><span style=\"font-family: helvetica, arial, sans-serif; color: #000000;\"><em><span style=\"font-size: 10pt;\">Por Departamento de Estradas de Rodagem do Distrito Federal &#8211; 05\/08\/2023<\/span><\/em><\/span><\/p>\n<p style=\"text-align: justify;\"><span style=\"font-family: helvetica, arial, sans-serif;\">A rotat\u00f3ria, localizada no km 27,2 da Estrada Parque Contorno (DF-001), no trecho de liga\u00e7\u00e3o entre o Plano Piloto e o Jardim Bot\u00e2nico, sofrer\u00e1 altera\u00e7\u00f5es no tr\u00e2nsito de quem vem no sentido Solar de Bras\u00edlia 1 para o Lago Sul e para S\u00e3o Sebasti\u00e3o e para quem sai do Lago Sul com destino ao Solar de Bras\u00edlia 1 e Altiplano Leste.<\/span><\/p>\n<p style=\"text-align: justify;\"><span style=\"font-family: helvetica, arial, sans-serif;\">O bloqueio parci<\/span><span style=\"font-family: helvetica, arial, sans-serif;\">al ser\u00e1 necess\u00e1rio para o in\u00edcio da escava\u00e7\u00e3o das trincheiras e dos viadutos que ser\u00e3o constru\u00eddos no local.<\/span><\/p>\n<p style=\"text-align: justify;\"><span style=\"font-family: helvetica, arial, sans-serif;\"><strong><em>Entenda me<\/em><\/strong><\/span><strong style=\"font-family: helvetica, arial, sans-serif; text-align: justify;\"><em>lhor como fica o tr\u00e2nsito<\/em><\/strong><\/p>\n<p style=\"text-align: justify;\"><span style=\"font-family: helvetica, arial, sans-serif;\">Os motoristas que saem <\/span><span style=\"font-family: helvetica, arial, sans-serif;\">do Solar de Bras\u00edlia 1 com destino ao Altiplano Leste e Ponte JK seguir\u00e3o normalmente, sem altera\u00e7\u00f5es.<\/span><\/p>\n<p style=\"text-align: justify;\"><span style=\"font-family: helvetica, arial, sans-serif;\">J\u00e1 os motoristas, tamb\u00e9m saindo do Solar de Bras\u00edlia 1 mas com destino ao Lago Sul e \u00e0 S\u00e3o Sebasti\u00e3o e Jardins Mangueiral dever\u00e3o descer a via sentido Altiplano Leste e fazer o retorno localizado a aproximadamente 500 metros, retornando para o sentido desejado.<\/span><\/p>\n<p style=\"text-align: justify;\"><span style=\"font-family: helvetica, arial, sans-serif;\"><a href=\"https:\/\/www.mcjb.org.br\/portal\/wp-content\/uploads\/2023\/08\/Imagem-do-WhatsApp-de-2023-08-05-as-11.19.56.jpg\"><img fetchpriority=\"high\" decoding=\"async\" class=\"alignleft wp-image-10367 size-medium\" src=\"https:\/\/www.mcjb.org.br\/portal\/wp-content\/uploads\/2023\/08\/Imagem-do-WhatsApp-de-2023-08-05-as-11.19.56-300x168.jpg\" alt=\"\" width=\"300\" height=\"168\" srcset=\"https:\/\/www.mcjb.org.br\/portal\/wp-content\/uploads\/2023\/08\/Imagem-do-WhatsApp-de-2023-08-05-as-11.19.56-300x168.jpg 300w, https:\/\/www.mcjb.org.br\/portal\/wp-content\/uploads\/2023\/08\/Imagem-do-WhatsApp-de-2023-08-05-as-11.19.56-260x146.jpg 260w, https:\/\/www.mcjb.org.br\/portal\/wp-content\/uploads\/2023\/08\/Imagem-do-WhatsApp-de-2023-08-05-as-11.19.56-50x28.jpg 50w, https:\/\/www.mcjb.org.br\/portal\/wp-content\/uploads\/2023\/08\/Imagem-do-WhatsApp-de-2023-08-05-as-11.19.56-134x75.jpg 134w, https:\/\/www.mcjb.org.br\/portal\/wp-content\/uploads\/2023\/08\/Imagem-do-WhatsApp-de-2023-08-05-as-11.19.56-600x337.jpg 600w, https:\/\/www.mcjb.org.br\/portal\/wp-content\/uploads\/2023\/08\/Imagem-do-WhatsApp-de-2023-08-05-as-11.19.56.jpg 739w\" sizes=\"(max-width: 300px) 100vw, 300px\" \/><\/a>Para os cond<\/span><span style=\"font-family: helvetica, arial, sans-serif;\">utores que saem do Lago Sul sentido Solar de Bras\u00edlia 1 e sentido Altiplano Leste o bal\u00e3o estar\u00e1 bloqueado, e o motorista dever\u00e1 subir a via sentido S\u00e3o Sebasti\u00e3o, acessar o ret<\/span><span style=\"font-family: helvetica, arial, sans-serif;\">orno locali<\/span><span style=\"font-family: helvetica, arial, sans-serif;\">zado a cerca de 500 metros, para ent\u00e3o seguir o seu destino.<\/span><\/p>\n<p style=\"text-align: justify;\"><span style=\"font-family: helvetica, arial, sans-serif;\">Para aqueles advindos de S\u00e3o Sebasti\u00e3o e Jardins Mangueiral com sentido ao Altiplano Leste e Ponte JK n\u00e3o h\u00e1 altera\u00e7\u00f5es, assim como bem para quem vem no sentido oposto, do Altiplano para S\u00e3o Sebasti\u00e3o.<\/span><\/p>\n<p style=\"text-align: justify;\"><span style=\"font-family: helvetica, arial, sans-serif;\">No decorrer da pr\u00f3xima semana mais altera\u00e7\u00f5es poder\u00e3o ser necess\u00e1rias, de acordo com a din\u00e2mica da obra.<\/span><\/p>\n<p style=\"text-align: justify;\"><span style=\"font-family: helvetica, arial, sans-serif;\"><strong><em>Hist\u00f3rico da obra<\/em><\/strong><\/span><\/p>\n<p style=\"text-align: justify;\"><span style=\"font-family: helvetica, arial, sans-serif;\">A ordem de servi\u00e7o para a constru\u00e7\u00e3o do Viaduto do Jardim Bot\u00e2nico, obra que beneficiar\u00e1 50 mil motoristas diariamente, foi assinada em 17 de janeiro de 20<\/span><span style=\"font-family: helvetica, arial, sans-serif;\">23.<\/span><span style=\"font-family: helvetica, arial, sans-serif;\">\u00a0O investimento do Governo do Distrito Federal (GDF) \u00e9 de R$ 33.579.459,53, com gera\u00e7\u00e3o de 400 empregos.<\/span><\/p>\n<p style=\"text-align: justify;\"><span style=\"font-family: helvetica, arial, sans-serif;\">A obra \u00e9 executada pelo Departamento de Estradas de Rodagem do Distrito Federal (DER-DF) com as seguintes etapas: drenagem, terraplenagem, pavimenta\u00e7\u00e3o, sinaliza\u00e7\u00e3o horizontal e vertical, <\/span><span style=\"font-family: helvetica, arial, sans-serif;\">ciclovia, passarela, muro de \u201cterra armada\u201d, viaduto, passarela, obras complementares, urbaniza\u00e7\u00e3o e paisagismo e canteiro de obras.<\/span><\/p>\n<p>&nbsp;<\/p>\n<p><a href=\"https:\/\/www.mcjb.org.br\/portal\/wp-content\/uploads\/2023\/08\/DESVIO-BALAO-ESAF-1_page-0001.jpg\"><img decoding=\"async\" class=\"aligncenter wp-image-10363 size-large\" style=\"text-align: justify; font-family: helvetica, arial, sans-serif;\" src=\"https:\/\/www.mcjb.org.br\/portal\/wp-content\/uploads\/2023\/08\/DESVIO-BALAO-ESAF-1_page-0001-724x1024.jpg\" alt=\"\" width=\"724\" height=\"1024\" srcset=\"https:\/\/www.mcjb.org.br\/portal\/wp-content\/uploads\/2023\/08\/DESVIO-BALAO-ESAF-1_page-0001-724x1024.jpg 724w, https:\/\/www.mcjb.org.br\/portal\/wp-content\/uploads\/2023\/08\/DESVIO-BALAO-ESAF-1_page-0001-212x300.jpg 212w, https:\/\/www.mcjb.org.br\/portal\/wp-content\/uploads\/2023\/08\/DESVIO-BALAO-ESAF-1_page-0001-768x1086.jpg 768w, https:\/\/www.mcjb.org.br\/portal\/wp-content\/uploads\/2023\/08\/DESVIO-BALAO-ESAF-1_page-0001-1086x1536.jpg 1086w, https:\/\/www.mcjb.org.br\/portal\/wp-content\/uploads\/2023\/08\/DESVIO-BALAO-ESAF-1_page-0001-1448x2048.jpg 1448w, https:\/\/www.mcjb.org.br\/portal\/wp-content\/uploads\/2023\/08\/DESVIO-BALAO-ESAF-1_page-0001-103x146.jpg 103w, https:\/\/www.mcjb.org.br\/portal\/wp-content\/uploads\/2023\/08\/DESVIO-BALAO-ESAF-1_page-0001-35x50.jpg 35w, https:\/\/www.mcjb.org.br\/portal\/wp-content\/uploads\/2023\/08\/DESVIO-BALAO-ESAF-1_page-0001-53x75.jpg 53w, https:\/\/www.mcjb.org.br\/portal\/wp-content\/uploads\/2023\/08\/DESVIO-BALAO-ESAF-1_page-0001-600x849.jpg 600w, https:\/\/www.mcjb.org.br\/portal\/wp-content\/uploads\/2023\/08\/DESVIO-BALAO-ESAF-1_page-0001.jpg 1755w\" sizes=\"(max-width: 724px) 100vw, 724px\" \/><\/a><\/p>\n<p style=\"text-align: justify;\"><span style=\"font-family: helvetica, arial, sans-serif; color: #000000;\"><div class=\"su-box su-box-style-default\" id=\"\" style=\"border-color:#260031;border-radius:3px;\"><div class=\"su-box-title\" style=\"background-color:#592b64;color:#ffffff;border-top-left-radius:1px;border-top-right-radius:1px\">Quer ficar por dentro e receber as nossas not\u00edcias e datas das pr\u00f3ximas atividades?<\/div><div class=\"su-box-content su-u-clearfix su-u-trim\" style=\"border-bottom-left-radius:1px;border-bottom-right-radius:1px\">\u27a1\ufe0f Entre no nosso Grupo de Not\u00edcias \ud83d\udcf3 do Whatsapp:<\/span><br \/>\n<span style=\"font-family: helvetica, arial, sans-serif; color: #000000;\"><a style=\"color: #000000;\" href=\"https:\/\/chat.whatsapp.com\/Kz1RltSaMu7LJaNacPjVhK\" target=\"_blank\" rel=\"noopener\">https:\/\/chat.whatsapp.com\/Kz1RltSaMu7LJaNacPjVhK<\/a><\/span><\/p>\n<p style=\"text-align: justify;\"><span style=\"font-family: helvetica, arial, sans-serif; color: #000000;\">\u27a1\ufe0f Siga-nos no Instagram \ud83d\udcf7 ou no Facebook:\ud83d\udc47<\/span><br \/>\n<span style=\"font-family: helvetica, arial, sans-serif; color: #000000;\"><a style=\"color: #000000;\" href=\"https:\/\/www.instagram.com\/movimentojb\/\" target=\"_blank\" rel=\"noopener\">https:\/\/www.instagram.com\/movimentojb\/<\/a><\/span><br \/>\n<span style=\"font-family: helvetica, arial, sans-serif; color: #000000;\"><a style=\"color: #000000;\" href=\"https:\/\/pt-br.facebook.com\/movimentojb\/\" target=\"_blank\" rel=\"noopener\">https:\/\/pt-br.facebook.com\/movimentojb\/<\/a><\/span><\/p>\n<p style=\"text-align: justify;\"><span style=\"font-family: helvetica, arial, sans-serif; color: #000000;\">\u27a1\ufe0f Ou acesse o nosso site para saber mais informa\u00e7\u00f5es: <a style=\"color: #000000;\" href=\"http:\/\/www.mcjb.org.br\" target=\"_blank\" rel=\"noopener\">www.mcjb.org.br<\/a><\/div><\/div><\/span><\/p>\n<style type=\"text\/css\">\n#foogallery-gallery-10053 .fg-image { width: 300px; }\n#foogallery-gallery-10053 { --fg-gutter: 10px; }<\/style>\n\t\t\t<div class=\"foogallery foogallery-container foogallery-default foogallery-lightbox-foobox fg-center fg-m-col1 fg-default fg-ready fg-light fg-border-thin fg-shadow-outline fg-loading-default fg-loaded-scale-up fg-caption-hover fg-hover-fade fg-hover-zoom\" id=\"foogallery-gallery-10053\" data-foogallery=\"{&quot;item&quot;:{&quot;showCaptionTitle&quot;:true,&quot;showCaptionDescription&quot;:true},&quot;lazy&quot;:true}\" style=\"--fg-title-line-clamp: 0; --fg-description-line-clamp: 0;\" >\n\t<div class=\"fg-item fg-type-image fg-idle\"><figure class=\"fg-item-inner\"><a href=\"https:\/\/www.mcjb.org.br\/portal\/wp-content\/uploads\/2023\/03\/Materia-Videomonitoramento-1.png\" data-attachment-id=\"10695\" data-e-disable-page-transition=\"true\" data-type=\"image\" class=\"fg-thumb\"><span class=\"fg-image-wrap\"><img decoding=\"async\" width=\"300\" height=\"300\" class=\"skip-lazy fg-image\" data-src-fg=\"https:\/\/www.mcjb.org.br\/portal\/wp-content\/uploads\/cache\/2023\/03\/Materia-Videomonitoramento-1\/1614296176.png\" src=\"data:image\/svg+xml,%3Csvg%20xmlns%3D%22http%3A%2F%2Fwww.w3.org%2F2000%2Fsvg%22%20width%3D%22300%22%20height%3D%22300%22%20viewBox%3D%220%200%20300%20300%22%3E%3C%2Fsvg%3E\" loading=\"eager\"><\/span><span class=\"fg-image-overlay\"><\/span><\/a><\/figure><div class=\"fg-loader\"><\/div><\/div><div class=\"fg-item fg-type-iframe fg-idle\"><figure class=\"fg-item-inner\"><a href=\"https:\/\/www.mcjb.org.br\/atividades\/\" target=\"_blank\" data-attachment-id=\"10041\" data-e-disable-page-transition=\"true\" data-type=\"iframe\" class=\"https:\/\/www.mcjb.org.br\/atividades\/ fg-thumb\"><span class=\"fg-image-wrap\"><img decoding=\"async\" width=\"300\" height=\"300\" class=\"skip-lazy fg-image\" data-src-fg=\"https:\/\/www.mcjb.org.br\/portal\/wp-content\/uploads\/cache\/2023\/03\/Copia-de-Esporte-Sustentavel-2023-1\/678228994.png\" src=\"data:image\/svg+xml,%3Csvg%20xmlns%3D%22http%3A%2F%2Fwww.w3.org%2F2000%2Fsvg%22%20width%3D%22300%22%20height%3D%22300%22%20viewBox%3D%220%200%20300%20300%22%3E%3C%2Fsvg%3E\" loading=\"eager\"><\/span><span class=\"fg-image-overlay\"><\/span><\/a><\/figure><div class=\"fg-loader\"><\/div><\/div><div class=\"fg-item fg-type-iframe fg-idle\"><figure class=\"fg-item-inner\"><a href=\"https:\/\/www.mcjb.org.br\/produto\/expositor-ecofeira-jb\/\" target=\"_blank\" data-attachment-id=\"10107\" data-e-disable-page-transition=\"true\" data-type=\"iframe\" class=\"https:\/\/www.mcjb.org.br\/produto\/expositor-ecofeira-jb\/ fg-thumb\"><span class=\"fg-image-wrap\"><img decoding=\"async\" width=\"300\" height=\"300\" class=\"skip-lazy fg-image\" data-src-fg=\"https:\/\/www.mcjb.org.br\/portal\/wp-content\/uploads\/cache\/2023\/03\/Ecofeira-e-Quitanda-1\/4094461233.png\" src=\"data:image\/svg+xml,%3Csvg%20xmlns%3D%22http%3A%2F%2Fwww.w3.org%2F2000%2Fsvg%22%20width%3D%22300%22%20height%3D%22300%22%20viewBox%3D%220%200%20300%20300%22%3E%3C%2Fsvg%3E\" loading=\"eager\"><\/span><span class=\"fg-image-overlay\"><\/span><\/a><\/figure><div class=\"fg-loader\"><\/div><\/div><div class=\"fg-item fg-type-iframe fg-idle\"><figure class=\"fg-item-inner\"><a href=\"https:\/\/www.mcjb.org.br\/ecowork\/\" target=\"_blank\" data-attachment-id=\"10106\" data-e-disable-page-transition=\"true\" data-type=\"iframe\" class=\"fg-thumb\"><span class=\"fg-image-wrap\"><img decoding=\"async\" width=\"300\" height=\"300\" class=\"skip-lazy fg-image\" data-src-fg=\"https:\/\/www.mcjb.org.br\/portal\/wp-content\/uploads\/cache\/2023\/03\/Ecowork-1\/1868835748.png\" src=\"data:image\/svg+xml,%3Csvg%20xmlns%3D%22http%3A%2F%2Fwww.w3.org%2F2000%2Fsvg%22%20width%3D%22300%22%20height%3D%22300%22%20viewBox%3D%220%200%20300%20300%22%3E%3C%2Fsvg%3E\" loading=\"eager\"><\/span><span class=\"fg-image-overlay\"><\/span><\/a><\/figure><div class=\"fg-loader\"><\/div><\/div><\/div>\n\n<p style=\"text-align: justify;\"><span style=\"font-weight: 400; font-family: helvetica, arial, sans-serif; color: #000000;\">\u00a0<\/span><\/p>\n","protected":false},"excerpt":{"rendered":"<p>A partir de amanh\u00e3 (5), os moradores do Jardim Bot\u00e2nico, do Jardins Mangueiral, de S\u00e3o Sebasti\u00e3o, do Parano\u00e1, do Toror\u00f3, do Jardins ABC e de regi\u00f5es administrativas vizinhas ter\u00e3o uma nova din\u00e2mica no tr\u00e2nsito do conhecido \u201cBal\u00e3o da Esaf\u201d, onde est\u00e1 em constru\u00e7\u00e3o o novo viaduto da regi\u00e3o.<\/p>\n","protected":false},"author":1,"featured_media":10366,"comment_status":"open","ping_status":"open","sticky":false,"template":"","format":"standard","meta":{"_exactmetrics_skip_tracking":false,"_exactmetrics_sitenote_active":false,"_exactmetrics_sitenote_note":"","_exactmetrics_sitenote_category":0,"footnotes":"","jetpack_publicize_message":"","jetpack_publicize_feature_enabled":true,"jetpack_social_post_already_shared":true,"jetpack_social_options":{"image_generator_settings":{"template":"highway","default_image_id":0,"font":"","enabled":false},"version":2}},"categories":[88,36],"tags":[1146,1124,127,157,1145,987,39,703,20,397],"class_list":["post-10362","post","type-post","status-publish","format-standard","has-post-thumbnail","hentry","category-destaque","category-noticias","tag-balao","tag-brasilia","tag-centro-de-praticas-sustentaveis","tag-cps","tag-der-df","tag-esaf","tag-gdf","tag-governo-federal","tag-jardim-botanico","tag-obras"],"jetpack_publicize_connections":[],"jetpack_featured_media_url":"https:\/\/www.mcjb.org.br\/portal\/wp-content\/uploads\/2023\/08\/Capa-Balao-1.png","_links":{"self":[{"href":"https:\/\/www.mcjb.org.br\/portal\/wp-json\/wp\/v2\/posts\/10362","targetHints":{"allow":["GET"]}}],"collection":[{"href":"https:\/\/www.mcjb.org.br\/portal\/wp-json\/wp\/v2\/posts"}],"about":[{"href":"https:\/\/www.mcjb.org.br\/portal\/wp-json\/wp\/v2\/types\/post"}],"author":[{"embeddable":true,"href":"https:\/\/www.mcjb.org.br\/portal\/wp-json\/wp\/v2\/users\/1"}],"replies":[{"embeddable":true,"href":"https:\/\/www.mcjb.org.br\/portal\/wp-json\/wp\/v2\/comments?post=10362"}],"version-history":[{"count":2,"href":"https:\/\/www.mcjb.org.br\/portal\/wp-json\/wp\/v2\/posts\/10362\/revisions"}],"predecessor-version":[{"id":10368,"href":"https:\/\/www.mcjb.org.br\/portal\/wp-json\/wp\/v2\/posts\/10362\/revisions\/10368"}],"wp:featuredmedia":[{"embeddable":true,"href":"https:\/\/www.mcjb.org.br\/portal\/wp-json\/wp\/v2\/media\/10366"}],"wp:attachment":[{"href":"https:\/\/www.mcjb.org.br\/portal\/wp-json\/wp\/v2\/media?parent=10362"}],"wp:term":[{"taxonomy":"category","embeddable":true,"href":"https:\/\/www.mcjb.org.br\/portal\/wp-json\/wp\/v2\/categories?post=10362"},{"taxonomy":"post_tag","embeddable":true,"href":"https:\/\/www.mcjb.org.br\/portal\/wp-json\/wp\/v2\/tags?post=10362"}],"curies":[{"name":"wp","href":"https:\/\/api.w.org\/{rel}","templated":true}]}}