{"id":10154,"date":"2023-04-04T08:39:20","date_gmt":"2023-04-04T11:39:20","guid":{"rendered":"https:\/\/www.mcjb.org.br\/portal\/?p=10154"},"modified":"2023-04-04T09:26:00","modified_gmt":"2023-04-04T12:26:00","slug":"nova-gestao-do-mcjb-preve-trabalho-voltado-para-sustentabilidade-da-regiao","status":"publish","type":"post","link":"https:\/\/www.mcjb.org.br\/portal\/slider\/nova-gestao-do-mcjb-preve-trabalho-voltado-para-sustentabilidade-da-regiao\/","title":{"rendered":"Nova gest\u00e3o do MCJB prev\u00ea trabalho voltado para sustentabilidade da regi\u00e3o"},"content":{"rendered":"<p style=\"text-align: justify;\"><span style=\"font-family: helvetica, arial, sans-serif; color: #000000;\"><i><span style=\"font-weight: 400;\">A diretoria eleita na \u00faltima ter\u00e7a (28\/03) promete continuar o trabalho, j\u00e1 em andamento, voltado para a melhoria do bairro e dar \u00eanfase na sustentabilidade da regi\u00e3o.<\/span><\/i><\/span><\/p>\n<p style=\"text-align: right;\"><span style=\"font-size: 10pt; font-family: helvetica, arial, sans-serif;\"><em>Por Patr\u00edcia Gusm\u00e3o (Jornalista Volunt\u00e1ria do MCJB) &#8211; 03\/04\/2023<\/em><\/span><\/p>\n<p style=\"text-align: justify;\"><span style=\"font-weight: 400; font-family: helvetica, arial, sans-serif; color: #000000;\">Em assembleia, os associados do Movimento Comunit\u00e1rio Jardim Bot\u00e2nico &#8211; MCJB elegeram por unanimidade a chapa Movimento em A\u00e7\u00e3o, composta por cinco membros representativos do Jardim Bot\u00e2nico. A presidente eleita, Rose Yani (s\u00edndica do Condom\u00ednio Ouro Vermelho I) teve atua\u00e7\u00e3o destacada na funda\u00e7\u00e3o do MCJB, tendo sido presidente por dois mandatos. Todos os membros eleitos s\u00e3o oriundos de cada regi\u00e3o do JB da nova poligonal: Toror\u00f3, Mangueiral, Estrada do Sol, Altiplano Leste, S\u00e3o Bartolomeu e JB, SHJB Etapas 1 a 4.\u00a0<\/span><\/p>\n<p style=\"text-align: justify;\"><span style=\"font-weight: 400; font-family: helvetica, arial, sans-serif; color: #000000;\">A diretoria eleita fica, ent\u00e3o, assim constitu\u00edda: Rosilene Marques &#8211; Presidente (Avenida do Sol); Everaldo Sartori &#8211; Vice Presidente (Jardins Mangueiral); Maria Am\u00e9lia Ferreira &#8211; Tesoureira (Toror\u00f3); Fl\u00e1vio Menicucci &#8211; Secret\u00e1rio Administrativo (SHJB Etapas 1 a 4); e Maria Jos\u00e9 Feitosa &#8211; Suplente (Altiplano Leste\/S\u00e3o Bartolomeu). Abaixo, os leitores poder\u00e3o ver suas fotos e outros detalhes.<\/span><\/p>\n<p style=\"text-align: justify;\"><span style=\"font-weight: 400; font-family: helvetica, arial, sans-serif; color: #000000;\">Com sede no Centro de Pr\u00e1ticas Sustent\u00e1veis &#8211; CPS, no Jardins Mangueiral, o <strong><em>Movimento<\/em><\/strong> tem a qualifica\u00e7\u00e3o de OSCIP (Organiza\u00e7\u00e3o Social Civil de Interesse P\u00fablico), concedida pelo Minist\u00e9rio da Justi\u00e7a. Tornou-se em seus poucos anos de vida uma das maiores organiza\u00e7\u00f5es comunit\u00e1rias do Brasil, executando atualmente 128 projetos, com a atua\u00e7\u00e3o de mais de 300 volunt\u00e1rios e gerando fonte de renda para mais de 80 pessoas. E o mais importante, tornou-se a voz da comunidade para dialogar com o poder p\u00fablico, para buscar melhorias, reivindicar seus direitos e promover a visibilidade do bairro.\u00a0<\/span><\/p>\n<p style=\"text-align: justify;\"><span style=\"font-family: helvetica, arial, sans-serif; color: #000000;\"><span style=\"font-weight: 400;\">\u201c<\/span><i><span style=\"font-weight: 400;\">A expectativa que eu tenho \u00e9 manter essa linha de trabalho iniciada pela Malu (ex presidente &#8211; Maria Luiza), continuada pelo Livino (tamb\u00e9m ex-presidente anterior a ela) e a minha pegada \u00e9 ligada a quest\u00e3o da sustentabilidade, a gente quer botar em pr\u00e1tica a\u00e7\u00f5es que levem o Jardim Bot\u00e2nico a ser um bairro sustent\u00e1vel at\u00e9 2030. Mas \u00e9 um trabalho a ser feito em conjunto com a comunidade. E a ideia \u00e9 essa, a gente trabalhar a quest\u00e3o de mobilidade, da moradia, de equipamentos p\u00fablicos, mas pensando sempre na qualidade de vida<\/span><\/i><span style=\"font-weight: 400;\">\u201d, explicou a nova presidente.\u00a0<\/span><\/span><\/p>\n<p style=\"text-align: justify;\"><span style=\"font-weight: 400; font-family: helvetica, arial, sans-serif; color: #000000;\">Na ocasi\u00e3o foram eleitos tamb\u00e9m o Conselho Fiscal, com tr\u00eas titulares e tr\u00eas suplentes. Houve a presta\u00e7\u00e3o de contas relativas a 2022, que foi aprovada tamb\u00e9m por unanimidade pelos s\u00edndicos presentes. Foram eleitos: Jos\u00e9 Ten\u00f3rio Bezerra &#8211; 1\u00ba Titular (AMOBB); Maria Alice dos Santos &#8211; 2\u00aa Titular (Solar de Bras\u00edlia); Livino Silva &#8211; 3\u00ba Titular (Altiplano Leste\/S\u00e3o Bartolomeu).\u00a0<\/span><\/p>\n<p style=\"text-align: justify;\"><span style=\"font-family: helvetica, arial, sans-serif; color: #000000;\"><b>CONHE\u00c7A OS NOVOS DIRETORES<\/b><\/span><\/p>\n<p><a href=\"https:\/\/www.mcjb.org.br\/portal\/wp-content\/uploads\/2023\/04\/Nova-Diretoria.png\"><img fetchpriority=\"high\" decoding=\"async\" class=\"aligncenter wp-image-10155 size-large\" src=\"https:\/\/www.mcjb.org.br\/portal\/wp-content\/uploads\/2023\/04\/Nova-Diretoria-1024x1024.png\" alt=\"\" width=\"1024\" height=\"1024\" srcset=\"https:\/\/www.mcjb.org.br\/portal\/wp-content\/uploads\/2023\/04\/Nova-Diretoria-1024x1024.png 1024w, https:\/\/www.mcjb.org.br\/portal\/wp-content\/uploads\/2023\/04\/Nova-Diretoria-300x300.png 300w, https:\/\/www.mcjb.org.br\/portal\/wp-content\/uploads\/2023\/04\/Nova-Diretoria-150x150.png 150w, https:\/\/www.mcjb.org.br\/portal\/wp-content\/uploads\/2023\/04\/Nova-Diretoria-768x768.png 768w, https:\/\/www.mcjb.org.br\/portal\/wp-content\/uploads\/2023\/04\/Nova-Diretoria-146x146.png 146w, https:\/\/www.mcjb.org.br\/portal\/wp-content\/uploads\/2023\/04\/Nova-Diretoria-50x50.png 50w, https:\/\/www.mcjb.org.br\/portal\/wp-content\/uploads\/2023\/04\/Nova-Diretoria-75x75.png 75w, https:\/\/www.mcjb.org.br\/portal\/wp-content\/uploads\/2023\/04\/Nova-Diretoria-85x85.png 85w, https:\/\/www.mcjb.org.br\/portal\/wp-content\/uploads\/2023\/04\/Nova-Diretoria-80x80.png 80w, https:\/\/www.mcjb.org.br\/portal\/wp-content\/uploads\/2023\/04\/Nova-Diretoria-600x600.png 600w, https:\/\/www.mcjb.org.br\/portal\/wp-content\/uploads\/2023\/04\/Nova-Diretoria-100x100.png 100w, https:\/\/www.mcjb.org.br\/portal\/wp-content\/uploads\/2023\/04\/Nova-Diretoria.png 1080w\" sizes=\"(max-width: 1024px) 100vw, 1024px\" \/><\/a> <a href=\"https:\/\/www.mcjb.org.br\/portal\/wp-content\/uploads\/2023\/04\/Nova-Diretoria-1.png\"><img decoding=\"async\" class=\"aligncenter wp-image-10156 size-large\" src=\"https:\/\/www.mcjb.org.br\/portal\/wp-content\/uploads\/2023\/04\/Nova-Diretoria-1-1024x1024.png\" alt=\"\" width=\"1024\" height=\"1024\" srcset=\"https:\/\/www.mcjb.org.br\/portal\/wp-content\/uploads\/2023\/04\/Nova-Diretoria-1-1024x1024.png 1024w, https:\/\/www.mcjb.org.br\/portal\/wp-content\/uploads\/2023\/04\/Nova-Diretoria-1-300x300.png 300w, https:\/\/www.mcjb.org.br\/portal\/wp-content\/uploads\/2023\/04\/Nova-Diretoria-1-150x150.png 150w, https:\/\/www.mcjb.org.br\/portal\/wp-content\/uploads\/2023\/04\/Nova-Diretoria-1-768x768.png 768w, https:\/\/www.mcjb.org.br\/portal\/wp-content\/uploads\/2023\/04\/Nova-Diretoria-1-146x146.png 146w, https:\/\/www.mcjb.org.br\/portal\/wp-content\/uploads\/2023\/04\/Nova-Diretoria-1-50x50.png 50w, https:\/\/www.mcjb.org.br\/portal\/wp-content\/uploads\/2023\/04\/Nova-Diretoria-1-75x75.png 75w, https:\/\/www.mcjb.org.br\/portal\/wp-content\/uploads\/2023\/04\/Nova-Diretoria-1-85x85.png 85w, https:\/\/www.mcjb.org.br\/portal\/wp-content\/uploads\/2023\/04\/Nova-Diretoria-1-80x80.png 80w, https:\/\/www.mcjb.org.br\/portal\/wp-content\/uploads\/2023\/04\/Nova-Diretoria-1-600x600.png 600w, https:\/\/www.mcjb.org.br\/portal\/wp-content\/uploads\/2023\/04\/Nova-Diretoria-1-100x100.png 100w, https:\/\/www.mcjb.org.br\/portal\/wp-content\/uploads\/2023\/04\/Nova-Diretoria-1.png 1080w\" sizes=\"(max-width: 1024px) 100vw, 1024px\" \/><\/a><\/p>\n<p style=\"text-align: justify;\"><span style=\"font-family: helvetica, arial, sans-serif;\">A solenidade da posse da nova diretoria, est\u00e1 marcada para o dia 12\/04 \u00e0s 17h00 no Centro de Pr\u00e1ticas Sustent\u00e1veis &#8211; CPS.<\/span><\/p>\n<p><a href=\"https:\/\/www.mcjb.org.br\/portal\/wp-content\/uploads\/2023\/04\/MODELO-01.png\"><img decoding=\"async\" class=\"aligncenter wp-image-10157 size-large\" src=\"https:\/\/www.mcjb.org.br\/portal\/wp-content\/uploads\/2023\/04\/MODELO-01-1024x1024.png\" alt=\"\" width=\"1024\" height=\"1024\" srcset=\"https:\/\/www.mcjb.org.br\/portal\/wp-content\/uploads\/2023\/04\/MODELO-01-1024x1024.png 1024w, https:\/\/www.mcjb.org.br\/portal\/wp-content\/uploads\/2023\/04\/MODELO-01-300x300.png 300w, https:\/\/www.mcjb.org.br\/portal\/wp-content\/uploads\/2023\/04\/MODELO-01-150x150.png 150w, https:\/\/www.mcjb.org.br\/portal\/wp-content\/uploads\/2023\/04\/MODELO-01-768x768.png 768w, https:\/\/www.mcjb.org.br\/portal\/wp-content\/uploads\/2023\/04\/MODELO-01-146x146.png 146w, https:\/\/www.mcjb.org.br\/portal\/wp-content\/uploads\/2023\/04\/MODELO-01-50x50.png 50w, https:\/\/www.mcjb.org.br\/portal\/wp-content\/uploads\/2023\/04\/MODELO-01-75x75.png 75w, https:\/\/www.mcjb.org.br\/portal\/wp-content\/uploads\/2023\/04\/MODELO-01-85x85.png 85w, https:\/\/www.mcjb.org.br\/portal\/wp-content\/uploads\/2023\/04\/MODELO-01-80x80.png 80w, https:\/\/www.mcjb.org.br\/portal\/wp-content\/uploads\/2023\/04\/MODELO-01-600x600.png 600w, https:\/\/www.mcjb.org.br\/portal\/wp-content\/uploads\/2023\/04\/MODELO-01-100x100.png 100w, https:\/\/www.mcjb.org.br\/portal\/wp-content\/uploads\/2023\/04\/MODELO-01.png 1080w\" sizes=\"(max-width: 1024px) 100vw, 1024px\" \/><\/a><\/p>\n<p>&nbsp;<\/p>\n<p style=\"text-align: justify;\"><span style=\"font-family: helvetica, arial, sans-serif; color: #000000;\"><div class=\"su-box su-box-style-default\" id=\"\" style=\"border-color:#260031;border-radius:3px;\"><div class=\"su-box-title\" style=\"background-color:#592b64;color:#ffffff;border-top-left-radius:1px;border-top-right-radius:1px\">Quer ficar por dentro e receber as nossas not\u00edcias?<\/div><div class=\"su-box-content su-u-clearfix su-u-trim\" style=\"border-bottom-left-radius:1px;border-bottom-right-radius:1px\">\u27a1\ufe0f Entre no nosso Grupo de Not\u00edcias \ud83d\udcf3 do Whatsapp:<\/span><br \/>\n<span style=\"font-family: helvetica, arial, sans-serif;\"><a href=\"https:\/\/chat.whatsapp.com\/COJDJLhJIjGJJX3VFjtYXs\" target=\"_blank\" rel=\"noopener\">https:\/\/chat.whatsapp.com\/COJDJLhJIjGJJX3VFjtYXs<\/a><\/span><\/p>\n<p style=\"text-align: justify;\"><span style=\"font-family: helvetica, arial, sans-serif; color: #000000;\">\u27a1\ufe0f Siga-nos no Instagram \ud83d\udcf7 ou no Facebook:\ud83d\udc47<\/span><br \/>\n<span style=\"font-family: helvetica, arial, sans-serif; color: #000000;\"><a style=\"color: #000000;\" href=\"https:\/\/www.instagram.com\/movimentojb\/\" target=\"_blank\" rel=\"noopener\"><span style=\"color: #ff0000;\">https:\/\/www.instagram.com\/movimentojb\/<\/span><\/a><\/span><br \/>\n<span style=\"font-family: helvetica, arial, sans-serif; color: #ff0000;\"><a style=\"color: #ff0000;\" href=\"https:\/\/pt-br.facebook.com\/movimentojb\/\" target=\"_blank\" rel=\"noopener\">https:\/\/pt-br.facebook.com\/movimentojb\/<\/a><\/span><\/p>\n<p style=\"text-align: justify;\"><span style=\"font-family: helvetica, arial, sans-serif; color: #000000;\">\u27a1\ufe0f Ou acesse o nosso site para saber mais informa\u00e7\u00f5es: <span style=\"color: #ff0000;\"><a style=\"color: #ff0000;\" href=\"http:\/\/www.mcjb.org.br\" target=\"_blank\" rel=\"noopener\">www.mcjb.org.br<\/a><\/span><\/div><\/div><\/span><\/p>\n","protected":false},"excerpt":{"rendered":"<p>A diretoria eleita na \u00faltima ter\u00e7a (28) promete continuar o trabalho, j\u00e1 em andamento, voltado para a melhoria do bairro e dar \u00eanfase na sustentabilidade da regi\u00e3o.<\/p>\n","protected":false},"author":1,"featured_media":10158,"comment_status":"open","ping_status":"open","sticky":false,"template":"","format":"standard","meta":{"_exactmetrics_skip_tracking":false,"_exactmetrics_sitenote_active":false,"_exactmetrics_sitenote_note":"","_exactmetrics_sitenote_category":0,"footnotes":"","jetpack_publicize_message":"","jetpack_publicize_feature_enabled":true,"jetpack_social_post_already_shared":true,"jetpack_social_options":{"image_generator_settings":{"template":"highway","default_image_id":0,"font":"","enabled":false},"version":2}},"categories":[59,36,16],"tags":[215,355,509,334,20,43,508],"class_list":["post-10154","post","type-post","status-publish","format-standard","has-post-thumbnail","hentry","category-documentos-publicos","category-noticias","category-slider","tag-ago","tag-aprovacao","tag-diretoria-administrativa","tag-eleicoes","tag-jardim-botanico","tag-mcjb","tag-prestacao-de-contas"],"jetpack_publicize_connections":[],"jetpack_featured_media_url":"https:\/\/www.mcjb.org.br\/portal\/wp-content\/uploads\/2023\/04\/Capa-Site-Padrao-2.png","_links":{"self":[{"href":"https:\/\/www.mcjb.org.br\/portal\/wp-json\/wp\/v2\/posts\/10154","targetHints":{"allow":["GET"]}}],"collection":[{"href":"https:\/\/www.mcjb.org.br\/portal\/wp-json\/wp\/v2\/posts"}],"about":[{"href":"https:\/\/www.mcjb.org.br\/portal\/wp-json\/wp\/v2\/types\/post"}],"author":[{"embeddable":true,"href":"https:\/\/www.mcjb.org.br\/portal\/wp-json\/wp\/v2\/users\/1"}],"replies":[{"embeddable":true,"href":"https:\/\/www.mcjb.org.br\/portal\/wp-json\/wp\/v2\/comments?post=10154"}],"version-history":[{"count":5,"href":"https:\/\/www.mcjb.org.br\/portal\/wp-json\/wp\/v2\/posts\/10154\/revisions"}],"predecessor-version":[{"id":10164,"href":"https:\/\/www.mcjb.org.br\/portal\/wp-json\/wp\/v2\/posts\/10154\/revisions\/10164"}],"wp:featuredmedia":[{"embeddable":true,"href":"https:\/\/www.mcjb.org.br\/portal\/wp-json\/wp\/v2\/media\/10158"}],"wp:attachment":[{"href":"https:\/\/www.mcjb.org.br\/portal\/wp-json\/wp\/v2\/media?parent=10154"}],"wp:term":[{"taxonomy":"category","embeddable":true,"href":"https:\/\/www.mcjb.org.br\/portal\/wp-json\/wp\/v2\/categories?post=10154"},{"taxonomy":"post_tag","embeddable":true,"href":"https:\/\/www.mcjb.org.br\/portal\/wp-json\/wp\/v2\/tags?post=10154"}],"curies":[{"name":"wp","href":"https:\/\/api.w.org\/{rel}","templated":true}]}}