{"id":5853,"date":"2020-04-02T14:47:25","date_gmt":"2020-04-02T17:47:25","guid":{"rendered":"http:\/\/www.mcjb.org.br\/institucional\/?p=5853"},"modified":"2020-04-02T17:02:23","modified_gmt":"2020-04-02T20:02:23","slug":"faq-perguntas-frequentes-cesta-do-bem","status":"publish","type":"post","link":"https:\/\/www.mcjb.org.br\/institucional\/projetos-comunitarios\/faq-perguntas-frequentes-cesta-do-bem\/","title":{"rendered":"FAQ &#8211; PERGUNTAS FREQUENTES &#8211; CESTA DO BEM"},"content":{"rendered":"\t\t<div data-elementor-type=\"wp-post\" data-elementor-id=\"5853\" class=\"elementor elementor-5853\" data-elementor-post-type=\"post\">\n\t\t\t\t\t\t<section class=\"elementor-section elementor-top-section elementor-element elementor-element-89a29c8 elementor-section-boxed elementor-section-height-default elementor-section-height-default\" data-id=\"89a29c8\" data-element_type=\"section\">\n\t\t\t\t\t\t<div class=\"elementor-container elementor-column-gap-default\">\n\t\t\t\t\t<div class=\"elementor-column elementor-col-100 elementor-top-column elementor-element elementor-element-a7f9143\" data-id=\"a7f9143\" data-element_type=\"column\">\n\t\t\t<div class=\"elementor-widget-wrap elementor-element-populated\">\n\t\t\t\t\t\t<div class=\"elementor-element elementor-element-2d66589 elementor-widget elementor-widget-text-editor\" data-id=\"2d66589\" data-element_type=\"widget\" data-widget_type=\"text-editor.default\">\n\t\t\t\t<div class=\"elementor-widget-container\">\n\t\t\t\t\t\t\t\t\t<p style=\"text-align: center;\">TIRE TODAS AS SUAS D\u00daVIDAS DO PROJETO CESTA DO BEM<\/p>\t\t\t\t\t\t\t\t<\/div>\n\t\t\t\t<\/div>\n\t\t\t\t\t<\/div>\n\t\t<\/div>\n\t\t\t\t\t<\/div>\n\t\t<\/section>\n\t\t\t\t<section class=\"elementor-section elementor-top-section elementor-element elementor-element-6d17611 elementor-section-boxed elementor-section-height-default elementor-section-height-default\" data-id=\"6d17611\" data-element_type=\"section\">\n\t\t\t\t\t\t<div class=\"elementor-container elementor-column-gap-default\">\n\t\t\t\t\t<div class=\"elementor-column elementor-col-100 elementor-top-column elementor-element elementor-element-31217f5\" data-id=\"31217f5\" data-element_type=\"column\">\n\t\t\t<div class=\"elementor-widget-wrap elementor-element-populated\">\n\t\t\t\t\t\t<div class=\"elementor-element elementor-element-cc97905 elementor-widget elementor-widget-toggle\" data-id=\"cc97905\" data-element_type=\"widget\" data-widget_type=\"toggle.default\">\n\t\t\t\t<div class=\"elementor-widget-container\">\n\t\t\t\t\t\t\t<div class=\"elementor-toggle\">\n\t\t\t\t\t\t\t<div class=\"elementor-toggle-item\">\n\t\t\t\t\t<div id=\"elementor-tab-title-2141\" class=\"elementor-tab-title\" data-tab=\"1\" role=\"button\" aria-controls=\"elementor-tab-content-2141\" aria-expanded=\"false\">\n\t\t\t\t\t\t\t\t\t\t\t\t<span class=\"elementor-toggle-icon elementor-toggle-icon-left\" aria-hidden=\"true\">\n\t\t\t\t\t\t\t\t\t\t\t\t\t\t\t<span class=\"elementor-toggle-icon-closed\"><i class=\"fas fa-caret-right\"><\/i><\/span>\n\t\t\t\t\t\t\t\t<span class=\"elementor-toggle-icon-opened\"><i class=\"elementor-toggle-icon-opened fas fa-caret-up\"><\/i><\/span>\n\t\t\t\t\t\t\t\t\t\t\t\t\t<\/span>\n\t\t\t\t\t\t\t\t\t\t\t\t<a class=\"elementor-toggle-title\" tabindex=\"0\">Quem \u00e9 o Movimento Comunit\u00e1rio do Jardim Bot\u00e2nico?<\/a>\n\t\t\t\t\t<\/div>\n\n\t\t\t\t\t<div id=\"elementor-tab-content-2141\" class=\"elementor-tab-content elementor-clearfix\" data-tab=\"1\" role=\"region\" aria-labelledby=\"elementor-tab-title-2141\"><p>O Movimento Comunit\u00e1rio do Jardim Bot\u00e2nico (MCJB), nascido no in\u00edcio de 2015, \u00e9 uma Organiza\u00e7\u00e3o da Sociedade Civil de Interesse P\u00fablico (OSCIP), sem fins econ\u00f4micos, de direito privado, apartid\u00e1rio e com autonomia administrativa e financeira, que atualmente representa 55 dos 67 condom\u00ednios horizontais e associa\u00e7\u00f5es de moradores da Regi\u00e3o Administrativa do Jardim Bot\u00e2nico no DF.<\/p><p>Entre nossos principais objetivos est\u00e1 integrar a comunidade da RA-XXVII-JB;<br \/>organizar as demandas comunit\u00e1rias do bairro; viabilizar mecanismo pr\u00f3prios de solu\u00e7\u00f5es dos problemas da comunidade, implementando pol\u00edticas comunit\u00e1rias de 3\u00ba setor; fomentar a economia local, promovendo exposi\u00e7\u00f5es, feiras, amostras, cursos e treinamentos; promover a melhoria na imagem do bairro e de seus cidad\u00e3os; promover o voluntariado, dentre muitos outros.<\/p><p>Sempre que poss\u00edvel promovemos reuni\u00f5es comunit\u00e1rias, das a\u00e7\u00f5es que ocorrem nas dezenas de projetos desenvolvidos pelo MCJB. Todos os encontros s\u00e3o gratuitos e divulgados pelo nosso Portal de Not\u00edcias, acesse e cadastre-se no nosso portal:\u00a0<a href=\"http:\/\/www.mcjb.org.br\/portal\" target=\"_blank\" rel=\"nofollow noopener noreferrer\">www.mcjb.org.br\/portal<\/a>, ou envie um e-mail para\u00a0<a href=\"mailto:contato@mcjb.org.br\">contato@mcjb.org.br<\/a>\u00a0e solicite a inclus\u00e3o do seu endere\u00e7o de e-mail na nossa mala-direta. Todos est\u00e3o convidados.<\/p><p>Siga-nos nas nossas redes socais e acompanhe nossos trabalhos:<br \/><a href=\"http:\/\/facebook.com\/MovimentoJB\" target=\"_blank\" rel=\"nofollow noopener noreferrer\">facebook.com\/MovimentoJB<\/a><br \/><a href=\"http:\/\/twitter.com\/MovimentoMcjb\" target=\"_blank\" rel=\"nofollow noopener noreferrer\">twitter.com\/MovimentoMcjb<\/a><br \/><a href=\"http:\/\/instagram.com\/movimentojb\" target=\"_blank\" rel=\"nofollow noopener noreferrer\">instagram.com\/movimentojb<\/a><\/p><\/div>\n\t\t\t\t<\/div>\n\t\t\t\t\t\t\t<div class=\"elementor-toggle-item\">\n\t\t\t\t\t<div id=\"elementor-tab-title-2142\" class=\"elementor-tab-title\" data-tab=\"2\" role=\"button\" aria-controls=\"elementor-tab-content-2142\" aria-expanded=\"false\">\n\t\t\t\t\t\t\t\t\t\t\t\t<span class=\"elementor-toggle-icon elementor-toggle-icon-left\" aria-hidden=\"true\">\n\t\t\t\t\t\t\t\t\t\t\t\t\t\t\t<span class=\"elementor-toggle-icon-closed\"><i class=\"fas fa-caret-right\"><\/i><\/span>\n\t\t\t\t\t\t\t\t<span class=\"elementor-toggle-icon-opened\"><i class=\"elementor-toggle-icon-opened fas fa-caret-up\"><\/i><\/span>\n\t\t\t\t\t\t\t\t\t\t\t\t\t<\/span>\n\t\t\t\t\t\t\t\t\t\t\t\t<a class=\"elementor-toggle-title\" tabindex=\"0\">Qual a fun\u00e7\u00e3o do MCJB no projeto Cesta do Bem<\/a>\n\t\t\t\t\t<\/div>\n\n\t\t\t\t\t<div id=\"elementor-tab-content-2142\" class=\"elementor-tab-content elementor-clearfix\" data-tab=\"2\" role=\"region\" aria-labelledby=\"elementor-tab-title-2142\"><p>O MCJB \u00e9 o respons\u00e1vel pela organiza\u00e7\u00e3o geral do projeto, cuida da parte de capta\u00e7\u00e3o das doa\u00e7\u00f5es, gest\u00e3o financeira, administrativa e jur\u00eddica do projeto. Tamb\u00e9m \u00e9 respons\u00e1vel por cadastras as institui\u00e7\u00f5es e agentes de cadastramento das fam\u00edlias que ser\u00e3o assistidas. Outra fun\u00e7\u00e3o est\u00e1 na comunica\u00e7\u00e3o, cuida da divulga\u00e7\u00e3o e cria\u00e7\u00e3o de materiais publicit\u00e1rios do projeto.<\/p><\/div>\n\t\t\t\t<\/div>\n\t\t\t\t\t\t\t<div class=\"elementor-toggle-item\">\n\t\t\t\t\t<div id=\"elementor-tab-title-2143\" class=\"elementor-tab-title\" data-tab=\"3\" role=\"button\" aria-controls=\"elementor-tab-content-2143\" aria-expanded=\"false\">\n\t\t\t\t\t\t\t\t\t\t\t\t<span class=\"elementor-toggle-icon elementor-toggle-icon-left\" aria-hidden=\"true\">\n\t\t\t\t\t\t\t\t\t\t\t\t\t\t\t<span class=\"elementor-toggle-icon-closed\"><i class=\"fas fa-caret-right\"><\/i><\/span>\n\t\t\t\t\t\t\t\t<span class=\"elementor-toggle-icon-opened\"><i class=\"elementor-toggle-icon-opened fas fa-caret-up\"><\/i><\/span>\n\t\t\t\t\t\t\t\t\t\t\t\t\t<\/span>\n\t\t\t\t\t\t\t\t\t\t\t\t<a class=\"elementor-toggle-title\" tabindex=\"0\">O MCJB vai entregar as cestas de alimento e verduras diretamente para as fam\u00edlias carentes?<\/a>\n\t\t\t\t\t<\/div>\n\n\t\t\t\t\t<div id=\"elementor-tab-content-2143\" class=\"elementor-tab-content elementor-clearfix\" data-tab=\"3\" role=\"region\" aria-labelledby=\"elementor-tab-title-2143\"><p>N\u00e3o ser\u00e3o entregues cestas f\u00edsicas para as fam\u00edlias assistidas pelo projeto, mas sim vouchers (vales) para que um membro da fam\u00edlia compare\u00e7a a um mini-mercado pr\u00f3ximo a sua resid\u00eancia e fa\u00e7a a compra no valor do voucher. Quem define as fam\u00edlias cadastradas s\u00e3o as institui\u00e7\u00f5es parceiras.\u00a0<\/p><\/div>\n\t\t\t\t<\/div>\n\t\t\t\t\t\t\t<div class=\"elementor-toggle-item\">\n\t\t\t\t\t<div id=\"elementor-tab-title-2144\" class=\"elementor-tab-title\" data-tab=\"4\" role=\"button\" aria-controls=\"elementor-tab-content-2144\" aria-expanded=\"false\">\n\t\t\t\t\t\t\t\t\t\t\t\t<span class=\"elementor-toggle-icon elementor-toggle-icon-left\" aria-hidden=\"true\">\n\t\t\t\t\t\t\t\t\t\t\t\t\t\t\t<span class=\"elementor-toggle-icon-closed\"><i class=\"fas fa-caret-right\"><\/i><\/span>\n\t\t\t\t\t\t\t\t<span class=\"elementor-toggle-icon-opened\"><i class=\"elementor-toggle-icon-opened fas fa-caret-up\"><\/i><\/span>\n\t\t\t\t\t\t\t\t\t\t\t\t\t<\/span>\n\t\t\t\t\t\t\t\t\t\t\t\t<a class=\"elementor-toggle-title\" tabindex=\"0\">Quem escolhe as fam\u00edlias que ser\u00e3o beneficiadas?<\/a>\n\t\t\t\t\t<\/div>\n\n\t\t\t\t\t<div id=\"elementor-tab-content-2144\" class=\"elementor-tab-content elementor-clearfix\" data-tab=\"4\" role=\"region\" aria-labelledby=\"elementor-tab-title-2144\"><p>As institui\u00e7\u00f5es e agentes cadastrados, s\u00e3o igrejas, centro sociais, institui\u00e7\u00f5es p\u00fablicas como escolas, administra\u00e7\u00f5es regionais, CRAS, dentre outros.<\/p><\/div>\n\t\t\t\t<\/div>\n\t\t\t\t\t\t\t<div class=\"elementor-toggle-item\">\n\t\t\t\t\t<div id=\"elementor-tab-title-2145\" class=\"elementor-tab-title\" data-tab=\"5\" role=\"button\" aria-controls=\"elementor-tab-content-2145\" aria-expanded=\"false\">\n\t\t\t\t\t\t\t\t\t\t\t\t<span class=\"elementor-toggle-icon elementor-toggle-icon-left\" aria-hidden=\"true\">\n\t\t\t\t\t\t\t\t\t\t\t\t\t\t\t<span class=\"elementor-toggle-icon-closed\"><i class=\"fas fa-caret-right\"><\/i><\/span>\n\t\t\t\t\t\t\t\t<span class=\"elementor-toggle-icon-opened\"><i class=\"elementor-toggle-icon-opened fas fa-caret-up\"><\/i><\/span>\n\t\t\t\t\t\t\t\t\t\t\t\t\t<\/span>\n\t\t\t\t\t\t\t\t\t\t\t\t<a class=\"elementor-toggle-title\" tabindex=\"0\">Posso doar cestas b\u00e1sicas compradas em supermercados?<\/a>\n\t\t\t\t\t<\/div>\n\n\t\t\t\t\t<div id=\"elementor-tab-content-2145\" class=\"elementor-tab-content elementor-clearfix\" data-tab=\"5\" role=\"region\" aria-labelledby=\"elementor-tab-title-2145\"><p>N\u00e3o, a proposta do projeto \u00e9 que as fam\u00edlias beneficiadas fa\u00e7am suas compras no pequeno com\u00e9rcio, para movimentar a economia local das regi\u00f5es economicamente mais vulner\u00e1veis e diminuir contatos entre as pessoas, para evitar contamina\u00e7\u00f5es do coronav\u00edrus.<\/p><\/div>\n\t\t\t\t<\/div>\n\t\t\t\t\t\t\t<div class=\"elementor-toggle-item\">\n\t\t\t\t\t<div id=\"elementor-tab-title-2146\" class=\"elementor-tab-title\" data-tab=\"6\" role=\"button\" aria-controls=\"elementor-tab-content-2146\" aria-expanded=\"false\">\n\t\t\t\t\t\t\t\t\t\t\t\t<span class=\"elementor-toggle-icon elementor-toggle-icon-left\" aria-hidden=\"true\">\n\t\t\t\t\t\t\t\t\t\t\t\t\t\t\t<span class=\"elementor-toggle-icon-closed\"><i class=\"fas fa-caret-right\"><\/i><\/span>\n\t\t\t\t\t\t\t\t<span class=\"elementor-toggle-icon-opened\"><i class=\"elementor-toggle-icon-opened fas fa-caret-up\"><\/i><\/span>\n\t\t\t\t\t\t\t\t\t\t\t\t\t<\/span>\n\t\t\t\t\t\t\t\t\t\t\t\t<a class=\"elementor-toggle-title\" tabindex=\"0\">Posso doar dinheiro, ao inv\u00e9s de Cestas?<\/a>\n\t\t\t\t\t<\/div>\n\n\t\t\t\t\t<div id=\"elementor-tab-content-2146\" class=\"elementor-tab-content elementor-clearfix\" data-tab=\"6\" role=\"region\" aria-labelledby=\"elementor-tab-title-2146\"><p>Pode-se ajudar fazendo dep\u00f3sito banc\u00e1rio no valor da quantidade e do tipo de cestas que forem doadas, no Banco Sicoob (n. 756), ag\u00eancia 4001, conta corrente 117.359-6 em nome de Movimento Comunit\u00e1rio do Jardim Bot\u00e2nico, CNPJ: 23.583.083\/0001-94 e o comprovante de dep\u00f3sito ou transfer\u00eancia deve ser encaminhado para o e-mail contato@mcjb.org.br ou para o whatsapp n. 61 99433-8517.<\/p><\/div>\n\t\t\t\t<\/div>\n\t\t\t\t\t\t\t<div class=\"elementor-toggle-item\">\n\t\t\t\t\t<div id=\"elementor-tab-title-2147\" class=\"elementor-tab-title\" data-tab=\"7\" role=\"button\" aria-controls=\"elementor-tab-content-2147\" aria-expanded=\"false\">\n\t\t\t\t\t\t\t\t\t\t\t\t<span class=\"elementor-toggle-icon elementor-toggle-icon-left\" aria-hidden=\"true\">\n\t\t\t\t\t\t\t\t\t\t\t\t\t\t\t<span class=\"elementor-toggle-icon-closed\"><i class=\"fas fa-caret-right\"><\/i><\/span>\n\t\t\t\t\t\t\t\t<span class=\"elementor-toggle-icon-opened\"><i class=\"elementor-toggle-icon-opened fas fa-caret-up\"><\/i><\/span>\n\t\t\t\t\t\t\t\t\t\t\t\t\t<\/span>\n\t\t\t\t\t\t\t\t\t\t\t\t<a class=\"elementor-toggle-title\" tabindex=\"0\">Posso indicar uma fam\u00edlia para ser assistida?<\/a>\n\t\t\t\t\t<\/div>\n\n\t\t\t\t\t<div id=\"elementor-tab-content-2147\" class=\"elementor-tab-content elementor-clearfix\" data-tab=\"7\" role=\"region\" aria-labelledby=\"elementor-tab-title-2147\"><p>Pode sim, por\u00e9m n\u00e3o para o Movimento Comunit\u00e1rio do Jardim Bot\u00e2nico e sim para uma das institui\u00e7\u00f5es cadastradas como agentes de cadastramento das fam\u00edlias.\u00a0<\/p><\/div>\n\t\t\t\t<\/div>\n\t\t\t\t\t\t\t<div class=\"elementor-toggle-item\">\n\t\t\t\t\t<div id=\"elementor-tab-title-2148\" class=\"elementor-tab-title\" data-tab=\"8\" role=\"button\" aria-controls=\"elementor-tab-content-2148\" aria-expanded=\"false\">\n\t\t\t\t\t\t\t\t\t\t\t\t<span class=\"elementor-toggle-icon elementor-toggle-icon-left\" aria-hidden=\"true\">\n\t\t\t\t\t\t\t\t\t\t\t\t\t\t\t<span class=\"elementor-toggle-icon-closed\"><i class=\"fas fa-caret-right\"><\/i><\/span>\n\t\t\t\t\t\t\t\t<span class=\"elementor-toggle-icon-opened\"><i class=\"elementor-toggle-icon-opened fas fa-caret-up\"><\/i><\/span>\n\t\t\t\t\t\t\t\t\t\t\t\t\t<\/span>\n\t\t\t\t\t\t\t\t\t\t\t\t<a class=\"elementor-toggle-title\" tabindex=\"0\">Qualquer fam\u00edlia ter\u00e1 direito \u00e0 cesta de alimentos e verduras?<\/a>\n\t\t\t\t\t<\/div>\n\n\t\t\t\t\t<div id=\"elementor-tab-content-2148\" class=\"elementor-tab-content elementor-clearfix\" data-tab=\"8\" role=\"region\" aria-labelledby=\"elementor-tab-title-2148\"><p>N\u00e3o, apenas fam\u00edlias de alta vulnerabilidade econ\u00f4mica, preferencialmente as que n\u00e3o s\u00e3o atendidas pelos projetos sociais do governo. A classifica\u00e7\u00e3o de urg\u00eancia de recebimento das cestas ser\u00e1 feita pelas institui\u00e7\u00f5es e agentes de cadastro, que s\u00e3o igrejas, associa\u00e7\u00f5es de catadores, dentre outros.<\/p><\/div>\n\t\t\t\t<\/div>\n\t\t\t\t\t\t\t\t<\/div>\n\t\t\t\t\t\t<\/div>\n\t\t\t\t<\/div>\n\t\t\t\t\t<\/div>\n\t\t<\/div>\n\t\t\t\t\t<\/div>\n\t\t<\/section>\n\t\t\t\t<section class=\"elementor-section elementor-top-section elementor-element elementor-element-97a5cd3 elementor-section-boxed elementor-section-height-default elementor-section-height-default\" data-id=\"97a5cd3\" data-element_type=\"section\">\n\t\t\t\t\t\t<div class=\"elementor-container elementor-column-gap-default\">\n\t\t\t\t\t<div class=\"elementor-column elementor-col-100 elementor-top-column elementor-element elementor-element-8a165c0\" data-id=\"8a165c0\" data-element_type=\"column\">\n\t\t\t<div class=\"elementor-widget-wrap elementor-element-populated\">\n\t\t\t\t\t\t<div class=\"elementor-element elementor-element-86c19b3 elementor-align-center elementor-widget elementor-widget-button\" data-id=\"86c19b3\" data-element_type=\"widget\" data-widget_type=\"button.default\">\n\t\t\t\t<div class=\"elementor-widget-container\">\n\t\t\t\t\t\t\t\t\t<div class=\"elementor-button-wrapper\">\n\t\t\t\t\t<a class=\"elementor-button elementor-button-link elementor-size-md\" href=\"http:\/\/www.mcjb.org.br\/institucional\/cesta-do-bem\/\">\n\t\t\t\t\t\t<span class=\"elementor-button-content-wrapper\">\n\t\t\t\t\t\t<span class=\"elementor-button-icon\">\n\t\t\t\t<i aria-hidden=\"true\" class=\"far fa-arrow-alt-circle-left\"><\/i>\t\t\t<\/span>\n\t\t\t\t\t\t\t\t\t<span class=\"elementor-button-text\">Voltar para o Projeto Cesta do Bem<\/span>\n\t\t\t\t\t<\/span>\n\t\t\t\t\t<\/a>\n\t\t\t\t<\/div>\n\t\t\t\t\t\t\t\t<\/div>\n\t\t\t\t<\/div>\n\t\t\t\t\t<\/div>\n\t\t<\/div>\n\t\t\t\t\t<\/div>\n\t\t<\/section>\n\t\t\t\t<\/div>\n\t\t","protected":false},"excerpt":{"rendered":"<p>TIRE TODAS AS SUAS D\u00daVIDAS DO PROJETO CESTA DO BEM Quem \u00e9 o Movimento Comunit\u00e1rio do Jardim Bot\u00e2nico? O Movimento Comunit\u00e1rio do Jardim Bot\u00e2nico (MCJB), nascido<span class=\"excerpt-hellip\"> [\u2026]<\/span><\/p>\n","protected":false},"author":1,"featured_media":5905,"comment_status":"open","ping_status":"open","sticky":false,"template":"","format":"standard","meta":{"footnotes":""},"categories":[34],"tags":[107,25],"class_list":["post-5853","post","type-post","status-publish","format-standard","has-post-thumbnail","hentry","category-projetos-comunitarios","tag-cesta-do-bem","tag-jb-solidario"],"_links":{"self":[{"href":"https:\/\/www.mcjb.org.br\/institucional\/wp-json\/wp\/v2\/posts\/5853","targetHints":{"allow":["GET"]}}],"collection":[{"href":"https:\/\/www.mcjb.org.br\/institucional\/wp-json\/wp\/v2\/posts"}],"about":[{"href":"https:\/\/www.mcjb.org.br\/institucional\/wp-json\/wp\/v2\/types\/post"}],"author":[{"embeddable":true,"href":"https:\/\/www.mcjb.org.br\/institucional\/wp-json\/wp\/v2\/users\/1"}],"replies":[{"embeddable":true,"href":"https:\/\/www.mcjb.org.br\/institucional\/wp-json\/wp\/v2\/comments?post=5853"}],"version-history":[{"count":9,"href":"https:\/\/www.mcjb.org.br\/institucional\/wp-json\/wp\/v2\/posts\/5853\/revisions"}],"predecessor-version":[{"id":10852,"href":"https:\/\/www.mcjb.org.br\/institucional\/wp-json\/wp\/v2\/posts\/5853\/revisions\/10852"}],"wp:featuredmedia":[{"embeddable":true,"href":"https:\/\/www.mcjb.org.br\/institucional\/wp-json\/wp\/v2\/media\/5905"}],"wp:attachment":[{"href":"https:\/\/www.mcjb.org.br\/institucional\/wp-json\/wp\/v2\/media?parent=5853"}],"wp:term":[{"taxonomy":"category","embeddable":true,"href":"https:\/\/www.mcjb.org.br\/institucional\/wp-json\/wp\/v2\/categories?post=5853"},{"taxonomy":"post_tag","embeddable":true,"href":"https:\/\/www.mcjb.org.br\/institucional\/wp-json\/wp\/v2\/tags?post=5853"}],"curies":[{"name":"wp","href":"https:\/\/api.w.org\/{rel}","templated":true}]}}