{"id":4657,"date":"2018-05-21T13:42:58","date_gmt":"2018-05-21T13:42:58","guid":{"rendered":"http:\/\/www.mcjb.org.br\/institucional\/?p=4657"},"modified":"2018-05-21T13:46:13","modified_gmt":"2018-05-21T13:46:13","slug":"demandas-administrativas-para-a-ra-xxvii-jardim-botanico","status":"publish","type":"post","link":"https:\/\/www.mcjb.org.br\/institucional\/institucional\/demandas-administrativas-para-a-ra-xxvii-jardim-botanico\/","title":{"rendered":"Demandas Administrativas para a RA XXVII &#8211; Jardim Bot\u00e2nico"},"content":{"rendered":"<p><span style=\"text-decoration: underline;\"><strong><span style=\"font-family: 'trebuchet ms', geneva, sans-serif;\">URGENTES:<br \/>\n<\/span><\/strong><\/span><span style=\"font-family: 'trebuchet ms', geneva, sans-serif; text-align: justify;\">01 &#8211; Conclus\u00e3o da demarcat\u00f3ria da RA XXVII &#8211; Jardim Bot\u00e2nico. Solicitar ao poder executivo e o legislativo o cumprimento do artigo 1\u00ba da lei distrital n.3.435, de 31\/08\/2004 que diz: \u201cOs limites f\u00edsicos da Regi\u00e3o Administrativa de que trata o caput ser\u00e3o encaminhados por meio de Mensagem do Poder Executivo \u00e0 C\u00e2mara Legislativa do Distrito Federal, no prazo m\u00e1ximo de sessenta dias, a partir da sua publica\u00e7\u00e3o\u201d.\u00a0<\/span><\/p>\n<p><span style=\"font-family: 'trebuchet ms', geneva, sans-serif;\">02 &#8211; Imediata regulariza\u00e7\u00e3o e desburocratiza\u00e7\u00e3o em todos os processos administrativos da RA, principalmente na emiss\u00e3o de alvar\u00e1s e habite-se, para empreendimentos na RA;<\/span><\/p>\n<p><span style=\"font-family: 'trebuchet ms', geneva, sans-serif;\">03 &#8211; Solicitar ao poder executivo e legislativo agilidade no cumprimento da lei n. 9.262\/96, que regulariza a maioria dos condom\u00ednios desta RA;<\/span><\/p>\n<p><span style=\"font-family: 'trebuchet ms', geneva, sans-serif;\">04 &#8211; Cria\u00e7\u00e3o urgente de Plano Diretor espec\u00edfico para a RA XXVII-Jardim Bot\u00e2nico, contemplando sua realidade social, f\u00edsica, econ\u00f4mica, pol\u00edtica e administrativa, contendo conjunto de propostas para o futuro desenvolvimento socioecon\u00f4mico e futura organiza\u00e7\u00e3o espacial dos usos do solo urbano, das redes de infra-estrutura e de elementos fundamentais da estrutura urbana, definidas para curto, m\u00e9dio e longo prazos;<\/span><\/p>\n<p><span style=\"font-family: 'trebuchet ms', geneva, sans-serif;\">05 &#8211; Divis\u00e3o de \u00e1reas p\u00fablicas regularizadas para instala\u00e7\u00e3o de EPC\u2019s (Equipamentos P\u00fablicos Comunit\u00e1rios), principalmente em \u00e1rea atr\u00e1s das floriculturas (bombeiros, batalh\u00e3o de pol\u00edcia, posto de sa\u00fade, escola, etc.) e atividades de car\u00e1ter econ\u00f4mico; e<\/span><\/p>\n<p><span style=\"font-family: 'trebuchet ms', geneva, sans-serif;\">06 &#8211; Ativa\u00e7\u00e3o imediata dos conselhos comunit\u00e1rios tem\u00e1ticos, previsto na LDO-DF (seguran\u00e7a, planejamento e Meio-Ambiente); e<\/span><\/p>\n<p><span style=\"font-family: 'trebuchet ms', geneva, sans-serif;\">07 &#8211; Cria\u00e7\u00e3o de zona eleitoral pr\u00f3pria.<\/span><\/p>\n<p>&nbsp;<\/p>\n<p><span style=\"text-decoration: underline;\"><strong><span style=\"font-family: 'trebuchet ms', geneva, sans-serif;\">POL\u00cdTICAS DE FISCALIZA\u00c7\u00c3O:<\/span><\/strong><\/span><br \/>\n<span style=\"font-family: 'trebuchet ms', geneva, sans-serif;\">01 &#8211; Contra o constante derramamento de entulho em diversas \u00e1reas da RA, principalmente no vale do Jardim Bot\u00e2nico 3, margens da DF-001 e nos lotes baldios da regi\u00e3o do Itaip\u00fa e Estrada do Sol;<\/span><\/p>\n<p style=\"text-align: justify;\"><span style=\"font-family: 'trebuchet ms', geneva, sans-serif;\">02 &#8211; Contra os motoristas imprudentes que praticam v\u00e1rias infra\u00e7\u00f5es de tr\u00e2nsito nos hor\u00e1rios de pico de tr\u00e1fego de ve\u00edculos, principalmente nas marginais da DF-001 e na Estrada do Sol;<\/span><\/p>\n<p style=\"text-align: justify;\"><span style=\"font-family: 'trebuchet ms', geneva, sans-serif;\">03 &#8211; Contra ve\u00edculos de carga e descarga que n\u00e3o cumprem determina\u00e7\u00e3o de hor\u00e1rio para carga e descarga no com\u00e9rcio do Jardim Bot\u00e2nico;<\/span><\/p>\n<p style=\"text-align: justify;\"><span style=\"font-family: 'trebuchet ms', geneva, sans-serif;\">04 &#8211; Contra a polui\u00e7\u00e3o visual na RA, retirando faixas de an\u00fancios espalhados irregularmente, al\u00e9m de outdoors e placas irregulares, aplicando multa aos respectivos contraventores;<\/span><\/p>\n<p style=\"text-align: justify;\"><span style=\"font-family: 'trebuchet ms', geneva, sans-serif;\">05 &#8211; Contra invas\u00f5es de terra p\u00fablica e novos parcelamentos irregulares na RA-Jardim Bot\u00e2nico e nas RA\u2019s adjacentes, principalmente a RA-S\u00e3o Sebasti\u00e3o; e<\/span><\/p>\n<p style=\"text-align: justify;\"><span style=\"font-family: 'trebuchet ms', geneva, sans-serif;\">06 &#8211; Contra ambulantes irregulares, principalmente os que vendem caf\u00e9 da manh\u00e3 nas marginais da DF-001 atrapalhando o tr\u00e2nsito, os que vendem marmita e os demais que trabalham sem autoriza\u00e7\u00e3o pela RA.<\/span><\/p>\n<p>&nbsp;<\/p>\n<p><span style=\"font-family: 'trebuchet ms', geneva, sans-serif;\"><span style=\"text-decoration: underline;\"><strong>POL\u00cdTICAS P\u00daBLICAS DE SEGURAN\u00c7A:<\/strong><\/span><\/span><br \/>\n<span style=\"font-family: 'trebuchet ms', geneva, sans-serif;\">01 &#8211; Pedido urgente de inclus\u00e3o e reorganiza\u00e7\u00e3o de logradouros e endere\u00e7amentos da RA, junto a Secretaria de Seguran\u00e7a P\u00fablica no sistema CIAD SSP;<\/span><\/p>\n<p style=\"text-align: justify;\"><span style=\"font-family: 'trebuchet ms', geneva, sans-serif;\">02 &#8211; Controle e oferecimento de transporte para presidi\u00e1rios da Papuda, beneficiados com a liberdade provis\u00f3ria ou n\u00e3o, afim de que os mesmos n\u00e3o sejam obrigados a atravessar a RA \u00e0 p\u00e9 ainda com o uniforme do pres\u00eddio em muitos casos, da penitenci\u00e1ria at\u00e9 a parada de \u00f4nibus mais pr\u00f3xima, em frente ao Jardim Bot\u00e2nico 3;<\/span><\/p>\n<p style=\"text-align: justify;\"><span style=\"font-family: 'trebuchet ms', geneva, sans-serif;\">03 &#8211; Reativa\u00e7\u00e3o de posto policial, localizado no com\u00e9rcio do Jardim Bot\u00e2nico, principalmente nas madrugadas, hor\u00e1rio que muitas vezes costuma ficar vazio;<\/span><\/p>\n<p style=\"text-align: justify;\"><span style=\"font-family: 'trebuchet ms', geneva, sans-serif;\">04 &#8211; Aumento imediato da frequ\u00eancia das rondas policiais, com aumento do efetivo policial e de viaturas;<\/span><\/p>\n<p style=\"text-align: justify;\"><span style=\"font-family: 'trebuchet ms', geneva, sans-serif;\">05 &#8211; Pol\u00edticas de intelig\u00eancia na seguran\u00e7a p\u00fablica da RA, para evitar crimes que constantemente acontecem, como comercializa\u00e7\u00e3o e uso de drogas, furtos \u00e0 ve\u00edculos e resid\u00eancias, \u201cpegas\u201d de carro, perturba\u00e7\u00e3o da paz com som automotivo alto, dentre muito outros; e<\/span><\/p>\n<p style=\"text-align: justify;\"><span style=\"font-family: 'trebuchet ms', geneva, sans-serif;\">06 &#8211; Pedido de maior atua\u00e7\u00e3o da DEMA (Delegacia do Meio Ambiente), principalmente investigando empresas e profissionais aut\u00f4nomos que constantemente derramam entulho na RA, al\u00e9m de inibir a a\u00e7\u00e3o de invasores de terras p\u00fablicas.<\/span><\/p>\n<p>&nbsp;<\/p>\n<p><span style=\"text-decoration: underline;\"><strong><span style=\"font-family: 'trebuchet ms', geneva, sans-serif;\">POL\u00cdTICAS DE MELHORIAS NA MOBILIDADE URBANA DA RA:<\/span><\/strong><\/span><br \/>\n<span style=\"font-family: 'trebuchet ms', geneva, sans-serif;\">01 &#8211; Cria\u00e7\u00e3o urgente de linhas de \u00f4nibus exclusivas para a RA, todas com integra\u00e7\u00e3o na Rodovi\u00e1ria do Plano Piloto:<br \/>\n<\/span><span style=\"font-family: 'trebuchet ms', geneva, sans-serif;\">a-Linha circular: Rodovi\u00e1ria &#8211; Avenida do Sol &#8211; Rodovi\u00e1ria;<\/span><br \/>\n<span style=\"font-family: 'trebuchet ms', geneva, sans-serif;\">b-Linha circular: Rodovi\u00e1ria &#8211; SH S\u00e3o Bartolomeu &#8211; Rodovi\u00e1ria;<\/span><br \/>\n<span style=\"font-family: 'trebuchet ms', geneva, sans-serif;\">c-Linha circular: Rodovi\u00e1ria &#8211; Toror\u00f3 &#8211; Rodovi\u00e1ria;<\/span><br \/>\n<span style=\"font-family: 'trebuchet ms', geneva, sans-serif;\">d-Linha circular: Rodovi\u00e1ria &#8211; Jardim Bot\u00e2nico 3 &#8211; Rodovi\u00e1ria;<\/span><br \/>\n<span style=\"font-family: 'trebuchet ms', geneva, sans-serif;\">e-Linha de \u00f4nibus executivo: Rodovi\u00e1ria &#8211; Avenida do Sol &#8211; Rodovi\u00e1ria.<\/span><\/p>\n<p style=\"text-align: justify;\"><span style=\"font-family: 'trebuchet ms', geneva, sans-serif;\">02 &#8211; Cria\u00e7\u00e3o de faixa na via de contra-fluxo, na DF-001, nos hor\u00e1rios de pico, de forma similar \u00e0s pol\u00edticas de faixas de contra-fluxo da via estrutural e de Sobradinho;<\/span><\/p>\n<p style=\"text-align: justify;\"><span style=\"font-family: 'trebuchet ms', geneva, sans-serif;\">03 &#8211; Fechamento das vias de acesso laterais do Setor Habitacional Jardim Bot\u00e2nico 3, nos hor\u00e1rios de pico de tr\u00e1fego da manh\u00e3, afim de evitar que o excesso de ve\u00edculos da DF-463 n\u00e3o invada as vias vicinais, que s\u00e3o em \u00e1rea residencial e tem ficado com fluxo intenso, trazendo inseguran\u00e7a a seus moradores e engarrafamento das marginais da DF-001, que atende os condom\u00ednios na liga\u00e7\u00e3o com a Estrada do Sol;<\/span><\/p>\n<p style=\"text-align: justify;\"><span style=\"font-family: 'trebuchet ms', geneva, sans-serif;\">04 &#8211; Reparo e pintura das escassas sinaliza\u00e7\u00f5es verticais e horizontais do bairro; e<\/span><\/p>\n<p style=\"text-align: justify;\"><span style=\"font-family: 'trebuchet ms', geneva, sans-serif;\">05 &#8211; Recupera\u00e7\u00e3o e pintura do meio-fio de todas as vias da RA.<\/span><\/p>\n<p>&nbsp;<\/p>\n<p><span style=\"text-decoration: underline;\"><strong><span style=\"font-family: 'trebuchet ms', geneva, sans-serif;\">ESTUDOS T\u00c9CNICOS E URBAN\u00cdSTICOS:<\/span><\/strong><\/span><br \/>\n<span style=\"font-family: 'trebuchet ms', geneva, sans-serif;\">01 &#8211; Estudo de saneamento de toda a RA, principalmente na quest\u00e3o da capta\u00e7\u00e3o das \u00e1guas pluviais;<\/span><\/p>\n<p style=\"text-align: justify;\"><span style=\"font-family: 'trebuchet ms', geneva, sans-serif;\">02 &#8211; Estudo de melhora da malha vi\u00e1ria e de mobilidade na RA; e<\/span><\/p>\n<p style=\"text-align: justify;\"><span style=\"font-family: 'trebuchet ms', geneva, sans-serif;\">03 &#8211; Projeto de paisagismo integrado com os projetos existentes dos condom\u00ednios e do Jardim Bot\u00e2nico 3.<\/span><\/p>\n<p>&nbsp;<\/p>\n<p><span style=\"text-decoration: underline;\"><strong><span style=\"font-family: 'trebuchet ms', geneva, sans-serif;\">MEIO AMBIENTE<\/span><\/strong><\/span><br \/>\n<span style=\"font-family: 'trebuchet ms', geneva, sans-serif;\">01 &#8211; Pedido de maior regularidade na capinagem, ro\u00e7agem e limpeza de toda RA, com a manuten\u00e7\u00e3o paisag\u00edstica dos bal\u00f5es e jardins p\u00fablicos;<\/span><\/p>\n<p style=\"text-align: justify;\"><span style=\"font-family: 'trebuchet ms', geneva, sans-serif;\">02 &#8211; Imediata remo\u00e7\u00e3o dos entulhos em diversas \u00e1reas, principalmente na Avenida Bela Vista do Jardim Bot\u00e2nico 3 e em lotes das vias vicinais entre o Setor Habitacional Itaip\u00fa e a Estrada do sol;<\/span><\/p>\n<p style=\"text-align: justify;\"><span style=\"font-family: 'trebuchet ms', geneva, sans-serif;\">03 &#8211; Organiza\u00e7\u00e3o e melhora da coleta de lixo no bairro:<\/span><\/p>\n<p style=\"text-align: justify;\"><span style=\"font-family: 'trebuchet ms', geneva, sans-serif;\">04 &#8211; Reimplanta\u00e7\u00e3o da coleta seletiva;<\/span><br \/>\n<span style=\"font-family: 'trebuchet ms', geneva, sans-serif;\">a-Constru\u00e7\u00e3o de baias e organiza\u00e7\u00e3o dos locais de containers de lixo dos condom\u00ednios, principalmente na Estrada do Sol;<\/span><br \/>\n<span style=\"font-family: 'trebuchet ms', geneva, sans-serif;\">b-Aumento da quantidade de dias na semana para coleta de lixo, com regularidade, que n\u00e3o vem ocorrendo ultimamente em algumas \u00e1reas da RA, como Jardim Bot\u00e2nico 3 e Itaip\u00fa;<br \/>\n<\/span><span style=\"font-family: 'trebuchet ms', geneva, sans-serif;\">c-Organiza\u00e7\u00e3o de coleta de lixo nas ch\u00e1caras vizinhas \u00e0 Avenida do Sol, bem como do Setor Habitacional Itaip\u00fa;<\/span><\/p>\n<p style=\"text-align: justify;\"><span style=\"font-family: 'trebuchet ms', geneva, sans-serif;\">05 &#8211; Instala\u00e7\u00e3o de lixeiras p\u00fablicas, principalmente nas \u00e1reas dos PEC\u2019s, com\u00e9rcio, nas \u00e1reas de ch\u00e1caras e vias de grande circula\u00e7\u00e3o;<\/span><\/p>\n<p style=\"text-align: justify;\"><span style=\"font-family: 'trebuchet ms', geneva, sans-serif;\">06 &#8211; Implanta\u00e7\u00e3o de programa\u00e7\u00e3o de recupera\u00e7\u00e3o constante de \u00e1reas degradadas, com aumento da arboriza\u00e7\u00e3o do bairro e constante fiscaliza\u00e7\u00e3o de invas\u00f5es em \u00e1reas ambientais, contra derramamento de entulho e de desmatamentos desnecess\u00e1rios;<\/span><\/p>\n<p style=\"text-align: justify;\"><span style=\"font-family: 'trebuchet ms', geneva, sans-serif;\">07 &#8211; Implanta\u00e7\u00e3o de \u00e1reas de preserva\u00e7\u00e3o ambiental na RA-XXVII-Jardim bot\u00e2nico; e<\/span><\/p>\n<p style=\"text-align: justify;\"><span style=\"font-family: 'trebuchet ms', geneva, sans-serif;\">08 &#8211; Junto com a RA de S\u00e3o Sebasti\u00e3o, implementar \u00e1rea de transbordo para entulho, afim de acabar com a constante pr\u00e1tica de derramamento de entulho em \u00e1reas p\u00fablicas.<\/span><\/p>\n<p>&nbsp;<\/p>\n<p><span style=\"text-decoration: underline;\"><strong><span style=\"font-family: 'trebuchet ms', geneva, sans-serif;\">CAMPANHAS P\u00daBLICAS<\/span><\/strong><\/span><br \/>\n<span style=\"font-family: 'trebuchet ms', geneva, sans-serif;\">01 &#8211; Participa\u00e7\u00e3o em todos os programas de sa\u00fade p\u00fablica do GDF, como a carreta da mulher, campanhas m\u00e9dicas para tratamento de catarata, dentre outras;<\/span><\/p>\n<p style=\"text-align: justify;\"><span style=\"font-family: 'trebuchet ms', geneva, sans-serif;\">02 &#8211; Participa\u00e7\u00e3o nas campanhas de vacina\u00e7\u00e3o da Sa\u00fade p\u00fablica, trazendo para a RA as campanhas p\u00fablicas federais e distritais, de forma que n\u00e3o seja mais necess\u00e1rio o deslocamento para outra RA;<\/span><\/p>\n<p style=\"text-align: justify;\"><span style=\"font-family: 'trebuchet ms', geneva, sans-serif;\">03 &#8211; Campanha contra a dengue, que deve se iniciar em meados de setembro e finalizar em meados de maio, todos os anos;<\/span><\/p>\n<p style=\"text-align: justify;\"><span style=\"font-family: 'trebuchet ms', geneva, sans-serif;\">04 &#8211; Campanha de vacina\u00e7\u00e3o de animais;<\/span><\/p>\n<p style=\"text-align: justify;\"><span style=\"font-family: 'trebuchet ms', geneva, sans-serif;\">05 &#8211; Campanha de castra\u00e7\u00e3o de animais e educativas na tratativa de animais;<\/span><\/p>\n<p style=\"text-align: justify;\"><span style=\"font-family: 'trebuchet ms', geneva, sans-serif;\">06 &#8211; Campanha contra queimadas, como a opera\u00e7\u00e3o verde vivo &#8211; CBM-DF e da SEMARH que j\u00e1 ocorre nas RA\u2019s Park Way, Candangol\u00e2ndia e N\u00facleo Bandeirante;<\/span><\/p>\n<p style=\"text-align: justify;\"><span style=\"font-family: 'trebuchet ms', geneva, sans-serif;\">07 &#8211; Campanha de pr\u00e1ticas sustent\u00e1veis, utilizando o Centro de Pr\u00e1ticas Sustent\u00e1veis &#8211; CPS, que fica no Jardins Mangueiral;<\/span><\/p>\n<p style=\"text-align: justify;\"><span style=\"font-family: 'trebuchet ms', geneva, sans-serif;\">08 &#8211; Campanha de conscientiza\u00e7\u00e3o ambiental e conserva\u00e7\u00e3o da fauna e flora da RA, incluindo confec\u00e7\u00e3o e distribui\u00e7\u00e3o de cartilhas;<\/span><\/p>\n<p style=\"text-align: justify;\"><span style=\"font-family: 'trebuchet ms', geneva, sans-serif;\">09 &#8211; Campanha de homenagens conforme a respectiva data comemorativa, como dia das m\u00e3es, pais, mulher, etc;<\/span><\/p>\n<p>&nbsp;<\/p>\n<p><span style=\"text-decoration: underline;\"><strong><span style=\"font-family: 'trebuchet ms', geneva, sans-serif;\">CULTURA E EVENTOS:<\/span><\/strong><\/span><br \/>\n<span style=\"font-family: 'trebuchet ms', geneva, sans-serif;\">01 &#8211; Anivers\u00e1rio da RA-XXVII Jardim Bot\u00e2nico &#8211; 11 anos (01\/09\/2015):<\/span><\/p>\n<p style=\"text-align: justify;\"><span style=\"font-family: 'trebuchet ms', geneva, sans-serif;\">02 &#8211; Local sugerido: Jardim Bot\u00e2nico de Bras\u00edlia.<\/span><\/p>\n<p style=\"text-align: justify;\"><span style=\"font-family: 'trebuchet ms', geneva, sans-serif;\">03 &#8211; Eventos sugeridos (que seguem o perfil dos moradores da cidade):<\/span><br \/>\n<span style=\"font-family: 'trebuchet ms', geneva, sans-serif;\">a-Apresenta\u00e7\u00e3o da orquestra sinf\u00f4nica de Bras\u00edlia;<\/span><br \/>\n<span style=\"font-family: 'trebuchet ms', geneva, sans-serif;\">b-Atra\u00e7\u00f5es infantis, como teatro, brinquedos infl\u00e1veis, etc. (bairro com muitas crian\u00e7as);<\/span><br \/>\n<span style=\"font-family: 'trebuchet ms', geneva, sans-serif;\">c-Mini-maratona do Jardim Bot\u00e2nico (utilizando a estrada do sol);<\/span><br \/>\n<span style=\"font-family: 'trebuchet ms', geneva, sans-serif;\">d-FoodTruck;<\/span><br \/>\n<span style=\"font-family: 'trebuchet ms', geneva, sans-serif;\">e-Feira de troca (brinquedos infantis, itens de decora\u00e7\u00e3o, etc.);<\/span><br \/>\n<span style=\"font-family: 'trebuchet ms', geneva, sans-serif;\">f-Exposi\u00e7\u00e3o de orqu\u00eddeas com os floricultores da RA;<\/span><br \/>\n<span style=\"font-family: 'trebuchet ms', geneva, sans-serif;\">g-Eventos do SESC;<\/span><\/p>\n<p style=\"text-align: justify;\"><span style=\"font-family: 'trebuchet ms', geneva, sans-serif;\">04 &#8211; Realiza\u00e7\u00e3o de festa para o dia das crian\u00e7as, na RA;<\/span><\/p>\n<p style=\"text-align: justify;\"><span style=\"font-family: 'trebuchet ms', geneva, sans-serif;\">05 &#8211; Realiza\u00e7\u00e3o de atividades culturais e programa\u00e7\u00f5es espec\u00edficas para pessoas da terceira idade, como o \u201cPrograma Curtindo a Vida Com + de 60\u201d, realizado pela Administra\u00e7\u00e3o do Lago Sul;<\/span><\/p>\n<p style=\"text-align: justify;\"><span style=\"font-family: 'trebuchet ms', geneva, sans-serif;\">06 &#8211; Realiza\u00e7\u00e3o de passeios cicl\u00edsticos, utilizando ciclovias do bairro e o pr\u00f3prio parque do Jardim Bot\u00e2nico;<\/span><\/p>\n<p>&nbsp;<\/p>\n<p><span style=\"text-decoration: underline;\"><strong><span style=\"font-family: 'trebuchet ms', geneva, sans-serif;\">COMPLEMENTARES DIVERSOS:<\/span><\/strong><\/span><br \/>\n<span style=\"font-family: 'trebuchet ms', geneva, sans-serif;\">01 &#8211; Pedido de centro de distribui\u00e7\u00e3o exclusivo para esta RA, dos Correios e Tel\u00e9grafos, al\u00e9m de uma ag\u00eancia de atendimento;<\/span><\/p>\n<p style=\"text-align: justify;\"><span style=\"font-family: 'trebuchet ms', geneva, sans-serif;\">02 &#8211; Pedido de maior atua\u00e7\u00e3o da zoonozes, com o recolhimento e campanhas de doa\u00e7\u00e3o de animais abandonados;<\/span><\/p>\n<p style=\"text-align: justify;\"><span style=\"font-family: 'trebuchet ms', geneva, sans-serif;\">03 &#8211; Cobran\u00e7a junto a empresas de telefonia para implementa\u00e7\u00e3o de novas linhas telef\u00f4nicas, como o cabeamento telef\u00f4nico em toda RA, al\u00e9m da melhoria dos servi\u00e7os de telefonia existentes, tanto m\u00f3veis quanto fixas.<\/span><\/p>\n<p style=\"text-align: justify;\"><span style=\"font-family: 'trebuchet ms', geneva, sans-serif;\">04 &#8211; Cria\u00e7\u00e3o do cargo de gerente administrativo da regi\u00e3o do toror\u00f3 e demais condom\u00ednios da regi\u00e3o da DF-140;<\/span><\/p>\n<p style=\"text-align: justify;\"><span style=\"font-family: 'trebuchet ms', geneva, sans-serif;\">05 &#8211; Apoio comunit\u00e1rio e administrativo para a para constru\u00e7\u00e3o da ponte de liga\u00e7\u00e3o entre o Parano\u00e1 e o plano piloto, afim de evitar sobrecarga e colapso no tr\u00e1fego da ponte JK;<\/span><\/p>\n<p style=\"text-align: justify;\"><span style=\"font-family: 'trebuchet ms', geneva, sans-serif;\">06 &#8211; Aplica\u00e7\u00e3o da LAI no que tange a RA-XXVII, com a divulga\u00e7\u00e3o dos resultados or\u00e7ament\u00e1rios, de obras de infra-estrutura feitas, do andamento de processos de interesse comunit\u00e1rio, etc.<\/span><\/p>\n","protected":false},"excerpt":{"rendered":"<p>URGENTES: 01 &#8211; Conclus\u00e3o da demarcat\u00f3ria da RA XXVII &#8211; Jardim Bot\u00e2nico. Solicitar ao poder executivo e o legislativo o cumprimento do artigo 1\u00ba da lei<span class=\"excerpt-hellip\"> [\u2026]<\/span><\/p>\n","protected":false},"author":1,"featured_media":0,"comment_status":"open","ping_status":"open","sticky":false,"template":"","format":"standard","meta":{"footnotes":""},"categories":[42],"tags":[],"class_list":["post-4657","post","type-post","status-publish","format-standard","hentry","category-institucional"],"_links":{"self":[{"href":"https:\/\/www.mcjb.org.br\/institucional\/wp-json\/wp\/v2\/posts\/4657","targetHints":{"allow":["GET"]}}],"collection":[{"href":"https:\/\/www.mcjb.org.br\/institucional\/wp-json\/wp\/v2\/posts"}],"about":[{"href":"https:\/\/www.mcjb.org.br\/institucional\/wp-json\/wp\/v2\/types\/post"}],"author":[{"embeddable":true,"href":"https:\/\/www.mcjb.org.br\/institucional\/wp-json\/wp\/v2\/users\/1"}],"replies":[{"embeddable":true,"href":"https:\/\/www.mcjb.org.br\/institucional\/wp-json\/wp\/v2\/comments?post=4657"}],"version-history":[{"count":3,"href":"https:\/\/www.mcjb.org.br\/institucional\/wp-json\/wp\/v2\/posts\/4657\/revisions"}],"predecessor-version":[{"id":4660,"href":"https:\/\/www.mcjb.org.br\/institucional\/wp-json\/wp\/v2\/posts\/4657\/revisions\/4660"}],"wp:attachment":[{"href":"https:\/\/www.mcjb.org.br\/institucional\/wp-json\/wp\/v2\/media?parent=4657"}],"wp:term":[{"taxonomy":"category","embeddable":true,"href":"https:\/\/www.mcjb.org.br\/institucional\/wp-json\/wp\/v2\/categories?post=4657"},{"taxonomy":"post_tag","embeddable":true,"href":"https:\/\/www.mcjb.org.br\/institucional\/wp-json\/wp\/v2\/tags?post=4657"}],"curies":[{"name":"wp","href":"https:\/\/api.w.org\/{rel}","templated":true}]}}