{"id":12578,"date":"2026-04-29T17:19:48","date_gmt":"2026-04-29T20:19:48","guid":{"rendered":"https:\/\/www.mcjb.org.br\/institucional\/?p=12578"},"modified":"2026-04-29T17:24:19","modified_gmt":"2026-04-29T20:24:19","slug":"resultado-parcial-da-selecao-de-expositores-4-arraia-do-mcjb-edital-001-2026","status":"publish","type":"post","link":"https:\/\/www.mcjb.org.br\/institucional\/slider\/resultado-parcial-da-selecao-de-expositores-4-arraia-do-mcjb-edital-001-2026\/","title":{"rendered":"Resultado Parcial da Sele\u00e7\u00e3o de Expositores do Chamamento P\u00fablico para Participa\u00e7\u00e3o como Feirante e\/ou Expositor no Evento 4\u00b0 ARRAI\u00c1 DO MCJB &#8211; EDITAL 001\/2026"},"content":{"rendered":"\t\t<div data-elementor-type=\"wp-post\" data-elementor-id=\"12578\" class=\"elementor elementor-12578\" data-elementor-post-type=\"post\">\n\t\t\t\t\t\t<section class=\"elementor-section elementor-top-section elementor-element elementor-element-6c68108 elementor-section-boxed elementor-section-height-default elementor-section-height-default\" data-id=\"6c68108\" data-element_type=\"section\">\n\t\t\t\t\t\t<div class=\"elementor-container elementor-column-gap-default\">\n\t\t\t\t\t<div class=\"elementor-column elementor-col-100 elementor-top-column elementor-element elementor-element-8f6ba8d\" data-id=\"8f6ba8d\" data-element_type=\"column\">\n\t\t\t<div class=\"elementor-widget-wrap elementor-element-populated\">\n\t\t\t\t\t\t<div class=\"elementor-element elementor-element-17f189e elementor-widget elementor-widget-text-editor\" data-id=\"17f189e\" data-element_type=\"widget\" data-widget_type=\"text-editor.default\">\n\t\t\t\t<div class=\"elementor-widget-container\">\n\t\t\t\t\t\t\t\t\t<p style=\"text-align: center;\"><span style=\"font-family: helvetica, arial, sans-serif; color: #000000;\"><b>Resultado Parcial da Sele\u00e7\u00e3o de Expositores do Chamamento P\u00fablico para Participa\u00e7\u00e3o como Feirante e\/ou Expositor no Evento 4\u00b0 ARRAI\u00c1 DO MCJB &#8211; EDITAL 001\/2026<\/b><\/span><\/p><p><span style=\"font-family: helvetica, arial, sans-serif; color: #000000;\"><b>Prezados Participantes,<\/b><\/span><\/p><p><span style=\"font-family: helvetica, arial, sans-serif; color: #000000;\"><span style=\"font-weight: 400;\">Conforme determinado no item 11 do Edital 001\/2026, divulgamos em anexo o resultado de habilita\u00e7\u00e3o dos feirantes e\/ou expositores dentro do projeto 2\u00aa ed. do Oikos Cultura e Turismo <\/span><b>exclusivo <\/b><span style=\"font-weight: 400;\">para o <\/span><b>4\u00ba Arrai\u00e1 do MCJB<\/b><span style=\"font-weight: 400;\">. Aos que aparecem como \u201c<\/span><b>Habilitados<\/b><span style=\"font-weight: 400;\">\u201d, informamos que a homologa\u00e7\u00e3o deve ser feita at\u00e9 o dia 30\/05 via e-mail. Aos que aparecem como \u201c<\/span><b>Habilitados &#8211; N\u00e3o classificados<\/b><span style=\"font-weight: 400;\">\u201d, informamos que empataram com outro(s) candidato(s) e n\u00e3o se classificou na pontua\u00e7\u00e3o, podendo aguardar se o candidato concorrente vai ser homologado ou n\u00e3o. Para os demais que se inscreveram, mas n\u00e3o aparecem na lista, o motivo \u00e9 que n\u00e3o foram habilitados.<\/span><\/span><\/p><p><span style=\"font-weight: 400; font-family: helvetica, arial, sans-serif; color: #000000;\">Informamos ainda que os Habilitados e N\u00e3o classificados podem trocar a categoria, alterando para alguma que n\u00e3o foi preenchida, que s\u00e3o:\u00a0<\/span><\/p><ul><li style=\"font-weight: 400;\" aria-level=\"1\"><span style=\"font-weight: 400; font-family: helvetica, arial, sans-serif; color: #000000;\">Churros;<\/span><\/li><li style=\"font-weight: 400;\" aria-level=\"1\"><span style=\"font-weight: 400; font-family: helvetica, arial, sans-serif; color: #000000;\">Bai\u00e3o de dois e escondidinho;<\/span><\/li><li style=\"font-weight: 400;\" aria-level=\"1\"><span style=\"font-weight: 400; font-family: helvetica, arial, sans-serif; color: #000000;\">Tapioca;<\/span><\/li><li style=\"font-weight: 400;\" aria-level=\"1\"><span style=\"font-weight: 400; font-family: helvetica, arial, sans-serif; color: #000000;\">Yakissoba;<\/span><\/li><li style=\"font-weight: 400;\" aria-level=\"1\"><span style=\"font-weight: 400; font-family: helvetica, arial, sans-serif; color: #000000;\">Algum outro item t\u00edpico ou que caiba em festa junina.<\/span><\/li><\/ul><p><span style=\"font-weight: 400; font-family: helvetica, arial, sans-serif; color: #000000;\">Agradecemos a todos que se inscreveram e demonstraram interesse em participar do nosso evento. Tivemos um n\u00famero expressivo de inscri\u00e7\u00f5es e, devido \u00e0 limita\u00e7\u00e3o de espa\u00e7os dispon\u00edveis, realizamos a sele\u00e7\u00e3o com base nos crit\u00e9rios previamente divulgados no Edital.<\/span><\/p><p><span style=\"font-family: helvetica, arial, sans-serif; color: #000000;\"><span style=\"font-weight: 400;\">O<\/span><b> 4\u00ba Arrai\u00e1 do MCJB<\/b><span style=\"font-weight: 400;\"> acontecer\u00e1 nos dias <\/span><b>04, 05 e 06 de junho<\/b><span style=\"font-weight: 400;\">, no Centro de Pr\u00e1ticas Sustent\u00e1veis (CPS), sede do Movimento Comunit\u00e1rio do Jardim Bot\u00e2nico e contamos com a presen\u00e7a de todos.<\/span><\/span><\/p><p><span style=\"font-weight: 400; font-family: helvetica, arial, sans-serif; color: #000000;\">Nos colocamos \u00e0 disposi\u00e7\u00e3o para quaisquer esclarecimentos ou d\u00favidas! Atenciosamente,<\/span><\/p><p style=\"text-align: right;\"><span style=\"font-weight: 400; font-family: helvetica, arial, sans-serif; color: #000000;\">Bras\u00edlia, 24 de Abril de 2026.<\/span><\/p><p><span style=\"font-weight: 400; font-family: helvetica, arial, sans-serif; color: #000000;\">Rose Marques<br \/><\/span><span style=\"font-family: helvetica, arial, sans-serif; color: #000000;\"><i><span style=\"font-weight: 400;\">Presidente<br \/><\/span><\/i><\/span><span style=\"font-family: helvetica, arial, sans-serif; color: #000000;\"><b><i>Movimento Comunit\u00e1rio do Jardim Bot\u00e2nico<\/i><\/b><\/span><\/p><p><span style=\"font-family: helvetica, arial, sans-serif; color: #000000;\"><b>ANEXO 1 &#8211; RESULTADO FINAL &#8211; CHAMAMENTO P\u00daBLICO PARA PARTICIPA\u00c7\u00c3O COMO FEIRANTE E\/OU EXPOSITOR NO EVENTO 4\u00b0 ARRAI\u00c1 DO MCJB &#8211; EDITAL 001\/2026<\/b><\/span><\/p><p style=\"text-align: center;\"><span style=\"font-family: helvetica, arial, sans-serif; color: #000000;\"><b><a href=\"https:\/\/www.mcjb.org.br\/institucional\/wp-content\/uploads\/2026\/04\/Informativo-001-26-Resultado-da-selecao-de-expositores_page-0002.jpg\"><img fetchpriority=\"high\" decoding=\"async\" class=\"aligncenter wp-image-12579 size-large\" src=\"https:\/\/www.mcjb.org.br\/institucional\/wp-content\/uploads\/2026\/04\/Informativo-001-26-Resultado-da-selecao-de-expositores_page-0002-725x1024.jpg\" alt=\"\" width=\"725\" height=\"1024\" srcset=\"https:\/\/www.mcjb.org.br\/institucional\/wp-content\/uploads\/2026\/04\/Informativo-001-26-Resultado-da-selecao-de-expositores_page-0002-725x1024.jpg 725w, https:\/\/www.mcjb.org.br\/institucional\/wp-content\/uploads\/2026\/04\/Informativo-001-26-Resultado-da-selecao-de-expositores_page-0002-212x300.jpg 212w, https:\/\/www.mcjb.org.br\/institucional\/wp-content\/uploads\/2026\/04\/Informativo-001-26-Resultado-da-selecao-de-expositores_page-0002-768x1085.jpg 768w, https:\/\/www.mcjb.org.br\/institucional\/wp-content\/uploads\/2026\/04\/Informativo-001-26-Resultado-da-selecao-de-expositores_page-0002-1087x1536.jpg 1087w, https:\/\/www.mcjb.org.br\/institucional\/wp-content\/uploads\/2026\/04\/Informativo-001-26-Resultado-da-selecao-de-expositores_page-0002-103x146.jpg 103w, https:\/\/www.mcjb.org.br\/institucional\/wp-content\/uploads\/2026\/04\/Informativo-001-26-Resultado-da-selecao-de-expositores_page-0002-35x50.jpg 35w, https:\/\/www.mcjb.org.br\/institucional\/wp-content\/uploads\/2026\/04\/Informativo-001-26-Resultado-da-selecao-de-expositores_page-0002-53x75.jpg 53w, https:\/\/www.mcjb.org.br\/institucional\/wp-content\/uploads\/2026\/04\/Informativo-001-26-Resultado-da-selecao-de-expositores_page-0002.jpg 1242w\" sizes=\"(max-width: 725px) 100vw, 725px\" \/><\/a> <a href=\"https:\/\/www.mcjb.org.br\/institucional\/wp-content\/uploads\/2026\/04\/Informativo-001-26-Resultado-da-selecao-de-expositores_page-0003.jpg\"><img decoding=\"async\" class=\"aligncenter wp-image-12580 size-large\" src=\"https:\/\/www.mcjb.org.br\/institucional\/wp-content\/uploads\/2026\/04\/Informativo-001-26-Resultado-da-selecao-de-expositores_page-0003-725x1024.jpg\" alt=\"\" width=\"725\" height=\"1024\" srcset=\"https:\/\/www.mcjb.org.br\/institucional\/wp-content\/uploads\/2026\/04\/Informativo-001-26-Resultado-da-selecao-de-expositores_page-0003-725x1024.jpg 725w, https:\/\/www.mcjb.org.br\/institucional\/wp-content\/uploads\/2026\/04\/Informativo-001-26-Resultado-da-selecao-de-expositores_page-0003-212x300.jpg 212w, https:\/\/www.mcjb.org.br\/institucional\/wp-content\/uploads\/2026\/04\/Informativo-001-26-Resultado-da-selecao-de-expositores_page-0003-768x1085.jpg 768w, https:\/\/www.mcjb.org.br\/institucional\/wp-content\/uploads\/2026\/04\/Informativo-001-26-Resultado-da-selecao-de-expositores_page-0003-1087x1536.jpg 1087w, https:\/\/www.mcjb.org.br\/institucional\/wp-content\/uploads\/2026\/04\/Informativo-001-26-Resultado-da-selecao-de-expositores_page-0003-103x146.jpg 103w, https:\/\/www.mcjb.org.br\/institucional\/wp-content\/uploads\/2026\/04\/Informativo-001-26-Resultado-da-selecao-de-expositores_page-0003-35x50.jpg 35w, https:\/\/www.mcjb.org.br\/institucional\/wp-content\/uploads\/2026\/04\/Informativo-001-26-Resultado-da-selecao-de-expositores_page-0003-53x75.jpg 53w, https:\/\/www.mcjb.org.br\/institucional\/wp-content\/uploads\/2026\/04\/Informativo-001-26-Resultado-da-selecao-de-expositores_page-0003.jpg 1242w\" sizes=\"(max-width: 725px) 100vw, 725px\" \/><\/a> <a href=\"https:\/\/www.mcjb.org.br\/institucional\/wp-content\/uploads\/2026\/04\/Informativo-001-26-Resultado-da-selecao-de-expositores_page-0004.jpg\"><img decoding=\"async\" class=\"aligncenter wp-image-12581 size-large\" src=\"https:\/\/www.mcjb.org.br\/institucional\/wp-content\/uploads\/2026\/04\/Informativo-001-26-Resultado-da-selecao-de-expositores_page-0004-725x1024.jpg\" alt=\"\" width=\"725\" height=\"1024\" srcset=\"https:\/\/www.mcjb.org.br\/institucional\/wp-content\/uploads\/2026\/04\/Informativo-001-26-Resultado-da-selecao-de-expositores_page-0004-725x1024.jpg 725w, https:\/\/www.mcjb.org.br\/institucional\/wp-content\/uploads\/2026\/04\/Informativo-001-26-Resultado-da-selecao-de-expositores_page-0004-212x300.jpg 212w, https:\/\/www.mcjb.org.br\/institucional\/wp-content\/uploads\/2026\/04\/Informativo-001-26-Resultado-da-selecao-de-expositores_page-0004-768x1085.jpg 768w, https:\/\/www.mcjb.org.br\/institucional\/wp-content\/uploads\/2026\/04\/Informativo-001-26-Resultado-da-selecao-de-expositores_page-0004-1087x1536.jpg 1087w, https:\/\/www.mcjb.org.br\/institucional\/wp-content\/uploads\/2026\/04\/Informativo-001-26-Resultado-da-selecao-de-expositores_page-0004-103x146.jpg 103w, https:\/\/www.mcjb.org.br\/institucional\/wp-content\/uploads\/2026\/04\/Informativo-001-26-Resultado-da-selecao-de-expositores_page-0004-35x50.jpg 35w, https:\/\/www.mcjb.org.br\/institucional\/wp-content\/uploads\/2026\/04\/Informativo-001-26-Resultado-da-selecao-de-expositores_page-0004-53x75.jpg 53w, https:\/\/www.mcjb.org.br\/institucional\/wp-content\/uploads\/2026\/04\/Informativo-001-26-Resultado-da-selecao-de-expositores_page-0004.jpg 1242w\" sizes=\"(max-width: 725px) 100vw, 725px\" \/><\/a> <a href=\"https:\/\/www.mcjb.org.br\/institucional\/wp-content\/uploads\/2026\/04\/Informativo-001-26-Resultado-da-selecao-de-expositores_page-0005.jpg\"><img loading=\"lazy\" decoding=\"async\" class=\"aligncenter wp-image-12582 size-large\" src=\"https:\/\/www.mcjb.org.br\/institucional\/wp-content\/uploads\/2026\/04\/Informativo-001-26-Resultado-da-selecao-de-expositores_page-0005-725x1024.jpg\" alt=\"\" width=\"725\" height=\"1024\" srcset=\"https:\/\/www.mcjb.org.br\/institucional\/wp-content\/uploads\/2026\/04\/Informativo-001-26-Resultado-da-selecao-de-expositores_page-0005-725x1024.jpg 725w, https:\/\/www.mcjb.org.br\/institucional\/wp-content\/uploads\/2026\/04\/Informativo-001-26-Resultado-da-selecao-de-expositores_page-0005-212x300.jpg 212w, https:\/\/www.mcjb.org.br\/institucional\/wp-content\/uploads\/2026\/04\/Informativo-001-26-Resultado-da-selecao-de-expositores_page-0005-768x1085.jpg 768w, https:\/\/www.mcjb.org.br\/institucional\/wp-content\/uploads\/2026\/04\/Informativo-001-26-Resultado-da-selecao-de-expositores_page-0005-1087x1536.jpg 1087w, https:\/\/www.mcjb.org.br\/institucional\/wp-content\/uploads\/2026\/04\/Informativo-001-26-Resultado-da-selecao-de-expositores_page-0005-103x146.jpg 103w, https:\/\/www.mcjb.org.br\/institucional\/wp-content\/uploads\/2026\/04\/Informativo-001-26-Resultado-da-selecao-de-expositores_page-0005-35x50.jpg 35w, https:\/\/www.mcjb.org.br\/institucional\/wp-content\/uploads\/2026\/04\/Informativo-001-26-Resultado-da-selecao-de-expositores_page-0005-53x75.jpg 53w, https:\/\/www.mcjb.org.br\/institucional\/wp-content\/uploads\/2026\/04\/Informativo-001-26-Resultado-da-selecao-de-expositores_page-0005.jpg 1242w\" sizes=\"(max-width: 725px) 100vw, 725px\" \/><\/a><\/b><\/span><b><\/b><\/p>\t\t\t\t\t\t\t\t<\/div>\n\t\t\t\t<\/div>\n\t\t\t\t\t<\/div>\n\t\t<\/div>\n\t\t\t\t\t<\/div>\n\t\t<\/section>\n\t\t\t\t<\/div>\n\t\t","protected":false},"excerpt":{"rendered":"<p>O MCJB torna p\u00fablico o presente Chamamento para para Participa\u00e7\u00e3o de Empresas e Institui\u00e7\u00f5es nas Iniciativas do MCJB<\/p>\n","protected":false},"author":1,"featured_media":0,"comment_status":"open","ping_status":"open","sticky":false,"template":"","format":"standard","meta":{"footnotes":""},"categories":[271,42,43,6],"tags":[307,351,352,350,33,258,38,353,317],"class_list":["post-12578","post","type-post","status-publish","format-standard","hentry","category-editais","category-institucional","category-mural-de-avisos","category-slider","tag-cps","tag-empesa","tag-instituicao","tag-jardim-botanico-df","tag-mcjb","tag-movimento-comunitario","tag-movimento-comunitario-do-jardim-botanico","tag-organizacoes","tag-sustentavel"],"_links":{"self":[{"href":"https:\/\/www.mcjb.org.br\/institucional\/wp-json\/wp\/v2\/posts\/12578","targetHints":{"allow":["GET"]}}],"collection":[{"href":"https:\/\/www.mcjb.org.br\/institucional\/wp-json\/wp\/v2\/posts"}],"about":[{"href":"https:\/\/www.mcjb.org.br\/institucional\/wp-json\/wp\/v2\/types\/post"}],"author":[{"embeddable":true,"href":"https:\/\/www.mcjb.org.br\/institucional\/wp-json\/wp\/v2\/users\/1"}],"replies":[{"embeddable":true,"href":"https:\/\/www.mcjb.org.br\/institucional\/wp-json\/wp\/v2\/comments?post=12578"}],"version-history":[{"count":6,"href":"https:\/\/www.mcjb.org.br\/institucional\/wp-json\/wp\/v2\/posts\/12578\/revisions"}],"predecessor-version":[{"id":12589,"href":"https:\/\/www.mcjb.org.br\/institucional\/wp-json\/wp\/v2\/posts\/12578\/revisions\/12589"}],"wp:attachment":[{"href":"https:\/\/www.mcjb.org.br\/institucional\/wp-json\/wp\/v2\/media?parent=12578"}],"wp:term":[{"taxonomy":"category","embeddable":true,"href":"https:\/\/www.mcjb.org.br\/institucional\/wp-json\/wp\/v2\/categories?post=12578"},{"taxonomy":"post_tag","embeddable":true,"href":"https:\/\/www.mcjb.org.br\/institucional\/wp-json\/wp\/v2\/tags?post=12578"}],"curies":[{"name":"wp","href":"https:\/\/api.w.org\/{rel}","templated":true}]}}