{"id":12562,"date":"2026-04-27T16:33:35","date_gmt":"2026-04-27T19:33:35","guid":{"rendered":"https:\/\/www.mcjb.org.br\/institucional\/?p=12562"},"modified":"2026-04-27T16:58:34","modified_gmt":"2026-04-27T19:58:34","slug":"chamamento-publico-004-2026","status":"publish","type":"post","link":"https:\/\/www.mcjb.org.br\/institucional\/slider\/chamamento-publico-004-2026\/","title":{"rendered":"CHAMAMENTO P\u00daBLICO PARA PARTICIPA\u00c7\u00c3O DE EMPRESAS E INSTITUI\u00c7\u00d5ES NAS INICIATIVAS DO MCJB &#8211; 004\/2026"},"content":{"rendered":"\t\t<div data-elementor-type=\"wp-post\" data-elementor-id=\"12562\" class=\"elementor elementor-12562\" data-elementor-post-type=\"post\">\n\t\t\t\t\t\t<section class=\"elementor-section elementor-top-section elementor-element elementor-element-6c68108 elementor-section-boxed elementor-section-height-default elementor-section-height-default\" data-id=\"6c68108\" data-element_type=\"section\">\n\t\t\t\t\t\t<div class=\"elementor-container elementor-column-gap-default\">\n\t\t\t\t\t<div class=\"elementor-column elementor-col-100 elementor-top-column elementor-element elementor-element-8f6ba8d\" data-id=\"8f6ba8d\" data-element_type=\"column\">\n\t\t\t<div class=\"elementor-widget-wrap elementor-element-populated\">\n\t\t\t\t\t\t<div class=\"elementor-element elementor-element-17f189e elementor-widget elementor-widget-text-editor\" data-id=\"17f189e\" data-element_type=\"widget\" data-widget_type=\"text-editor.default\">\n\t\t\t\t<div class=\"elementor-widget-container\">\n\t\t\t\t\t\t\t\t\t<p style=\"text-align: center;\"><span style=\"font-size: 14pt;\"><strong><span style=\"font-family: helvetica, arial, sans-serif; color: #000000;\">EDITAL DE CHAMAMENTO P\u00daBLICO N\u00ba 004\/2026<\/span><\/strong><\/span><br \/><strong><span style=\"font-family: helvetica, arial, sans-serif; font-size: 14pt; color: #000000;\">Participa\u00e7\u00e3o de Empresas e Institui\u00e7\u00f5es nas <\/span><\/strong><strong><span style=\"font-family: helvetica, arial, sans-serif; font-size: 14pt; color: #000000;\">Iniciativas do MCJB<\/span><\/strong> <\/p><p><span style=\"font-size: 12pt; color: #000000; font-family: helvetica, arial, sans-serif;\"><b>1. \ud83d\udd30 APRESENTA\u00c7\u00c3O INSTITUCIONAL<\/b><\/span><\/p><p><span style=\"font-size: 12pt; color: #000000; font-family: helvetica, arial, sans-serif;\"><span style=\"font-weight: 400;\">O <\/span><b>Movimento Comunit\u00e1rio do Jardim Bot\u00e2nico (MCJB)<\/b><span style=\"font-weight: 400;\"> \u00e9 uma <\/span><b>Organiza\u00e7\u00e3o da Sociedade Civil de Interesse P\u00fablico (OSCIP)<\/b><span style=\"font-weight: 400;\">, sem fins lucrativos e econ\u00f4micos, com atua\u00e7\u00e3o voltada ao desenvolvimento social, cultural, ambiental e econ\u00f4mico da Regi\u00e3o Administrativa do Jardim Bot\u00e2nico e territ\u00f3rios adjacentes do Distrito Federal.<\/span><\/span><\/p><p><span style=\"font-weight: 400; font-size: 12pt; color: #000000; font-family: helvetica, arial, sans-serif;\">Representando uma comunidade com mais de 70 mil habitantes e articulando a\u00e7\u00f5es com diversos atores locais, o MCJB desenvolve projetos, eventos e iniciativas que promovem a integra\u00e7\u00e3o comunit\u00e1ria, o fortalecimento da economia local e a melhoria das condi\u00e7\u00f5es sociais da regi\u00e3o.<\/span><\/p><p><span style=\"font-size: 12pt; color: #000000; font-family: helvetica, arial, sans-serif;\"><b>2. \ud83c\udfaf OBJETO DO CHAMAMENTO<\/b><\/span><\/p><p><span style=\"font-weight: 400; font-size: 12pt; color: #000000; font-family: helvetica, arial, sans-serif;\">O presente chamamento p\u00fablico tem por objeto convidar empresas, institui\u00e7\u00f5es e organiza\u00e7\u00f5es a participarem, de forma volunt\u00e1ria e institucional, das iniciativas promovidas pelo MCJB, por meio do apoio a projetos, a\u00e7\u00f5es e atividades de interesse coletivo.<\/span><\/p><p><span style=\"font-weight: 400; font-size: 12pt; color: #000000; font-family: helvetica, arial, sans-serif;\">A participa\u00e7\u00e3o poder\u00e1 ocorrer por meio de aportes financeiros, apoio institucional, doa\u00e7\u00e3o de bens ou servi\u00e7os, ou outras formas de colabora\u00e7\u00e3o que contribuam para a execu\u00e7\u00e3o das atividades do MCJB.<\/span><\/p><p><span style=\"font-size: 12pt; color: #000000; font-family: helvetica, arial, sans-serif;\"><b>3. \ud83c\udf0d CONTEXTO E JUSTIFICATIVA<\/b><\/span><\/p><p><span style=\"font-weight: 400; font-size: 12pt; color: #000000; font-family: helvetica, arial, sans-serif;\">A regi\u00e3o do Jardim Bot\u00e2nico apresenta caracter\u00edsticas singulares no contexto do Distrito Federal, destacando-se por seu elevado n\u00edvel socioecon\u00f4mico e capacidade de mobiliza\u00e7\u00e3o comunit\u00e1ria.<\/span><\/p><p><span style=\"font-weight: 400; font-size: 12pt; color: #000000; font-family: helvetica, arial, sans-serif;\">Ao mesmo tempo, est\u00e1 localizada em proximidade direta com regi\u00f5es que enfrentam desafios sociais significativos, como a Regi\u00e3o Administrativa de S\u00e3o Sebasti\u00e3o.<\/span><\/p><p><span style=\"font-weight: 400; font-size: 12pt; color: #000000; font-family: helvetica, arial, sans-serif;\">Nesse contexto, o MCJB atua como um agente de integra\u00e7\u00e3o territorial, promovendo iniciativas que:<\/span><\/p><ul><li style=\"font-weight: 400;\" aria-level=\"1\"><span style=\"font-weight: 400; font-size: 12pt; color: #000000; font-family: helvetica, arial, sans-serif;\">Fortalecem a economia local e geram oportunidades<\/span><\/li><li style=\"font-weight: 400;\" aria-level=\"1\"><span style=\"font-weight: 400; font-size: 12pt; color: #000000; font-family: helvetica, arial, sans-serif;\">Incentivam a cultura e a participa\u00e7\u00e3o comunit\u00e1ria<\/span><\/li><li style=\"font-weight: 400;\" aria-level=\"1\"><span style=\"font-weight: 400; font-size: 12pt; color: #000000; font-family: helvetica, arial, sans-serif;\">Desenvolvem a\u00e7\u00f5es ambientais e educativas<\/span><\/li><li style=\"font-weight: 400;\" aria-level=\"1\"><span style=\"font-weight: 400; font-size: 12pt; color: #000000; font-family: helvetica, arial, sans-serif;\">Apoiam iniciativas sociais em comunidades com maior vulnerabilidade<\/span><\/li><\/ul><p><span style=\"font-weight: 400; font-size: 12pt; color: #000000; font-family: helvetica, arial, sans-serif;\">A mobiliza\u00e7\u00e3o de recursos privados, de forma complementar ao apoio p\u00fablico, \u00e9 fundamental para ampliar o alcance e a sustentabilidade dessas a\u00e7\u00f5es.<\/span><\/p><p><span style=\"font-size: 12pt; color: #000000; font-family: helvetica, arial, sans-serif;\"><b>4. \ud83e\udd1d MODELO DE PARTICIPA\u00c7\u00c3O<\/b><\/span><\/p><p><span style=\"font-weight: 400; font-size: 12pt; color: #000000; font-family: helvetica, arial, sans-serif;\">A participa\u00e7\u00e3o das empresas e institui\u00e7\u00f5es ocorrer\u00e1 em formato aberto e flex\u00edvel, n\u00e3o havendo defini\u00e7\u00e3o pr\u00e9via de cotas ou valores fixos. As formas de participa\u00e7\u00e3o incluem, entre outras:<\/span><\/p><ul><li style=\"font-weight: 400;\" aria-level=\"1\"><span style=\"font-weight: 400; font-size: 12pt; color: #000000; font-family: helvetica, arial, sans-serif;\">Apoio institucional ao MCJB<\/span><\/li><li style=\"font-weight: 400;\" aria-level=\"1\"><span style=\"font-weight: 400; font-size: 12pt; color: #000000; font-family: helvetica, arial, sans-serif;\">Apoio a projetos e programas espec\u00edficos<\/span><\/li><li style=\"font-weight: 400;\" aria-level=\"1\"><span style=\"font-weight: 400; font-size: 12pt; color: #000000; font-family: helvetica, arial, sans-serif;\">Participa\u00e7\u00e3o em eventos comunit\u00e1rios e culturais<\/span><\/li><li style=\"font-weight: 400;\" aria-level=\"1\"><span style=\"font-weight: 400; font-size: 12pt; color: #000000; font-family: helvetica, arial, sans-serif;\">Parcerias estrat\u00e9gicas de m\u00e9dio e longo prazo<\/span><\/li><li style=\"font-weight: 400;\" aria-level=\"1\"><span style=\"font-weight: 400; font-size: 12pt; color: #000000; font-family: helvetica, arial, sans-serif;\">Doa\u00e7\u00e3o de bens, servi\u00e7os ou recursos financeiros<\/span><\/li><\/ul><p><span style=\"font-weight: 400; font-size: 12pt; color: #000000; font-family: helvetica, arial, sans-serif;\">Os apoiadores ser\u00e3o reconhecidos de forma proporcional ao n\u00edvel de contribui\u00e7\u00e3o, podendo ser organizados em diferentes n\u00edveis institucionais para fins operacionais e de reconhecimento.<\/span><\/p><p><span style=\"font-size: 12pt; color: #000000; font-family: helvetica, arial, sans-serif;\"><b>5. \ud83d\udcca N\u00cdVEIS DE APOIO E RECONHECIMENTO INSTITUCIONAL<\/b><\/span><\/p><p><span style=\"font-size: 12pt; color: #000000; font-family: helvetica, arial, sans-serif;\"><span style=\"font-weight: 400;\">Para fins de organiza\u00e7\u00e3o e proporcionalidade, os apoiadores poder\u00e3o ser agrupados em categorias institucionais, <\/span><b>conforme o n\u00edvel de contribui\u00e7\u00e3o e envolvimento<\/b><span style=\"font-weight: 400;\">. Essas categorias t\u00eam car\u00e1ter organizacional e n\u00e3o configuram comercializa\u00e7\u00e3o de cotas ou espa\u00e7os.<\/span><\/span><\/p><p><span style=\"font-weight: 400; font-size: 12pt; color: #000000; font-family: helvetica, arial, sans-serif;\">Exemplos de formas de reconhecimento incluem:<\/span><\/p><p><span style=\"font-size: 12pt; color: #000000; font-family: helvetica, arial, sans-serif;\"><b>\ud83d\udd39 Apoio Institucional B\u00e1sico<\/b><\/span><\/p><ul><li style=\"font-weight: 400;\" aria-level=\"1\"><span style=\"font-weight: 400; font-size: 12pt; color: #000000; font-family: helvetica, arial, sans-serif;\">Reconhecimento institucional em relat\u00f3rios<\/span><\/li><li style=\"font-weight: 400;\" aria-level=\"1\"><span style=\"font-weight: 400; font-size: 12pt; color: #000000; font-family: helvetica, arial, sans-serif;\">Certifica\u00e7\u00e3o de apoio<\/span><\/li><\/ul><p><span style=\"font-size: 12pt; color: #000000; font-family: helvetica, arial, sans-serif;\"><b>\ud83d\udd39 Apoio Institucional Intermedi\u00e1rio<\/b><\/span><\/p><ul><li style=\"font-weight: 400;\" aria-level=\"1\"><span style=\"font-weight: 400; font-size: 12pt; color: #000000; font-family: helvetica, arial, sans-serif;\">Reconhecimento em canais institucionais do MCJB<\/span><\/li><li style=\"font-weight: 400;\" aria-level=\"1\"><span style=\"font-weight: 400; font-size: 12pt; color: #000000; font-family: helvetica, arial, sans-serif;\">Participa\u00e7\u00e3o em a\u00e7\u00f5es e iniciativas<\/span><\/li><li style=\"font-weight: 400;\" aria-level=\"1\"><span style=\"font-weight: 400; font-size: 12pt; color: #000000; font-family: helvetica, arial, sans-serif;\">Possibilidade de integra\u00e7\u00e3o ao Cat\u00e1logo de Parceiros (Vitrine JB)<\/span><\/li><\/ul><p><span style=\"font-size: 12pt; color: #000000; font-family: helvetica, arial, sans-serif;\"><b>\ud83d\udd39 Apoio Institucional Ampliado<\/b><\/span><\/p><ul><li style=\"font-weight: 400;\" aria-level=\"1\"><span style=\"font-weight: 400; font-size: 12pt; color: #000000; font-family: helvetica, arial, sans-serif;\">Maior destaque institucional nos canais do MCJB<\/span><\/li><li style=\"font-weight: 400;\" aria-level=\"1\"><span style=\"font-weight: 400; font-size: 12pt; color: #000000; font-family: helvetica, arial, sans-serif;\">Participa\u00e7\u00e3o ampliada em iniciativas e eventos<\/span><\/li><li style=\"font-weight: 400;\" aria-level=\"1\"><span style=\"font-weight: 400; font-size: 12pt; color: #000000; font-family: helvetica, arial, sans-serif;\">Integra\u00e7\u00e3o priorit\u00e1ria em a\u00e7\u00f5es e projetos<\/span><\/li><li style=\"font-weight: 400;\" aria-level=\"1\"><span style=\"font-weight: 400; font-size: 12pt; color: #000000; font-family: helvetica, arial, sans-serif;\">Destaques em comunica\u00e7\u00f5es institucionais<\/span><\/li><\/ul><p><span style=\"font-size: 12pt; color: #000000; font-family: helvetica, arial, sans-serif;\"><b>Par\u00e1grafo \u00fanico<\/b><span style=\"font-weight: 400;\">: A defini\u00e7\u00e3o do n\u00edvel de reconhecimento observar\u00e1 crit\u00e9rios de proporcionalidade, recorr\u00eancia e alinhamento institucional.<\/span><\/span><\/p><p><span style=\"font-size: 12pt; color: #000000; font-family: helvetica, arial, sans-serif;\"><b>6. \ud83c\udf81 RECONHECIMENTO E RELACIONAMENTO INSTITUCIONAL<\/b><\/span><\/p><p><span style=\"font-weight: 400; font-size: 12pt; color: #000000; font-family: helvetica, arial, sans-serif;\">As institui\u00e7\u00f5es participantes poder\u00e3o receber, conforme sua participa\u00e7\u00e3o:<\/span><\/p><ul><li style=\"font-weight: 400;\" aria-level=\"1\"><span style=\"font-weight: 400; font-size: 12pt; color: #000000; font-family: helvetica, arial, sans-serif;\">Certifica\u00e7\u00e3o de apoio institucional<\/span><\/li><li style=\"font-weight: 400;\" aria-level=\"1\"><span style=\"font-weight: 400; font-size: 12pt; color: #000000; font-family: helvetica, arial, sans-serif;\">Associa\u00e7\u00e3o da marca a uma iniciativa comunit\u00e1ria de impacto social<\/span><\/li><li style=\"font-weight: 400;\" aria-level=\"1\"><span style=\"font-weight: 400; font-size: 12pt; color: #000000; font-family: helvetica, arial, sans-serif;\">Inclus\u00e3o em relat\u00f3rios institucionais e de impacto<\/span><\/li><li style=\"font-weight: 400;\" aria-level=\"1\"><span style=\"font-weight: 400; font-size: 12pt; color: #000000; font-family: helvetica, arial, sans-serif;\">Participa\u00e7\u00e3o em a\u00e7\u00f5es comunit\u00e1rias<\/span><\/li><li style=\"font-weight: 400;\" aria-level=\"1\"><span style=\"font-weight: 400; font-size: 12pt; color: #000000; font-family: helvetica, arial, sans-serif;\">Conex\u00e3o com o p\u00fablico local e fortalecimento de relacionamento territorial<\/span><\/li><li style=\"font-weight: 400;\" aria-level=\"1\"><span style=\"font-weight: 400; font-size: 12pt; color: #000000; font-family: helvetica, arial, sans-serif;\">Integra\u00e7\u00e3o ao ecossistema de parceiros do MCJB<\/span><\/li><li style=\"font-weight: 400;\" aria-level=\"1\"><span style=\"font-weight: 400; font-size: 12pt; color: #000000; font-family: helvetica, arial, sans-serif;\">Inclus\u00e3o no Cat\u00e1logo Digital de Parceiros (Vitrine JB), quando aplic\u00e1vel<\/span><\/li><li style=\"font-weight: 400;\" aria-level=\"1\"><span style=\"font-weight: 400; font-size: 12pt; color: #000000; font-family: helvetica, arial, sans-serif;\">Reconhecimento em painel institucional de doadores no ambiente digital do MCJB, organizado de forma proporcional ao n\u00edvel e recorr\u00eancia das contribui\u00e7\u00f5es<\/span><\/li><li style=\"font-weight: 400;\" aria-level=\"1\"><span style=\"font-weight: 400; font-size: 12pt; color: #000000; font-family: helvetica, arial, sans-serif;\">Relat\u00f3rio de impacto p\u00f3s-evento, que podem ser usados em ESG e ISO, quando aplic\u00e1vel.<\/span><\/li><\/ul><p><span style=\"font-size: 12pt; color: #000000; font-family: helvetica, arial, sans-serif;\"><b>Par\u00e1grafo primeiro: <\/b><span style=\"font-weight: 400;\">As formas de reconhecimento possuem car\u00e1ter institucional e n\u00e3o configuram comercializa\u00e7\u00e3o de m\u00eddia ou publicidade.<\/span><\/span><\/p><p><span style=\"font-size: 12pt; color: #000000; font-family: helvetica, arial, sans-serif;\"><b>Par\u00e1grafo segundo: <\/b><span style=\"font-weight: 400;\">Quando aplic\u00e1vel, os apoios poder\u00e3o estar sujeitos a benef\u00edcios fiscais, conforme a legisla\u00e7\u00e3o vigente.<\/span><\/span><\/p><p><span style=\"font-size: 12pt; color: #000000; font-family: helvetica, arial, sans-serif;\"><b>7. \ud83d\udcc5 ORGANIZA\u00c7\u00c3O DAS INICIATIVAS<\/b><\/span><\/p><p><span style=\"font-weight: 400; font-size: 12pt; color: #000000; font-family: helvetica, arial, sans-serif;\">O MCJB realiza, ao longo do ano, diversas iniciativas, incluindo eventos de grande porte, projetos sociais, culturais e ambientais.<\/span><\/p><p><span style=\"font-weight: 400; font-size: 12pt; color: #000000; font-family: helvetica, arial, sans-serif;\">Para viabilizar a adequada organiza\u00e7\u00e3o operacional, especialmente em eventos e a\u00e7\u00f5es de grande porte, s\u00e3o definidos prazos indicativos para manifesta\u00e7\u00e3o de interesse e formaliza\u00e7\u00e3o da participa\u00e7\u00e3o presencial, conforme tabela abaixo (apenas eventos 2026):<\/span><\/p><p>\u00a0<\/p><table style=\"border-color: #0e5929; border-style: solid;\"><tbody><tr><td style=\"width: 22.1053%;\"><span style=\"font-size: 12pt; color: #000000; font-family: helvetica, arial, sans-serif;\"><b>Nome evento de grande Porte<\/b><\/span><\/td><td style=\"width: 22.1053%;\"><span style=\"font-size: 12pt; color: #000000; font-family: helvetica, arial, sans-serif;\"><b>Data Evento<\/b><\/span><\/td><td style=\"width: 20%;\"><span style=\"font-size: 12pt; color: #000000; font-family: helvetica, arial, sans-serif;\"><b>P\u00fablico Estimado<\/b><\/span><\/td><td style=\"width: 27.8947%;\"><span style=\"font-size: 12pt; color: #000000; font-family: helvetica, arial, sans-serif;\"><b>Data limite<\/b><b> de manifesta\u00e7\u00e3o de Interesse<\/b><\/span><\/td><\/tr><tr><td style=\"width: 22.1053%;\"><span style=\"font-weight: 400; font-size: 12pt; color: #000000; font-family: helvetica, arial, sans-serif;\">Arrai\u00e1 do MCJB &#8211; 2026<\/span><\/td><td style=\"width: 22.1053%;\"><span style=\"font-weight: 400; font-size: 12pt; color: #000000; font-family: helvetica, arial, sans-serif;\">4, 5 e 6 de junho 2026<\/span><\/td><td style=\"width: 20%;\"><span style=\"font-weight: 400; font-size: 12pt; color: #000000; font-family: helvetica, arial, sans-serif;\">3 a 6 mil pessoas<\/span><\/td><td style=\"width: 27.8947%;\"><span style=\"font-weight: 400; font-size: 12pt; color: #000000; font-family: helvetica, arial, sans-serif;\">19\/05\/2026<\/span><\/td><\/tr><tr><td style=\"width: 22.1053%;\"><span style=\"font-weight: 400; font-size: 12pt; color: #000000; font-family: helvetica, arial, sans-serif;\">JB Fest &#8211; Anivers\u00e1rio de 22 anos do Jardim Bot\u00e2nico<\/span><\/td><td style=\"width: 22.1053%;\"><span style=\"font-weight: 400; font-size: 12pt; color: #000000; font-family: helvetica, arial, sans-serif;\">10, 11 e 12 de setembro 2026<\/span><\/td><td style=\"width: 20%;\"><span style=\"font-weight: 400; font-size: 12pt; color: #000000; font-family: helvetica, arial, sans-serif;\">2 a 5 mil pessoas<\/span><\/td><td style=\"width: 27.8947%;\"><span style=\"font-weight: 400; font-size: 12pt; color: #000000; font-family: helvetica, arial, sans-serif;\">31\/08\/2026<\/span><\/td><\/tr><tr><td style=\"width: 22.1053%;\"><span style=\"font-weight: 400; font-size: 12pt; color: #000000; font-family: helvetica, arial, sans-serif;\">Feira de troca de brinquedos e livros usados<\/span><\/td><td style=\"width: 22.1053%;\"><span style=\"font-weight: 400; font-size: 12pt; color: #000000; font-family: helvetica, arial, sans-serif;\">03 de outubro 2026<\/span><\/td><td style=\"width: 20%;\"><span style=\"font-weight: 400; font-size: 12pt; color: #000000; font-family: helvetica, arial, sans-serif;\">1 a 1,5 mil pessoas<\/span><\/td><td style=\"width: 27.8947%;\"><span style=\"font-weight: 400; font-size: 12pt; color: #000000; font-family: helvetica, arial, sans-serif;\">24\/09\/2026<\/span><\/td><\/tr><tr><td style=\"width: 22.1053%;\"><span style=\"font-weight: 400; font-size: 12pt; color: #000000; font-family: helvetica, arial, sans-serif;\">Jantar Solid\u00e1rio 2026<\/span><\/td><td style=\"width: 22.1053%;\"><span style=\"font-weight: 400; font-size: 12pt; color: #000000; font-family: helvetica, arial, sans-serif;\">07 de novembro<\/span><\/td><td style=\"width: 20%;\"><span style=\"font-weight: 400; font-size: 12pt; color: #000000; font-family: helvetica, arial, sans-serif;\">400 a 800 pessoas<\/span><\/td><td style=\"width: 27.8947%;\"><span style=\"font-weight: 400; font-size: 12pt; color: #000000; font-family: helvetica, arial, sans-serif;\">27\/10\/2026<\/span><\/td><\/tr><tr><td style=\"width: 22.1053%;\"><span style=\"font-weight: 400; font-size: 12pt; color: #000000; font-family: helvetica, arial, sans-serif;\">Festival Cultural do JB<\/span><\/td><td style=\"width: 22.1053%;\"><span style=\"font-weight: 400; font-size: 12pt; color: #000000; font-family: helvetica, arial, sans-serif;\">13 e 14 de novembro<\/span><\/td><td style=\"width: 20%;\"><span style=\"font-weight: 400; font-size: 12pt; color: #000000; font-family: helvetica, arial, sans-serif;\">1 a 1,5 mil pessoas<\/span><\/td><td style=\"width: 27.8947%;\"><span style=\"font-weight: 400; font-size: 12pt; color: #000000; font-family: helvetica, arial, sans-serif;\">05\/11\/2026<\/span><\/td><\/tr><tr><td style=\"width: 22.1053%;\"><span style=\"font-weight: 400; font-size: 12pt; color: #000000; font-family: helvetica, arial, sans-serif;\">A\u00e7\u00e3o Solid\u00e1ria de Natal<\/span><\/td><td style=\"width: 22.1053%;\"><span style=\"font-weight: 400; font-size: 12pt; color: #000000; font-family: helvetica, arial, sans-serif;\">12 de dezembro<\/span><\/td><td style=\"width: 20%;\"><span style=\"font-weight: 400; font-size: 12pt; color: #000000; font-family: helvetica, arial, sans-serif;\">1 a 1,5 mil pessoas<\/span><\/td><td style=\"width: 27.8947%;\"><span style=\"font-weight: 400; font-size: 12pt; color: #000000; font-family: helvetica, arial, sans-serif;\">02\/12\/2026<\/span><\/td><\/tr><tr><td style=\"width: 22.1053%;\"><span style=\"font-weight: 400; font-size: 12pt; color: #000000; font-family: helvetica, arial, sans-serif;\">Baile de Pr\u00e9-Carnaval UJB*<\/span><\/td><td style=\"width: 22.1053%;\"><span style=\"font-weight: 400; font-size: 12pt; color: #000000; font-family: helvetica, arial, sans-serif;\">23\/01\/2027<\/span><\/td><td style=\"width: 20%;\"><span style=\"font-weight: 400; font-size: 12pt; color: #000000; font-family: helvetica, arial, sans-serif;\">400 a 800 pessoas<\/span><\/td><td style=\"width: 27.8947%;\"><span style=\"font-weight: 400; font-size: 12pt; color: #000000; font-family: helvetica, arial, sans-serif;\">12\/01\/2027<\/span><\/td><\/tr><tr><td style=\"width: 22.1053%;\"><span style=\"font-weight: 400; font-size: 12pt; color: #000000; font-family: helvetica, arial, sans-serif;\">Feijoada de Carnaval UJB*<\/span><\/td><td style=\"width: 22.1053%;\"><span style=\"font-weight: 400; font-size: 12pt; color: #000000; font-family: helvetica, arial, sans-serif;\">06\/02\/2027<\/span><\/td><td style=\"width: 20%;\"><span style=\"font-weight: 400; font-size: 12pt; color: #000000; font-family: helvetica, arial, sans-serif;\">1 a 1,5 mil pessoas<\/span><\/td><td style=\"width: 27.8947%;\"><span style=\"font-weight: 400; font-size: 12pt; color: #000000; font-family: helvetica, arial, sans-serif;\">26\/01\/2027<\/span><\/td><\/tr><tr><td style=\"width: 22.1053%;\"><span style=\"font-weight: 400; font-size: 12pt; color: #000000; font-family: helvetica, arial, sans-serif;\">A\u00e7\u00e3o Solid\u00e1ria de P\u00e1scoa*<\/span><\/td><td style=\"width: 22.1053%;\"><span style=\"font-weight: 400; font-size: 12pt; color: #000000; font-family: helvetica, arial, sans-serif;\">24\/03\/2027<\/span><\/td><td style=\"width: 20%;\"><span style=\"font-weight: 400; font-size: 12pt; color: #000000; font-family: helvetica, arial, sans-serif;\">1 a 1,5 mil pessoas<\/span><\/td><td style=\"width: 27.8947%;\"><span style=\"font-weight: 400; font-size: 12pt; color: #000000; font-family: helvetica, arial, sans-serif;\">16\/03\/2027<\/span><\/td><\/tr><tr><td style=\"width: 22.1053%;\"><span style=\"font-weight: 400; font-size: 12pt; color: #000000; font-family: helvetica, arial, sans-serif;\">Arrai\u00e1 do MCJB 2027*<\/span><\/td><td style=\"width: 22.1053%;\"><span style=\"font-weight: 400; font-size: 12pt; color: #000000; font-family: helvetica, arial, sans-serif;\">3, 4 e 5\/06\/2027<\/span><\/td><td style=\"width: 20%;\"><span style=\"font-weight: 400; font-size: 12pt; color: #000000; font-family: helvetica, arial, sans-serif;\">3 a 6 mil pessoas<\/span><\/td><td style=\"width: 27.8947%;\"><span style=\"font-weight: 400; font-size: 12pt; color: #000000; font-family: helvetica, arial, sans-serif;\">25\/05\/2027<\/span><\/td><\/tr><\/tbody><\/table><p><span style=\"font-size: 12pt; color: #000000; font-family: helvetica, arial, sans-serif;\"><i><span style=\"font-weight: 400;\">* Eventos \u00e0 confirmar<\/span><\/i><\/span><\/p><p>\u00a0<\/p><p><span style=\"font-weight: 400; font-size: 12pt; color: #000000; font-family: helvetica, arial, sans-serif;\">As condi\u00e7\u00f5es espec\u00edficas de cada iniciativa poder\u00e3o ser apresentadas \u00e0s institui\u00e7\u00f5es interessadas conforme o caso.<\/span><\/p><p><span style=\"font-size: 12pt; color: #000000; font-family: helvetica, arial, sans-serif;\"><b>8. \ud83c\udf31 IMPACTO SOCIAL, CULTURAL E AMBIENTAL<\/b><\/span><\/p><p><span style=\"font-weight: 400; font-size: 12pt; color: #000000; font-family: helvetica, arial, sans-serif;\">As a\u00e7\u00f5es do MCJB contribuem diretamente para o desenvolvimento equilibrado da regi\u00e3o, promovendo:<\/span><\/p><ul><li style=\"font-weight: 400;\" aria-level=\"1\"><span style=\"font-weight: 400; font-size: 12pt; color: #000000; font-family: helvetica, arial, sans-serif;\">Integra\u00e7\u00e3o entre diferentes territ\u00f3rios com diferentes realidades sociais<\/span><\/li><li style=\"font-weight: 400;\" aria-level=\"1\"><span style=\"font-weight: 400; font-size: 12pt; color: #000000; font-family: helvetica, arial, sans-serif;\">Redu\u00e7\u00e3o de desigualdades sociais<\/span><\/li><li style=\"font-weight: 400;\" aria-level=\"1\"><span style=\"font-weight: 400; font-size: 12pt; color: #000000; font-family: helvetica, arial, sans-serif;\">Amplia\u00e7\u00e3o de oportunidades para a popula\u00e7\u00e3o<\/span><\/li><li style=\"font-weight: 400;\" aria-level=\"1\"><span style=\"font-weight: 400; font-size: 12pt; color: #000000; font-family: helvetica, arial, sans-serif;\">Fortalecimento do tecido comunit\u00e1rio<\/span><\/li><li style=\"font-weight: 400;\" aria-level=\"1\"><span style=\"font-weight: 400; font-size: 12pt; color: #000000; font-family: helvetica, arial, sans-serif;\">Desenvolvimento sustent\u00e1vel local<\/span><\/li><\/ul><p><span style=\"font-weight: 400; font-size: 12pt; color: #000000; font-family: helvetica, arial, sans-serif;\">Parte dos recursos mobilizados tamb\u00e9m apoia a\u00e7\u00f5es sociais em comunidades vizinhas em situa\u00e7\u00e3o de vulnerabilidade, por meio do Fundo Social do MCJB.<\/span><\/p><p><span style=\"font-size: 12pt; color: #000000; font-family: helvetica, arial, sans-serif;\"><b>9. \ud83d\udcec INSCRI\u00c7\u00d5ES E MANIFESTA\u00c7\u00c3O DE INTERESSE<\/b><\/span><\/p><p><span style=\"font-size: 12pt; color: #000000; font-family: helvetica, arial, sans-serif;\"><span style=\"font-weight: 400;\">As institui\u00e7\u00f5es interessadas poder\u00e3o manifestar seu interesse de forma imediata por meio do formul\u00e1rio eletr\u00f4nico oficial: <\/span><span style=\"font-weight: 400;\"><br \/><\/span><span style=\"font-weight: 400;\">\ud83d\udc49 <\/span><a style=\"color: #000000;\" href=\"https:\/\/forms.gle\/qUyd6cqbSUak5mX3A\"><span style=\"font-weight: 400;\">https:\/\/forms.gle\/qUyd6cqbSUak5mX3A<\/span><\/a><\/span><\/p><p><span style=\"font-weight: 400; font-size: 12pt; color: #000000; font-family: helvetica, arial, sans-serif;\">O preenchimento do formul\u00e1rio n\u00e3o garante participa\u00e7\u00e3o autom\u00e1tica, estando sujeito \u00e0 an\u00e1lise e organiza\u00e7\u00e3o institucional do MCJB.<\/span><\/p><p><span style=\"font-weight: 400; font-size: 12pt; color: #000000; font-family: helvetica, arial, sans-serif;\">A equipe poder\u00e1 entrar em contato para alinhamento das formas de participa\u00e7\u00e3o e defini\u00e7\u00e3o dos pr\u00f3ximos passos.<\/span><\/p><p><span style=\"font-size: 12pt; color: #000000; font-family: helvetica, arial, sans-serif;\"><b>10. \u2696 CONDI\u00c7\u00d5ES DE PARTICIPA\u00c7\u00c3O<\/b><\/span><\/p><ul><li style=\"font-weight: 400;\" aria-level=\"1\"><span style=\"font-weight: 400; font-size: 12pt; color: #000000; font-family: helvetica, arial, sans-serif;\">Poder\u00e3o participar empresas com CNPJ ativo, de qualquer porte ou segmento.<\/span><\/li><li style=\"font-weight: 400;\" aria-level=\"1\"><span style=\"font-weight: 400; font-size: 12pt; color: #000000; font-family: helvetica, arial, sans-serif;\">A participa\u00e7\u00e3o est\u00e1 condicionada ao alinhamento com os princ\u00edpios e valores institucionais do MCJB.<\/span><\/li><li style=\"font-weight: 400;\" aria-level=\"1\"><span style=\"font-weight: 400; font-size: 12pt; color: #000000; font-family: helvetica, arial, sans-serif;\">O MCJB se reserva o direito de avaliar a adequa\u00e7\u00e3o institucional das empresas interessadas.<\/span><\/li><\/ul><p><span style=\"font-size: 12pt; color: #000000; font-family: helvetica, arial, sans-serif;\"><b>11. \u2696<\/b> <b>DISPOSI\u00c7\u00d5ES GERAIS<\/b><\/span><\/p><p><span style=\"font-weight: 400; font-size: 12pt; color: #000000; font-family: helvetica, arial, sans-serif;\">A participa\u00e7\u00e3o neste chamamento:<\/span><\/p><ul><li style=\"font-weight: 400;\" aria-level=\"1\"><span style=\"font-weight: 400; font-size: 12pt; color: #000000; font-family: helvetica, arial, sans-serif;\">Este chamamento n\u00e3o configura venda de espa\u00e7o ou m\u00eddia<\/span><\/li><li style=\"font-weight: 400;\" aria-level=\"1\"><span style=\"font-weight: 400; font-size: 12pt; color: #000000; font-family: helvetica, arial, sans-serif;\">N\u00e3o gera v\u00ednculo contratual autom\u00e1tico<\/span><\/li><li style=\"font-weight: 400;\" aria-level=\"1\"><span style=\"font-weight: 400; font-size: 12pt; color: #000000; font-family: helvetica, arial, sans-serif;\">Ser\u00e1 formalizada posteriormente, conforme o caso<\/span><\/li><li style=\"font-weight: 400;\" aria-level=\"1\"><span style=\"font-weight: 400; font-size: 12pt; color: #000000; font-family: helvetica, arial, sans-serif;\">Observar\u00e1 os princ\u00edpios de transpar\u00eancia, \u00e9tica e interesse p\u00fablico<\/span><\/li><li style=\"font-weight: 400;\" aria-level=\"1\"><span style=\"font-weight: 400; font-size: 12pt; color: #000000; font-family: helvetica, arial, sans-serif;\">Estar\u00e1 alinhada \u00e0 legisla\u00e7\u00e3o aplic\u00e1vel \u00e0s organiza\u00e7\u00f5es da sociedade civil<\/span><\/li><li style=\"font-weight: 400;\" aria-level=\"1\"><span style=\"font-size: 12pt; color: #000000; font-family: helvetica, arial, sans-serif;\"><span style=\"font-weight: 400;\">Os casos omissos ser\u00e3o analisados pela equipe respons\u00e1vel<\/span><span style=\"font-weight: 400;\"><br \/><br \/><\/span><\/span><\/li><\/ul><p><span style=\"font-size: 12pt; color: #000000; font-family: helvetica, arial, sans-serif;\"><b>12. \u2705 <\/b><b>DA DIVULGA\u00c7\u00c3O DOS RESULTADOS<\/b><\/span><\/p><p><span style=\"font-weight: 400; font-size: 12pt; color: #000000; font-family: helvetica, arial, sans-serif;\">A divulga\u00e7\u00e3o oficial dos resultados de sele\u00e7\u00e3o deste chamamento, ser\u00e1 disponibilizada no site do Movimento Comunit\u00e1rio do Jardim Bot\u00e2nico.<\/span><\/p><p><span style=\"font-size: 12pt; color: #000000; font-family: helvetica, arial, sans-serif;\"><b>11. \ud83d\udccc CONSIDERA\u00c7\u00d5ES FINAIS<\/b><b><br \/><\/b><b><\/b><\/span><\/p><p><span style=\"font-size: 12pt; color: #000000; font-family: helvetica, arial, sans-serif;\"><b>O MCJB entende que o desenvolvimento sustent\u00e1vel de uma comunidade \u00e9 resultado da atua\u00e7\u00e3o conjunta entre sociedade civil, poder p\u00fablico e iniciativa privada.<\/b><\/span><\/p><p><span style=\"font-size: 12pt; color: #000000; font-family: helvetica, arial, sans-serif;\"><span style=\"font-weight: 400;\">Este chamamento representa um convite aberto \u00e0 participa\u00e7\u00e3o de institui\u00e7\u00f5es que desejam contribuir de forma efetiva com o fortalecimento da comunidade e com a promo\u00e7\u00e3o de impacto social real no territ\u00f3rio.<\/span><\/span><\/p><p style=\"text-align: right;\"><span style=\"font-size: 12pt; color: #000000; font-family: helvetica, arial, sans-serif;\"><b><br \/><\/b><\/span><span style=\"font-weight: 400; font-size: 12pt; color: #000000; font-family: helvetica, arial, sans-serif;\">Bras\u00edlia, 15\u00a0 de Abril de 2026.<\/span><\/p><p><span style=\"font-size: 12pt; color: #000000; font-family: helvetica, arial, sans-serif;\"><b><br \/><\/b><b>\ud83d\udccd MOVIMENTO COMUNIT\u00c1RIO DO JARDIM BOT\u00c2NICO<\/b><\/span><\/p><p><span style=\"font-size: 12pt; color: #000000; font-family: helvetica, arial, sans-serif;\"><b>\ud83c\udf10 <\/b><span style=\"color: #0000ff;\"><a style=\"color: #0000ff;\" href=\"http:\/\/www.mcjb.org.br\" target=\"_blank\" rel=\"noopener\"><b>www.mcjb.org.br<\/b><\/a><\/span><\/span><\/p><p><span style=\"font-size: 12pt; color: #000000; font-family: helvetica, arial, sans-serif;\"><b>\ud83d\udce9 <span style=\"color: #0000ff;\"><a style=\"color: #0000ff;\" href=\"mailto:contato@mcjb.org.br\" target=\"_blank\" rel=\"noopener\">contato@mcjb.org.br<\/a><\/span><\/b><\/span><\/p><p><span style=\"font-size: 12pt; color: #000000; font-family: helvetica, arial, sans-serif;\"><b>\ud83d\udcf1 Telefone\/WhatsApp: (61) 3427-3038 \/ <span style=\"color: #0000ff;\"><a style=\"color: #0000ff;\" href=\"https:\/\/wa.me\/5561994338517\" target=\"_blank\" rel=\"noopener\">99433-8517<\/a><\/span><\/b><\/span><\/p>\t\t\t\t\t\t\t\t<\/div>\n\t\t\t\t<\/div>\n\t\t\t\t\t<\/div>\n\t\t<\/div>\n\t\t\t\t\t<\/div>\n\t\t<\/section>\n\t\t\t\t<\/div>\n\t\t","protected":false},"excerpt":{"rendered":"<p>O MCJB torna p\u00fablico o presente Chamamento para para Participa\u00e7\u00e3o de Empresas e Institui\u00e7\u00f5es nas Iniciativas do MCJB<\/p>\n","protected":false},"author":1,"featured_media":12563,"comment_status":"open","ping_status":"open","sticky":false,"template":"","format":"standard","meta":{"footnotes":""},"categories":[271,42,43,6],"tags":[307,351,352,350,33,258,38,353,317],"class_list":["post-12562","post","type-post","status-publish","format-standard","has-post-thumbnail","hentry","category-editais","category-institucional","category-mural-de-avisos","category-slider","tag-cps","tag-empesa","tag-instituicao","tag-jardim-botanico-df","tag-mcjb","tag-movimento-comunitario","tag-movimento-comunitario-do-jardim-botanico","tag-organizacoes","tag-sustentavel"],"_links":{"self":[{"href":"https:\/\/www.mcjb.org.br\/institucional\/wp-json\/wp\/v2\/posts\/12562","targetHints":{"allow":["GET"]}}],"collection":[{"href":"https:\/\/www.mcjb.org.br\/institucional\/wp-json\/wp\/v2\/posts"}],"about":[{"href":"https:\/\/www.mcjb.org.br\/institucional\/wp-json\/wp\/v2\/types\/post"}],"author":[{"embeddable":true,"href":"https:\/\/www.mcjb.org.br\/institucional\/wp-json\/wp\/v2\/users\/1"}],"replies":[{"embeddable":true,"href":"https:\/\/www.mcjb.org.br\/institucional\/wp-json\/wp\/v2\/comments?post=12562"}],"version-history":[{"count":10,"href":"https:\/\/www.mcjb.org.br\/institucional\/wp-json\/wp\/v2\/posts\/12562\/revisions"}],"predecessor-version":[{"id":12576,"href":"https:\/\/www.mcjb.org.br\/institucional\/wp-json\/wp\/v2\/posts\/12562\/revisions\/12576"}],"wp:featuredmedia":[{"embeddable":true,"href":"https:\/\/www.mcjb.org.br\/institucional\/wp-json\/wp\/v2\/media\/12563"}],"wp:attachment":[{"href":"https:\/\/www.mcjb.org.br\/institucional\/wp-json\/wp\/v2\/media?parent=12562"}],"wp:term":[{"taxonomy":"category","embeddable":true,"href":"https:\/\/www.mcjb.org.br\/institucional\/wp-json\/wp\/v2\/categories?post=12562"},{"taxonomy":"post_tag","embeddable":true,"href":"https:\/\/www.mcjb.org.br\/institucional\/wp-json\/wp\/v2\/tags?post=12562"}],"curies":[{"name":"wp","href":"https:\/\/api.w.org\/{rel}","templated":true}]}}