{"id":10872,"date":"2022-02-21T17:03:26","date_gmt":"2022-02-21T20:03:26","guid":{"rendered":"https:\/\/www.mcjb.org.br\/institucional\/?p=10872"},"modified":"2022-02-22T16:39:52","modified_gmt":"2022-02-22T19:39:52","slug":"edital-de-chamamento-publico-001-2022-subpermissao-de-uso-cafeteria-centro-de-praticas-sustentaveis-cps","status":"publish","type":"post","link":"https:\/\/www.mcjb.org.br\/institucional\/projetos-comunitarios\/edital-de-chamamento-publico-001-2022-subpermissao-de-uso-cafeteria-centro-de-praticas-sustentaveis-cps\/","title":{"rendered":"Edital de Chamamento P\u00fablico 001\/2022 &#8211; Subpermiss\u00e3o de Uso &#8211; Cafeteria &#8211; Centro de Pr\u00e1ticas Sustent\u00e1veis &#8211; CPS"},"content":{"rendered":"\t\t<div data-elementor-type=\"wp-post\" data-elementor-id=\"10872\" class=\"elementor elementor-10872\" data-elementor-post-type=\"post\">\n\t\t\t\t\t\t<section class=\"elementor-section elementor-top-section elementor-element elementor-element-370a51eb elementor-section-boxed elementor-section-height-default elementor-section-height-default\" data-id=\"370a51eb\" data-element_type=\"section\">\n\t\t\t\t\t\t<div class=\"elementor-container elementor-column-gap-default\">\n\t\t\t\t\t<div class=\"elementor-column elementor-col-100 elementor-top-column elementor-element elementor-element-15587509\" data-id=\"15587509\" data-element_type=\"column\">\n\t\t\t<div class=\"elementor-widget-wrap elementor-element-populated\">\n\t\t\t\t\t\t<div class=\"elementor-element elementor-element-63e453a9 elementor-widget elementor-widget-text-editor\" data-id=\"63e453a9\" data-element_type=\"widget\" data-widget_type=\"text-editor.default\">\n\t\t\t\t<div class=\"elementor-widget-container\">\n\t\t\t\t\t\t\t\t\t<p style=\"text-align: center;\"><span style=\"font-size: 18pt; font-family: 'trebuchet ms', geneva, sans-serif; color: #000000;\"><strong>MOVIMENTO COMUNIT\u00c1RIO DO JARDIM BOT\u00c2NICO\u00a0<\/strong><\/span><\/p><p style=\"text-align: center;\"><span style=\"font-family: 'trebuchet ms', geneva, sans-serif; color: #000000;\">EDITAL DE CHAMAMENTO P\u00daBLICO PARA CONTRATA\u00c7\u00c3O DE:<\/span><\/p><p style=\"text-align: center;\"><span style=\"font-family: 'trebuchet ms', geneva, sans-serif; color: #000000;\"><strong>SUBPERMISS\u00c3O DE USO &#8211; CAFETERIA &#8211; CENTRO DE PR\u00c1TICAS SUSTENT\u00c1VEIS &#8211; CPS<\/strong><\/span><\/p><p><span style=\"font-family: 'trebuchet ms', geneva, sans-serif; color: #000000;\"><b>O Movimento Comunit\u00e1rio do Jardim Bot\u00e2nico &#8211; MCJB<\/b><span style=\"font-weight: 400;\">, com sede na SHM &#8211; Centro de Pr\u00e1ticas Sustent\u00e1veis, Av. do Cerrado s\/n, Jardins Mangueiral &#8211; CEP: 71687-130 &#8211; Jardim Bot\u00e2nico-DF, declara aberto o presente <\/span><b>o edital que tem como principal objetivo selecionar a melhor proposta para implanta\u00e7\u00e3o, explora\u00e7\u00e3o, concedendo subpermiss\u00e3o de uso destinado a servi\u00e7o de Cafeteria\/Restaurante dentro do projeto Caf\u00e9 Oikos <\/b><span style=\"font-weight: 400;\">no Centro de Pr\u00e1ticas Sustent\u00e1veis &#8211; CPS, no Jardins Mangueiral.\u00a0<\/span><\/span><\/p><p><span style=\"font-family: 'trebuchet ms', geneva, sans-serif; color: #000000;\"><span style=\"font-weight: 400;\">Para participar, os interessados devem enviar proposta para utiliza\u00e7\u00e3o do espa\u00e7o f\u00edsico e loca\u00e7\u00e3o dos equipamentos para empresa especializada realizar opera\u00e7\u00e3o comercial de servi\u00e7os de alimenta\u00e7\u00e3o saud\u00e1vel, na denominada Cafeteria Caf\u00e9 Oikos do Centro de Pr\u00e1ticas Sustent\u00e1vel. A contrata\u00e7\u00e3o tem\u00a0 vig\u00eancia m\u00ednima de <\/span><b>12 (doze) meses<\/b><span style=\"font-weight: 400;\">, podendo ser renov\u00e1vel.<\/span><span style=\"font-weight: 400;\"><br \/><\/span><span style=\"font-weight: 400;\"><br \/><\/span><b>1- DAS CONDI\u00c7\u00d5ES DE PARTICIPA\u00c7\u00c3O<\/b><\/span><\/p><p><span style=\"font-weight: 400; font-family: 'trebuchet ms', geneva, sans-serif; color: #000000;\">A \u2018Cafeteria\u2019 dever\u00e1 seguir padr\u00f5es caracter\u00edsticos de lugares de lazer e programa\u00e7\u00e3o cultural, contribuindo para a promo\u00e7\u00e3o do Centro de Pr\u00e1ticas Sustent\u00e1veis como espa\u00e7o de acess\u00edvel e agrad\u00e1vel a todos os p\u00fablicos. O servi\u00e7o dever\u00e1 estar em conson\u00e2ncia com os padr\u00f5es e valores de uma institui\u00e7\u00e3o cultural e respeitando o Estatuto do Movimento Comunit\u00e1rio do Jardim Bot\u00e2nico e o projeto Caf\u00e9 Oikos aprovado pelo Bras\u00edlia Ambiental, \u00f3rg\u00e3o do GDF respons\u00e1vel pelo CPS.<\/span><\/p><p><span style=\"font-weight: 400; font-family: 'trebuchet ms', geneva, sans-serif; color: #000000;\">1.1 &#8211; PERFIL DOS SERVI\u00c7OS A SEREM OFERECIDOS<\/span><\/p><p><span style=\"font-weight: 400; font-family: 'trebuchet ms', geneva, sans-serif; color: #000000;\">1. A \u2018Cafeteria\u2019 atender\u00e1 tanto visitantes e funcion\u00e1rios do CPS, como o p\u00fablico em geral, oferecendo produtos e servi\u00e7os de qualidade, de acordo com a natureza do CPS e do MCJB;<\/span><\/p><ol><li><span style=\"font-weight: 400; font-family: 'trebuchet ms', geneva, sans-serif; color: #000000;\">O acesso \u00e0 \u2018Cafeteria\u2019 ser\u00e1 p\u00fablico, dentro do hor\u00e1rio permitido de funcionamento do CPS, de segunda \u00e0 s\u00e1bado, das 7h \u00e0s 22h;<\/span><\/li><li style=\"font-weight: 400;\" aria-level=\"1\"><span style=\"font-weight: 400; font-family: 'trebuchet ms', geneva, sans-serif; color: #000000;\">O hor\u00e1rio de atendimento da Cafeteria dever\u00e1 seguir no m\u00ednimo o hor\u00e1rio de funcionamento do CPS, podendo ser alterado durante a vig\u00eancia do contrato em decorr\u00eancia de protocolos sanit\u00e1rios do GDF, ou dos Planos de Trabalho do MCJB;<\/span><\/li><li style=\"font-weight: 400;\" aria-level=\"1\"><span style=\"font-weight: 400; font-family: 'trebuchet ms', geneva, sans-serif; color: #000000;\">O MCJB poder\u00e1, excepcionalmente, oferecer atividades noturnas ou nos finais de semana, pr\u00f3prias ou de terceiros, sendo desej\u00e1vel, por parte do proponente, ter flexibilidade para a extens\u00e3o do servi\u00e7o visando ao atendimento, com qualidade, do p\u00fablico;<\/span><\/li><li style=\"font-weight: 400;\" aria-level=\"1\"><span style=\"font-weight: 400; font-family: 'trebuchet ms', geneva, sans-serif; color: #000000;\">A \u2018Cafeteria\u2019 dever\u00e1 seguir padr\u00f5es caracter\u00edsticos de lugares de frui\u00e7\u00e3o, lazer e programa\u00e7\u00e3o cultural, contribuindo para a promo\u00e7\u00e3o do CPS como espa\u00e7o cultural e de sustentabilidade,\u00a0 acess\u00edvel e agrad\u00e1vel a todos os p\u00fablicos;<\/span><\/li><li style=\"font-weight: 400;\" aria-level=\"1\"><span style=\"font-weight: 400; font-family: 'trebuchet ms', geneva, sans-serif; color: #000000;\">A \u2018Cafeteria\u2019 dever\u00e1 ter e manter rela\u00e7\u00e3o direta com a proposta arquitet\u00f4nica e de sustentabilidade do CPS, respeitando os decretos do edif\u00edcio;<\/span><\/li><li style=\"font-weight: 400;\" aria-level=\"1\"><span style=\"font-weight: 400; font-family: 'trebuchet ms', geneva, sans-serif; color: #000000;\">Os produtos a serem utilizados e comercializados para alimenta\u00e7\u00e3o e bebidas dever\u00e3o ser de boa qualidade e proced\u00eancia, observando \u00e0s normas de sa\u00fade e da vigil\u00e2ncia sanit\u00e1ria;<\/span><\/li><li style=\"font-weight: 400;\" aria-level=\"1\"><span style=\"font-weight: 400; font-family: 'trebuchet ms', geneva, sans-serif; color: #000000;\">Dever\u00e1 ser possibilitado o pagamento atrav\u00e9s de quaisquer meios legais e compat\u00edveis com o mercado;<\/span><\/li><li style=\"font-weight: 400;\" aria-level=\"1\"><span style=\"font-weight: 400; font-family: 'trebuchet ms', geneva, sans-serif; color: #000000;\">Como possibilidade de neg\u00f3cio, o estabelecimento poder\u00e1 oferecer servi\u00e7os de buffet para usu\u00e1rios do CPS em eventos realizados nas \u00e1reas destinadas a essa finalidade no CPS. Os procedimentos e fluxos dessa forma de explora\u00e7\u00e3o comercial poder\u00e3o ser definidos em comum acordo com o vencedor da proposta;<\/span><\/li><li style=\"font-weight: 400;\" aria-level=\"1\"><span style=\"font-weight: 400; font-family: 'trebuchet ms', geneva, sans-serif; color: #000000;\">O MCJB exercer\u00e1 a necess\u00e1ria fiscaliza\u00e7\u00e3o, podendo determinar altera\u00e7\u00f5es nos produtos e servi\u00e7os que forem oferecidos, de modo a garantir o padr\u00e3o de qualidade esperado para este espa\u00e7o.<\/span><\/li><\/ol><p><span style=\"font-family: 'trebuchet ms', geneva, sans-serif; color: #000000;\"><span style=\"font-weight: 400;\">1.2 &#8211; REQUISITOS NECESS\u00c1RIOS: Ser\u00e3o analisadas apenas propostas <\/span><b>que atendam todos os requisitos solicitados<\/b><span style=\"font-weight: 400;\">.\u00a0<\/span><\/span><\/p><p><span style=\"font-family: 'trebuchet ms', geneva, sans-serif; color: #000000;\"><span style=\"font-weight: 400;\">1.2.1 &#8211; Ser\u00e1 <\/span><b>vedada<\/b><span style=\"font-weight: 400;\"> a participa\u00e7\u00e3o de:<\/span><\/span><\/p><ol><li style=\"font-weight: 400;\" aria-level=\"1\"><span style=\"font-weight: 400; font-family: 'trebuchet ms', geneva, sans-serif; color: #000000;\">Empresa ou gestor(a) que n\u00e3o atenderem \u00e0s condi\u00e7\u00f5es deste edital;<\/span><\/li><li style=\"font-weight: 400;\" aria-level=\"1\"><span style=\"font-weight: 400; font-family: 'trebuchet ms', geneva, sans-serif; color: #000000;\">Empresa ou gestor(a) que esteja em concordata ou em processo de fal\u00eancia, sob concurso de credores, em dissolu\u00e7\u00e3o ou em liquida\u00e7\u00e3o;<\/span><\/li><li style=\"font-weight: 400;\" aria-level=\"1\"><span style=\"font-weight: 400; font-family: 'trebuchet ms', geneva, sans-serif; color: #000000;\">Servidor de qualquer \u00f3rg\u00e3o ou entidade vinculada a administra\u00e7\u00e3o p\u00fablica direta do GDF, ou do Bras\u00edlia Ambiental, ou do Governo Federal, bem assim a empresa da qual tal servidor seja empres\u00e1rio, s\u00f3cio, dirigente ou respons\u00e1vel t\u00e9cnico;<\/span><\/li><li style=\"font-weight: 400;\" aria-level=\"1\"><span style=\"font-weight: 400; font-family: 'trebuchet ms', geneva, sans-serif; color: #000000;\">Pessoa filiada \u00e0 qualquer partido pol\u00edtico, bem assim a empresa da qual tal pessoa seja empres\u00e1rio, s\u00f3cio, dirigente ou respons\u00e1vel t\u00e9cnico;<\/span><\/li><li style=\"font-weight: 400;\" aria-level=\"1\"><span style=\"font-weight: 400; font-family: 'trebuchet ms', geneva, sans-serif; color: #000000;\">Empresa incluindo empres\u00e1rio, s\u00f3cio(s), dirigente(s), respons\u00e1vel(eis) t\u00e9cnico(s), e\/ou qualquer outro(s) respons\u00e1vel(eis), independente da denomina\u00e7\u00e3o que est\u00e3o respondendo processo judicialmente com senten\u00e7a condenat\u00f3ria em 1\u00aa inst\u00e2ncia, em quaisquer esferas governamentais, relativamente a fraudes ou crimes de qualquer natureza;<\/span><\/li><li style=\"font-weight: 400;\" aria-level=\"1\"><span style=\"font-family: 'trebuchet ms', geneva, sans-serif; color: #000000;\"><span style=\"font-weight: 400;\">Empresas ou gestor(a) que <\/span><b>n\u00e3o tenha<\/b><span style=\"font-weight: 400;\"> experi\u00eancia comprovada na \u00e1rea de atua\u00e7\u00e3o proposta;<\/span><\/span><\/li><\/ol><p><span style=\"font-weight: 400; font-family: 'trebuchet ms', geneva, sans-serif; color: #000000;\">1.2.2 &#8211; Somente poder\u00e3o se candidatar empresas legalmente constitu\u00eddas, com experi\u00eancia comprovada na \u00e1rea e que atenda \u00e0s exig\u00eancias contidas neste edital e que apresentarem:<\/span><\/p><ul><li style=\"font-weight: 400;\" aria-level=\"1\"><span style=\"font-weight: 400; font-family: 'trebuchet ms', geneva, sans-serif; color: #000000;\">Nome, CPF do(s) s\u00f3cio(s), CNPJ, endere\u00e7o completo, telefone(s) de contato e e-mail;<\/span><\/li><li style=\"font-weight: 400;\" aria-level=\"1\"><span style=\"font-weight: 400; font-family: 'trebuchet ms', geneva, sans-serif; color: #000000;\">Cart\u00e3o Nacional de Pessoa Jur\u00eddica (CNPJ);<\/span><\/li><li style=\"font-weight: 400;\" aria-level=\"1\"><span style=\"font-weight: 400; font-family: 'trebuchet ms', geneva, sans-serif; color: #000000;\">Informar o valor que ser\u00e1 cobrado mensalmente com todos os custos diretos, indiretos, benef\u00edcios, tributos, encargos sociais, fiscais, comerciais, trabalhistas, de seguro, lucro, insumos, contribui\u00e7\u00f5es, transporte, embalagens, m\u00e3o-de-obra durante o per\u00edodo de vig\u00eancia do contrato e quaisquer outros \u00f4nus que porventura possam recair sobre o objeto do presente edital, de modo a se constitu\u00edrem \u00e0 \u00fanica e total contrapresta\u00e7\u00e3o pela execu\u00e7\u00e3o do objeto.<\/span><\/li><li style=\"font-weight: 400;\" aria-level=\"1\"><span style=\"font-weight: 400; font-family: 'trebuchet ms', geneva, sans-serif; color: #000000;\">Propostas com validade m\u00ednima de 60 (sessenta) dias;<\/span><\/li><\/ul><p><span style=\"font-family: 'trebuchet ms', geneva, sans-serif; color: #000000;\"><b>2 &#8211; DOS ESPA\u00c7OS E EQUIPAMENTOS DESTINADOS \u00c0 \u2018CAFETERIA\u2019<\/b><\/span><\/p><p><span style=\"font-family: 'trebuchet ms', geneva, sans-serif; color: #000000;\"><span style=\"font-weight: 400;\">A \u00e1rea total na qual ser\u00e1 instalada a \u2018Cafeteria\u2019 ser\u00e1 o quiosque denominado \u201cCabana D3\u201d, de aproximadamente <\/span><span style=\"font-weight: 400;\">\u00a047,36 m\u00b2 (quarenta e sete metros quadrados)<\/span><span style=\"font-weight: 400;\">; composta por:<\/span><\/span><\/p><ol><li style=\"font-weight: 400;\" aria-level=\"1\"><span style=\"font-weight: 400; font-family: 'trebuchet ms', geneva, sans-serif; color: #000000;\">Espa\u00e7os de Uso Exclusivo da \u2018Cafeteria\u2019:<\/span><ol><li style=\"font-weight: 400;\" aria-level=\"2\"><span style=\"font-family: 'trebuchet ms', geneva, sans-serif; color: #000000;\"><span style=\"font-weight: 400;\">\u00c1rea de aproximadamente <\/span><span style=\"font-weight: 400;\">3m\u00b2<\/span><span style=\"font-weight: 400;\"> com estrutura de balc\u00e3o;<\/span><\/span><\/li><li style=\"font-weight: 400;\" aria-level=\"2\"><span style=\"font-weight: 400; font-family: 'trebuchet ms', geneva, sans-serif; color: #000000;\">Pia externa com \u00e1rea de aproximadamente 1,5 m\u00b2;<\/span><\/li><li style=\"font-weight: 400;\" aria-level=\"2\"><span style=\"font-weight: 400; font-family: 'trebuchet ms', geneva, sans-serif; color: #000000;\">Copa\/cozinha do Sal\u00e3o Multiuso com aproximadamente 23 m\u00b2;<\/span><\/li><li style=\"font-weight: 400;\" aria-level=\"2\"><span style=\"font-family: 'trebuchet ms', geneva, sans-serif; color: #000000;\"><span style=\"font-weight: 400;\">Gramados adjacentes (apenas para uso tempor\u00e1rio de atendimento) com aproximadamente <\/span><span style=\"font-weight: 400;\">63 <\/span><span style=\"font-weight: 400;\">m\u00b2;<\/span><\/span><\/li><\/ol><\/li><li style=\"font-weight: 400;\" aria-level=\"1\"><span style=\"font-weight: 400; font-family: 'trebuchet ms', geneva, sans-serif; color: #000000;\">\u00c1rea reservada para disposi\u00e7\u00e3o de mobili\u00e1rio para atendimento ao p\u00fablico, a ser definida em conjunto com a CONTRATANTE.<\/span><\/li><li aria-level=\"1\"><span style=\"font-weight: 400; font-family: 'trebuchet ms', geneva, sans-serif; color: #000000;\">Equipamentos e itens dispon\u00edveis para uso da &#8220;Cafeteria&#8221; verificar o <\/span><span style=\"font-family: 'trebuchet ms', geneva, sans-serif; color: #000000;\"><b>ANEXO 1<\/b><\/span><span style=\"font-weight: 400; font-family: 'trebuchet ms', geneva, sans-serif; color: #000000;\"> deste documento;<\/span><\/li><li style=\"font-weight: 400;\" aria-level=\"1\"><span style=\"font-weight: 400; font-family: 'trebuchet ms', geneva, sans-serif; color: #000000;\">Espa\u00e7os de Uso Compartilhado:<\/span><ol><li style=\"font-weight: 400;\" aria-level=\"2\"><span style=\"font-weight: 400; font-family: 'trebuchet ms', geneva, sans-serif; color: #000000;\">Banheiros feminino e masculino<\/span><\/li><li style=\"font-weight: 400;\" aria-level=\"2\"><span style=\"font-weight: 400; font-family: 'trebuchet ms', geneva, sans-serif; color: #000000;\">Banheiro acess\u00edvel<\/span><\/li><li style=\"font-weight: 400;\" aria-level=\"2\"><span style=\"font-weight: 400; font-family: 'trebuchet ms', geneva, sans-serif; color: #000000;\">\u00c1rea restrita para lixo<\/span><\/li><\/ol><\/li><li style=\"font-weight: 400;\" aria-level=\"1\"><span style=\"font-weight: 400; font-family: 'trebuchet ms', geneva, sans-serif; color: #000000;\">O espa\u00e7o n\u00e3o possui os seguintes itens:<\/span><ol><li style=\"font-weight: 400;\" aria-level=\"2\"><span style=\"font-weight: 400; font-family: 'trebuchet ms', geneva, sans-serif; color: #000000;\">Cozinha Interna<\/span><\/li><li style=\"font-weight: 400;\" aria-level=\"2\"><span style=\"font-weight: 400; font-family: 'trebuchet ms', geneva, sans-serif; color: #000000;\">\u00c1rea de Finaliza\u00e7\u00e3o de cozinha<\/span><\/li><li style=\"font-weight: 400;\" aria-level=\"2\"><span style=\"font-weight: 400; font-family: 'trebuchet ms', geneva, sans-serif; color: #000000;\">Exaust\u00e3o<\/span><\/li><li style=\"font-weight: 400;\" aria-level=\"2\"><span style=\"font-weight: 400; font-family: 'trebuchet ms', geneva, sans-serif; color: #000000;\">Frigor\u00edfico<\/span><\/li><\/ol><\/li><\/ol><p><span style=\"font-family: 'trebuchet ms', geneva, sans-serif; color: #000000;\"><b>3 &#8211; DA AVALIA\u00c7\u00c3O DAS PROPOSTAS<\/b><\/span><\/p><table><tbody><tr><td><p><b>CRIT\u00c9RIO<\/b><\/p><\/td><td><p><b>Pontua\u00e7\u00e3o M\u00e1xima<\/b><\/p><\/td><\/tr><tr><td><p><span style=\"font-weight: 400;\">Maior valor de proposta de valor mensal fixo para remunera\u00e7\u00e3o m\u00ednima da subpermiss\u00e3o de uso (Subpermiss\u00e3o Remunerada de Uso) e do aluguel dos equipamentos dispon\u00edveis.<\/span><\/p><\/td><td><p><span style=\"font-weight: 400;\">20 Pontos<\/span><\/p><\/td><\/tr><tr><td><p><span style=\"font-weight: 400;\">Apresenta\u00e7\u00e3o de Plano de Neg\u00f3cios, com an\u00e1lise de viabilidade econ\u00f4mico-financeira<\/span><\/p><\/td><td><p><span style=\"font-weight: 400;\">15 Pontos<\/span><\/p><\/td><\/tr><tr><td><p><span style=\"font-weight: 400;\">Relat\u00f3rio demonstrando a experi\u00eancia do(s) S\u00f3cio(s) na Administra\u00e7\u00e3o e Opera\u00e7\u00e3o de<\/span><\/p><p><span style=\"font-weight: 400;\">outros empreendimentos com caracter\u00edsticas correlatas;\u00a0<\/span><\/p><\/td><td><p><span style=\"font-weight: 400;\">10 Pontos<\/span><\/p><\/td><\/tr><tr><td><p><span style=\"font-weight: 400;\">Portf\u00f3lio de produtos e tabela de valores que ser\u00e3o propostos, adequando o card\u00e1pio \u00e0 qualidade e diversidade para os perfis do p\u00fablico atendidos no Centro de Pr\u00e1ticas Sustent\u00e1veis &#8211; CPS;<\/span><\/p><\/td><td><p><span style=\"font-weight: 400;\">10 Pontos<\/span><\/p><\/td><\/tr><tr><td><p><span style=\"font-weight: 400;\">Plano b\u00e1sico de divulga\u00e7\u00e3o\/marketing<\/span><\/p><\/td><td><p><span style=\"font-weight: 400;\">10 Pontos<\/span><\/p><\/td><\/tr><tr><td><p><span style=\"font-weight: 400;\">Empresa ou s\u00f3cio(s) com endere\u00e7o localizado na Regi\u00e3o Administrativa do Jardim Bot\u00e2nico<\/span><\/p><\/td><td><p><span style=\"font-weight: 400;\">5 Pontos<\/span><\/p><\/td><\/tr><tr><td><p><span style=\"font-weight: 400;\">Proposta de pol\u00edtica de desconto para colaboradores do MCJB e do BRAS\u00cdLIA AMBIENTAL;<\/span><\/p><\/td><td><p><span style=\"font-weight: 400;\">5 Pontos<\/span><\/p><\/td><\/tr><\/tbody><\/table><p><b style=\"color: #000000; font-family: 'trebuchet ms', geneva, sans-serif; letter-spacing: 0px;\"><br \/>4 &#8211; JULGAMENTO DAS PROPOSTAS \u2013 CRIT\u00c9RIOS<\/b><\/p><p><span style=\"font-weight: 400; font-family: 'trebuchet ms', geneva, sans-serif; color: #000000;\">A Secretaria Executiva do MCJB far\u00e1 o julgamento das propostas em at\u00e9 25 (vinte e cinco) dias ap\u00f3s a data de encerramento do envio das propostas. O crit\u00e9rio de defini\u00e7\u00e3o da vencedora, dentre todas as proponentes que cumprirem os requisitos previstos neste edital, ser\u00e1 o de maior valor na CLASSIFICA\u00c7\u00c3O FINAL.<\/span><\/p><p><span style=\"font-family: 'trebuchet ms', geneva, sans-serif; color: #000000;\"><b>Submiss\u00e3o<\/b><span style=\"font-weight: 400;\">: Os interessados dever\u00e3o enviar a proposta, para o e-mail: contato@mcjb.org.br, no per\u00edodo que compreende as <\/span><span style=\"font-weight: 400;\">00h01 do dia 22 de Fevereiro de 2022 at\u00e9 \u00e0s 23h59 do dia 02 de Mar\u00e7o de 2022.<\/span><\/span><\/p><p><span style=\"font-family: 'trebuchet ms', geneva, sans-serif; color: #000000;\"><span style=\"font-weight: 400;\">D\u00favidas e esclarecimentos dever\u00e3o ser formuladas por escrito e enviadas para <\/span><a style=\"color: #000000;\" href=\"mailto:contato@mcjb.org.br\"><span style=\"font-weight: 400;\">contato@mcjb.org.br<\/span><\/a><span style=\"font-weight: 400;\"> at\u00e9 as 23h59 do dia 26\/02\/2022.<\/span><\/span><\/p><p><span style=\"font-weight: 400; font-family: 'trebuchet ms', geneva, sans-serif; color: #000000;\">A divulga\u00e7\u00e3o oficial dos resultados de sele\u00e7\u00e3o deste Chamamento, ser\u00e1 disponibilizada no site do Movimento Comunit\u00e1rio do Jardim Bot\u00e2nico em at\u00e9 30 (trinta) dias ap\u00f3s o recebimento das propostas.<\/span><\/p><p><span style=\"font-family: 'trebuchet ms', geneva, sans-serif; color: #000000;\">Movimento Comunit\u00e1rio do Jardim Bot\u00e2nico \u2013 MCJB &#8211; Site: http\/\/mcjb.org.br\u00a0 <\/span><br \/><span style=\"font-family: 'trebuchet ms', geneva, sans-serif; color: #000000;\">Telefone: 61 3427.3038 \/ 99433.8517 &#8211; E-mail: contato@mcjb.org.br \u00a0<\/span><\/p><p style=\"text-align: right;\"><span style=\"font-family: 'trebuchet ms', geneva, sans-serif; color: #000000;\">Bras\u00edlia, 22 de Fevereiro de 2022.<\/span><\/p><p style=\"text-align: right;\"><span style=\"font-family: 'trebuchet ms', geneva, sans-serif; color: #000000;\">Maria Luiza Fonseca do Valle<\/span><br \/><span style=\"font-size: 10pt; color: #000000;\"><em><span style=\"font-family: 'trebuchet ms', geneva, sans-serif;\">Presidente do <strong><span style=\"font-family: 'trebuchet ms', geneva, sans-serif;\">Movimento Comunit\u00e1rio do Jardim<\/span> Bot\u00e2nico<\/strong><\/span><\/em><\/span><\/p>\t\t\t\t\t\t\t\t<\/div>\n\t\t\t\t<\/div>\n\t\t\t\t\t<\/div>\n\t\t<\/div>\n\t\t\t\t\t<\/div>\n\t\t<\/section>\n\t\t\t\t<section class=\"elementor-section elementor-top-section elementor-element elementor-element-61f72be elementor-section-boxed elementor-section-height-default elementor-section-height-default\" data-id=\"61f72be\" data-element_type=\"section\">\n\t\t\t\t\t\t<div class=\"elementor-container elementor-column-gap-default\">\n\t\t\t\t\t<div class=\"elementor-column elementor-col-100 elementor-top-column elementor-element elementor-element-3ef53e3\" data-id=\"3ef53e3\" data-element_type=\"column\">\n\t\t\t<div class=\"elementor-widget-wrap elementor-element-populated\">\n\t\t\t\t\t\t<div class=\"elementor-element elementor-element-37ef6ee elementor-widget elementor-widget-spacer\" data-id=\"37ef6ee\" data-element_type=\"widget\" data-widget_type=\"spacer.default\">\n\t\t\t\t<div class=\"elementor-widget-container\">\n\t\t\t\t\t\t\t<div class=\"elementor-spacer\">\n\t\t\t<div class=\"elementor-spacer-inner\"><\/div>\n\t\t<\/div>\n\t\t\t\t\t\t<\/div>\n\t\t\t\t<\/div>\n\t\t\t\t<div class=\"elementor-element elementor-element-a94d862 elementor-widget elementor-widget-heading\" data-id=\"a94d862\" data-element_type=\"widget\" data-widget_type=\"heading.default\">\n\t\t\t\t<div class=\"elementor-widget-container\">\n\t\t\t\t\t<h2 class=\"elementor-heading-title elementor-size-default\">Anexo 1 - Lista de itens e equipamentos<\/h2>\t\t\t\t<\/div>\n\t\t\t\t<\/div>\n\t\t\t\t<div class=\"elementor-element elementor-element-d5b1c1e elementor-widget elementor-widget-pdfjs_viewer\" data-id=\"d5b1c1e\" data-element_type=\"widget\" data-widget_type=\"pdfjs_viewer.default\">\n\t\t\t\t<div class=\"elementor-widget-container\">\n\t\t\t\t\t<iframe src=\"https:\/\/www.mcjb.org.br\/institucional\/wp-content\/plugins\/pdf-viewer-for-elementor\/assets\/pdfjs\/web\/viewer.html?file=https:\/\/www.mcjb.org.br\/institucional\/wp-content\/uploads\/2022\/02\/Itens.pdf&amp;embedded=true\" style=\"display: block; margin-left: auto; margin-right: auto; width: 640px; height: 1020px;\" frameborder=\"1\" marginheight=\"0px\" marginwidth=\"0px\" allowfullscreen><\/iframe>\t\t\t\t<\/div>\n\t\t\t\t<\/div>\n\t\t\t\t\t<\/div>\n\t\t<\/div>\n\t\t\t\t\t<\/div>\n\t\t<\/section>\n\t\t\t\t<\/div>\n\t\t","protected":false},"excerpt":{"rendered":"<p>O Movimento Comunit\u00e1rio do Jardim Bot\u00e2nico &#8211; MCJB, com sede na SHM &#8211; Centro de Pr\u00e1ticas Sustent\u00e1veis, Av. do Cerrado s\/n, Jardins Mangueiral &#8211; CEP: 71687-130 &#8211; Jardim Bot\u00e2nico-DF, declara aberto o presente o edital que tem como principal objetivo selecionar a melhor proposta para implanta\u00e7\u00e3o, explora\u00e7\u00e3o, concedendo subpermiss\u00e3o de uso destinado a servi\u00e7o de Cafeteria\/Restaurante dentro do projeto Caf\u00e9 Oikos no Centro de Pr\u00e1ticas Sustent\u00e1veis &#8211; CPS, no Jardins Mangueiral.\u00a0<\/p>\n","protected":false},"author":1,"featured_media":0,"comment_status":"open","ping_status":"open","sticky":false,"template":"","format":"standard","meta":{"footnotes":""},"categories":[271,42,43,34],"tags":[273,274,69,33,258,38,275],"class_list":["post-10872","post","type-post","status-publish","format-standard","hentry","category-editais","category-institucional","category-mural-de-avisos","category-projetos-comunitarios","tag-cafe-oikos","tag-cafeteria","tag-edital","tag-mcjb","tag-movimento-comunitario","tag-movimento-comunitario-do-jardim-botanico","tag-projeto-social"],"_links":{"self":[{"href":"https:\/\/www.mcjb.org.br\/institucional\/wp-json\/wp\/v2\/posts\/10872","targetHints":{"allow":["GET"]}}],"collection":[{"href":"https:\/\/www.mcjb.org.br\/institucional\/wp-json\/wp\/v2\/posts"}],"about":[{"href":"https:\/\/www.mcjb.org.br\/institucional\/wp-json\/wp\/v2\/types\/post"}],"author":[{"embeddable":true,"href":"https:\/\/www.mcjb.org.br\/institucional\/wp-json\/wp\/v2\/users\/1"}],"replies":[{"embeddable":true,"href":"https:\/\/www.mcjb.org.br\/institucional\/wp-json\/wp\/v2\/comments?post=10872"}],"version-history":[{"count":22,"href":"https:\/\/www.mcjb.org.br\/institucional\/wp-json\/wp\/v2\/posts\/10872\/revisions"}],"predecessor-version":[{"id":10902,"href":"https:\/\/www.mcjb.org.br\/institucional\/wp-json\/wp\/v2\/posts\/10872\/revisions\/10902"}],"wp:attachment":[{"href":"https:\/\/www.mcjb.org.br\/institucional\/wp-json\/wp\/v2\/media?parent=10872"}],"wp:term":[{"taxonomy":"category","embeddable":true,"href":"https:\/\/www.mcjb.org.br\/institucional\/wp-json\/wp\/v2\/categories?post=10872"},{"taxonomy":"post_tag","embeddable":true,"href":"https:\/\/www.mcjb.org.br\/institucional\/wp-json\/wp\/v2\/tags?post=10872"}],"curies":[{"name":"wp","href":"https:\/\/api.w.org\/{rel}","templated":true}]}}